{"id":1347,"date":"2017-04-26T12:32:46","date_gmt":"2017-04-26T12:32:46","guid":{"rendered":"http:\/\/adventistoltenia.ro\/site\/?p=1347"},"modified":"2017-09-14T17:36:01","modified_gmt":"2017-09-14T17:36:01","slug":"adunare-electiva-conferinta-oltenia","status":"publish","type":"post","link":"https:\/\/adventistoltenia.ro\/site\/adunare-electiva-conferinta-oltenia\/","title":{"rendered":"Adunare Electiv\u0103 Conferin\u021ba Oltenia"},"content":{"rendered":"<h1 style=\"text-align: center;\"><strong>\u201eAdunarea General\u0103 a Conferin\u0163ei Oltenia a Bisericii Adventiste de Ziua a \u015eaptea se convoac\u0103 oficial, pentru ziua de 26 aprilie 2017, ora 9:00, la biserica Craiova Centru, din str. 24 Ianuarie, nr. 2.\u201d<\/strong><\/h1>\n<hr \/>\n<h1 style=\"text-align: center;\"><span style=\"color: #ff0000;\">Adunarea General\u0103 Electiv\u0103 a Conferin\u021bei Oltenia a fost declarat\u0103 \u00eenchis\u0103!<\/span><\/h1>\n<hr \/>\n<p>Componen\u021b\u0103 Comitet Executiv Conferin\u021ba Oltenia:<br \/>\nViorel R\u0103ducan, George Sb\u00eernea, Alin C\u0103trun\u0103, Daniel Delcea, Daniel Br\u00e2nzan, Florin R\u0103du\u021b, Petre Ni\u021b\u0103, Lucian R\u0103cil\u0103, Daniel Nicolae, Director S\u0103n\u0103tate, Director Liceul Teologic Adventist, Cosmin Bl\u0103jan, Viorel Mincinoiu, Elena Mihaiu, Mihail Sora.<\/p>\n<hr \/>\n<p>Componen\u021b\u0103 Comitet Local Conferin\u021ba Oltenia:<br \/>\nPre\u0219edinte \u2013 Viorel R\u0103ducan<br \/>\nSecretar\/ADRA \u2013 George Sb\u00eernea.<br \/>\nTrezorier \/Ispr\u0103vnicie \u2013 Alin C\u0103trun\u0103.<br \/>\nAsocia\u021bia Pastoral\u0103\/Via\u021ba de Familie \u2013 Daniel Delcea.<br \/>\n\u0218coala de Sabat \u0219i Lucrarea Personal\u0103\/Publica\u021bii \u2013 Daniel Br\u00e2nzan.<br \/>\nTineret\/Slujirea Copiilor \u2013 Florin R\u0103du\u021b.<\/p>\n<hr \/>\n<p><strong>21:15<\/strong> \u2013 Pastorul Daniel Delcea a fost votat Director Departamente Asocia\u021bia Pastoral\u0103 \u0219i Familie.<br \/>\nPastorul Florin R\u0103du\u021b a fost votat Director Departamente Tineret \u0219i Copii.<br \/>\nPastorul Daniel Br\u00e2nzan a fost votat Director Departamente \u0218coala de Sabat, Lucrare Personal\u0103 \u0219i Publica\u021bii.<\/p>\n<p>Dumnezeu s\u0103-i c\u0103l\u0103uzeasc\u0103!<\/p>\n<hr \/>\n<p><strong>20:15<\/strong> \u2013 Raportul Departamentului S\u0103n\u0103tate, Conferin\u021ba Oltenia a fost prezentat.<\/p>\n<p>Raportul a fost votat.<\/p>\n<hr \/>\n<p><strong>20:06<\/strong> \u2013 Pastorul Daniel Andrei, Director Grupuri Etnice \u0219i ADRA, Conferin\u021ba Oltenia \u00ee\u0219i prezint\u0103 rapoartele.<\/p>\n<p>Rapoartele au fost votate.<\/p>\n<hr \/>\n<p><strong>20:03<\/strong> \u2013 Pastorul Valentin Petreac\u0103, Director Departamentul Via\u021ba de Familie, Conferin\u021ba Oltenia \u00ee\u0219i prezint\u0103 raportul.<\/p>\n<p>Raportul a fost votat.<\/p>\n<hr \/>\n<p><strong>19:50<\/strong> \u2013 R\u0103ducan Marta \u2013 Erika, Director Departamentul Misiunea Femeii, Conferin\u021ba Oltenia \u00ee\u0219i prezint\u0103 raportul.<\/p>\n<p>Raportul a fost votat.<\/p>\n<hr \/>\n<p><strong>19:25<\/strong> \u2013 Pastorul Florian C\u00e2rnu, Director Departament Spiritul Profetic, Conferin\u021ba Oltenia \u00ee\u0219i prezint\u0103 raportul.<\/p>\n<p>Raportul a fost votat.<\/p>\n<hr \/>\n<p><strong>19: 20<\/strong> \u2013 Comitetul de Acredit\u0103ri \u0219i Autoriz\u0103ri a prezentat raportul.<\/p>\n<p>Raportul a fost votat.<\/p>\n<hr \/>\n<p><img decoding=\"async\" loading=\"lazy\" class=\"alignleft size-medium wp-image-1716\" src=\"http:\/\/www.adventist.ro\/index\/wp-content\/uploads\/2017\/04\/Trezorier-170x300.jpg\" sizes=\"(max-width: 170px) 100vw, 170px\" srcset=\"http:\/\/www.adventist.ro\/index\/wp-content\/uploads\/2017\/04\/Trezorier-170x300.jpg 170w, http:\/\/www.adventist.ro\/index\/wp-content\/uploads\/2017\/04\/Trezorier-581x1024.jpg 581w, http:\/\/www.adventist.ro\/index\/wp-content\/uploads\/2017\/04\/Trezorier-350x617.jpg 350w, http:\/\/www.adventist.ro\/index\/wp-content\/uploads\/2017\/04\/Trezorier.jpg 700w\" alt=\"\" width=\"170\" height=\"300\" \/><strong>19:00 &#8211;<\/strong> Pastorul Alin C\u0103trun\u0103 a fost ales Trezorier al Conferin\u021bei Oltenia!<\/p>\n<p>N\u0103scut \u00een 1968, \u00een jude\u021bul Teleorman, pastorul Alin C\u0103trun\u0103 a absolvit Institutul Teologic Adventist din Bucure\u0219ti, fiind licen\u021biat \u00een Teologie Pastoral\u0103 la Universitatea Babe\u015f Bolyai din Cluj Napoca.<\/p>\n<p>Pastorul Alin C\u0103trun\u0103 a slujit p\u00e2n\u0103 \u00een prezent ca pastor al Bisericilor Adventiste de Ziua a \u0218aptea din R\u0103doie\u0219ti, \u021aig\u0103ne\u0219ti, Craiova Centru, Murga\u0219i \u0219i a fost un mandat Secretar Executiv al Conferin\u021bei Oltenia.<\/p>\n<p>Este c\u0103s\u0103torit cu Monica \u0219i \u00eempreun\u0103 au doi copii: Evelina \u0219i Andi.<\/p>\n<p>Dumnezeu s\u0103-l c\u0103l\u0103uzeasc\u0103!<\/p>\n<p>&nbsp;<\/p>\n<p>&nbsp;<\/p>\n<hr \/>\n<p>&nbsp;<\/p>\n<p><img decoding=\"async\" loading=\"lazy\" class=\"alignleft size-medium wp-image-1718\" src=\"http:\/\/www.adventist.ro\/index\/wp-content\/uploads\/2017\/04\/Secretar-final-204x300.jpg\" sizes=\"(max-width: 204px) 100vw, 204px\" srcset=\"http:\/\/www.adventist.ro\/index\/wp-content\/uploads\/2017\/04\/Secretar-final-204x300.jpg 204w, http:\/\/www.adventist.ro\/index\/wp-content\/uploads\/2017\/04\/Secretar-final-698x1024.jpg 698w, http:\/\/www.adventist.ro\/index\/wp-content\/uploads\/2017\/04\/Secretar-final-350x514.jpg 350w, http:\/\/www.adventist.ro\/index\/wp-content\/uploads\/2017\/04\/Secretar-final.jpg 700w\" alt=\"\" width=\"204\" height=\"300\" \/><strong>19: 00<\/strong> \u2013 Pastorul George Sb\u00eernea a fost reales Secretar Executiv al Conferin\u021bei Oltenia!<\/p>\n<p>N\u0103scut \u00een 1971, \u00een localitatea Alexandria, jude\u021bul Teleorman, pastorul Sb\u00e2rnea George a absolvit Institutul Teologic Adventist din Bucure\u0219ti, fiind licen\u021biat \u00een Teologie Pastoral\u0103 Adventist\u0103 la Universitatea Bucure\u0219ti \u0219i master \u00een Comunicare \u0219i Rela\u021bii Publice la Pite\u0219ti.<\/p>\n<p>Pastorul Sb\u00e2rnea George a slujit p\u00e2n\u0103 \u00een prezent ca pastor al Bisericilor Adventiste de Ziua a \u0218aptea din Motru, Furculesti si Buzescu.<br \/>\nEste c\u0103s\u0103torit cu Mihaela \u0219i \u00eempreun\u0103 au doi copii: Adiel \u0219i Otniel.<\/p>\n<p>Dumnezeu s\u0103-l c\u0103l\u0103uzeasc\u0103!<\/p>\n<p>&nbsp;<\/p>\n<p>&nbsp;<\/p>\n<p>&nbsp;<\/p>\n<hr \/>\n<p><strong>18:27<\/strong> \u2013\u00a0Pastorul R\u0103cil\u0103 Ion \u2013 Lucian, Director Departament Educaie, Conferin\u021ba Oltenia \u00ee\u0219i prezint\u0103 raportul.<\/p>\n<p>Raportul a fost votat.<\/p>\n<hr \/>\n<p><strong>17:30<\/strong> \u2013 Pastorul Ni\u021b\u0103 Petre \u2013 Daniel, Director Departament Comunicare, Rela\u021bii Publice \u0219i Libertate Religioas\u0103, Conferin\u021ba Oltenia \u00ee\u0219i prezint\u0103 raportul.<\/p>\n<p>Raportul a fost votat.<\/p>\n<hr \/>\n<p><strong>16:55<\/strong> \u2013 Pastorul Florin R\u0103du\u021b, Director Departament Tineret, Conferin\u021ba Oltenia \u00ee\u0219i prezint\u0103 raportul.<\/p>\n<p>Raportul a fost discutat \u0219i votat.<\/p>\n<hr \/>\n<p><strong>16:20<\/strong> \u2013 Pastorul George Sb\u00eernea, Director \u00a0Departament Asocia\u021bia Pastoral\u0103, Conferin\u021ba Oltenia\u00a0\u00ee\u0219i prezint\u0103 raportul.<\/p>\n<p>Raportul a fost discutat \u0219i votat.<\/p>\n<hr \/>\n<p><strong>15:55<\/strong> \u2013 Pastorul Daniel Br\u00e2nzan, Director Departament\u00a0\u0218coala de Sabat \u0219i Lucrare Personal\u0103, Conferin\u021ba Oltenia \u00ee\u0219i prezint\u0103 raportul.<\/p>\n<p>Raportul a fost discutat \u0219i votat.<\/p>\n<hr \/>\n<p><strong>15:20<\/strong> \u2013 Pastorul George Sb\u00eernea, Pre\u0219edintele Comitetului de Planuri \u0219i Hot\u0103r\u00e2ri \u00ee\u0219i prezint\u0103 raportul.<\/p>\n<p>Raportul a fost discutat \u0219i votat.<\/p>\n<hr \/>\n<p>&nbsp;<\/p>\n<p style=\"text-align: left;\"><strong><a href=\"http:\/\/adventistoltenia.ro\/site\/wp-content\/uploads\/2016\/01\/Viorel-Raducan.jpg\"><img decoding=\"async\" loading=\"lazy\" class=\"alignleft wp-image-947 size-full\" src=\"http:\/\/adventistoltenia.ro\/site\/wp-content\/uploads\/2016\/01\/Viorel-Raducan.jpg\" alt=\"Viorel Raducan\" width=\"163\" height=\"164\" srcset=\"https:\/\/adventistoltenia.ro\/site\/wp-content\/uploads\/2016\/01\/Viorel-Raducan.jpg 163w, https:\/\/adventistoltenia.ro\/site\/wp-content\/uploads\/2016\/01\/Viorel-Raducan-150x150.jpg 150w\" sizes=\"(max-width: 163px) 100vw, 163px\" \/><\/a><\/strong><\/p>\n<p style=\"text-align: left;\"><strong>15:00<\/strong> \u2013 Pastorul Viorel R\u0103ducan a fost reales Pre\u0219edinte al Conferin\u021bei Oltenia!<\/p>\n<p>N\u0103scut \u00een 1970, \u00een localitatea Slatina, jude\u021bul Olt, pastorul R\u0103ducan Viorel a absolvit Institutul Teologic Adventist din Bucure\u0219ti, fiind licen\u021biat \u00een Teologie Pastoral\u0103 la Universitatea Babe\u015f Bolyai din Cluj Napoca.<\/p>\n<p>Pastorul R\u0103ducan Viorel a slujit p\u00e2n\u0103 acum ca Pre\u0219edinte \u0219i Trezorier al Conferin\u021bei Oltenia, dar \u0219i \u00een calitate de capelan al Liceului Teologic Adventist din Craiova.<\/p>\n<p>Este c\u0103s\u0103torit cu Marta \u0219i \u00eempreun\u0103 au doi copii: Adriel \u0219i Alice.<\/p>\n<p>Dumnezeu s\u0103-l\u00a0c\u0103l\u0103uzeasc\u0103!<\/p>\n<hr \/>\n<p><strong>12:46<\/strong> \u2013 Comitetul de Acredit\u0103ri a fost votat \u0219i va \u00eencepe activitatea.<\/p>\n<p>Comitetul de Acredit\u0103ri este format din urm\u0103toarele persoane: Pre\u0219edinte Aurel Nea\u021bu.<\/p>\n<p>Membri: George Sb\u00eernea, Adrian Butuc, Silvestru Ciornei, Stelian Raicu, Mimi Iovan, Alin Popa.<\/p>\n<hr \/>\n<p><strong>12:40<\/strong> \u2013 Comitetul de Numiri a fost votat \u0219i va \u00eencepe activitatea.<\/p>\n<p>Comitetul de Numiri este format din urm\u0103toarele persoane: Pre\u0219edinte: \u0218tefan Tomoiag\u0103; Consilier: Eduard C\u0103lug\u0103ru.<\/p>\n<p>Pastori: Emanuel Unte\u0219u, Cristian Purnea, Alin C\u0103trun\u0103, Ciprian Ciurea, Adrian Iana, Daniel Nicolae, Adrian \u021aucmeanu, Gabriel Fifii\u021ba.<\/p>\n<p>Membri: Mihail Sora, Mihai Botezat, Daniel Turtoi, Beniamin V\u0103leanu, Peniel P\u0103une, Viorel Mincinoiu, Petre \u0218erban, Mirel T\u0103b\u0103citu.<\/p>\n<hr \/>\n<p><strong>12:05<\/strong> \u2013 Pastorul George Sb\u00eernea, Trezorierul Conferin\u021bei Oltenia \u00ee\u0219i prezint\u0103 raportul.<\/p>\n<p>Raportul a fost discutat \u0219i votat.<\/p>\n<hr \/>\n<p><strong>11:30<\/strong> \u2013 Pastorul George Sb\u00eernea, Secretarul Conferin\u021bei Oltenia \u00ee\u0219i prezint\u0103 raportul.<\/p>\n<p>Raportul a fost discutat \u0219i votat.<\/p>\n<hr \/>\n<p><strong>11:00<\/strong> \u2013 Pastorul Viorel R\u0103ducan, Pre\u0219edintele Conferin\u021bei Oltenia \u00ee\u0219i prezint\u0103 raportul.<\/p>\n<p>Raportul a fost discutat \u0219i votat.<\/p>\n<hr \/>\n<p><strong>10:25<\/strong> \u2013\u00a0Formarea Comitetului de Organizare. Pre\u0219edintele acestui Comitet de Organizare este Pre\u0219edintele Uniunii de Conferin\u021be.<\/p>\n<hr \/>\n<p><strong>10:56<\/strong> \u2013 A fost votat Comitetul de Organizare.<\/p>\n<p>Componen\u021ba Comitetului de Organizare este:<\/p>\n<p>Gr. 1 \u2013 Emanuel Unte\u0219u, Mihai Sora, Daniel \u0218op\u00e2rl\u0103.<br \/>\nGr. 2 \u2013 Cristian Purnea, Mihai Botezat, Mugurel Tufi\u0219.<br \/>\nGr. 3 \u2013 Daniel Andrei, Cornel B\u0103ile\u0219teanu, Daniel Burc\u0103.<br \/>\nGr. 4 \u2013 Teodor Ciupag, Gheorghe Cre\u021bu, Giron R\u0103bon\u021bu.<br \/>\nGr. 5 \u2013 Lucian R\u0103cil\u0103, Aurel Soare, Tonel P\u0103cescu.<br \/>\nGr. 6 \u2013 Valentin Petreac\u0103, Eugen P\u00e2rvulescu, Ovidiu Alexandru.<br \/>\nGr. 7 \u2013 Daniel Nicolae, Viorel Mincinoiu, Viorel Mircea.<br \/>\nGr. 8 \u2013 Ionel Unte\u0219u, Stelic\u0103 Burcea, Liviu \u0218erban.<br \/>\nGr. 9 \u2013 Nicolae Buic\u0103, Mirel T\u0103b\u0103citu, Florian \u021aecu.<br \/>\nGr. 10 \u2013 Adrian \u021aucmeanu, Gabriel Pan\u0103, Nicolae Ioel.<\/p>\n<hr \/>\n<p><strong>9:43<\/strong> \u2013 Deschiderea oficial\u0103 a celei de-a VIII-a Adun\u0103ri Elective a Conferin\u021bei Oltenia.<\/p>\n<p>\u00cen sal\u0103 sunt prezen\u021bi 239 delega\u021bi.<\/p>\n<p>Prezentarea \u0219i votarea Agendei.<\/p>\n<p>Prezentarea instruc\u021biunilor \u0219i a votului de organizare a Adun\u0103rii Generale Elective.<\/p>\n<p>A fost votat biroul adun\u0103rii elective: Pre\u0219edinte \u2013 Viorel R\u0103ducan, Secretar \u2013 George Sb\u00eernea, Secretar asistent \u2013 Daniel Br\u00e2nzan.<\/p>\n<p>Sunt ale\u0219i scrutatorii pentru fiecare grup\u0103 zonal\u0103.<\/p>\n<p>A fost votat\u0103 \u00eenfiin\u021barea Bisericii Dr\u0103ga\u0219ani 2, V\u00e2lcea.<br \/>\nA fost votat\u0103 transformarea \u00een Grupe a Bisericilor: B\u00e2scoveni, Teleorman; Brezoi, V\u00e2lcea; Bro\u0219teanca, Teleorman; Licurici, Teleorman; M\u00e2rghia, Arge\u0219; M\u0103ld\u0103ieni, Teleorman; Tele\u015fti, Gorj<\/p>\n<p>&nbsp;<\/p>\n<hr \/>\n<h3><strong>Agend\u0103 \u00eent\u00e2lnire<\/strong><\/h3>\n<p>1. Convocare oficial\u0103<br \/>\n2. Constatarea prezen\u0163ei delega\u0163ilor<br \/>\n3. Deschiderea oficial\u0103 a sesiunii<br \/>\n4. Aprobarea Agendei<br \/>\n5. Prezentarea \u00eendrum\u0103rilor privind Adunarea General\u0103 a Conferin\u0163ei<br \/>\n6. Constituirea biroului Adun\u0103rii Generale<br \/>\n7. Primirea noilor biserici locale<br \/>\n8. Vot pentru transformare biserici \u00een grupe<br \/>\n9. Constituirea comitetului de organizare<br \/>\n10. Prezentarea rapoartelor administratorilor<br \/>\n11. Alegerea comitetelor de lucru<br \/>\n12. Prezentarea rapoartelor departamentelor<br \/>\n13. Alegerea administratorilor \u015fi directorilor de departamente<br \/>\n14. Alegerea Comitetului Executiv al Conferin\u0163ei<br \/>\n15. Acreditarea angaja\u0163ilor Conferin\u0163ei<br \/>\n16. Votarea planurilor \u015fi hot\u0103r\u00e2rilor pentru perioada urm\u0103toare<br \/>\n17. \u00cencheierea lucr\u0103rilor<\/p>\n ","protected":false},"excerpt":{"rendered":"<p>\u201eAdunarea General\u0103 a Conferin\u0163ei Oltenia a Bisericii Adventiste de Ziua a \u015eaptea se convoac\u0103 oficial, pentru ziua de 26 aprilie 2017, ora 9:00, la biserica Craiova Centru, din str. 24 Ianuarie, nr. 2.\u201d Adunarea General\u0103 Electiv\u0103 a Conferin\u021bei Oltenia a fost declarat\u0103 \u00eenchis\u0103! Componen\u021b\u0103 Comitet Executiv Conferin\u021ba Oltenia: Viorel R\u0103ducan, George Sb\u00eernea, Alin C\u0103trun\u0103, Daniel &hellip; <a href=\"https:\/\/adventistoltenia.ro\/site\/adunare-electiva-conferinta-oltenia\/\">Continued<\/a><\/p>\n","protected":false},"author":4,"featured_media":1352,"comment_status":"closed","ping_status":"closed","sticky":false,"template":"","format":"standard","meta":[],"categories":[62,32],"tags":[],"yoast_head":"<!-- This site is optimized with the Yoast SEO plugin v20.3 - https:\/\/yoast.com\/wordpress\/plugins\/seo\/ -->\n<title>Adunare Electiv\u0103 Conferin\u021ba Oltenia - Conferinta Oltenia<\/title>\n<meta name=\"robots\" content=\"index, follow, max-snippet:-1, max-image-preview:large, max-video-preview:-1\" \/>\n<link rel=\"canonical\" href=\"https:\/\/adventistoltenia.ro\/site\/adunare-electiva-conferinta-oltenia\/\" \/>\n<meta property=\"og:locale\" content=\"en_US\" \/>\n<meta property=\"og:type\" content=\"article\" \/>\n<meta property=\"og:title\" content=\"Adunare Electiv\u0103 Conferin\u021ba Oltenia - Conferinta Oltenia\" \/>\n<meta property=\"og:description\" content=\"\u201eAdunarea General\u0103 a Conferin\u0163ei Oltenia a Bisericii Adventiste de Ziua a \u015eaptea se convoac\u0103 oficial, pentru ziua de 26 aprilie 2017, ora 9:00, la biserica Craiova Centru, din str. 24 Ianuarie, nr. 2.\u201d Adunarea General\u0103 Electiv\u0103 a Conferin\u021bei Oltenia a fost declarat\u0103 \u00eenchis\u0103! Componen\u021b\u0103 Comitet Executiv Conferin\u021ba Oltenia: Viorel R\u0103ducan, George Sb\u00eernea, Alin C\u0103trun\u0103, Daniel &hellip; Continued\" \/>\n<meta property=\"og:url\" content=\"https:\/\/adventistoltenia.ro\/site\/adunare-electiva-conferinta-oltenia\/\" \/>\n<meta property=\"og:site_name\" content=\"Conferinta Oltenia\" \/>\n<meta property=\"article:published_time\" content=\"2017-04-26T12:32:46+00:00\" \/>\n<meta property=\"article:modified_time\" content=\"2017-09-14T17:36:01+00:00\" \/>\n<meta property=\"og:image\" content=\"https:\/\/adventistoltenia.ro\/site\/wp-content\/uploads\/2017\/04\/Untitled-12-1024x738.jpg\" \/>\n\t<meta property=\"og:image:width\" content=\"1024\" \/>\n\t<meta property=\"og:image:height\" content=\"738\" \/>\n\t<meta property=\"og:image:type\" content=\"image\/jpeg\" \/>\n<meta name=\"author\" content=\"Marius Bratu\" \/>\n<meta name=\"twitter:card\" content=\"summary_large_image\" \/>\n<meta name=\"twitter:label1\" content=\"Written by\" \/>\n\t<meta name=\"twitter:data1\" content=\"Marius Bratu\" \/>\n\t<meta name=\"twitter:label2\" content=\"Est. reading time\" \/>\n\t<meta name=\"twitter:data2\" content=\"6 minutes\" \/>\n<script type=\"application\/ld+json\" class=\"yoast-schema-graph\">{\"@context\":\"https:\/\/schema.org\",\"@graph\":[{\"@type\":\"WebPage\",\"@id\":\"https:\/\/adventistoltenia.ro\/site\/adunare-electiva-conferinta-oltenia\/\",\"url\":\"https:\/\/adventistoltenia.ro\/site\/adunare-electiva-conferinta-oltenia\/\",\"name\":\"Adunare Electiv\u0103 Conferin\u021ba Oltenia - Conferinta Oltenia\",\"isPartOf\":{\"@id\":\"https:\/\/adventistoltenia.ro\/site\/#website\"},\"datePublished\":\"2017-04-26T12:32:46+00:00\",\"dateModified\":\"2017-09-14T17:36:01+00:00\",\"author\":{\"@id\":\"https:\/\/adventistoltenia.ro\/site\/#\/schema\/person\/acb5138cc780593c88eda0f4e1004424\"},\"breadcrumb\":{\"@id\":\"https:\/\/adventistoltenia.ro\/site\/adunare-electiva-conferinta-oltenia\/#breadcrumb\"},\"inLanguage\":\"en-US\",\"potentialAction\":[{\"@type\":\"ReadAction\",\"target\":[\"https:\/\/adventistoltenia.ro\/site\/adunare-electiva-conferinta-oltenia\/\"]}]},{\"@type\":\"BreadcrumbList\",\"@id\":\"https:\/\/adventistoltenia.ro\/site\/adunare-electiva-conferinta-oltenia\/#breadcrumb\",\"itemListElement\":[{\"@type\":\"ListItem\",\"position\":1,\"name\":\"Home\",\"item\":\"https:\/\/adventistoltenia.ro\/site\/\"},{\"@type\":\"ListItem\",\"position\":2,\"name\":\"Adunare Electiv\u0103 Conferin\u021ba Oltenia\"}]},{\"@type\":\"WebSite\",\"@id\":\"https:\/\/adventistoltenia.ro\/site\/#website\",\"url\":\"https:\/\/adventistoltenia.ro\/site\/\",\"name\":\"Conferinta Oltenia\",\"description\":\"Biserica Adventista de Ziua a Saptea\",\"potentialAction\":[{\"@type\":\"SearchAction\",\"target\":{\"@type\":\"EntryPoint\",\"urlTemplate\":\"https:\/\/adventistoltenia.ro\/site\/?s={search_term_string}\"},\"query-input\":\"required name=search_term_string\"}],\"inLanguage\":\"en-US\"},{\"@type\":\"Person\",\"@id\":\"https:\/\/adventistoltenia.ro\/site\/#\/schema\/person\/acb5138cc780593c88eda0f4e1004424\",\"name\":\"Marius Bratu\",\"image\":{\"@type\":\"ImageObject\",\"inLanguage\":\"en-US\",\"@id\":\"https:\/\/adventistoltenia.ro\/site\/#\/schema\/person\/image\/\",\"url\":\"https:\/\/secure.gravatar.com\/avatar\/bdb7181bc713a3fe1d0660930e3a9f25?s=96&d=mm&r=g\",\"contentUrl\":\"https:\/\/secure.gravatar.com\/avatar\/bdb7181bc713a3fe1d0660930e3a9f25?s=96&d=mm&r=g\",\"caption\":\"Marius Bratu\"},\"url\":\"https:\/\/adventistoltenia.ro\/site\/author\/petrenita\/\"}]}<\/script>\n<!-- \/ Yoast SEO plugin. -->","yoast_head_json":{"title":"Adunare Electiv\u0103 Conferin\u021ba Oltenia - Conferinta Oltenia","robots":{"index":"index","follow":"follow","max-snippet":"max-snippet:-1","max-image-preview":"max-image-preview:large","max-video-preview":"max-video-preview:-1"},"canonical":"https:\/\/adventistoltenia.ro\/site\/adunare-electiva-conferinta-oltenia\/","og_locale":"en_US","og_type":"article","og_title":"Adunare Electiv\u0103 Conferin\u021ba Oltenia - Conferinta Oltenia","og_description":"\u201eAdunarea General\u0103 a Conferin\u0163ei Oltenia a Bisericii Adventiste de Ziua a \u015eaptea se convoac\u0103 oficial, pentru ziua de 26 aprilie 2017, ora 9:00, la biserica Craiova Centru, din str. 24 Ianuarie, nr. 2.\u201d Adunarea General\u0103 Electiv\u0103 a Conferin\u021bei Oltenia a fost declarat\u0103 \u00eenchis\u0103! Componen\u021b\u0103 Comitet Executiv Conferin\u021ba Oltenia: Viorel R\u0103ducan, George Sb\u00eernea, Alin C\u0103trun\u0103, Daniel &hellip; Continued","og_url":"https:\/\/adventistoltenia.ro\/site\/adunare-electiva-conferinta-oltenia\/","og_site_name":"Conferinta Oltenia","article_published_time":"2017-04-26T12:32:46+00:00","article_modified_time":"2017-09-14T17:36:01+00:00","og_image":[{"width":1024,"height":738,"url":"https:\/\/adventistoltenia.ro\/site\/wp-content\/uploads\/2017\/04\/Untitled-12-1024x738.jpg","type":"image\/jpeg"}],"author":"Marius Bratu","twitter_card":"summary_large_image","twitter_misc":{"Written by":"Marius Bratu","Est. reading time":"6 minutes"},"schema":{"@context":"https:\/\/schema.org","@graph":[{"@type":"WebPage","@id":"https:\/\/adventistoltenia.ro\/site\/adunare-electiva-conferinta-oltenia\/","url":"https:\/\/adventistoltenia.ro\/site\/adunare-electiva-conferinta-oltenia\/","name":"Adunare Electiv\u0103 Conferin\u021ba Oltenia - Conferinta Oltenia","isPartOf":{"@id":"https:\/\/adventistoltenia.ro\/site\/#website"},"datePublished":"2017-04-26T12:32:46+00:00","dateModified":"2017-09-14T17:36:01+00:00","author":{"@id":"https:\/\/adventistoltenia.ro\/site\/#\/schema\/person\/acb5138cc780593c88eda0f4e1004424"},"breadcrumb":{"@id":"https:\/\/adventistoltenia.ro\/site\/adunare-electiva-conferinta-oltenia\/#breadcrumb"},"inLanguage":"en-US","potentialAction":[{"@type":"ReadAction","target":["https:\/\/adventistoltenia.ro\/site\/adunare-electiva-conferinta-oltenia\/"]}]},{"@type":"BreadcrumbList","@id":"https:\/\/adventistoltenia.ro\/site\/adunare-electiva-conferinta-oltenia\/#breadcrumb","itemListElement":[{"@type":"ListItem","position":1,"name":"Home","item":"https:\/\/adventistoltenia.ro\/site\/"},{"@type":"ListItem","position":2,"name":"Adunare Electiv\u0103 Conferin\u021ba Oltenia"}]},{"@type":"WebSite","@id":"https:\/\/adventistoltenia.ro\/site\/#website","url":"https:\/\/adventistoltenia.ro\/site\/","name":"Conferinta Oltenia","description":"Biserica Adventista de Ziua a Saptea","potentialAction":[{"@type":"SearchAction","target":{"@type":"EntryPoint","urlTemplate":"https:\/\/adventistoltenia.ro\/site\/?s={search_term_string}"},"query-input":"required name=search_term_string"}],"inLanguage":"en-US"},{"@type":"Person","@id":"https:\/\/adventistoltenia.ro\/site\/#\/schema\/person\/acb5138cc780593c88eda0f4e1004424","name":"Marius Bratu","image":{"@type":"ImageObject","inLanguage":"en-US","@id":"https:\/\/adventistoltenia.ro\/site\/#\/schema\/person\/image\/","url":"https:\/\/secure.gravatar.com\/avatar\/bdb7181bc713a3fe1d0660930e3a9f25?s=96&d=mm&r=g","contentUrl":"https:\/\/secure.gravatar.com\/avatar\/bdb7181bc713a3fe1d0660930e3a9f25?s=96&d=mm&r=g","caption":"Marius Bratu"},"url":"https:\/\/adventistoltenia.ro\/site\/author\/petrenita\/"}]}},"_links":{"self":[{"href":"https:\/\/adventistoltenia.ro\/site\/wp-json\/wp\/v2\/posts\/1347"}],"collection":[{"href":"https:\/\/adventistoltenia.ro\/site\/wp-json\/wp\/v2\/posts"}],"about":[{"href":"https:\/\/adventistoltenia.ro\/site\/wp-json\/wp\/v2\/types\/post"}],"author":[{"embeddable":true,"href":"https:\/\/adventistoltenia.ro\/site\/wp-json\/wp\/v2\/users\/4"}],"replies":[{"embeddable":true,"href":"https:\/\/adventistoltenia.ro\/site\/wp-json\/wp\/v2\/comments?post=1347"}],"version-history":[{"count":1,"href":"https:\/\/adventistoltenia.ro\/site\/wp-json\/wp\/v2\/posts\/1347\/revisions"}],"predecessor-version":[{"id":1959,"href":"https:\/\/adventistoltenia.ro\/site\/wp-json\/wp\/v2\/posts\/1347\/revisions\/1959"}],"wp:featuredmedia":[{"embeddable":true,"href":"https:\/\/adventistoltenia.ro\/site\/wp-json\/wp\/v2\/media\/1352"}],"wp:attachment":[{"href":"https:\/\/adventistoltenia.ro\/site\/wp-json\/wp\/v2\/media?parent=1347"}],"wp:term":[{"taxonomy":"category","embeddable":true,"href":"https:\/\/adventistoltenia.ro\/site\/wp-json\/wp\/v2\/categories?post=1347"},{"taxonomy":"post_tag","embeddable":true,"href":"https:\/\/adventistoltenia.ro\/site\/wp-json\/wp\/v2\/tags?post=1347"}],"curies":[{"name":"wp","href":"https:\/\/api.w.org\/{rel}","templated":true}]}}