{"id":158,"date":"2014-03-28T13:44:38","date_gmt":"2014-03-28T13:44:38","guid":{"rendered":"http:\/\/themes.wplook.com\/benevolence\/?p=158"},"modified":"2017-09-14T17:16:08","modified_gmt":"2017-09-14T17:16:08","slug":"vreau-sa-cant","status":"publish","type":"post","link":"https:\/\/adventistoltenia.ro\/site\/vreau-sa-cant\/","title":{"rendered":"Festivalul &#8220;Vreau sa cant&#8221; in Oltenia"},"content":{"rendered":"<p>\u00cen data de 30 martie 2014 la Biserica Adventist\u0103 Craiova \u201cCentru\u201d\u00a0 Departamentul de Tineret \u00een colaborare\u00a0 cu Speran\u021ba TV a organizat\u00a0 cea de-a cincea edi\u021bie a festivalului \u201eVreau s\u0103 c\u00e2nt\u201d. La eveniment, cei peste 50 de copii care au participat, prin interpret\u0103rile vocale \u00a0\u015fi\u00a0 instrumentale \u00a0au avut posibilitatea s\u0103-I aduc\u0103 laud\u0103 lui Dumnezeu.<\/p>\n<p>Emo\u0163iile copiilor \u015fi ale p\u0103rin\u0163ilor, z\u00e2mbetele de apreciere a celor din sal\u0103 precum \u015fi \u00a0atmosfera de s\u0103rb\u0103toare au contribuit la crearea unor momente speciale, de referin\u0163\u0103 pentru micii interpre\u0163i. Dorin\u0163a de a \u00eentrebuin\u0163a talentul muzical a fost mare, dincolo de v\u00e2rst\u0103 sau apartenen\u0163a religioas\u0103, dac\u0103 \u0163inem cont c\u0103 cel mai mic participant \u00a0a avut \u00a03 ani \u015fi c\u0103 unii dintre copiii prezen\u0163i nu au p\u0103rin\u0163ii membrii ai bisericii adventiste. De asemenea, trebuie remarcat faptul c\u0103 pentru al\u0163i copii evenimentul nu a reprezentat prima apara\u0163ie \u00een public, c\u0103ci de-alungul timpului au mai participat la concursuri \u0219colare na\u021bionale unde au ob\u0163inut diferite premii.<\/p>\n<p>La finalul fiec\u0103rei interpret\u0103ri copiii au primit o diplom\u0103 \u0219i au fost felicita\u021bi pentru evolu\u0163ia lor. Bucuria organizatorilor va fi deplin\u0103 c\u00e2nd fiecare participant \u00eempreun\u0103 cu membrii familiei vor primi diploma de apreciere din partea Cerului. P\u00e2n\u0103 la momentul acela nu r\u0103m\u00e2ne dec\u00e2t varianta\u00a0 de a intona \u201c<i>c\u00e2nt\u0103rile Sionului pe un p\u0103m\u00e2nt str\u0103in\u201d (<\/i>Ps. 137, 4) prin intermediul postului de televiziune Speran\u0163a TV.<\/p>\n<p>&nbsp;<\/p>\n<p style=\"text-align: right;\">Florin R\u0103du\u0163,<br \/>\n<em>Director Tineret \u2013 Conferin\u0163a Oltenia<\/em><\/p>\n ","protected":false},"excerpt":{"rendered":"<p>\u00cen data de 30 martie 2014 la Biserica Adventist\u0103 Craiova \u201cCentru\u201d\u00a0 Departamentul de Tineret \u00een colaborare\u00a0 cu Speran\u021ba TV a organizat\u00a0 cea de-a cincea edi\u021bie a festivalului \u201eVreau s\u0103 c\u00e2nt\u201d. La eveniment, cei peste 50 de copii care au participat, prin interpret\u0103rile vocale \u00a0\u015fi\u00a0 instrumentale \u00a0au avut posibilitatea s\u0103-I aduc\u0103 laud\u0103 lui Dumnezeu. Emo\u0163iile copiilor &hellip; <a href=\"https:\/\/adventistoltenia.ro\/site\/vreau-sa-cant\/\">Continued<\/a><\/p>\n","protected":false},"author":2,"featured_media":592,"comment_status":"open","ping_status":"closed","sticky":false,"template":"","format":"standard","meta":[],"categories":[62,32],"tags":[],"yoast_head":"<!-- This site is optimized with the Yoast SEO plugin v20.3 - https:\/\/yoast.com\/wordpress\/plugins\/seo\/ -->\n<title>Festivalul &quot;Vreau sa cant&quot; in Oltenia - Conferinta Oltenia<\/title>\n<meta name=\"robots\" content=\"index, follow, max-snippet:-1, max-image-preview:large, max-video-preview:-1\" \/>\n<link rel=\"canonical\" href=\"https:\/\/adventistoltenia.ro\/site\/vreau-sa-cant\/\" \/>\n<meta property=\"og:locale\" content=\"en_US\" \/>\n<meta property=\"og:type\" content=\"article\" \/>\n<meta property=\"og:title\" content=\"Festivalul &quot;Vreau sa cant&quot; in Oltenia - Conferinta Oltenia\" \/>\n<meta property=\"og:description\" content=\"\u00cen data de 30 martie 2014 la Biserica Adventist\u0103 Craiova \u201cCentru\u201d\u00a0 Departamentul de Tineret \u00een colaborare\u00a0 cu Speran\u021ba TV a organizat\u00a0 cea de-a cincea edi\u021bie a festivalului \u201eVreau s\u0103 c\u00e2nt\u201d. La eveniment, cei peste 50 de copii care au participat, prin interpret\u0103rile vocale \u00a0\u015fi\u00a0 instrumentale \u00a0au avut posibilitatea s\u0103-I aduc\u0103 laud\u0103 lui Dumnezeu. Emo\u0163iile copiilor &hellip; Continued\" \/>\n<meta property=\"og:url\" content=\"https:\/\/adventistoltenia.ro\/site\/vreau-sa-cant\/\" \/>\n<meta property=\"og:site_name\" content=\"Conferinta Oltenia\" \/>\n<meta property=\"article:published_time\" content=\"2014-03-28T13:44:38+00:00\" \/>\n<meta property=\"article:modified_time\" content=\"2017-09-14T17:16:08+00:00\" \/>\n<meta property=\"og:image\" content=\"https:\/\/adventistoltenia.ro\/site\/wp-content\/uploads\/2014\/03\/Foto-VSC.jpg\" \/>\n\t<meta property=\"og:image:width\" content=\"459\" \/>\n\t<meta property=\"og:image:height\" content=\"640\" \/>\n\t<meta property=\"og:image:type\" content=\"image\/jpeg\" \/>\n<meta name=\"author\" content=\"Conferinta Oltenia\" \/>\n<meta name=\"twitter:card\" content=\"summary_large_image\" \/>\n<meta name=\"twitter:label1\" content=\"Written by\" \/>\n\t<meta name=\"twitter:data1\" content=\"Conferinta Oltenia\" \/>\n\t<meta name=\"twitter:label2\" content=\"Est. reading time\" \/>\n\t<meta name=\"twitter:data2\" content=\"1 minute\" \/>\n<script type=\"application\/ld+json\" class=\"yoast-schema-graph\">{\"@context\":\"https:\/\/schema.org\",\"@graph\":[{\"@type\":\"WebPage\",\"@id\":\"https:\/\/adventistoltenia.ro\/site\/vreau-sa-cant\/\",\"url\":\"https:\/\/adventistoltenia.ro\/site\/vreau-sa-cant\/\",\"name\":\"Festivalul \\\"Vreau sa cant\\\" in Oltenia - Conferinta Oltenia\",\"isPartOf\":{\"@id\":\"https:\/\/adventistoltenia.ro\/site\/#website\"},\"datePublished\":\"2014-03-28T13:44:38+00:00\",\"dateModified\":\"2017-09-14T17:16:08+00:00\",\"author\":{\"@id\":\"https:\/\/adventistoltenia.ro\/site\/#\/schema\/person\/81972d6ddcec064fcb37a129240ef9d7\"},\"breadcrumb\":{\"@id\":\"https:\/\/adventistoltenia.ro\/site\/vreau-sa-cant\/#breadcrumb\"},\"inLanguage\":\"en-US\",\"potentialAction\":[{\"@type\":\"ReadAction\",\"target\":[\"https:\/\/adventistoltenia.ro\/site\/vreau-sa-cant\/\"]}]},{\"@type\":\"BreadcrumbList\",\"@id\":\"https:\/\/adventistoltenia.ro\/site\/vreau-sa-cant\/#breadcrumb\",\"itemListElement\":[{\"@type\":\"ListItem\",\"position\":1,\"name\":\"Home\",\"item\":\"https:\/\/adventistoltenia.ro\/site\/\"},{\"@type\":\"ListItem\",\"position\":2,\"name\":\"Festivalul &#8220;Vreau sa cant&#8221; in Oltenia\"}]},{\"@type\":\"WebSite\",\"@id\":\"https:\/\/adventistoltenia.ro\/site\/#website\",\"url\":\"https:\/\/adventistoltenia.ro\/site\/\",\"name\":\"Conferinta Oltenia\",\"description\":\"Biserica Adventista de Ziua a Saptea\",\"potentialAction\":[{\"@type\":\"SearchAction\",\"target\":{\"@type\":\"EntryPoint\",\"urlTemplate\":\"https:\/\/adventistoltenia.ro\/site\/?s={search_term_string}\"},\"query-input\":\"required name=search_term_string\"}],\"inLanguage\":\"en-US\"},{\"@type\":\"Person\",\"@id\":\"https:\/\/adventistoltenia.ro\/site\/#\/schema\/person\/81972d6ddcec064fcb37a129240ef9d7\",\"name\":\"Conferinta Oltenia\",\"image\":{\"@type\":\"ImageObject\",\"inLanguage\":\"en-US\",\"@id\":\"https:\/\/adventistoltenia.ro\/site\/#\/schema\/person\/image\/\",\"url\":\"https:\/\/secure.gravatar.com\/avatar\/ebe92ec22e2e53a8eb79d6b52b724e27?s=96&d=mm&r=g\",\"contentUrl\":\"https:\/\/secure.gravatar.com\/avatar\/ebe92ec22e2e53a8eb79d6b52b724e27?s=96&d=mm&r=g\",\"caption\":\"Conferinta Oltenia\"},\"url\":\"https:\/\/adventistoltenia.ro\/site\/author\/adm1n\/\"}]}<\/script>\n<!-- \/ Yoast SEO plugin. -->","yoast_head_json":{"title":"Festivalul \"Vreau sa cant\" in Oltenia - Conferinta Oltenia","robots":{"index":"index","follow":"follow","max-snippet":"max-snippet:-1","max-image-preview":"max-image-preview:large","max-video-preview":"max-video-preview:-1"},"canonical":"https:\/\/adventistoltenia.ro\/site\/vreau-sa-cant\/","og_locale":"en_US","og_type":"article","og_title":"Festivalul \"Vreau sa cant\" in Oltenia - Conferinta Oltenia","og_description":"\u00cen data de 30 martie 2014 la Biserica Adventist\u0103 Craiova \u201cCentru\u201d\u00a0 Departamentul de Tineret \u00een colaborare\u00a0 cu Speran\u021ba TV a organizat\u00a0 cea de-a cincea edi\u021bie a festivalului \u201eVreau s\u0103 c\u00e2nt\u201d. La eveniment, cei peste 50 de copii care au participat, prin interpret\u0103rile vocale \u00a0\u015fi\u00a0 instrumentale \u00a0au avut posibilitatea s\u0103-I aduc\u0103 laud\u0103 lui Dumnezeu. Emo\u0163iile copiilor &hellip; Continued","og_url":"https:\/\/adventistoltenia.ro\/site\/vreau-sa-cant\/","og_site_name":"Conferinta Oltenia","article_published_time":"2014-03-28T13:44:38+00:00","article_modified_time":"2017-09-14T17:16:08+00:00","og_image":[{"width":459,"height":640,"url":"https:\/\/adventistoltenia.ro\/site\/wp-content\/uploads\/2014\/03\/Foto-VSC.jpg","type":"image\/jpeg"}],"author":"Conferinta Oltenia","twitter_card":"summary_large_image","twitter_misc":{"Written by":"Conferinta Oltenia","Est. reading time":"1 minute"},"schema":{"@context":"https:\/\/schema.org","@graph":[{"@type":"WebPage","@id":"https:\/\/adventistoltenia.ro\/site\/vreau-sa-cant\/","url":"https:\/\/adventistoltenia.ro\/site\/vreau-sa-cant\/","name":"Festivalul \"Vreau sa cant\" in Oltenia - Conferinta Oltenia","isPartOf":{"@id":"https:\/\/adventistoltenia.ro\/site\/#website"},"datePublished":"2014-03-28T13:44:38+00:00","dateModified":"2017-09-14T17:16:08+00:00","author":{"@id":"https:\/\/adventistoltenia.ro\/site\/#\/schema\/person\/81972d6ddcec064fcb37a129240ef9d7"},"breadcrumb":{"@id":"https:\/\/adventistoltenia.ro\/site\/vreau-sa-cant\/#breadcrumb"},"inLanguage":"en-US","potentialAction":[{"@type":"ReadAction","target":["https:\/\/adventistoltenia.ro\/site\/vreau-sa-cant\/"]}]},{"@type":"BreadcrumbList","@id":"https:\/\/adventistoltenia.ro\/site\/vreau-sa-cant\/#breadcrumb","itemListElement":[{"@type":"ListItem","position":1,"name":"Home","item":"https:\/\/adventistoltenia.ro\/site\/"},{"@type":"ListItem","position":2,"name":"Festivalul &#8220;Vreau sa cant&#8221; in Oltenia"}]},{"@type":"WebSite","@id":"https:\/\/adventistoltenia.ro\/site\/#website","url":"https:\/\/adventistoltenia.ro\/site\/","name":"Conferinta Oltenia","description":"Biserica Adventista de Ziua a Saptea","potentialAction":[{"@type":"SearchAction","target":{"@type":"EntryPoint","urlTemplate":"https:\/\/adventistoltenia.ro\/site\/?s={search_term_string}"},"query-input":"required name=search_term_string"}],"inLanguage":"en-US"},{"@type":"Person","@id":"https:\/\/adventistoltenia.ro\/site\/#\/schema\/person\/81972d6ddcec064fcb37a129240ef9d7","name":"Conferinta Oltenia","image":{"@type":"ImageObject","inLanguage":"en-US","@id":"https:\/\/adventistoltenia.ro\/site\/#\/schema\/person\/image\/","url":"https:\/\/secure.gravatar.com\/avatar\/ebe92ec22e2e53a8eb79d6b52b724e27?s=96&d=mm&r=g","contentUrl":"https:\/\/secure.gravatar.com\/avatar\/ebe92ec22e2e53a8eb79d6b52b724e27?s=96&d=mm&r=g","caption":"Conferinta Oltenia"},"url":"https:\/\/adventistoltenia.ro\/site\/author\/adm1n\/"}]}},"_links":{"self":[{"href":"https:\/\/adventistoltenia.ro\/site\/wp-json\/wp\/v2\/posts\/158"}],"collection":[{"href":"https:\/\/adventistoltenia.ro\/site\/wp-json\/wp\/v2\/posts"}],"about":[{"href":"https:\/\/adventistoltenia.ro\/site\/wp-json\/wp\/v2\/types\/post"}],"author":[{"embeddable":true,"href":"https:\/\/adventistoltenia.ro\/site\/wp-json\/wp\/v2\/users\/2"}],"replies":[{"embeddable":true,"href":"https:\/\/adventistoltenia.ro\/site\/wp-json\/wp\/v2\/comments?post=158"}],"version-history":[{"count":1,"href":"https:\/\/adventistoltenia.ro\/site\/wp-json\/wp\/v2\/posts\/158\/revisions"}],"predecessor-version":[{"id":1880,"href":"https:\/\/adventistoltenia.ro\/site\/wp-json\/wp\/v2\/posts\/158\/revisions\/1880"}],"wp:featuredmedia":[{"embeddable":true,"href":"https:\/\/adventistoltenia.ro\/site\/wp-json\/wp\/v2\/media\/592"}],"wp:attachment":[{"href":"https:\/\/adventistoltenia.ro\/site\/wp-json\/wp\/v2\/media?parent=158"}],"wp:term":[{"taxonomy":"category","embeddable":true,"href":"https:\/\/adventistoltenia.ro\/site\/wp-json\/wp\/v2\/categories?post=158"},{"taxonomy":"post_tag","embeddable":true,"href":"https:\/\/adventistoltenia.ro\/site\/wp-json\/wp\/v2\/tags?post=158"}],"curies":[{"name":"wp","href":"https:\/\/api.w.org\/{rel}","templated":true}]}}