{"id":2150,"date":"2018-03-12T07:39:03","date_gmt":"2018-03-12T07:39:03","guid":{"rendered":"http:\/\/adventistoltenia.ro\/site\/s-a-intamplat-in-martie\/"},"modified":"2018-03-12T07:52:26","modified_gmt":"2018-03-12T07:52:26","slug":"s-a-intamplat-in-martie","status":"publish","type":"post","link":"https:\/\/adventistoltenia.ro\/site\/s-a-intamplat-in-martie\/","title":{"rendered":"S-a \u00eent\u00e2mplat \u00een Martie"},"content":{"rendered":"<div>\n<p><strong>Martie 1844<\/strong>: Pastorul Frederick Wheeler, de la biserica din Washington, fost metodist \u0219i un apropiat al lui William Miller, a \u00eenceput s\u0103 \u021bin\u0103 Sabatul, dup\u0103 ce Rachel Preston a r\u0103sp\u00e2ndit \u00een biserica sa literatur\u0103 adus\u0103 de la bapti\u0219tii de ziua a \u0219aptea. A fost prima biseric\u0103 millerit\u0103 care a acceptat S\u00e2mb\u0103ta ca zi de Sabat conform r\u00e2nduielilor Scripturii.<\/p>\n<p><strong><a href=\"http:\/\/www.adventist.ro\/index\/wp-content\/uploads\/2018\/03\/u_smith.gif\" target=\"_blank\" rel=\"noopener noreferrer\"><img decoding=\"async\" loading=\"lazy\" class=\"alignleft wp-image-3493 size-thumbnail\" src=\"http:\/\/adventistoltenia.ro\/site\/wp-content\/uploads\/2018\/03\/u_smith-150x150.gif\" alt=\"\" width=\"150\" height=\"150\" \/><\/a>6 martie 1903: <\/strong>A murit Uriah Smith, unul dintre cei mai importan\u021bi pionieri ai Bisericii Adventiste, cunoscut pentru activitatea sa editorial\u0103 \u0219i mai ales pentru c\u0103r\u021bile sale <em>G\u00e2nduri despre cartea lui Daniel<\/em> \u0219i <em>G\u00e2nduri despre cartea Apocalipsei<\/em>, fiind primele comentarii aprofundate ale celor dou\u0103 c\u0103r\u021bi profetice din Biblie.<\/p>\n<p><strong>12 martie 1882: <\/strong>Se na\u0219te la Chitila Rudolf Petre Paulini, cel care avea s\u0103 devin\u0103 primul pre\u0219edinte al Uniunii Rom\u00e2ne (Biserica Adventist\u0103 din Rom\u00e2nia) \u0219i primul rom\u00e2n hirotonit ca pastor al Bisericii Adventiste, fiind unul dintre cei mai importan\u021bi conduc\u0103tori \u0219i misionari adventi\u0219ti din Rom\u00e2nia. Dup\u0103 ce \u0219i-a \u00eenceput studiile la Graz (Austria) \u0219i apoi la Facultatea de Medicin\u0103 din Bucure\u0219ti, \u00een 1906, a fost invitat de un prieten jurist la \u00eent\u00e2lnirile adventi\u0219tilor de ziua a \u0219aptea. A fost cucerit de mesajul predicat \u0219i a decis s\u0103 r\u0103m\u00e2n\u0103 pentru tot restul vie\u021bii \u00eempreun\u0103 cu adventi\u0219tii. Dup\u0103 ce a urmat teologia la Seminarul Adventist de la Friedensau (Germania), s-a \u00eentors \u00een Rom\u00e2nia pentru a sluji ca pastor \u00een diferite zone \u0219i apoi ca pre\u0219edinte de Conferin\u021b\u0103 \u0219i Uniune. \u00centre 1928 \u0219i 1932 a fost pre\u0219edinte al Conferin\u021bei Elve\u021biene.<\/p>\n<p><strong><a href=\"http:\/\/www.adventist.ro\/index\/wp-content\/uploads\/2018\/03\/j_bates.gif\" target=\"_blank\" rel=\"noopener noreferrer\"><img decoding=\"async\" loading=\"lazy\" class=\"alignright wp-image-3500 size-thumbnail\" src=\"http:\/\/adventistoltenia.ro\/site\/wp-content\/uploads\/2018\/03\/j_bates-150x150.gif\" alt=\"\" width=\"150\" height=\"150\" \/><\/a>19 martie 1872: <\/strong>A \u00eencetat din via\u021b\u0103 Joseph Bates, la v\u00e2rsta de 80 de ani. Fire curajoas\u0103 \u0219i dedicat\u0103, Bates a fost ini\u021bial c\u0103pitan de vas, apoi a renun\u021bat la c\u0103l\u0103toriile pe mare \u0219i s-a dedicat studiului biblic \u0219i predic\u0103rii. A fost unul dintre conduc\u0103torii mi\u0219c\u0103rii millerite \u0219i cel care, dup\u0103 Marea Dezam\u0103gire din octombrie 1844, a descoperit \u00eenv\u0103\u021b\u0103tura despre Sabatul biblic \u0219i a r\u0103sp\u00e2ndit-o printre fo\u0219tii milleri\u021bi, devenind unul dintre pionierii Bisericii Adventiste de Ziua a \u0218aptea.<\/p>\n<p><strong>20 martie 1840: <\/strong>\u00a0J. Himes a publicat primul num\u0103r din revista <em>Signs of the Times <\/em>(<em>Semnele timpului<\/em>). Revista a ap\u0103rut ini\u021bial de dou\u0103 ori pe lun\u0103, timp de doi ani, apoi s\u0103pt\u0103m\u00e2nal, prezent\u00e2nd argumentele millerite pentru a Doua Venire. Numele a fost apoi preluat de James White pentru revista adventist\u0103 ce a ap\u0103rut \u00eencep\u00e2nd cu anul 1874.<\/p>\n<p><strong>20 martie 1856: <\/strong>S-a n\u0103scut \u00een Germania L. R Conradi, care, la 16 ani, a emigrat \u00een Statele Unite, unde a luat contact cu adventi\u0219tii de ziua a \u0219aptea. \u00cen 1878 s-a \u00eenscris la Seminarul din Battle Creek, pe care l-a absolvit \u00een numai doi ani, dup\u0103 care a \u00eenceput s\u0103 lucreze pentru etnicii germani din SUA, \u00eenfiin\u021b\u00e2nd prima biseric\u0103 \u00een 1882. \u00cen ianuarie 1886 s-a \u00eembarcat spre Europa \u0219i a fost unul dintre cei mai mari strategi ai misiunii bisericii din vremea lui, reu\u0219ind s\u0103 transforme Europa, dintr-un c\u00e2mp nepromi\u021b\u0103tor, \u00een una dintre cele mai importante zone ale Bisericii Adventiste de Ziua a \u0218aptea.<\/p>\n<p><strong><a href=\"http:\/\/www.adventist.ro\/index\/wp-content\/uploads\/2018\/03\/Miller.jpg\" target=\"_blank\" rel=\"noopener noreferrer\"><img decoding=\"async\" loading=\"lazy\" class=\"alignleft wp-image-3492 size-thumbnail\" src=\"http:\/\/adventistoltenia.ro\/site\/wp-content\/uploads\/2018\/03\/Miller-150x150.jpg\" alt=\"\" width=\"150\" height=\"150\" \/><\/a>21 martie 1843 \u2013 21 martie 1844<\/strong>: Primul interval avansat de Willliam Miller pentru cea de-a Doua Venire a lui Hristos. Propria sa afirma\u021bie: \u201eCred c\u0103 timpul poate fi cunoscut de to\u021bi cei ce vor s\u0103 fie gata pentru venirea Lui. Sunt pe deplin convins c\u0103 undeva \u00eentre 21 martie 1843 \u0219i 21 martie 1844, conform modului evreiesc de \u00eemp\u0103r\u021bire a timpului, Hristos va veni \u0219i \u00eei va lua pe to\u021bi sfin\u021bii S\u0103i cu Sine, \u0219i atunci \u00eei va r\u0103spl\u0103ti fiec\u0103rui om dup\u0103 faptele sale.\u201d<\/p>\n<p><strong>21 martie 1891:<\/strong> Ellen White a citit o m\u0103rturie \u00een fa\u021ba unui grup de 30 de conduc\u0103tori ai bisericii de atunci, \u00een care a vorbit \u00eempotriva discrimin\u0103rii negrilor, afirm\u00e2nd: \u201eCuloarea pielii nu determin\u0103 caracterul cuiva \u00een cur\u021bile cere\u0219ti.\u201d Negrii, spunea ea, ar trebui s\u0103 se bucure \u201ede acela\u0219i respect ca oricare al\u021bi copii ai lui Dumnezeu\u201d.<\/p>\n<p><strong>22 martie 1927: <\/strong>Pastorul adventist Johann Bauer este condamnat de un tribunal militar din Bucure\u0219ti la un an de \u00eenchisoare \u0219i 50 000 de lei amend\u0103 pentru def\u0103imarea Bisericii Ortodoxe, deoarece \u00een cadrul unei prezent\u0103ri publice a expus un diapozitiv ce \u00eenf\u0103\u021bi\u0219a un preot al unei bisericii ortodoxe din Rusia ce p\u0103rea \u00een stare de ebrietate. Procesul a st\u00e2rnit emo\u021bii foarte puternice \u00een presa \u0219i \u00een societatea vremii, fiind relatat \u00een detaliu de ziarele centrale, mul\u021bi simpatiz\u00e2nd cu pastorul adventist. Un ordin de gra\u021biere venit dup\u0103 moartea regelui Ferdinand i-a scurtat pedeapsa pastorului adventist \u0219i i-a dat posibilitatea s\u0103 se re\u00eentoarc\u0103 \u00een activitate. Johann Bauer era pe atunci pre\u0219edinte al Conferin\u021bei Muntenia.<\/p>\n<p><strong><a href=\"http:\/\/www.adventist.ro\/index\/wp-content\/uploads\/2018\/03\/Viziune.jpg\" target=\"_blank\" rel=\"noopener noreferrer\"><img decoding=\"async\" loading=\"lazy\" class=\"alignleft wp-image-3496 size-thumbnail\" src=\"http:\/\/adventistoltenia.ro\/site\/wp-content\/uploads\/2018\/03\/Viziune-150x150.jpg\" alt=\"\" width=\"150\" height=\"150\" \/><\/a>24 martie 1849: <\/strong>Ellen White a avut o viziune despre Sanctuarul ceresc \u00een care i s-a descoperit c\u0103 Isus a deschis u\u0219a spre Sf\u00e2nta Sfintelor (Locul Preasf\u00e2nt) \u0219i a \u00eenchis u\u0219a spre prima \u00eenc\u0103pere a Sanctuarului (Locul Sf\u00e2nt). C\u00e2nd Isus a deschis u\u0219a din Sf\u00e2nta Sfintelor, Ellen White a v\u0103zut o lumin\u0103 special\u0103 str\u0103lucind asupra celor Zece Porunci, Sabatul fiind ar\u0103tat de atunci \u00een mod special ca un test de credincio\u0219ie pentru adev\u0103ra\u021bii urma\u0219i ai lui Hristos.<\/p>\n<p><strong>25 martie 1928: <\/strong>S-a hot\u0103r\u00e2t \u00eemp\u0103r\u021birea Conferin\u021belor Muntenia \u0219i Moldova. Astfel, \u00een urma reorganiz\u0103rii, func\u021bionau Conferin\u021ba Muntenia de Vest, cu sediul la Bucure\u0219ti, \u0219i Conferin\u021ba Muntenia de Est, cu sediul la Ploie\u0219ti. \u00cen Moldova s-a organizat Conferin\u021ba Moldova de Nord, cu sediul la Ia\u0219i, \u0219i Moldova de Sud, cu sediul la Foc\u0219ani. Pentru celelalte Conferin\u021be s-a p\u0103strat vechea organizare.<\/p>\n<p><strong>28 martie 1927:<\/strong> \u00cen Biserica Adventist\u0103 din Rom\u00e2nia s-a \u00eenfiin\u021bat Departamentul Libert\u0103\u021bii Cultului, condus de pastorul \u0218tefan Demetrescu.<\/p>\n<\/div>\n<p class=\"wpematico_credit\"><small>Powered by <a href=\"http:\/\/www.wpematico.com\" target=\"_blank\" rel=\"noopener\">WPeMatico<\/a><\/small><\/p>\n ","protected":false},"excerpt":{"rendered":"<p>Martie 1844: Pastorul Frederick Wheeler, de la biserica din Washington, fost metodist \u0219i un apropiat al lui William Miller, a \u00eenceput s\u0103 \u021bin\u0103 Sabatul, dup\u0103 ce Rachel Preston a r\u0103sp\u00e2ndit \u00een biserica sa literatur\u0103 adus\u0103 de la bapti\u0219tii de ziua a \u0219aptea. A fost prima biseric\u0103 millerit\u0103 care a acceptat S\u00e2mb\u0103ta ca zi de Sabat &hellip; <a href=\"https:\/\/adventistoltenia.ro\/site\/s-a-intamplat-in-martie\/\">Continued<\/a><\/p>\n","protected":false},"author":2,"featured_media":2151,"comment_status":"open","ping_status":"closed","sticky":false,"template":"","format":"standard","meta":[],"categories":[71],"tags":[],"yoast_head":"<!-- This site is optimized with the Yoast SEO plugin v20.3 - https:\/\/yoast.com\/wordpress\/plugins\/seo\/ -->\n<title>S-a \u00eent\u00e2mplat \u00een Martie - Conferinta Oltenia<\/title>\n<meta name=\"robots\" content=\"index, follow, max-snippet:-1, max-image-preview:large, max-video-preview:-1\" \/>\n<link rel=\"canonical\" href=\"https:\/\/adventistoltenia.ro\/site\/s-a-intamplat-in-martie\/\" \/>\n<meta property=\"og:locale\" content=\"en_US\" \/>\n<meta property=\"og:type\" content=\"article\" \/>\n<meta property=\"og:title\" content=\"S-a \u00eent\u00e2mplat \u00een Martie - Conferinta Oltenia\" \/>\n<meta property=\"og:description\" content=\"Martie 1844: Pastorul Frederick Wheeler, de la biserica din Washington, fost metodist \u0219i un apropiat al lui William Miller, a \u00eenceput s\u0103 \u021bin\u0103 Sabatul, dup\u0103 ce Rachel Preston a r\u0103sp\u00e2ndit \u00een biserica sa literatur\u0103 adus\u0103 de la bapti\u0219tii de ziua a \u0219aptea. A fost prima biseric\u0103 millerit\u0103 care a acceptat S\u00e2mb\u0103ta ca zi de Sabat &hellip; Continued\" \/>\n<meta property=\"og:url\" content=\"https:\/\/adventistoltenia.ro\/site\/s-a-intamplat-in-martie\/\" \/>\n<meta property=\"og:site_name\" content=\"Conferinta Oltenia\" \/>\n<meta property=\"article:published_time\" content=\"2018-03-12T07:39:03+00:00\" \/>\n<meta property=\"article:modified_time\" content=\"2018-03-12T07:52:26+00:00\" \/>\n<meta property=\"og:image\" content=\"https:\/\/adventistoltenia.ro\/site\/wp-content\/uploads\/2018\/03\/u_smith-150x150.gif\" \/>\n\t<meta property=\"og:image:width\" content=\"150\" \/>\n\t<meta property=\"og:image:height\" content=\"150\" \/>\n\t<meta property=\"og:image:type\" content=\"image\/gif\" \/>\n<meta name=\"author\" content=\"Conferinta Oltenia\" \/>\n<meta name=\"twitter:card\" content=\"summary_large_image\" \/>\n<meta name=\"twitter:label1\" content=\"Written by\" \/>\n\t<meta name=\"twitter:data1\" content=\"Conferinta Oltenia\" \/>\n\t<meta name=\"twitter:label2\" content=\"Est. reading time\" \/>\n\t<meta name=\"twitter:data2\" content=\"5 minutes\" \/>\n<script type=\"application\/ld+json\" class=\"yoast-schema-graph\">{\"@context\":\"https:\/\/schema.org\",\"@graph\":[{\"@type\":\"WebPage\",\"@id\":\"https:\/\/adventistoltenia.ro\/site\/s-a-intamplat-in-martie\/\",\"url\":\"https:\/\/adventistoltenia.ro\/site\/s-a-intamplat-in-martie\/\",\"name\":\"S-a \u00eent\u00e2mplat \u00een Martie - Conferinta Oltenia\",\"isPartOf\":{\"@id\":\"https:\/\/adventistoltenia.ro\/site\/#website\"},\"datePublished\":\"2018-03-12T07:39:03+00:00\",\"dateModified\":\"2018-03-12T07:52:26+00:00\",\"author\":{\"@id\":\"https:\/\/adventistoltenia.ro\/site\/#\/schema\/person\/81972d6ddcec064fcb37a129240ef9d7\"},\"breadcrumb\":{\"@id\":\"https:\/\/adventistoltenia.ro\/site\/s-a-intamplat-in-martie\/#breadcrumb\"},\"inLanguage\":\"en-US\",\"potentialAction\":[{\"@type\":\"ReadAction\",\"target\":[\"https:\/\/adventistoltenia.ro\/site\/s-a-intamplat-in-martie\/\"]}]},{\"@type\":\"BreadcrumbList\",\"@id\":\"https:\/\/adventistoltenia.ro\/site\/s-a-intamplat-in-martie\/#breadcrumb\",\"itemListElement\":[{\"@type\":\"ListItem\",\"position\":1,\"name\":\"Home\",\"item\":\"https:\/\/adventistoltenia.ro\/site\/\"},{\"@type\":\"ListItem\",\"position\":2,\"name\":\"S-a \u00eent\u00e2mplat \u00een Martie\"}]},{\"@type\":\"WebSite\",\"@id\":\"https:\/\/adventistoltenia.ro\/site\/#website\",\"url\":\"https:\/\/adventistoltenia.ro\/site\/\",\"name\":\"Conferinta Oltenia\",\"description\":\"Biserica Adventista de Ziua a Saptea\",\"potentialAction\":[{\"@type\":\"SearchAction\",\"target\":{\"@type\":\"EntryPoint\",\"urlTemplate\":\"https:\/\/adventistoltenia.ro\/site\/?s={search_term_string}\"},\"query-input\":\"required name=search_term_string\"}],\"inLanguage\":\"en-US\"},{\"@type\":\"Person\",\"@id\":\"https:\/\/adventistoltenia.ro\/site\/#\/schema\/person\/81972d6ddcec064fcb37a129240ef9d7\",\"name\":\"Conferinta Oltenia\",\"image\":{\"@type\":\"ImageObject\",\"inLanguage\":\"en-US\",\"@id\":\"https:\/\/adventistoltenia.ro\/site\/#\/schema\/person\/image\/\",\"url\":\"https:\/\/secure.gravatar.com\/avatar\/ebe92ec22e2e53a8eb79d6b52b724e27?s=96&d=mm&r=g\",\"contentUrl\":\"https:\/\/secure.gravatar.com\/avatar\/ebe92ec22e2e53a8eb79d6b52b724e27?s=96&d=mm&r=g\",\"caption\":\"Conferinta Oltenia\"},\"url\":\"https:\/\/adventistoltenia.ro\/site\/author\/adm1n\/\"}]}<\/script>\n<!-- \/ Yoast SEO plugin. -->","yoast_head_json":{"title":"S-a \u00eent\u00e2mplat \u00een Martie - Conferinta Oltenia","robots":{"index":"index","follow":"follow","max-snippet":"max-snippet:-1","max-image-preview":"max-image-preview:large","max-video-preview":"max-video-preview:-1"},"canonical":"https:\/\/adventistoltenia.ro\/site\/s-a-intamplat-in-martie\/","og_locale":"en_US","og_type":"article","og_title":"S-a \u00eent\u00e2mplat \u00een Martie - Conferinta Oltenia","og_description":"Martie 1844: Pastorul Frederick Wheeler, de la biserica din Washington, fost metodist \u0219i un apropiat al lui William Miller, a \u00eenceput s\u0103 \u021bin\u0103 Sabatul, dup\u0103 ce Rachel Preston a r\u0103sp\u00e2ndit \u00een biserica sa literatur\u0103 adus\u0103 de la bapti\u0219tii de ziua a \u0219aptea. A fost prima biseric\u0103 millerit\u0103 care a acceptat S\u00e2mb\u0103ta ca zi de Sabat &hellip; Continued","og_url":"https:\/\/adventistoltenia.ro\/site\/s-a-intamplat-in-martie\/","og_site_name":"Conferinta Oltenia","article_published_time":"2018-03-12T07:39:03+00:00","article_modified_time":"2018-03-12T07:52:26+00:00","og_image":[{"width":150,"height":150,"url":"https:\/\/adventistoltenia.ro\/site\/wp-content\/uploads\/2018\/03\/u_smith-150x150.gif","type":"image\/gif"}],"author":"Conferinta Oltenia","twitter_card":"summary_large_image","twitter_misc":{"Written by":"Conferinta Oltenia","Est. reading time":"5 minutes"},"schema":{"@context":"https:\/\/schema.org","@graph":[{"@type":"WebPage","@id":"https:\/\/adventistoltenia.ro\/site\/s-a-intamplat-in-martie\/","url":"https:\/\/adventistoltenia.ro\/site\/s-a-intamplat-in-martie\/","name":"S-a \u00eent\u00e2mplat \u00een Martie - Conferinta Oltenia","isPartOf":{"@id":"https:\/\/adventistoltenia.ro\/site\/#website"},"datePublished":"2018-03-12T07:39:03+00:00","dateModified":"2018-03-12T07:52:26+00:00","author":{"@id":"https:\/\/adventistoltenia.ro\/site\/#\/schema\/person\/81972d6ddcec064fcb37a129240ef9d7"},"breadcrumb":{"@id":"https:\/\/adventistoltenia.ro\/site\/s-a-intamplat-in-martie\/#breadcrumb"},"inLanguage":"en-US","potentialAction":[{"@type":"ReadAction","target":["https:\/\/adventistoltenia.ro\/site\/s-a-intamplat-in-martie\/"]}]},{"@type":"BreadcrumbList","@id":"https:\/\/adventistoltenia.ro\/site\/s-a-intamplat-in-martie\/#breadcrumb","itemListElement":[{"@type":"ListItem","position":1,"name":"Home","item":"https:\/\/adventistoltenia.ro\/site\/"},{"@type":"ListItem","position":2,"name":"S-a \u00eent\u00e2mplat \u00een Martie"}]},{"@type":"WebSite","@id":"https:\/\/adventistoltenia.ro\/site\/#website","url":"https:\/\/adventistoltenia.ro\/site\/","name":"Conferinta Oltenia","description":"Biserica Adventista de Ziua a Saptea","potentialAction":[{"@type":"SearchAction","target":{"@type":"EntryPoint","urlTemplate":"https:\/\/adventistoltenia.ro\/site\/?s={search_term_string}"},"query-input":"required name=search_term_string"}],"inLanguage":"en-US"},{"@type":"Person","@id":"https:\/\/adventistoltenia.ro\/site\/#\/schema\/person\/81972d6ddcec064fcb37a129240ef9d7","name":"Conferinta Oltenia","image":{"@type":"ImageObject","inLanguage":"en-US","@id":"https:\/\/adventistoltenia.ro\/site\/#\/schema\/person\/image\/","url":"https:\/\/secure.gravatar.com\/avatar\/ebe92ec22e2e53a8eb79d6b52b724e27?s=96&d=mm&r=g","contentUrl":"https:\/\/secure.gravatar.com\/avatar\/ebe92ec22e2e53a8eb79d6b52b724e27?s=96&d=mm&r=g","caption":"Conferinta Oltenia"},"url":"https:\/\/adventistoltenia.ro\/site\/author\/adm1n\/"}]}},"_links":{"self":[{"href":"https:\/\/adventistoltenia.ro\/site\/wp-json\/wp\/v2\/posts\/2150"}],"collection":[{"href":"https:\/\/adventistoltenia.ro\/site\/wp-json\/wp\/v2\/posts"}],"about":[{"href":"https:\/\/adventistoltenia.ro\/site\/wp-json\/wp\/v2\/types\/post"}],"author":[{"embeddable":true,"href":"https:\/\/adventistoltenia.ro\/site\/wp-json\/wp\/v2\/users\/2"}],"replies":[{"embeddable":true,"href":"https:\/\/adventistoltenia.ro\/site\/wp-json\/wp\/v2\/comments?post=2150"}],"version-history":[{"count":1,"href":"https:\/\/adventistoltenia.ro\/site\/wp-json\/wp\/v2\/posts\/2150\/revisions"}],"predecessor-version":[{"id":2170,"href":"https:\/\/adventistoltenia.ro\/site\/wp-json\/wp\/v2\/posts\/2150\/revisions\/2170"}],"wp:featuredmedia":[{"embeddable":true,"href":"https:\/\/adventistoltenia.ro\/site\/wp-json\/wp\/v2\/media\/2151"}],"wp:attachment":[{"href":"https:\/\/adventistoltenia.ro\/site\/wp-json\/wp\/v2\/media?parent=2150"}],"wp:term":[{"taxonomy":"category","embeddable":true,"href":"https:\/\/adventistoltenia.ro\/site\/wp-json\/wp\/v2\/categories?post=2150"},{"taxonomy":"post_tag","embeddable":true,"href":"https:\/\/adventistoltenia.ro\/site\/wp-json\/wp\/v2\/tags?post=2150"}],"curies":[{"name":"wp","href":"https:\/\/api.w.org\/{rel}","templated":true}]}}