{"id":2180,"date":"2018-03-17T01:06:53","date_gmt":"2018-03-17T01:06:53","guid":{"rendered":"http:\/\/adventistoltenia.ro\/site\/ambulanta-adra-se-pregateste-de-drum\/"},"modified":"2018-03-17T01:06:53","modified_gmt":"2018-03-17T01:06:53","slug":"ambulanta-adra-se-pregateste-de-drum","status":"publish","type":"post","link":"https:\/\/adventistoltenia.ro\/site\/ambulanta-adra-se-pregateste-de-drum\/","title":{"rendered":"Ambulan\u021ba ADRA se preg\u0103te\u0219te de drum"},"content":{"rendered":"<div>\n<div>\n<p><a href=\"http:\/\/adra.ro\/wp-content\/uploads\/2018\/01\/FB-COVER-CB_820x461_2-01.jpg\" rel=\"lightbox[5919]\"><img decoding=\"async\" loading=\"lazy\" class=\"alignright wp-image-5770 size-medium\" src=\"http:\/\/adventistoltenia.ro\/site\/wp-content\/uploads\/2018\/03\/FB-COVER-CB_820x461_2-01-265x149.jpg\" alt=\"\" width=\"265\" height=\"149\" srcset=\"http:\/\/adventistoltenia.ro\/site\/wp-content\/uploads\/2018\/03\/FB-COVER-CB_820x461_2-01-265x149.jpg 265w, http:\/\/adra.ro\/wp-content\/uploads\/2018\/01\/FB-COVER-CB_820x461_2-01-768x432.jpg 768w, http:\/\/adra.ro\/wp-content\/uploads\/2018\/01\/FB-COVER-CB_820x461_2-01.jpg 820w\" sizes=\"(max-width: 265px) 100vw, 265px\"><\/a>\u00cen perioada 05 decembrie 2017 \u2013 19 februarie 2018, s-a desf\u0103\u0219urat cea de-a V-a edi\u021bie a <a href=\"https:\/\/www.bursabinelui.ro\/BursaBinelui\/Proiecte\/Sustine-si-tu-primul-spital-de-refugiati\" target=\"_blank\" rel=\"noopener noreferrer\"><strong>Campionatului de Bine<\/strong><\/a> \u2013 competi\u021bie a B\u0103ncii Comerciale Rom\u00e2ne pentru atragerea de dona\u021bii adresat\u0103 ONG-urilor din Rom\u00e2nia \u2013 ce urm\u0103re\u0219te s\u0103 transforme organiza\u021biile \u00een fundraiseri, \u00een vederea atragerii de dona\u021bii pentru propunerile de proiecte sau pentru proiectele \u00een curs de implementare.<\/p>\n<p><a href=\"http:\/\/adra.ro\/wp-content\/uploads\/2017\/11\/23509043_152895365328293_6872735431025345521_o.jpg\" rel=\"lightbox[5919]\"><img decoding=\"async\" loading=\"lazy\" class=\"alignleft wp-image-5452 size-medium\" src=\"http:\/\/adventistoltenia.ro\/site\/wp-content\/uploads\/2018\/03\/23509043_152895365328293_6872735431025345521_o-265x149.jpg\" alt=\"\" width=\"265\" height=\"149\" srcset=\"http:\/\/adventistoltenia.ro\/site\/wp-content\/uploads\/2018\/03\/23509043_152895365328293_6872735431025345521_o-265x149.jpg 265w, http:\/\/adra.ro\/wp-content\/uploads\/2017\/11\/23509043_152895365328293_6872735431025345521_o-768x433.jpg 768w, http:\/\/adra.ro\/wp-content\/uploads\/2017\/11\/23509043_152895365328293_6872735431025345521_o-1024x577.jpg 1024w, http:\/\/adra.ro\/wp-content\/uploads\/2017\/11\/23509043_152895365328293_6872735431025345521_o.jpg 1296w\" sizes=\"(max-width: 265px) 100vw, 265px\"><\/a>ADRA Rom\u00e2nia a fost \u00eenscris\u0103 \u00een Campionatul de Bine cu proiectul <a href=\"https:\/\/www.bursabinelui.ro\/BursaBinelui\/Proiecte\/Sustine-si-tu-primul-spital-de-refugiati\" target=\"_blank\" rel=\"noopener noreferrer\">\u201dSus\u021bine \u0219i tu primul spital de refugia\u021bi\u201d<\/a>, prin care \u0219i-a propus str\u00e2ngerea de fonduri pentru achizi\u021bionarea unei ambulan\u021be pentru a facilita accesul refugia\u021bilor la asisten\u021b\u0103 medical\u0103. Refugia\u021bii sunt nevoi\u021bi s\u0103 parcurg\u0103 o distan\u021b\u0103 de 7 km de la tab\u0103ra \u00een care sunt p\u00e2n\u0103 la singurul spital din zon\u0103, indiferent de afec\u021biunea sau situa\u021bia medical\u0103 pe care o \u00eent\u00e2mpin\u0103.<\/p>\n<p>Proiectul <a href=\"https:\/\/www.bursabinelui.ro\/BursaBinelui\/Proiecte\/Sustine-si-tu-primul-spital-de-refugiati\" target=\"_blank\" rel=\"noopener noreferrer\">\u201dSus\u021bine \u0219i tu primul spital de refugia\u021bi\u201d<\/a> s-a num\u0103rat printre finali\u0219tii competi\u021biei Campionatul de Bine, clas\u00e2ndu-se pe locul 4 dintre cele 45 proiecte finaliste \u0219i din cele 139 de proiecte participante de la \u00eenceputul competi\u021biei. \u00cen urma acestei etape suma str\u00e2ns\u0103 a fost de 77.500 lei, at\u00e2t \u00een cadrul campaniei, c\u00e2t \u0219i din alte dona\u021bii oferite special pentru ambulan\u021ba ce se dore\u0219te s\u0103 fie donat\u0103 \u00een tab\u0103ra localizat \u00een Hasan Sham, l\u00e2ng\u0103 Mosul.<\/p>\n<p><a href=\"http:\/\/adra.ro\/wp-content\/uploads\/2017\/11\/multumesc-ADRA-Romania.jpg\" rel=\"lightbox[5919]\"><img decoding=\"async\" loading=\"lazy\" class=\"alignleft wp-image-5479 size-large\" src=\"http:\/\/adventistoltenia.ro\/site\/wp-content\/uploads\/2018\/03\/multumesc-ADRA-Romania-1024x768.jpg\" alt=\"\" width=\"1024\" height=\"768\" srcset=\"http:\/\/adventistoltenia.ro\/site\/wp-content\/uploads\/2018\/03\/multumesc-ADRA-Romania-1024x768.jpg 1024w, http:\/\/adra.ro\/wp-content\/uploads\/2017\/11\/multumesc-ADRA-Romania-265x199.jpg 265w, http:\/\/adra.ro\/wp-content\/uploads\/2017\/11\/multumesc-ADRA-Romania-768x576.jpg 768w, http:\/\/adra.ro\/wp-content\/uploads\/2017\/11\/multumesc-ADRA-Romania.jpg 1500w\" sizes=\"(max-width: 1024px) 100vw, 1024px\"><\/a>\u201dMul\u021bumim tuturor celor care au decis s\u0103 le pese de oameni, al\u0103tur\u00e2ndu-se ini\u021biativei ADRA Rom\u00e2nia, pentru a se st\u00e2nge suma necesar\u0103 achizi\u021bion\u0103rii unei ambulan\u021be. Sutele de sus\u021bin\u0103tori care au sprijinit aceast\u0103 ini\u021biativ\u0103 prin realizarea de dona\u021bii ne motiveaz\u0103 s\u0103 mergem mai departe \u00een asistarea \u0219i ajutarea acestor persoane. Prin donarea ambulan\u021bei avem convingerea c\u0103 via\u021ba lor se va schimba \u00eenlesnind accesul la servicii medicale\u201d a declarat Mihai Bra\u0219ov, voluntar ADRA Rom\u00e2nia \u0219i coordonator proiect \u201dSperan\u021b\u0103 pentru imigran\u021bi\u201d.<\/p>\n<p><strong><a href=\"http:\/\/adra.ro\/wp-content\/uploads\/2017\/08\/Speranta-pentru-imigranti-Erbil-25.jpg\" rel=\"lightbox[5919]\"><img decoding=\"async\" loading=\"lazy\" class=\"alignright wp-image-5008 size-medium\" src=\"http:\/\/adventistoltenia.ro\/site\/wp-content\/uploads\/2018\/03\/Speranta-pentru-imigranti-Erbil-25-265x149.jpg\" alt=\"\" width=\"265\" height=\"149\" srcset=\"http:\/\/adventistoltenia.ro\/site\/wp-content\/uploads\/2018\/03\/Speranta-pentru-imigranti-Erbil-25-265x149.jpg 265w, http:\/\/adra.ro\/wp-content\/uploads\/2017\/08\/Speranta-pentru-imigranti-Erbil-25-768x432.jpg 768w, http:\/\/adra.ro\/wp-content\/uploads\/2017\/08\/Speranta-pentru-imigranti-Erbil-25-1024x577.jpg 1024w\" sizes=\"(max-width: 265px) 100vw, 265px\"><\/a>Agen\u021bia Adventist\u0103 pentru Dezvoltare, Refacere \u0219i Ajutor \u2013 ADRA Rom\u00e2nia<\/strong>, prin proiectul <strong>\u201dSperan\u021b\u0103 pentru imigran\u021bi\u201d<\/strong> recuno\u0219te umanitatea \u00een aceast\u0103 criz\u0103 a refugia\u021bilor, c\u00e2t \u0219i valoarea fiec\u0103rui om implicat. Prin faptul c\u0103 drepturile omului sunt respectate \u0219i se ac\u021bioneaz\u0103 cu compasiune, se transmite un mesaj clar de putere pe parcursul acestei situa\u021bii complexe \u0219i fragile. Prin activit\u0103\u021bile sale specifice, ADRA dore\u0219te minimalizarea impactului acestei situa\u021bii cople\u0219itoare \u0219i de nesuportat pentru c\u00e2\u021bi mai mul\u021bi b\u0103rba\u021bi, femei \u0219i copii.<\/p>\n<p><a href=\"http:\/\/adra.ro\/wp-content\/uploads\/2016\/05\/IMG_6184-1.jpg\" rel=\"lightbox[5919]\"><img decoding=\"async\" loading=\"lazy\" class=\"alignleft wp-image-2852 size-medium\" src=\"http:\/\/adventistoltenia.ro\/site\/wp-content\/uploads\/2018\/03\/IMG_6184-1-265x177.jpg\" alt=\"\" width=\"265\" height=\"177\" srcset=\"http:\/\/adventistoltenia.ro\/site\/wp-content\/uploads\/2018\/03\/IMG_6184-1-265x177.jpg 265w, http:\/\/adra.ro\/wp-content\/uploads\/2016\/05\/IMG_6184-1-768x512.jpg 768w, http:\/\/adra.ro\/wp-content\/uploads\/2016\/05\/IMG_6184-1-1024x683.jpg 1024w\" sizes=\"(max-width: 265px) 100vw, 265px\"><\/a>Proiectul <strong>\u201dSperan\u021b\u0103 pentru imigran\u021bi\u201d<\/strong> este modalitatea prin care Agen\u021bia Adventist\u0103 pentru Dezvoltare, Refacere \u0219i Ajutor \u2013 ADRA Rom\u00e2nia vine \u00een sprijinul oamenilor care pleac\u0103 din \u021bara lor, fugind de persecu\u021bie sau de conflictele armate, sper\u00e2nd s\u0103 g\u0103seasc\u0103 lini\u0219te \u0219i alinare \u00een alt loc dec\u00e2t \u00een propria \u021bar\u0103.<\/p>\n<p>Pentru perioada 28 aprilie \u2013 10 mai 2018 este planificat\u0103 a 10-a interven\u021bie umanitar\u0103 ADRA Rom\u00e2nia de solidaritate interna\u021bional\u0103 cu refugia\u021bii \u00een cadrul proiectului <strong>\u201dSperan\u021b\u0103 pentru imigran\u021bi\u201d<\/strong> \u00een Irak. Cei care doresc s\u0103 se al\u0103ture echipei ADRA Rom\u00e2nia \u0219i s\u0103 se implice o pot face prin:<\/p>\n<ul>\n<li>voluntariat (\u00een \u021bar\u0103 sau \u00een afara \u021b\u0103rii),<\/li>\n<li>dona\u021bii materiale (\u00een special produse medicale, dar \u0219i produse alimentare, de igien\u0103 \u0219i \u00eembr\u0103c\u0103minte),<\/li>\n<li>dona\u021bii financiare \u00een conturile ADRA cu specificarea \u201dambulan\u021ba pentru Irak\u201d,<\/li>\n<li>don\u00e2nd direct pe site ul <a href=\"http:\/\/www.adra.ro\/doneaza\">adra.ro\/doneaza<\/a> pentru proiectul <strong>\u201dSperan\u021b\u0103 pentru imigran\u021bi\u201d<\/strong>.<a href=\"http:\/\/adra.ro\/wp-content\/uploads\/2016\/06\/logo-ADRA-Speranta-imigranti.jpg\" rel=\"lightbox[5919]\"><img decoding=\"async\" loading=\"lazy\" class=\"aligncenter wp-image-3085 size-large\" src=\"http:\/\/adventistoltenia.ro\/site\/wp-content\/uploads\/2018\/03\/logo-ADRA-Speranta-imigranti-1024x455.jpg\" alt=\"\" width=\"1024\" height=\"455\" srcset=\"http:\/\/adventistoltenia.ro\/site\/wp-content\/uploads\/2018\/03\/logo-ADRA-Speranta-imigranti-1024x455.jpg 1024w, http:\/\/adra.ro\/wp-content\/uploads\/2016\/06\/logo-ADRA-Speranta-imigranti-265x118.jpg 265w, http:\/\/adra.ro\/wp-content\/uploads\/2016\/06\/logo-ADRA-Speranta-imigranti-768x341.jpg 768w\" sizes=\"(max-width: 1024px) 100vw, 1024px\"><\/a>ADRA Rom\u00e2nia<\/li>\n<\/ul>\n<\/div>\n<p>Material preluat de pe  <a href=\"http:\/\/adra.ro\/stiri\/ambulanta-adra-se-pregateste-de-drum.html\" target=\"_blank\">adra.ro\/stiri<\/a>.<\/p>\n<\/div>\n<p class=\"wpematico_credit\"><small>Powered by <a href=\"http:\/\/www.wpematico.com\" target=\"_blank\">WPeMatico<\/a><\/small><\/p>\n ","protected":false},"excerpt":{"rendered":"<p>\u00cen perioada 05 decembrie 2017 \u2013 19 februarie 2018, s-a desf\u0103\u0219urat cea de-a V-a edi\u021bie a Campionatului de Bine \u2013 competi\u021bie a B\u0103ncii Comerciale Rom\u00e2ne pentru atragerea de dona\u021bii adresat\u0103 ONG-urilor din Rom\u00e2nia \u2013 ce urm\u0103re\u0219te s\u0103 transforme organiza\u021biile \u00een fundraiseri, \u00een vederea atragerii de dona\u021bii pentru propunerile de proiecte sau pentru proiectele \u00een curs &hellip; <a href=\"https:\/\/adventistoltenia.ro\/site\/ambulanta-adra-se-pregateste-de-drum\/\">Continued<\/a><\/p>\n","protected":false},"author":2,"featured_media":2181,"comment_status":"open","ping_status":"closed","sticky":false,"template":"","format":"standard","meta":[],"categories":[71],"tags":[],"yoast_head":"<!-- This site is optimized with the Yoast SEO plugin v20.3 - https:\/\/yoast.com\/wordpress\/plugins\/seo\/ -->\n<title>Ambulan\u021ba ADRA se preg\u0103te\u0219te de drum - Conferinta Oltenia<\/title>\n<meta name=\"robots\" content=\"index, follow, max-snippet:-1, max-image-preview:large, max-video-preview:-1\" \/>\n<link rel=\"canonical\" href=\"https:\/\/adventistoltenia.ro\/site\/ambulanta-adra-se-pregateste-de-drum\/\" \/>\n<meta property=\"og:locale\" content=\"en_US\" \/>\n<meta property=\"og:type\" content=\"article\" \/>\n<meta property=\"og:title\" content=\"Ambulan\u021ba ADRA se preg\u0103te\u0219te de drum - Conferinta Oltenia\" \/>\n<meta property=\"og:description\" content=\"\u00cen perioada 05 decembrie 2017 \u2013 19 februarie 2018, s-a desf\u0103\u0219urat cea de-a V-a edi\u021bie a Campionatului de Bine \u2013 competi\u021bie a B\u0103ncii Comerciale Rom\u00e2ne pentru atragerea de dona\u021bii adresat\u0103 ONG-urilor din Rom\u00e2nia \u2013 ce urm\u0103re\u0219te s\u0103 transforme organiza\u021biile \u00een fundraiseri, \u00een vederea atragerii de dona\u021bii pentru propunerile de proiecte sau pentru proiectele \u00een curs &hellip; Continued\" \/>\n<meta property=\"og:url\" content=\"https:\/\/adventistoltenia.ro\/site\/ambulanta-adra-se-pregateste-de-drum\/\" \/>\n<meta property=\"og:site_name\" content=\"Conferinta Oltenia\" \/>\n<meta property=\"article:published_time\" content=\"2018-03-17T01:06:53+00:00\" \/>\n<meta property=\"og:image\" content=\"https:\/\/adventistoltenia.ro\/site\/wp-content\/uploads\/2018\/03\/FB-COVER-CB_820x461_2-01-265x149.jpg\" \/>\n\t<meta property=\"og:image:width\" content=\"265\" \/>\n\t<meta property=\"og:image:height\" content=\"149\" \/>\n\t<meta property=\"og:image:type\" content=\"image\/jpeg\" \/>\n<meta name=\"author\" content=\"Conferinta Oltenia\" \/>\n<meta name=\"twitter:card\" content=\"summary_large_image\" \/>\n<meta name=\"twitter:label1\" content=\"Written by\" \/>\n\t<meta name=\"twitter:data1\" content=\"Conferinta Oltenia\" \/>\n\t<meta name=\"twitter:label2\" content=\"Est. reading time\" \/>\n\t<meta name=\"twitter:data2\" content=\"3 minutes\" \/>\n<script type=\"application\/ld+json\" class=\"yoast-schema-graph\">{\"@context\":\"https:\/\/schema.org\",\"@graph\":[{\"@type\":\"WebPage\",\"@id\":\"https:\/\/adventistoltenia.ro\/site\/ambulanta-adra-se-pregateste-de-drum\/\",\"url\":\"https:\/\/adventistoltenia.ro\/site\/ambulanta-adra-se-pregateste-de-drum\/\",\"name\":\"Ambulan\u021ba ADRA se preg\u0103te\u0219te de drum - Conferinta Oltenia\",\"isPartOf\":{\"@id\":\"https:\/\/adventistoltenia.ro\/site\/#website\"},\"datePublished\":\"2018-03-17T01:06:53+00:00\",\"dateModified\":\"2018-03-17T01:06:53+00:00\",\"author\":{\"@id\":\"https:\/\/adventistoltenia.ro\/site\/#\/schema\/person\/81972d6ddcec064fcb37a129240ef9d7\"},\"breadcrumb\":{\"@id\":\"https:\/\/adventistoltenia.ro\/site\/ambulanta-adra-se-pregateste-de-drum\/#breadcrumb\"},\"inLanguage\":\"en-US\",\"potentialAction\":[{\"@type\":\"ReadAction\",\"target\":[\"https:\/\/adventistoltenia.ro\/site\/ambulanta-adra-se-pregateste-de-drum\/\"]}]},{\"@type\":\"BreadcrumbList\",\"@id\":\"https:\/\/adventistoltenia.ro\/site\/ambulanta-adra-se-pregateste-de-drum\/#breadcrumb\",\"itemListElement\":[{\"@type\":\"ListItem\",\"position\":1,\"name\":\"Home\",\"item\":\"https:\/\/adventistoltenia.ro\/site\/\"},{\"@type\":\"ListItem\",\"position\":2,\"name\":\"Ambulan\u021ba ADRA se preg\u0103te\u0219te de drum\"}]},{\"@type\":\"WebSite\",\"@id\":\"https:\/\/adventistoltenia.ro\/site\/#website\",\"url\":\"https:\/\/adventistoltenia.ro\/site\/\",\"name\":\"Conferinta Oltenia\",\"description\":\"Biserica Adventista de Ziua a Saptea\",\"potentialAction\":[{\"@type\":\"SearchAction\",\"target\":{\"@type\":\"EntryPoint\",\"urlTemplate\":\"https:\/\/adventistoltenia.ro\/site\/?s={search_term_string}\"},\"query-input\":\"required name=search_term_string\"}],\"inLanguage\":\"en-US\"},{\"@type\":\"Person\",\"@id\":\"https:\/\/adventistoltenia.ro\/site\/#\/schema\/person\/81972d6ddcec064fcb37a129240ef9d7\",\"name\":\"Conferinta Oltenia\",\"image\":{\"@type\":\"ImageObject\",\"inLanguage\":\"en-US\",\"@id\":\"https:\/\/adventistoltenia.ro\/site\/#\/schema\/person\/image\/\",\"url\":\"https:\/\/secure.gravatar.com\/avatar\/ebe92ec22e2e53a8eb79d6b52b724e27?s=96&d=mm&r=g\",\"contentUrl\":\"https:\/\/secure.gravatar.com\/avatar\/ebe92ec22e2e53a8eb79d6b52b724e27?s=96&d=mm&r=g\",\"caption\":\"Conferinta Oltenia\"},\"url\":\"https:\/\/adventistoltenia.ro\/site\/author\/adm1n\/\"}]}<\/script>\n<!-- \/ Yoast SEO plugin. -->","yoast_head_json":{"title":"Ambulan\u021ba ADRA se preg\u0103te\u0219te de drum - Conferinta Oltenia","robots":{"index":"index","follow":"follow","max-snippet":"max-snippet:-1","max-image-preview":"max-image-preview:large","max-video-preview":"max-video-preview:-1"},"canonical":"https:\/\/adventistoltenia.ro\/site\/ambulanta-adra-se-pregateste-de-drum\/","og_locale":"en_US","og_type":"article","og_title":"Ambulan\u021ba ADRA se preg\u0103te\u0219te de drum - Conferinta Oltenia","og_description":"\u00cen perioada 05 decembrie 2017 \u2013 19 februarie 2018, s-a desf\u0103\u0219urat cea de-a V-a edi\u021bie a Campionatului de Bine \u2013 competi\u021bie a B\u0103ncii Comerciale Rom\u00e2ne pentru atragerea de dona\u021bii adresat\u0103 ONG-urilor din Rom\u00e2nia \u2013 ce urm\u0103re\u0219te s\u0103 transforme organiza\u021biile \u00een fundraiseri, \u00een vederea atragerii de dona\u021bii pentru propunerile de proiecte sau pentru proiectele \u00een curs &hellip; Continued","og_url":"https:\/\/adventistoltenia.ro\/site\/ambulanta-adra-se-pregateste-de-drum\/","og_site_name":"Conferinta Oltenia","article_published_time":"2018-03-17T01:06:53+00:00","og_image":[{"width":265,"height":149,"url":"https:\/\/adventistoltenia.ro\/site\/wp-content\/uploads\/2018\/03\/FB-COVER-CB_820x461_2-01-265x149.jpg","type":"image\/jpeg"}],"author":"Conferinta Oltenia","twitter_card":"summary_large_image","twitter_misc":{"Written by":"Conferinta Oltenia","Est. reading time":"3 minutes"},"schema":{"@context":"https:\/\/schema.org","@graph":[{"@type":"WebPage","@id":"https:\/\/adventistoltenia.ro\/site\/ambulanta-adra-se-pregateste-de-drum\/","url":"https:\/\/adventistoltenia.ro\/site\/ambulanta-adra-se-pregateste-de-drum\/","name":"Ambulan\u021ba ADRA se preg\u0103te\u0219te de drum - Conferinta Oltenia","isPartOf":{"@id":"https:\/\/adventistoltenia.ro\/site\/#website"},"datePublished":"2018-03-17T01:06:53+00:00","dateModified":"2018-03-17T01:06:53+00:00","author":{"@id":"https:\/\/adventistoltenia.ro\/site\/#\/schema\/person\/81972d6ddcec064fcb37a129240ef9d7"},"breadcrumb":{"@id":"https:\/\/adventistoltenia.ro\/site\/ambulanta-adra-se-pregateste-de-drum\/#breadcrumb"},"inLanguage":"en-US","potentialAction":[{"@type":"ReadAction","target":["https:\/\/adventistoltenia.ro\/site\/ambulanta-adra-se-pregateste-de-drum\/"]}]},{"@type":"BreadcrumbList","@id":"https:\/\/adventistoltenia.ro\/site\/ambulanta-adra-se-pregateste-de-drum\/#breadcrumb","itemListElement":[{"@type":"ListItem","position":1,"name":"Home","item":"https:\/\/adventistoltenia.ro\/site\/"},{"@type":"ListItem","position":2,"name":"Ambulan\u021ba ADRA se preg\u0103te\u0219te de drum"}]},{"@type":"WebSite","@id":"https:\/\/adventistoltenia.ro\/site\/#website","url":"https:\/\/adventistoltenia.ro\/site\/","name":"Conferinta Oltenia","description":"Biserica Adventista de Ziua a Saptea","potentialAction":[{"@type":"SearchAction","target":{"@type":"EntryPoint","urlTemplate":"https:\/\/adventistoltenia.ro\/site\/?s={search_term_string}"},"query-input":"required name=search_term_string"}],"inLanguage":"en-US"},{"@type":"Person","@id":"https:\/\/adventistoltenia.ro\/site\/#\/schema\/person\/81972d6ddcec064fcb37a129240ef9d7","name":"Conferinta Oltenia","image":{"@type":"ImageObject","inLanguage":"en-US","@id":"https:\/\/adventistoltenia.ro\/site\/#\/schema\/person\/image\/","url":"https:\/\/secure.gravatar.com\/avatar\/ebe92ec22e2e53a8eb79d6b52b724e27?s=96&d=mm&r=g","contentUrl":"https:\/\/secure.gravatar.com\/avatar\/ebe92ec22e2e53a8eb79d6b52b724e27?s=96&d=mm&r=g","caption":"Conferinta Oltenia"},"url":"https:\/\/adventistoltenia.ro\/site\/author\/adm1n\/"}]}},"_links":{"self":[{"href":"https:\/\/adventistoltenia.ro\/site\/wp-json\/wp\/v2\/posts\/2180"}],"collection":[{"href":"https:\/\/adventistoltenia.ro\/site\/wp-json\/wp\/v2\/posts"}],"about":[{"href":"https:\/\/adventistoltenia.ro\/site\/wp-json\/wp\/v2\/types\/post"}],"author":[{"embeddable":true,"href":"https:\/\/adventistoltenia.ro\/site\/wp-json\/wp\/v2\/users\/2"}],"replies":[{"embeddable":true,"href":"https:\/\/adventistoltenia.ro\/site\/wp-json\/wp\/v2\/comments?post=2180"}],"version-history":[{"count":0,"href":"https:\/\/adventistoltenia.ro\/site\/wp-json\/wp\/v2\/posts\/2180\/revisions"}],"wp:featuredmedia":[{"embeddable":true,"href":"https:\/\/adventistoltenia.ro\/site\/wp-json\/wp\/v2\/media\/2181"}],"wp:attachment":[{"href":"https:\/\/adventistoltenia.ro\/site\/wp-json\/wp\/v2\/media?parent=2180"}],"wp:term":[{"taxonomy":"category","embeddable":true,"href":"https:\/\/adventistoltenia.ro\/site\/wp-json\/wp\/v2\/categories?post=2180"},{"taxonomy":"post_tag","embeddable":true,"href":"https:\/\/adventistoltenia.ro\/site\/wp-json\/wp\/v2\/tags?post=2180"}],"curies":[{"name":"wp","href":"https:\/\/api.w.org\/{rel}","templated":true}]}}