{"id":2712,"date":"2019-01-29T01:09:55","date_gmt":"2019-01-29T01:09:55","guid":{"rendered":"http:\/\/adventistoltenia.ro\/site\/2-pentru-spitalul-adventist\/"},"modified":"2019-01-29T01:09:55","modified_gmt":"2019-01-29T01:09:55","slug":"2-pentru-spitalul-adventist","status":"publish","type":"post","link":"https:\/\/adventistoltenia.ro\/site\/2-pentru-spitalul-adventist\/","title":{"rendered":"2% pentru Spitalul Adventist"},"content":{"rendered":"<div>\n<p>Sus\u021bine construirea Spitalului Adventist prin redirec\u021bionarea a 2% din impozitul pe venit. Un spital modern, cu cele mai noi tehnologii \u0219i abord\u0103ri \u00een tratarea cancerului \u0219i care, \u00een acela\u0219i timp, va avea la baz\u0103 compasiunea \u0219i cele mai curate \u0219i mai drepte principii de func\u021bionare. Proiectul devine realitate la T\u00e2rgu Mure\u0219, al\u0103turi de tine!<\/p>\n<p>Orice persoan\u0103 fizic\u0103 poate redirec\u021biona* 2% din impozitul pe venit c\u0103tre Funda\u021bia pentru Spitalul Adventist prin completarea <a href=\"https:\/\/www.spitaluladventist.ro\/wp-content\/uploads\/2018\/01\/Formular-230_Spitalul-Adventist.pdf\">formularului 230<\/a>, dac\u0103 \u00een 2018 a avut venituri din salarii, sau prin <a href=\"https:\/\/www.spitaluladventist.ro\/wp-content\/uploads\/2018\/07\/Declaratie-unica_redirectionare-Spitalul-Adventist.pdf\">Declara\u021bia Unic\u0103<\/a>, dac\u0103 a realizat venituri din activit\u0103\u021bi independente (profesii libere, drepturi de proprietate intelectual\u0103, chirii, activit\u0103\u021bi PFA etc.).<\/p>\n<p><strong><em><a href=\"https:\/\/www.redirectioneaza.ro\/spitalul-adventist\">Completeaz\u0103 online \u0219i descarc\u0103 formularul 230 AICI<\/a><\/em><\/strong><strong><em>.<\/em><\/strong><\/p>\n<p>Depune formularul 230 direct sau trimite-l prin po\u0219t\u0103 cu scrisoare recomandat\u0103 la Agen\u021bia Na\u021bional\u0103 de Administrare Fiscal\u0103 (ANAF) a localit\u0103\u021bii de domiciliu\u00a0<a href=\"https:\/\/static.anaf.ro\/static\/10\/Anaf\/AsistentaContribuabili_r\/telefoane_judete\/Regiuni.htm\">(vezi lista adreselor ANAF la care po\u021bi depune formularul)<\/a>. Data limit\u0103 a depunerii este <strong>15 martie 2019<\/strong>.<\/p>\n<p>Pentru depunerea direct\u0103 va trebui s\u0103 te prezin\u021bi cu formularul \u00een dublu exemplar, iar pentru trimiterea prin po\u0219t\u0103 este nevoie doar de un exemplar.<\/p>\n<p>Declara\u021biile se pot depune \u0219i online, prin intermediul serviciului \u201eSpa\u021biul privat virtual\u201d al ANAF, urm\u00e2nd pa\u0219ii\u00a0indica\u021bi aici:\u00a0<a href=\"https:\/\/pfinternet.anaf.ro\/\">https:\/\/pfinternet.anaf.ro<\/a>\u00a0.<\/p>\n<p>Redirec\u021bionarea prin intermediul Declara\u021biei Unice se realizeaz\u0103 odat\u0103 cu depunerea acesteia, complet\u00e2nd datele de la Sec\u021biunea 2.2 <em>(<strong><a href=\"https:\/\/www.spitaluladventist.ro\/wp-content\/uploads\/2018\/07\/Declaratie-unica_redirectionare-Spitalul-Adventist.pdf\">Descarc\u0103 declara\u021bia cu datele Funda\u021biei pentru Spitalul Adventist<\/a><\/strong>).<\/em><\/p>\n<p><em>*Procedura nu implic\u0103 niciun cost, redirec\u021bionarea f\u0103c\u00e2ndu-se din impozitul deja \u00eencasat de stat \u00een anul 2018.<\/em><\/p>\n<p>\u00a0<\/p>\n<\/div>\n<p class=\"wpematico_credit\"><small>Powered by <a href=\"http:\/\/www.wpematico.com\" target=\"_blank\">WPeMatico<\/a><\/small><\/p>\n ","protected":false},"excerpt":{"rendered":"<p>Sus\u021bine construirea Spitalului Adventist prin redirec\u021bionarea a 2% din impozitul pe venit. Un spital modern, cu cele mai noi tehnologii \u0219i abord\u0103ri \u00een tratarea cancerului \u0219i care, \u00een acela\u0219i timp, va avea la baz\u0103 compasiunea \u0219i cele mai curate \u0219i mai drepte principii de func\u021bionare. Proiectul devine realitate la T\u00e2rgu Mure\u0219, al\u0103turi de tine! Orice &hellip; <a href=\"https:\/\/adventistoltenia.ro\/site\/2-pentru-spitalul-adventist\/\">Continued<\/a><\/p>\n","protected":false},"author":2,"featured_media":0,"comment_status":"open","ping_status":"closed","sticky":false,"template":"","format":"standard","meta":[],"categories":[71],"tags":[],"yoast_head":"<!-- This site is optimized with the Yoast SEO plugin v20.3 - https:\/\/yoast.com\/wordpress\/plugins\/seo\/ -->\n<title>2% pentru Spitalul Adventist - Conferinta Oltenia<\/title>\n<meta name=\"robots\" content=\"index, follow, max-snippet:-1, max-image-preview:large, max-video-preview:-1\" \/>\n<link rel=\"canonical\" href=\"https:\/\/adventistoltenia.ro\/site\/2-pentru-spitalul-adventist\/\" \/>\n<meta property=\"og:locale\" content=\"en_US\" \/>\n<meta property=\"og:type\" content=\"article\" \/>\n<meta property=\"og:title\" content=\"2% pentru Spitalul Adventist - Conferinta Oltenia\" \/>\n<meta property=\"og:description\" content=\"Sus\u021bine construirea Spitalului Adventist prin redirec\u021bionarea a 2% din impozitul pe venit. Un spital modern, cu cele mai noi tehnologii \u0219i abord\u0103ri \u00een tratarea cancerului \u0219i care, \u00een acela\u0219i timp, va avea la baz\u0103 compasiunea \u0219i cele mai curate \u0219i mai drepte principii de func\u021bionare. Proiectul devine realitate la T\u00e2rgu Mure\u0219, al\u0103turi de tine! Orice &hellip; Continued\" \/>\n<meta property=\"og:url\" content=\"https:\/\/adventistoltenia.ro\/site\/2-pentru-spitalul-adventist\/\" \/>\n<meta property=\"og:site_name\" content=\"Conferinta Oltenia\" \/>\n<meta property=\"article:published_time\" content=\"2019-01-29T01:09:55+00:00\" \/>\n<meta name=\"author\" content=\"Conferinta Oltenia\" \/>\n<meta name=\"twitter:card\" content=\"summary_large_image\" \/>\n<meta name=\"twitter:label1\" content=\"Written by\" \/>\n\t<meta name=\"twitter:data1\" content=\"Conferinta Oltenia\" \/>\n\t<meta name=\"twitter:label2\" content=\"Est. reading time\" \/>\n\t<meta name=\"twitter:data2\" content=\"1 minute\" \/>\n<script type=\"application\/ld+json\" class=\"yoast-schema-graph\">{\"@context\":\"https:\/\/schema.org\",\"@graph\":[{\"@type\":\"WebPage\",\"@id\":\"https:\/\/adventistoltenia.ro\/site\/2-pentru-spitalul-adventist\/\",\"url\":\"https:\/\/adventistoltenia.ro\/site\/2-pentru-spitalul-adventist\/\",\"name\":\"2% pentru Spitalul Adventist - Conferinta Oltenia\",\"isPartOf\":{\"@id\":\"https:\/\/adventistoltenia.ro\/site\/#website\"},\"datePublished\":\"2019-01-29T01:09:55+00:00\",\"dateModified\":\"2019-01-29T01:09:55+00:00\",\"author\":{\"@id\":\"https:\/\/adventistoltenia.ro\/site\/#\/schema\/person\/81972d6ddcec064fcb37a129240ef9d7\"},\"breadcrumb\":{\"@id\":\"https:\/\/adventistoltenia.ro\/site\/2-pentru-spitalul-adventist\/#breadcrumb\"},\"inLanguage\":\"en-US\",\"potentialAction\":[{\"@type\":\"ReadAction\",\"target\":[\"https:\/\/adventistoltenia.ro\/site\/2-pentru-spitalul-adventist\/\"]}]},{\"@type\":\"BreadcrumbList\",\"@id\":\"https:\/\/adventistoltenia.ro\/site\/2-pentru-spitalul-adventist\/#breadcrumb\",\"itemListElement\":[{\"@type\":\"ListItem\",\"position\":1,\"name\":\"Home\",\"item\":\"https:\/\/adventistoltenia.ro\/site\/\"},{\"@type\":\"ListItem\",\"position\":2,\"name\":\"2% pentru Spitalul Adventist\"}]},{\"@type\":\"WebSite\",\"@id\":\"https:\/\/adventistoltenia.ro\/site\/#website\",\"url\":\"https:\/\/adventistoltenia.ro\/site\/\",\"name\":\"Conferinta Oltenia\",\"description\":\"Biserica Adventista de Ziua a Saptea\",\"potentialAction\":[{\"@type\":\"SearchAction\",\"target\":{\"@type\":\"EntryPoint\",\"urlTemplate\":\"https:\/\/adventistoltenia.ro\/site\/?s={search_term_string}\"},\"query-input\":\"required name=search_term_string\"}],\"inLanguage\":\"en-US\"},{\"@type\":\"Person\",\"@id\":\"https:\/\/adventistoltenia.ro\/site\/#\/schema\/person\/81972d6ddcec064fcb37a129240ef9d7\",\"name\":\"Conferinta Oltenia\",\"image\":{\"@type\":\"ImageObject\",\"inLanguage\":\"en-US\",\"@id\":\"https:\/\/adventistoltenia.ro\/site\/#\/schema\/person\/image\/\",\"url\":\"https:\/\/secure.gravatar.com\/avatar\/ebe92ec22e2e53a8eb79d6b52b724e27?s=96&d=mm&r=g\",\"contentUrl\":\"https:\/\/secure.gravatar.com\/avatar\/ebe92ec22e2e53a8eb79d6b52b724e27?s=96&d=mm&r=g\",\"caption\":\"Conferinta Oltenia\"},\"url\":\"https:\/\/adventistoltenia.ro\/site\/author\/adm1n\/\"}]}<\/script>\n<!-- \/ Yoast SEO plugin. -->","yoast_head_json":{"title":"2% pentru Spitalul Adventist - Conferinta Oltenia","robots":{"index":"index","follow":"follow","max-snippet":"max-snippet:-1","max-image-preview":"max-image-preview:large","max-video-preview":"max-video-preview:-1"},"canonical":"https:\/\/adventistoltenia.ro\/site\/2-pentru-spitalul-adventist\/","og_locale":"en_US","og_type":"article","og_title":"2% pentru Spitalul Adventist - Conferinta Oltenia","og_description":"Sus\u021bine construirea Spitalului Adventist prin redirec\u021bionarea a 2% din impozitul pe venit. Un spital modern, cu cele mai noi tehnologii \u0219i abord\u0103ri \u00een tratarea cancerului \u0219i care, \u00een acela\u0219i timp, va avea la baz\u0103 compasiunea \u0219i cele mai curate \u0219i mai drepte principii de func\u021bionare. Proiectul devine realitate la T\u00e2rgu Mure\u0219, al\u0103turi de tine! Orice &hellip; Continued","og_url":"https:\/\/adventistoltenia.ro\/site\/2-pentru-spitalul-adventist\/","og_site_name":"Conferinta Oltenia","article_published_time":"2019-01-29T01:09:55+00:00","author":"Conferinta Oltenia","twitter_card":"summary_large_image","twitter_misc":{"Written by":"Conferinta Oltenia","Est. reading time":"1 minute"},"schema":{"@context":"https:\/\/schema.org","@graph":[{"@type":"WebPage","@id":"https:\/\/adventistoltenia.ro\/site\/2-pentru-spitalul-adventist\/","url":"https:\/\/adventistoltenia.ro\/site\/2-pentru-spitalul-adventist\/","name":"2% pentru Spitalul Adventist - Conferinta Oltenia","isPartOf":{"@id":"https:\/\/adventistoltenia.ro\/site\/#website"},"datePublished":"2019-01-29T01:09:55+00:00","dateModified":"2019-01-29T01:09:55+00:00","author":{"@id":"https:\/\/adventistoltenia.ro\/site\/#\/schema\/person\/81972d6ddcec064fcb37a129240ef9d7"},"breadcrumb":{"@id":"https:\/\/adventistoltenia.ro\/site\/2-pentru-spitalul-adventist\/#breadcrumb"},"inLanguage":"en-US","potentialAction":[{"@type":"ReadAction","target":["https:\/\/adventistoltenia.ro\/site\/2-pentru-spitalul-adventist\/"]}]},{"@type":"BreadcrumbList","@id":"https:\/\/adventistoltenia.ro\/site\/2-pentru-spitalul-adventist\/#breadcrumb","itemListElement":[{"@type":"ListItem","position":1,"name":"Home","item":"https:\/\/adventistoltenia.ro\/site\/"},{"@type":"ListItem","position":2,"name":"2% pentru Spitalul Adventist"}]},{"@type":"WebSite","@id":"https:\/\/adventistoltenia.ro\/site\/#website","url":"https:\/\/adventistoltenia.ro\/site\/","name":"Conferinta Oltenia","description":"Biserica Adventista de Ziua a Saptea","potentialAction":[{"@type":"SearchAction","target":{"@type":"EntryPoint","urlTemplate":"https:\/\/adventistoltenia.ro\/site\/?s={search_term_string}"},"query-input":"required name=search_term_string"}],"inLanguage":"en-US"},{"@type":"Person","@id":"https:\/\/adventistoltenia.ro\/site\/#\/schema\/person\/81972d6ddcec064fcb37a129240ef9d7","name":"Conferinta Oltenia","image":{"@type":"ImageObject","inLanguage":"en-US","@id":"https:\/\/adventistoltenia.ro\/site\/#\/schema\/person\/image\/","url":"https:\/\/secure.gravatar.com\/avatar\/ebe92ec22e2e53a8eb79d6b52b724e27?s=96&d=mm&r=g","contentUrl":"https:\/\/secure.gravatar.com\/avatar\/ebe92ec22e2e53a8eb79d6b52b724e27?s=96&d=mm&r=g","caption":"Conferinta Oltenia"},"url":"https:\/\/adventistoltenia.ro\/site\/author\/adm1n\/"}]}},"_links":{"self":[{"href":"https:\/\/adventistoltenia.ro\/site\/wp-json\/wp\/v2\/posts\/2712"}],"collection":[{"href":"https:\/\/adventistoltenia.ro\/site\/wp-json\/wp\/v2\/posts"}],"about":[{"href":"https:\/\/adventistoltenia.ro\/site\/wp-json\/wp\/v2\/types\/post"}],"author":[{"embeddable":true,"href":"https:\/\/adventistoltenia.ro\/site\/wp-json\/wp\/v2\/users\/2"}],"replies":[{"embeddable":true,"href":"https:\/\/adventistoltenia.ro\/site\/wp-json\/wp\/v2\/comments?post=2712"}],"version-history":[{"count":0,"href":"https:\/\/adventistoltenia.ro\/site\/wp-json\/wp\/v2\/posts\/2712\/revisions"}],"wp:attachment":[{"href":"https:\/\/adventistoltenia.ro\/site\/wp-json\/wp\/v2\/media?parent=2712"}],"wp:term":[{"taxonomy":"category","embeddable":true,"href":"https:\/\/adventistoltenia.ro\/site\/wp-json\/wp\/v2\/categories?post=2712"},{"taxonomy":"post_tag","embeddable":true,"href":"https:\/\/adventistoltenia.ro\/site\/wp-json\/wp\/v2\/tags?post=2712"}],"curies":[{"name":"wp","href":"https:\/\/api.w.org\/{rel}","templated":true}]}}