{"id":2715,"date":"2019-02-11T01:14:58","date_gmt":"2019-02-11T01:14:58","guid":{"rendered":"http:\/\/adventistoltenia.ro\/site\/sugestii-de-lectura-intelegerea-vremurilor-cum-ne-afecteaza-pe-noi-astazi-conflictul-dintre-principalele-conceptii-despre-lume-si-viata\/"},"modified":"2019-02-11T01:14:58","modified_gmt":"2019-02-11T01:14:58","slug":"sugestii-de-lectura-intelegerea-vremurilor-cum-ne-afecteaza-pe-noi-astazi-conflictul-dintre-principalele-conceptii-despre-lume-si-viata","status":"publish","type":"post","link":"https:\/\/adventistoltenia.ro\/site\/sugestii-de-lectura-intelegerea-vremurilor-cum-ne-afecteaza-pe-noi-astazi-conflictul-dintre-principalele-conceptii-despre-lume-si-viata\/","title":{"rendered":"Sugestii de lectur\u0103 \u2013 \u00cen\u021belegerea vremurilor \u2013 Cum ne afecteaz\u0103 pe noi ast\u0103zi conflictul dintre principalele concep\u021bii despre lume \u0219i via\u021b\u0103"},"content":{"rendered":"<div>\n<p>Tr\u0103im astfel de vremuri despre care avem nevoie s\u0103 \u00een\u021belegem m\u0103car cum sunt ele, fiindc\u0103 altfel vom constata c\u0103 nu suntem \u00een stare nici m\u0103car s\u0103 \u0219tim pe ce lume tr\u0103im\u2026<\/p>\n<p>\u00ceN\u021aELEGEREA VREMURILOR \u2013 CUM NE AFECTEAZ\u0102 PE NOI AST\u0102ZI CONFLICTUL DINTRE PRINCIPALELE CONCEP\u021aII DESPRE LUME \u0218I VIA\u021a\u0102, de David A. Noebel, Editura Cartea Cre\u0219tin\u0103,Oradea, 2013\u2026<\/p>\n<p>David A. Noebel este un lider religios american, profesor, pastor \u0219i autor a numeroase c\u0103r\u021bi traduse \u00een multe limbi. Este socotit un apologet fundamental al cre\u0219tinismului. \u0218i-a f\u0103cut studiile la <em>Milwaukee Bible College<\/em>, <em>Hope College Michigan<\/em>, unde \u0219i-a luat <em>licen\u021ba<\/em>, la <em>University of Tulsa<\/em>, unde a studiat pentru un <em>master<\/em> \u0219i a studiat filozofia la <em>University of Wisconsin-Madison.<\/em> A fost hirotonit ca pastor \u00een 1961 \u0219i a slujit \u00een <em>Grace Bible Church,Madison, Wisconsin.<\/em><\/p>\n<p>\u00cen 1962 a fondat <em>Summit Ministries<\/em>, o organiza\u021bie cre\u0219tin\u0103 pentru educarea pastorilor cre\u0219tini, care, tineri fiind, au c\u0103zut victime ideilor populare ale lumii moderne. Organiza\u021bia \u0219i-a v\u0103zut rolul ca un catalizator care s\u0103-i ajute pe tineri s\u0103 r\u0103m\u00e2n\u0103 tari \u00een credin\u021ba lor \u0219i s\u0103 apere adev\u0103rul.<\/p>\n<p>\u00cencep\u00e2nd cu 1965, Noebel a \u00eenceput s\u0103 publice o serie de c\u0103r\u021bi axate pe dezv\u0103luirea influen\u021belor distructive asupra cre\u0219tinismului: <em>Communism, Hypnotism and The Beatles(1965), Rhythm, Riots and Revolution(1966), The Marxist Ministrels(1973), The Homosexuality Revolution(1977), AIDS : Acquired Immune Deficiency Syndrome: A Special report(1986- coautor),Understanding the Times: The Religious Worldviews of Our Day and the Search for Truth(1991).<\/em><\/p>\n<p><em>\u00cen 2000 a publicat \u00een colaborare cu <\/em>Timothy LaHaye <em>Mind Siege<\/em>: <em>The Battle for Truth in the New Millenium<\/em>, un atac generalizat asupra umanismului secular. Paul Kurze, editor \u0219ef al <em>Free Inquiry,<\/em> noteaz\u0103 c\u0103 autorii afirm\u0103 c\u0103: \u201eIdeologia secular\u0103 umanist\u0103 domin\u0103 majoritatea institu\u021biilor vie\u021bii americane, incluz\u00e2nd <em>American Civil Liberties Union, The National Organization of Woman, The National Endowment for the Arts, The National Association of Byology Teachers,<\/em> cele mai importante re\u021bele de televiziune americane, cele mai importante funda\u021bii (<em>Ford, Rockefeller<\/em>,etc.), The <em>National Council of Churches<\/em>, aripa liberal\u0103 a <em>Partidului Democrat, ONU, UNESCO, Harvard, Yale<\/em> \u0219i alte dou\u0103 sute de colegii \u0219i universit\u0103\u021bi.\u201d<\/p>\n<p>\u00ceN\u021aELEGEREA VREMURILOR este bibliografie obligatorie \u00een mai toate \u0219colile de teologie serioase din lume \u0219i este considerat\u0103 cea mai important\u0103 lucrare \u00een domeniul apologeticii, datorit\u0103 document\u0103rii extinse \u0219i a abord\u0103rii sistematice a problematicii.<\/p>\n<p>\u201eAceasta este, dup\u0103 p\u0103rerea mea, una dintre cele mai bune c\u0103r\u021bi care au v\u0103zut lumina tiparului \u00een acest secol.\u201d- D. James Kennedy, <em>Coral Ridge Ministries<\/em>.<\/p>\n<p>\u201eTineretul cre\u0219tin de ast\u0103zi nu este distrus pentru c\u0103 umanismul secular este superior ci pentru c\u0103 nu li s-a prezentat alternativa biblic\u0103, mult mai logic\u0103. Cartea aceasta prezint\u0103 tocmai acea alternativ\u0103, \u00eentr-un mod interesant \u0219i conving\u0103tor.\u201d- Tom LaHaye \u2013 <em>Concil for National Policy<\/em>.<\/p>\n<p>Spune autorul despre felul \u00een care a concepul aceast\u0103 lucrare: \u201eLa \u00eenceputul anilor 1990, James C. Dobson \u0219i Gary Bauer c\u0103utau s\u0103 identifice ceea ce au v\u0103zut c\u0103 li se \u00eent\u00e2mpl\u0103 tinerilor cre\u0219tini din Statele Unite. Concluzia lor a fost c\u0103\u00a0 \u201eceva asem\u0103n\u0103tor unui mare R\u0103zboi Civil al valorilor se desf\u0103\u0219oar\u0103 cu violen\u021b\u0103 \u00een zilele acestea de-a lungul \u0219i de-a latul Americii de Nord. Dou\u0103 tabere cu concep\u021bii complet diferite \u0219i incompatibile despre lume \u0219i via\u021b\u0103 sunt \u00eencle\u0219tate \u00eentr-un conflict \u00eenver\u0219unat care cuprinde fiecare nivel al societ\u0103\u021bii.\u201d(p.24).<\/p>\n<p>\u201eAcest manual constituie o descriere \u00een profunzime a acestui \u201eMare R\u0103zboi Civil\u201d \u2013 o descriere a r\u0103zboiului pentru genera\u021bia aceasta \u0219i pentru cele ce vor urma.[\u2026] Mai precis, este o b\u0103t\u0103lie \u00eentre \u0219i printre concep\u021bii despre lume \u0219i via\u021b\u0103. De o parte se afl\u0103 \u00een mod clar concep\u021bia cre\u0219tin\u0103 despre lume \u0219i via\u021b\u0103. De cealalt\u0103 parte este <em>umanismul secular, marxism-leninismul, umanismul cosmic(mi\u0219carea New-Age) \u0219i postmodernismul<\/em>. \u00cen vreme ce aceste concep\u021bii despre lume \u0219i via\u021b\u0103 nu cad de acord \u00een detalii, ele converg unanim \u00eentr-un singur punct \u2013 opozi\u021bia fa\u021b\u0103 de cre\u0219tinismul biblic. \u00cen acest context vom c\u0103uta s\u0103 \u00een\u021belegem, prezent\u00e2nd \u00een acela\u0219i timp o ap\u0103rare puternic\u0103, onest\u0103, veridic\u0103 \u0219i inteligent\u0103 a concep\u021biei cre\u0219tine biblice despre lume \u0219i via\u021b\u0103.[\u2026] Sintagma concep\u021bie despre lume \u0219i via\u021b\u0103 folosit\u0103 \u00een acest manual, se refer\u0103 la orice set de idei, credin\u021be, convingeri sau valori care alc\u0103tuiesc un cadru sau o hart\u0103 care te ajut\u0103 s\u0103-L \u00een\u021belegi pe Dumnezeu, lumea \u0219i rela\u021bia ta cu Dumnezeu \u0219i cu lumea. \u00cen mod particular, o concep\u021bie despre lume \u0219i via\u021b\u0103 ar trebui s\u0103 con\u021bin\u0103 o anume perspectiv\u0103(clar\u0103) cu privire la urm\u0103toarele zece discipline: <em>teologia, filozofia, etica, biologia, psihologia, sociologia, dreptul, politica, economia \u0219i istoria.<\/em>.[\u2026] Acest manual analizeaz\u0103 perspectivele celor \u0219ase concep\u021bii despre lume \u0219i via\u021b\u0103 \u00een fiecare dintre cele zece discipline, dar face aceasta f\u0103r\u0103 s\u0103 piard\u0103 din vedere modul \u00een care fiecare sistem de g\u00e2ndire integreaz\u0103 diversele-i presupozi\u021bii, categorii \u0219i concluzii proprii.\u201d(p.24-28).<\/p>\n<p>Trebuie s\u0103 m\u0103 opresc cu aceast\u0103 prezentare, nu \u00eenainte de a v\u0103 avertiza c\u0103 lucrarea are 615 pagini format mare \u0219i cuprinde tot aparatul critic necesar unui studiu serios\u2026Bun\u0103 lectur\u0103 pentru un \u00eenceput de an\u2026<\/p>\n<p><a href=\"https:\/\/www.facebook.com\/valeriu.petrescu.3\" target=\"_blank\" rel=\"noopener\">Dr. Valeriu Petrescu<\/a><\/p>\n<\/div>\n<p class=\"wpematico_credit\"><small>Powered by <a href=\"http:\/\/www.wpematico.com\" target=\"_blank\">WPeMatico<\/a><\/small><\/p>\n ","protected":false},"excerpt":{"rendered":"<p>Tr\u0103im astfel de vremuri despre care avem nevoie s\u0103 \u00een\u021belegem m\u0103car cum sunt ele, fiindc\u0103 altfel vom constata c\u0103 nu suntem \u00een stare nici m\u0103car s\u0103 \u0219tim pe ce lume tr\u0103im\u2026 \u00ceN\u021aELEGEREA VREMURILOR \u2013 CUM NE AFECTEAZ\u0102 PE NOI AST\u0102ZI CONFLICTUL DINTRE PRINCIPALELE CONCEP\u021aII DESPRE LUME \u0218I VIA\u021a\u0102, de David A. Noebel, Editura Cartea Cre\u0219tin\u0103,Oradea, &hellip; <a href=\"https:\/\/adventistoltenia.ro\/site\/sugestii-de-lectura-intelegerea-vremurilor-cum-ne-afecteaza-pe-noi-astazi-conflictul-dintre-principalele-conceptii-despre-lume-si-viata\/\">Continued<\/a><\/p>\n","protected":false},"author":2,"featured_media":0,"comment_status":"open","ping_status":"closed","sticky":false,"template":"","format":"standard","meta":[],"categories":[71],"tags":[],"yoast_head":"<!-- This site is optimized with the Yoast SEO plugin v20.3 - https:\/\/yoast.com\/wordpress\/plugins\/seo\/ -->\n<title>Sugestii de lectur\u0103 \u2013 \u00cen\u021belegerea vremurilor \u2013 Cum ne afecteaz\u0103 pe noi ast\u0103zi conflictul dintre principalele concep\u021bii despre lume \u0219i via\u021b\u0103 - Conferinta Oltenia<\/title>\n<meta name=\"robots\" content=\"index, follow, max-snippet:-1, max-image-preview:large, max-video-preview:-1\" \/>\n<link rel=\"canonical\" href=\"https:\/\/adventistoltenia.ro\/site\/sugestii-de-lectura-intelegerea-vremurilor-cum-ne-afecteaza-pe-noi-astazi-conflictul-dintre-principalele-conceptii-despre-lume-si-viata\/\" \/>\n<meta property=\"og:locale\" content=\"en_US\" \/>\n<meta property=\"og:type\" content=\"article\" \/>\n<meta property=\"og:title\" content=\"Sugestii de lectur\u0103 \u2013 \u00cen\u021belegerea vremurilor \u2013 Cum ne afecteaz\u0103 pe noi ast\u0103zi conflictul dintre principalele concep\u021bii despre lume \u0219i via\u021b\u0103 - Conferinta Oltenia\" \/>\n<meta property=\"og:description\" content=\"Tr\u0103im astfel de vremuri despre care avem nevoie s\u0103 \u00een\u021belegem m\u0103car cum sunt ele, fiindc\u0103 altfel vom constata c\u0103 nu suntem \u00een stare nici m\u0103car s\u0103 \u0219tim pe ce lume tr\u0103im\u2026 \u00ceN\u021aELEGEREA VREMURILOR \u2013 CUM NE AFECTEAZ\u0102 PE NOI AST\u0102ZI CONFLICTUL DINTRE PRINCIPALELE CONCEP\u021aII DESPRE LUME \u0218I VIA\u021a\u0102, de David A. Noebel, Editura Cartea Cre\u0219tin\u0103,Oradea, &hellip; Continued\" \/>\n<meta property=\"og:url\" content=\"https:\/\/adventistoltenia.ro\/site\/sugestii-de-lectura-intelegerea-vremurilor-cum-ne-afecteaza-pe-noi-astazi-conflictul-dintre-principalele-conceptii-despre-lume-si-viata\/\" \/>\n<meta property=\"og:site_name\" content=\"Conferinta Oltenia\" \/>\n<meta property=\"article:published_time\" content=\"2019-02-11T01:14:58+00:00\" \/>\n<meta name=\"author\" content=\"Conferinta Oltenia\" \/>\n<meta name=\"twitter:card\" content=\"summary_large_image\" \/>\n<meta name=\"twitter:label1\" content=\"Written by\" \/>\n\t<meta name=\"twitter:data1\" content=\"Conferinta Oltenia\" \/>\n\t<meta name=\"twitter:label2\" content=\"Est. reading time\" \/>\n\t<meta name=\"twitter:data2\" content=\"4 minutes\" \/>\n<script type=\"application\/ld+json\" class=\"yoast-schema-graph\">{\"@context\":\"https:\/\/schema.org\",\"@graph\":[{\"@type\":\"WebPage\",\"@id\":\"https:\/\/adventistoltenia.ro\/site\/sugestii-de-lectura-intelegerea-vremurilor-cum-ne-afecteaza-pe-noi-astazi-conflictul-dintre-principalele-conceptii-despre-lume-si-viata\/\",\"url\":\"https:\/\/adventistoltenia.ro\/site\/sugestii-de-lectura-intelegerea-vremurilor-cum-ne-afecteaza-pe-noi-astazi-conflictul-dintre-principalele-conceptii-despre-lume-si-viata\/\",\"name\":\"Sugestii de lectur\u0103 \u2013 \u00cen\u021belegerea vremurilor \u2013 Cum ne afecteaz\u0103 pe noi ast\u0103zi conflictul dintre principalele concep\u021bii despre lume \u0219i via\u021b\u0103 - Conferinta Oltenia\",\"isPartOf\":{\"@id\":\"https:\/\/adventistoltenia.ro\/site\/#website\"},\"datePublished\":\"2019-02-11T01:14:58+00:00\",\"dateModified\":\"2019-02-11T01:14:58+00:00\",\"author\":{\"@id\":\"https:\/\/adventistoltenia.ro\/site\/#\/schema\/person\/81972d6ddcec064fcb37a129240ef9d7\"},\"breadcrumb\":{\"@id\":\"https:\/\/adventistoltenia.ro\/site\/sugestii-de-lectura-intelegerea-vremurilor-cum-ne-afecteaza-pe-noi-astazi-conflictul-dintre-principalele-conceptii-despre-lume-si-viata\/#breadcrumb\"},\"inLanguage\":\"en-US\",\"potentialAction\":[{\"@type\":\"ReadAction\",\"target\":[\"https:\/\/adventistoltenia.ro\/site\/sugestii-de-lectura-intelegerea-vremurilor-cum-ne-afecteaza-pe-noi-astazi-conflictul-dintre-principalele-conceptii-despre-lume-si-viata\/\"]}]},{\"@type\":\"BreadcrumbList\",\"@id\":\"https:\/\/adventistoltenia.ro\/site\/sugestii-de-lectura-intelegerea-vremurilor-cum-ne-afecteaza-pe-noi-astazi-conflictul-dintre-principalele-conceptii-despre-lume-si-viata\/#breadcrumb\",\"itemListElement\":[{\"@type\":\"ListItem\",\"position\":1,\"name\":\"Home\",\"item\":\"https:\/\/adventistoltenia.ro\/site\/\"},{\"@type\":\"ListItem\",\"position\":2,\"name\":\"Sugestii de lectur\u0103 \u2013 \u00cen\u021belegerea vremurilor \u2013 Cum ne afecteaz\u0103 pe noi ast\u0103zi conflictul dintre principalele concep\u021bii despre lume \u0219i via\u021b\u0103\"}]},{\"@type\":\"WebSite\",\"@id\":\"https:\/\/adventistoltenia.ro\/site\/#website\",\"url\":\"https:\/\/adventistoltenia.ro\/site\/\",\"name\":\"Conferinta Oltenia\",\"description\":\"Biserica Adventista de Ziua a Saptea\",\"potentialAction\":[{\"@type\":\"SearchAction\",\"target\":{\"@type\":\"EntryPoint\",\"urlTemplate\":\"https:\/\/adventistoltenia.ro\/site\/?s={search_term_string}\"},\"query-input\":\"required name=search_term_string\"}],\"inLanguage\":\"en-US\"},{\"@type\":\"Person\",\"@id\":\"https:\/\/adventistoltenia.ro\/site\/#\/schema\/person\/81972d6ddcec064fcb37a129240ef9d7\",\"name\":\"Conferinta Oltenia\",\"image\":{\"@type\":\"ImageObject\",\"inLanguage\":\"en-US\",\"@id\":\"https:\/\/adventistoltenia.ro\/site\/#\/schema\/person\/image\/\",\"url\":\"https:\/\/secure.gravatar.com\/avatar\/ebe92ec22e2e53a8eb79d6b52b724e27?s=96&d=mm&r=g\",\"contentUrl\":\"https:\/\/secure.gravatar.com\/avatar\/ebe92ec22e2e53a8eb79d6b52b724e27?s=96&d=mm&r=g\",\"caption\":\"Conferinta Oltenia\"},\"url\":\"https:\/\/adventistoltenia.ro\/site\/author\/adm1n\/\"}]}<\/script>\n<!-- \/ Yoast SEO plugin. -->","yoast_head_json":{"title":"Sugestii de lectur\u0103 \u2013 \u00cen\u021belegerea vremurilor \u2013 Cum ne afecteaz\u0103 pe noi ast\u0103zi conflictul dintre principalele concep\u021bii despre lume \u0219i via\u021b\u0103 - Conferinta Oltenia","robots":{"index":"index","follow":"follow","max-snippet":"max-snippet:-1","max-image-preview":"max-image-preview:large","max-video-preview":"max-video-preview:-1"},"canonical":"https:\/\/adventistoltenia.ro\/site\/sugestii-de-lectura-intelegerea-vremurilor-cum-ne-afecteaza-pe-noi-astazi-conflictul-dintre-principalele-conceptii-despre-lume-si-viata\/","og_locale":"en_US","og_type":"article","og_title":"Sugestii de lectur\u0103 \u2013 \u00cen\u021belegerea vremurilor \u2013 Cum ne afecteaz\u0103 pe noi ast\u0103zi conflictul dintre principalele concep\u021bii despre lume \u0219i via\u021b\u0103 - Conferinta Oltenia","og_description":"Tr\u0103im astfel de vremuri despre care avem nevoie s\u0103 \u00een\u021belegem m\u0103car cum sunt ele, fiindc\u0103 altfel vom constata c\u0103 nu suntem \u00een stare nici m\u0103car s\u0103 \u0219tim pe ce lume tr\u0103im\u2026 \u00ceN\u021aELEGEREA VREMURILOR \u2013 CUM NE AFECTEAZ\u0102 PE NOI AST\u0102ZI CONFLICTUL DINTRE PRINCIPALELE CONCEP\u021aII DESPRE LUME \u0218I VIA\u021a\u0102, de David A. Noebel, Editura Cartea Cre\u0219tin\u0103,Oradea, &hellip; Continued","og_url":"https:\/\/adventistoltenia.ro\/site\/sugestii-de-lectura-intelegerea-vremurilor-cum-ne-afecteaza-pe-noi-astazi-conflictul-dintre-principalele-conceptii-despre-lume-si-viata\/","og_site_name":"Conferinta Oltenia","article_published_time":"2019-02-11T01:14:58+00:00","author":"Conferinta Oltenia","twitter_card":"summary_large_image","twitter_misc":{"Written by":"Conferinta Oltenia","Est. reading time":"4 minutes"},"schema":{"@context":"https:\/\/schema.org","@graph":[{"@type":"WebPage","@id":"https:\/\/adventistoltenia.ro\/site\/sugestii-de-lectura-intelegerea-vremurilor-cum-ne-afecteaza-pe-noi-astazi-conflictul-dintre-principalele-conceptii-despre-lume-si-viata\/","url":"https:\/\/adventistoltenia.ro\/site\/sugestii-de-lectura-intelegerea-vremurilor-cum-ne-afecteaza-pe-noi-astazi-conflictul-dintre-principalele-conceptii-despre-lume-si-viata\/","name":"Sugestii de lectur\u0103 \u2013 \u00cen\u021belegerea vremurilor \u2013 Cum ne afecteaz\u0103 pe noi ast\u0103zi conflictul dintre principalele concep\u021bii despre lume \u0219i via\u021b\u0103 - Conferinta Oltenia","isPartOf":{"@id":"https:\/\/adventistoltenia.ro\/site\/#website"},"datePublished":"2019-02-11T01:14:58+00:00","dateModified":"2019-02-11T01:14:58+00:00","author":{"@id":"https:\/\/adventistoltenia.ro\/site\/#\/schema\/person\/81972d6ddcec064fcb37a129240ef9d7"},"breadcrumb":{"@id":"https:\/\/adventistoltenia.ro\/site\/sugestii-de-lectura-intelegerea-vremurilor-cum-ne-afecteaza-pe-noi-astazi-conflictul-dintre-principalele-conceptii-despre-lume-si-viata\/#breadcrumb"},"inLanguage":"en-US","potentialAction":[{"@type":"ReadAction","target":["https:\/\/adventistoltenia.ro\/site\/sugestii-de-lectura-intelegerea-vremurilor-cum-ne-afecteaza-pe-noi-astazi-conflictul-dintre-principalele-conceptii-despre-lume-si-viata\/"]}]},{"@type":"BreadcrumbList","@id":"https:\/\/adventistoltenia.ro\/site\/sugestii-de-lectura-intelegerea-vremurilor-cum-ne-afecteaza-pe-noi-astazi-conflictul-dintre-principalele-conceptii-despre-lume-si-viata\/#breadcrumb","itemListElement":[{"@type":"ListItem","position":1,"name":"Home","item":"https:\/\/adventistoltenia.ro\/site\/"},{"@type":"ListItem","position":2,"name":"Sugestii de lectur\u0103 \u2013 \u00cen\u021belegerea vremurilor \u2013 Cum ne afecteaz\u0103 pe noi ast\u0103zi conflictul dintre principalele concep\u021bii despre lume \u0219i via\u021b\u0103"}]},{"@type":"WebSite","@id":"https:\/\/adventistoltenia.ro\/site\/#website","url":"https:\/\/adventistoltenia.ro\/site\/","name":"Conferinta Oltenia","description":"Biserica Adventista de Ziua a Saptea","potentialAction":[{"@type":"SearchAction","target":{"@type":"EntryPoint","urlTemplate":"https:\/\/adventistoltenia.ro\/site\/?s={search_term_string}"},"query-input":"required name=search_term_string"}],"inLanguage":"en-US"},{"@type":"Person","@id":"https:\/\/adventistoltenia.ro\/site\/#\/schema\/person\/81972d6ddcec064fcb37a129240ef9d7","name":"Conferinta Oltenia","image":{"@type":"ImageObject","inLanguage":"en-US","@id":"https:\/\/adventistoltenia.ro\/site\/#\/schema\/person\/image\/","url":"https:\/\/secure.gravatar.com\/avatar\/ebe92ec22e2e53a8eb79d6b52b724e27?s=96&d=mm&r=g","contentUrl":"https:\/\/secure.gravatar.com\/avatar\/ebe92ec22e2e53a8eb79d6b52b724e27?s=96&d=mm&r=g","caption":"Conferinta Oltenia"},"url":"https:\/\/adventistoltenia.ro\/site\/author\/adm1n\/"}]}},"_links":{"self":[{"href":"https:\/\/adventistoltenia.ro\/site\/wp-json\/wp\/v2\/posts\/2715"}],"collection":[{"href":"https:\/\/adventistoltenia.ro\/site\/wp-json\/wp\/v2\/posts"}],"about":[{"href":"https:\/\/adventistoltenia.ro\/site\/wp-json\/wp\/v2\/types\/post"}],"author":[{"embeddable":true,"href":"https:\/\/adventistoltenia.ro\/site\/wp-json\/wp\/v2\/users\/2"}],"replies":[{"embeddable":true,"href":"https:\/\/adventistoltenia.ro\/site\/wp-json\/wp\/v2\/comments?post=2715"}],"version-history":[{"count":0,"href":"https:\/\/adventistoltenia.ro\/site\/wp-json\/wp\/v2\/posts\/2715\/revisions"}],"wp:attachment":[{"href":"https:\/\/adventistoltenia.ro\/site\/wp-json\/wp\/v2\/media?parent=2715"}],"wp:term":[{"taxonomy":"category","embeddable":true,"href":"https:\/\/adventistoltenia.ro\/site\/wp-json\/wp\/v2\/categories?post=2715"},{"taxonomy":"post_tag","embeddable":true,"href":"https:\/\/adventistoltenia.ro\/site\/wp-json\/wp\/v2\/tags?post=2715"}],"curies":[{"name":"wp","href":"https:\/\/api.w.org\/{rel}","templated":true}]}}