{"id":2766,"date":"2019-03-30T01:09:35","date_gmt":"2019-03-30T01:09:35","guid":{"rendered":"http:\/\/adventistoltenia.ro\/site\/danemarca-concedierea-unui-profesor-adventist-din-cauza-sabatului-declarata-ilegala\/"},"modified":"2019-03-30T01:09:35","modified_gmt":"2019-03-30T01:09:35","slug":"danemarca-concedierea-unui-profesor-adventist-din-cauza-sabatului-declarata-ilegala","status":"publish","type":"post","link":"https:\/\/adventistoltenia.ro\/site\/danemarca-concedierea-unui-profesor-adventist-din-cauza-sabatului-declarata-ilegala\/","title":{"rendered":"Danemarca: concedierea unui profesor adventist din cauza Sabatului, declarat\u0103 ilegal\u0103"},"content":{"rendered":"<div>\n<p>Un profesor adventist de ziua a \u0219aptea care a fost concediat pentru refuzul de a participa la un eveniment de tipul Ziua Por\u021bilor Deschise care a avut loc \u00eentr-o zi de s\u00e2mb\u0103t\u0103 \u0219i a reclamat concedierea \u00een fa\u021ba Comisiei daneze pentru un tratament egal, a primit un r\u0103spuns favorabil.<\/p>\n<p>\u0218tirea potrivit c\u0103reia comisia a decis c\u0103 \u0219coala a \u00eenc\u0103lcat legisla\u021bia danez\u0103 referitoare la tratamentul egal a fost preluat\u0103 de mai multe organe daneze de pres\u0103, ca \u0219i de Camera na\u021bional\u0103 de apel pentru probleme sociale (<em>Ankestyrelsen<\/em>).<\/p>\n<p>De asemenea, \u0219tirea a fost pe prima pagin\u0103 a principalei publica\u021bii dedicate problemelor de etic\u0103 \u0219i religie, <em>Kristeligt Dagblad<\/em>.<\/p>\n<p>Profesorului adventist de educa\u021bie fizic\u0103 i s-a cerut s\u0103 participe la un eveniment de promovare a \u0219colii. Conducerea institu\u021biei a considerat important\u0103 prezentarea programului de educa\u021bie fizic\u0103 \u0219i sport, iar cum b\u0103rbatul adventist era singurul profesor de sport, administratorii \u0219colii au ales s\u0103 \u00eei solicite participarea \u00een ciuda faptului c\u0103 erau pe deplin con\u0219tien\u021bi de convingerile sale religioase.<\/p>\n<p>Profesorul, care al c\u0103rui nume nu a fost f\u0103cut public, a subliniat c\u0103 acest lucru nu a reprezentat o problem\u0103 \u00een ocaziile anterioare, deoarece \u00eentotdeauna a g\u0103sit un \u00eenlocuitor pentru astfel de evenimente. \u0218i cu aceast\u0103 ocazie, profesorul adventist a redactat o prezentare detaliat\u0103 a activit\u0103\u021bilor, astfel \u00eenc\u00e2t un profesor suplinitor s\u0103 o poat\u0103 urma \u0219i a oferit, de asemenea, instruc\u021biuni studen\u021bilor din ultimul an care urmau s\u0103 ajute \u00een cadrul evenimentului.<\/p>\n<p>Biserica Adventist\u0103 de Ziua a \u0218aptea din Danemarca a urm\u0103rit derularea evenimentelor \u0219i l-a sprijinit pe profesor \u00een demersurile sale. Comisia i-a acordat conducerii liceului 14 zile pentru a-i pl\u0103ti desp\u0103gubiri cadrului didactic sau pentru a se prezenta \u00een fa\u021ba instan\u021bei.<\/p>\n<p>\u201eM\u0103 simt u\u0219urat c\u0103 decizia a fost \u00een favoarea noastr\u0103\u201d, a spus Thomas M\u00fcller, pre\u0219edintele Bisericii Adventiste din Danemarca. \u201eAceasta va \u00eencuraja \u0219i al\u021bi membri s\u0103 r\u0103m\u00e2n\u0103 credincio\u0219i convingerilor lor. Sabatul este o binecuv\u00e2ntare \u0219i un dar pre\u021bios pe care ar trebui s\u0103 \u00eel apreciem \u0219i s\u0103 \u00eel ap\u0103ram\u201d, a ad\u0103ugat acesta.<\/p>\n<p>Danemarca are o lung\u0103 istorie de respectare a libert\u0103\u021bii religioase, \u00eens\u0103 rapoarte recente sugereaz\u0103 o anumit\u0103 incertitudine cu privire la c\u00e2t de bine sunt protejate minorit\u0103\u021bile religioase la locul de munc\u0103. \u201eAcest caz a scos \u00een eviden\u021b\u0103 faptul c\u0103 angajatorii trebuie s\u0103 vin\u0103, \u00een mod rezonabil, \u00een \u00eent\u00e2mpinarea credin\u021belor \u0219i practicilor religioase ale angaja\u021bilor lor\u201d, a declarat Lasse Bech, director pentru rela\u021bii oficiale \u0219i libertate religioas\u0103 \u00een cadrul Bisericii Adventiste din Danemarca.<\/p>\n<p>Bech remarc\u0103 faptul c\u0103 mul\u021bi angajatori se promoveaz\u0103 ca fiind organiza\u021bii deschise fa\u021b\u0103 de diversitatea religioas\u0103 \u0219i etnic\u0103. El recunoa\u0219te c\u0103, \u00een majoritatea cazurilor, institu\u021biile \u0219i companiile sunt conduse de o echip\u0103 de profesioni\u0219ti care \u00eencearc\u0103 s\u0103 g\u0103seasc\u0103 solu\u021bii practice atunci c\u00e2nd \u00eemplinirea nevoilor organiza\u021biei intr\u0103 \u00een conflict cu con\u0219tiin\u021ba unuia dintre angaja\u021bi. \u201eC\u00e2\u021biva angajatori sunt mai pu\u021bin toleran\u021bi\u201d, a spus acesta, \u201e\u00eens\u0103 sunt rare cazurile \u00een care cineva \u00ee\u0219i pierde locul de munc\u0103 din acest motiv.\u201d<\/p>\n<p><em>Sursa: <\/em><a href=\"https:\/\/www.adventistreview.org\/church-news\/story13498-in-denmark-firing-adventist-teacher-over-sabbath-observance-deemed-illegal\"><em>Adventist Review<\/em><\/a><\/p>\n<\/div>\n<p class=\"wpematico_credit\"><small>Powered by <a href=\"http:\/\/www.wpematico.com\" target=\"_blank\">WPeMatico<\/a><\/small><\/p>\n ","protected":false},"excerpt":{"rendered":"<p>Un profesor adventist de ziua a \u0219aptea care a fost concediat pentru refuzul de a participa la un eveniment de tipul Ziua Por\u021bilor Deschise care a avut loc \u00eentr-o zi de s\u00e2mb\u0103t\u0103 \u0219i a reclamat concedierea \u00een fa\u021ba Comisiei daneze pentru un tratament egal, a primit un r\u0103spuns favorabil. \u0218tirea potrivit c\u0103reia comisia a decis &hellip; <a href=\"https:\/\/adventistoltenia.ro\/site\/danemarca-concedierea-unui-profesor-adventist-din-cauza-sabatului-declarata-ilegala\/\">Continued<\/a><\/p>\n","protected":false},"author":2,"featured_media":0,"comment_status":"open","ping_status":"closed","sticky":false,"template":"","format":"standard","meta":[],"categories":[71],"tags":[],"yoast_head":"<!-- This site is optimized with the Yoast SEO plugin v20.3 - https:\/\/yoast.com\/wordpress\/plugins\/seo\/ -->\n<title>Danemarca: concedierea unui profesor adventist din cauza Sabatului, declarat\u0103 ilegal\u0103 - Conferinta Oltenia<\/title>\n<meta name=\"robots\" content=\"index, follow, max-snippet:-1, max-image-preview:large, max-video-preview:-1\" \/>\n<link rel=\"canonical\" href=\"https:\/\/adventistoltenia.ro\/site\/danemarca-concedierea-unui-profesor-adventist-din-cauza-sabatului-declarata-ilegala\/\" \/>\n<meta property=\"og:locale\" content=\"en_US\" \/>\n<meta property=\"og:type\" content=\"article\" \/>\n<meta property=\"og:title\" content=\"Danemarca: concedierea unui profesor adventist din cauza Sabatului, declarat\u0103 ilegal\u0103 - Conferinta Oltenia\" \/>\n<meta property=\"og:description\" content=\"Un profesor adventist de ziua a \u0219aptea care a fost concediat pentru refuzul de a participa la un eveniment de tipul Ziua Por\u021bilor Deschise care a avut loc \u00eentr-o zi de s\u00e2mb\u0103t\u0103 \u0219i a reclamat concedierea \u00een fa\u021ba Comisiei daneze pentru un tratament egal, a primit un r\u0103spuns favorabil. \u0218tirea potrivit c\u0103reia comisia a decis &hellip; Continued\" \/>\n<meta property=\"og:url\" content=\"https:\/\/adventistoltenia.ro\/site\/danemarca-concedierea-unui-profesor-adventist-din-cauza-sabatului-declarata-ilegala\/\" \/>\n<meta property=\"og:site_name\" content=\"Conferinta Oltenia\" \/>\n<meta property=\"article:published_time\" content=\"2019-03-30T01:09:35+00:00\" \/>\n<meta name=\"author\" content=\"Conferinta Oltenia\" \/>\n<meta name=\"twitter:card\" content=\"summary_large_image\" \/>\n<meta name=\"twitter:label1\" content=\"Written by\" \/>\n\t<meta name=\"twitter:data1\" content=\"Conferinta Oltenia\" \/>\n\t<meta name=\"twitter:label2\" content=\"Est. reading time\" \/>\n\t<meta name=\"twitter:data2\" content=\"3 minutes\" \/>\n<script type=\"application\/ld+json\" class=\"yoast-schema-graph\">{\"@context\":\"https:\/\/schema.org\",\"@graph\":[{\"@type\":\"WebPage\",\"@id\":\"https:\/\/adventistoltenia.ro\/site\/danemarca-concedierea-unui-profesor-adventist-din-cauza-sabatului-declarata-ilegala\/\",\"url\":\"https:\/\/adventistoltenia.ro\/site\/danemarca-concedierea-unui-profesor-adventist-din-cauza-sabatului-declarata-ilegala\/\",\"name\":\"Danemarca: concedierea unui profesor adventist din cauza Sabatului, declarat\u0103 ilegal\u0103 - Conferinta Oltenia\",\"isPartOf\":{\"@id\":\"https:\/\/adventistoltenia.ro\/site\/#website\"},\"datePublished\":\"2019-03-30T01:09:35+00:00\",\"dateModified\":\"2019-03-30T01:09:35+00:00\",\"author\":{\"@id\":\"https:\/\/adventistoltenia.ro\/site\/#\/schema\/person\/81972d6ddcec064fcb37a129240ef9d7\"},\"breadcrumb\":{\"@id\":\"https:\/\/adventistoltenia.ro\/site\/danemarca-concedierea-unui-profesor-adventist-din-cauza-sabatului-declarata-ilegala\/#breadcrumb\"},\"inLanguage\":\"en-US\",\"potentialAction\":[{\"@type\":\"ReadAction\",\"target\":[\"https:\/\/adventistoltenia.ro\/site\/danemarca-concedierea-unui-profesor-adventist-din-cauza-sabatului-declarata-ilegala\/\"]}]},{\"@type\":\"BreadcrumbList\",\"@id\":\"https:\/\/adventistoltenia.ro\/site\/danemarca-concedierea-unui-profesor-adventist-din-cauza-sabatului-declarata-ilegala\/#breadcrumb\",\"itemListElement\":[{\"@type\":\"ListItem\",\"position\":1,\"name\":\"Home\",\"item\":\"https:\/\/adventistoltenia.ro\/site\/\"},{\"@type\":\"ListItem\",\"position\":2,\"name\":\"Danemarca: concedierea unui profesor adventist din cauza Sabatului, declarat\u0103 ilegal\u0103\"}]},{\"@type\":\"WebSite\",\"@id\":\"https:\/\/adventistoltenia.ro\/site\/#website\",\"url\":\"https:\/\/adventistoltenia.ro\/site\/\",\"name\":\"Conferinta Oltenia\",\"description\":\"Biserica Adventista de Ziua a Saptea\",\"potentialAction\":[{\"@type\":\"SearchAction\",\"target\":{\"@type\":\"EntryPoint\",\"urlTemplate\":\"https:\/\/adventistoltenia.ro\/site\/?s={search_term_string}\"},\"query-input\":\"required name=search_term_string\"}],\"inLanguage\":\"en-US\"},{\"@type\":\"Person\",\"@id\":\"https:\/\/adventistoltenia.ro\/site\/#\/schema\/person\/81972d6ddcec064fcb37a129240ef9d7\",\"name\":\"Conferinta Oltenia\",\"image\":{\"@type\":\"ImageObject\",\"inLanguage\":\"en-US\",\"@id\":\"https:\/\/adventistoltenia.ro\/site\/#\/schema\/person\/image\/\",\"url\":\"https:\/\/secure.gravatar.com\/avatar\/ebe92ec22e2e53a8eb79d6b52b724e27?s=96&d=mm&r=g\",\"contentUrl\":\"https:\/\/secure.gravatar.com\/avatar\/ebe92ec22e2e53a8eb79d6b52b724e27?s=96&d=mm&r=g\",\"caption\":\"Conferinta Oltenia\"},\"url\":\"https:\/\/adventistoltenia.ro\/site\/author\/adm1n\/\"}]}<\/script>\n<!-- \/ Yoast SEO plugin. -->","yoast_head_json":{"title":"Danemarca: concedierea unui profesor adventist din cauza Sabatului, declarat\u0103 ilegal\u0103 - Conferinta Oltenia","robots":{"index":"index","follow":"follow","max-snippet":"max-snippet:-1","max-image-preview":"max-image-preview:large","max-video-preview":"max-video-preview:-1"},"canonical":"https:\/\/adventistoltenia.ro\/site\/danemarca-concedierea-unui-profesor-adventist-din-cauza-sabatului-declarata-ilegala\/","og_locale":"en_US","og_type":"article","og_title":"Danemarca: concedierea unui profesor adventist din cauza Sabatului, declarat\u0103 ilegal\u0103 - Conferinta Oltenia","og_description":"Un profesor adventist de ziua a \u0219aptea care a fost concediat pentru refuzul de a participa la un eveniment de tipul Ziua Por\u021bilor Deschise care a avut loc \u00eentr-o zi de s\u00e2mb\u0103t\u0103 \u0219i a reclamat concedierea \u00een fa\u021ba Comisiei daneze pentru un tratament egal, a primit un r\u0103spuns favorabil. \u0218tirea potrivit c\u0103reia comisia a decis &hellip; Continued","og_url":"https:\/\/adventistoltenia.ro\/site\/danemarca-concedierea-unui-profesor-adventist-din-cauza-sabatului-declarata-ilegala\/","og_site_name":"Conferinta Oltenia","article_published_time":"2019-03-30T01:09:35+00:00","author":"Conferinta Oltenia","twitter_card":"summary_large_image","twitter_misc":{"Written by":"Conferinta Oltenia","Est. reading time":"3 minutes"},"schema":{"@context":"https:\/\/schema.org","@graph":[{"@type":"WebPage","@id":"https:\/\/adventistoltenia.ro\/site\/danemarca-concedierea-unui-profesor-adventist-din-cauza-sabatului-declarata-ilegala\/","url":"https:\/\/adventistoltenia.ro\/site\/danemarca-concedierea-unui-profesor-adventist-din-cauza-sabatului-declarata-ilegala\/","name":"Danemarca: concedierea unui profesor adventist din cauza Sabatului, declarat\u0103 ilegal\u0103 - Conferinta Oltenia","isPartOf":{"@id":"https:\/\/adventistoltenia.ro\/site\/#website"},"datePublished":"2019-03-30T01:09:35+00:00","dateModified":"2019-03-30T01:09:35+00:00","author":{"@id":"https:\/\/adventistoltenia.ro\/site\/#\/schema\/person\/81972d6ddcec064fcb37a129240ef9d7"},"breadcrumb":{"@id":"https:\/\/adventistoltenia.ro\/site\/danemarca-concedierea-unui-profesor-adventist-din-cauza-sabatului-declarata-ilegala\/#breadcrumb"},"inLanguage":"en-US","potentialAction":[{"@type":"ReadAction","target":["https:\/\/adventistoltenia.ro\/site\/danemarca-concedierea-unui-profesor-adventist-din-cauza-sabatului-declarata-ilegala\/"]}]},{"@type":"BreadcrumbList","@id":"https:\/\/adventistoltenia.ro\/site\/danemarca-concedierea-unui-profesor-adventist-din-cauza-sabatului-declarata-ilegala\/#breadcrumb","itemListElement":[{"@type":"ListItem","position":1,"name":"Home","item":"https:\/\/adventistoltenia.ro\/site\/"},{"@type":"ListItem","position":2,"name":"Danemarca: concedierea unui profesor adventist din cauza Sabatului, declarat\u0103 ilegal\u0103"}]},{"@type":"WebSite","@id":"https:\/\/adventistoltenia.ro\/site\/#website","url":"https:\/\/adventistoltenia.ro\/site\/","name":"Conferinta Oltenia","description":"Biserica Adventista de Ziua a Saptea","potentialAction":[{"@type":"SearchAction","target":{"@type":"EntryPoint","urlTemplate":"https:\/\/adventistoltenia.ro\/site\/?s={search_term_string}"},"query-input":"required name=search_term_string"}],"inLanguage":"en-US"},{"@type":"Person","@id":"https:\/\/adventistoltenia.ro\/site\/#\/schema\/person\/81972d6ddcec064fcb37a129240ef9d7","name":"Conferinta Oltenia","image":{"@type":"ImageObject","inLanguage":"en-US","@id":"https:\/\/adventistoltenia.ro\/site\/#\/schema\/person\/image\/","url":"https:\/\/secure.gravatar.com\/avatar\/ebe92ec22e2e53a8eb79d6b52b724e27?s=96&d=mm&r=g","contentUrl":"https:\/\/secure.gravatar.com\/avatar\/ebe92ec22e2e53a8eb79d6b52b724e27?s=96&d=mm&r=g","caption":"Conferinta Oltenia"},"url":"https:\/\/adventistoltenia.ro\/site\/author\/adm1n\/"}]}},"_links":{"self":[{"href":"https:\/\/adventistoltenia.ro\/site\/wp-json\/wp\/v2\/posts\/2766"}],"collection":[{"href":"https:\/\/adventistoltenia.ro\/site\/wp-json\/wp\/v2\/posts"}],"about":[{"href":"https:\/\/adventistoltenia.ro\/site\/wp-json\/wp\/v2\/types\/post"}],"author":[{"embeddable":true,"href":"https:\/\/adventistoltenia.ro\/site\/wp-json\/wp\/v2\/users\/2"}],"replies":[{"embeddable":true,"href":"https:\/\/adventistoltenia.ro\/site\/wp-json\/wp\/v2\/comments?post=2766"}],"version-history":[{"count":0,"href":"https:\/\/adventistoltenia.ro\/site\/wp-json\/wp\/v2\/posts\/2766\/revisions"}],"wp:attachment":[{"href":"https:\/\/adventistoltenia.ro\/site\/wp-json\/wp\/v2\/media?parent=2766"}],"wp:term":[{"taxonomy":"category","embeddable":true,"href":"https:\/\/adventistoltenia.ro\/site\/wp-json\/wp\/v2\/categories?post=2766"},{"taxonomy":"post_tag","embeddable":true,"href":"https:\/\/adventistoltenia.ro\/site\/wp-json\/wp\/v2\/tags?post=2766"}],"curies":[{"name":"wp","href":"https:\/\/api.w.org\/{rel}","templated":true}]}}