{"id":2776,"date":"2019-04-26T01:16:50","date_gmt":"2019-04-26T01:16:50","guid":{"rendered":"http:\/\/adventistoltenia.ro\/site\/raport-adra-romania-2014-2018\/"},"modified":"2019-04-26T01:16:50","modified_gmt":"2019-04-26T01:16:50","slug":"raport-adra-romania-2014-2018","status":"publish","type":"post","link":"https:\/\/adventistoltenia.ro\/site\/raport-adra-romania-2014-2018\/","title":{"rendered":"Raport ADRA Rom\u00e2nia 2014 \u2013 2018"},"content":{"rendered":"<div>\n<div>\n<p>Duminic\u0103 \u0219i luni, 21 \u2013 22 Aprilie 2019, \u00een Campusul Universit\u0103\u021bii Adventus din Cernica, Jude\u021bul Ilfov a avut loc Adunarea General\u0103 Electiv\u0103 a Uniunii de Conferin\u021be a Bisericii Adventiste de Ziua a \u0218aptea din Rom\u00e2nia cu un num\u0103r de 316 delega\u021bi din toate zonele \u021b\u0103rii. \u00cen cadrul \u00eent\u00e2lnirii, s-a validat raportul ADRA Rom\u00e2nia din perioada anilor 2014 \u2013 2018. \u00cen urma analizei, ADRA \u0219i-a \u00eendeplinit obiectivele propuse pentru mandatul celor 5 ani, implement\u00e2nd cu succes, pe parcursul mandatului, 235 proiecte.<\/p>\n<p><a href=\"http:\/\/adra.ro\/wp-content\/uploads\/2019\/04\/ADRA-Romania-2019-Robert-Georgescu.jpg\" rel=\"lightbox[7390]\"><img decoding=\"async\" loading=\"lazy\" class=\"alignright wp-image-7425 size-medium\" src=\"http:\/\/adventistoltenia.ro\/site\/wp-content\/uploads\/2019\/04\/ADRA-Romania-2019-Robert-Georgescu-265x177.jpg\" alt=\"\" width=\"265\" height=\"177\" srcset=\"http:\/\/adventistoltenia.ro\/site\/wp-content\/uploads\/2019\/04\/ADRA-Romania-2019-Robert-Georgescu-265x177.jpg 265w, http:\/\/adra.ro\/wp-content\/uploads\/2019\/04\/ADRA-Romania-2019-Robert-Georgescu.jpg 720w\" sizes=\"(max-width: 265px) 100vw, 265px\"><\/a>Aria de implementare a proiectelor a avut \u00een vedere <strong>\u201dDeclara\u021bia de Ac\u021biune\u201d<\/strong> a organiza\u021biei: \u201dADRA Rom\u00e2nia urm\u0103re\u015fte \u00eembun\u0103t\u0103\u0163irea calit\u0103\u0163ii vie\u0163ii pentru cei afla\u021bi \u00een nevoie \u015fi investe\u0219te \u00een poten\u0163ialul oamenilor, prin ini\u0163iative de dezvoltare comunitar\u0103, ax\u00e2ndu-se pe cinci direc\u0163ii principale, respectiv dezvoltare economic\u0103, educa\u021bie de baz\u0103 \u0219i s\u0103n\u0103tate primar\u0103, lupta \u00eempotriva violen\u021bei \u00een familie, asistarea victimelor dezastrelor naturale \u0219i asistarea categoriilor sociale defavorizate.\u201d<\/p>\n<div class=\"arve-wrapper\" data-mode=\"normal\" data-provider=\"youtube\" id=\"arve-yCVUHSN6HkA-2\" itemscope itemtype=\"http:\/\/schema.org\/VideoObject\">\n<div class=\"arve-embed-container\" style=\"padding-bottom:56.250000%\"><iframe loading=\"lazy\" allow=\"autoplay; fullscreen\" allowfullscreen class=\"arve-iframe fitvidsignore\" frameborder=\"0\" name sandbox=\"allow-scripts allow-same-origin allow-presentation allow-popups\" scrolling=\"no\" src=\"https:\/\/www.youtube-nocookie.com\/embed\/yCVUHSN6HkA?iv_load_policy=3&#038;modestbranding=1&#038;rel=0&#038;autohide=1&#038;playsinline=1&#038;autoplay=0\" width=\"480\" height=\"270\"><\/iframe><\/div>\n<\/div>\n<p><strong>Isus este exemplul nostru! <\/strong>Adus\u0103 la existen\u021b\u0103 de Dumnezeu, <strong>Agen\u021bia Adventist\u0103 pentru Dezvoltare, Refacere \u0219i Ajutor \u2013 ADRA Rom\u00e2nia<\/strong> lucreaz\u0103 \u00een favoarea persoanelor care se confrunt\u0103 cu s\u0103r\u0103cia sau care se afl\u0103 \u00een situa\u021bii vulnerabile. Prin programele sale specifice, ADRA are ca obiectiv determinarea unor schimb\u0103ri pozitive \u0219i adecvate, prin crearea de parteneriate \u0219i prin ac\u021biuni responsabile \u00een vederea atingerii scopului propus. Lucrarea de a-i ajuta pe cei s\u0103raci este chemarea adresat\u0103 tuturor oamenilor pentru ca ei s\u0103 poat\u0103 dezvolta simpatie \u0219i iubire, astfel \u00eenc\u00e2t s\u0103 poat\u0103 da pe fa\u021b\u0103 \u00eenaintea altora puterea ve\u0219tii bune a \u00centemeietorului cre\u0219tinismului. El a folosit mai mult timp pentru vindecarea bolnavilor dec\u00e2t pentru predicarea Evangheliei. Suntem \u00eenv\u0103\u021ba\u021bi de exemplul Domnului Isus Hristos c\u0103 adev\u0103ratul scop al vie\u021bii este slujirea altora.<\/p>\n<p><a href=\"http:\/\/adra.ro\/wp-content\/uploads\/2014\/06\/10339583_10152145282687029_3879785837228148405_n.jpg\" rel=\"lightbox[7390]\"><img decoding=\"async\" loading=\"lazy\" class=\"alignleft wp-image-1527\" src=\"http:\/\/adventistoltenia.ro\/site\/wp-content\/uploads\/2019\/04\/10339583_10152145282687029_3879785837228148405_n-265x176.jpg\" alt=\"\" width=\"297\" height=\"197\" srcset=\"http:\/\/adventistoltenia.ro\/site\/wp-content\/uploads\/2019\/04\/10339583_10152145282687029_3879785837228148405_n-265x176.jpg 265w, http:\/\/adra.ro\/wp-content\/uploads\/2014\/06\/10339583_10152145282687029_3879785837228148405_n.jpg 960w\" sizes=\"(max-width: 297px) 100vw, 297px\"><\/a>Proiectul ADRA <strong>\u201dGr\u0103dini roditoare\u201d<\/strong> \u00ee\u0219i propune \u00eembun\u0103t\u0103\u021birea nivelului de trai prin instruirea \u00een legumicultur\u0103 a familiilor defavorizate, dar harnice, \u00een vederea desf\u0103\u0219ur\u0103rii de activit\u0103\u021bi generatoare de venituri. Prin activit\u0103\u021bi de instruire de baz\u0103 privind cultivarea legumelor, oferirea de r\u0103saduri, donarea cu materiale de construc\u021bie \u0219i asisten\u021b\u0103 \u00een construirea de sere se are \u00eenvedere cre\u0219terea veniturilor anuale familiilor beneficiare.<\/p>\n<p><a href=\"http:\/\/adra.ro\/wp-content\/uploads\/2017\/05\/DSC_8423.jpg\" rel=\"lightbox[7390]\"><img decoding=\"async\" loading=\"lazy\" class=\"alignright wp-image-4514\" src=\"http:\/\/adventistoltenia.ro\/site\/wp-content\/uploads\/2019\/04\/DSC_8423-265x176.jpg\" alt=\"\" width=\"291\" height=\"193\" srcset=\"http:\/\/adventistoltenia.ro\/site\/wp-content\/uploads\/2019\/04\/DSC_8423-265x176.jpg 265w, http:\/\/adra.ro\/wp-content\/uploads\/2017\/05\/DSC_8423-768x510.jpg 768w, http:\/\/adra.ro\/wp-content\/uploads\/2017\/05\/DSC_8423-1024x680.jpg 1024w\" sizes=\"(max-width: 291px) 100vw, 291px\"><\/a>Investi\u021bia pe termen lung \u00een copii, \u00een educa\u021bia acestora este dintotdeauna o prioritate ADRA: <strong>\u201dVreau la \u0219coal\u0103!\u201d<\/strong> este un proiect ADRA prin care se are \u00een vedere prevenirea \u0219i combaterea abandonului \u0219colar pentru copiii din medii defavorizate, prin sus\u021binerea pe parcursul fiec\u0103rui an \u0219colar, at\u00e2t din punct de vedere material (rechizite, alimente, articole de igien\u0103, \u00eembr\u0103c\u0103minte, \u00eenc\u0103l\u021b\u0103minte), c\u00e2t \u0219i educa\u021bional (consiliere) a unui num\u0103r total de 1.866 copii s\u0103raci, dar buni la \u00eenv\u0103\u021b\u0103tur\u0103, atent selecta\u021bi din toate regiunile \u021b\u0103rii.<\/p>\n<p><a href=\"http:\/\/adra.ro\/wp-content\/uploads\/2018\/11\/ADRA-Copii-ajuta-copii-7.jpg\" rel=\"lightbox[7390]\"><img decoding=\"async\" loading=\"lazy\" class=\"alignleft wp-image-6838\" src=\"http:\/\/adventistoltenia.ro\/site\/wp-content\/uploads\/2019\/04\/ADRA-Copii-ajuta-copii-7-265x199.jpg\" alt=\"\" width=\"257\" height=\"193\" srcset=\"http:\/\/adventistoltenia.ro\/site\/wp-content\/uploads\/2019\/04\/ADRA-Copii-ajuta-copii-7-265x199.jpg 265w, http:\/\/adra.ro\/wp-content\/uploads\/2018\/11\/ADRA-Copii-ajuta-copii-7-768x576.jpg 768w, http:\/\/adra.ro\/wp-content\/uploads\/2018\/11\/ADRA-Copii-ajuta-copii-7.jpg 960w\" sizes=\"(max-width: 257px) 100vw, 257px\"><\/a>Proiectul ADRA <strong>\u201dCopii ajut\u0103 copii\u201d<\/strong> are ca obiectiv promovarea voluntariatului \u0219i a spiritului de responsabilitate social\u0103 \u00een r\u00e2ndul copiilor \u0219i tinerilor din toate zonele \u021b\u0103rii. \u00cen luna februarie 2017, 7.000 daruri au fost oferite \u00eentr-o singur\u0103 zi, preg\u0103tite pentru copiii \u0219i tinerii care provin din familii defavorizate. Prin intermediul acestui proiect, al\u021bi 14.000 de p\u0103rin\u021bi sau tutori au fost beneficiari indirec\u021bi cu sprijinul a cel pu\u021bin 8.100 de copii \u0219i de tineri voluntari ADRA \u0219i \u00een parteneriat cu mai bine de 250 de prim\u0103rii \u0219i 500 de unit\u0103\u021bi de \u00eenv\u0103\u021b\u0103m\u00e2nt.<\/p>\n<p><a href=\"http:\/\/adra.ro\/wp-content\/uploads\/2016\/06\/Casuta-Sperantei-ADRA-log.jpg\" rel=\"lightbox[7390]\"><img decoding=\"async\" loading=\"lazy\" class=\"alignright wp-image-3224 size-medium\" src=\"http:\/\/adventistoltenia.ro\/site\/wp-content\/uploads\/2019\/04\/Casuta-Sperantei-ADRA-log-265x112.jpg\" alt=\"\" width=\"265\" height=\"112\" srcset=\"http:\/\/adventistoltenia.ro\/site\/wp-content\/uploads\/2019\/04\/Casuta-Sperantei-ADRA-log-265x112.jpg 265w, http:\/\/adra.ro\/wp-content\/uploads\/2016\/06\/Casuta-Sperantei-ADRA-log-768x325.jpg 768w, http:\/\/adra.ro\/wp-content\/uploads\/2016\/06\/Casuta-Sperantei-ADRA-log-1024x433.jpg 1024w\" sizes=\"(max-width: 265px) 100vw, 265px\"><\/a>Proiectul ADRA<strong> \u201dC\u0103su\u021ba speran\u021bei\u201d<\/strong> are ca obiectiv \u00eembun\u0103t\u0103\u021birea st\u0103rii de s\u0103n\u0103tate a copiilor cu afec\u021biuni respiratorii prin asigurarea g\u0103zduirii \u00een vecin\u0103tatea salinei Sl\u0103nic, Prahova a peste 50 de beneficiari g\u0103zdui\u021bi \u00een \u201dCentrul de Primire \u00een Regim Gratuit pentru Copii cu Afec\u021biuni Respiratorii\u201d, proiect \u00een parteneriat cu Biserica Adventist\u0103 Sl\u0103nic, Prahova. Avantajele unei tratament cu aerosoli reprezint\u0103 o facilitate accesibil\u0103 pentru copiii care sufer\u0103 de afec\u021biuni respiratorii \u0219i pentru \u00eenso\u021bitorii lor.<\/p>\n<p>Prin proiectul<strong> \u201dSprijin pentru nou-n\u0103scu\u021bi\u201d, <\/strong>670 de beneficiari au primit un trusou pentru nou-n\u0103scu\u021bi, proiect \u00een colaborare cu Spitalul Municipal C\u00e2mpina \u0219i cu bisericile adventiste din ora\u0219ul C\u00e2mpina, Prahova, \u00een vederea \u00eembun\u0103t\u0103\u021birii st\u0103rii de s\u0103n\u0103tate a nou-n\u0103scu\u021bilor prin oferirea de produse \u00een func\u021bie de nevoi.<a href=\"http:\/\/adra.ro\/wp-content\/uploads\/2017\/10\/casa_adra_logo-e1507866482940.jpg\" rel=\"lightbox[7390]\"><img decoding=\"async\" loading=\"lazy\" class=\"alignright wp-image-5232 size-medium\" src=\"http:\/\/adventistoltenia.ro\/site\/wp-content\/uploads\/2019\/04\/casa_adra_logo-e1507866482940-265x161.jpg\" alt=\"\" width=\"265\" height=\"161\" srcset=\"http:\/\/adventistoltenia.ro\/site\/wp-content\/uploads\/2019\/04\/casa_adra_logo-e1507866482940-265x161.jpg 265w, http:\/\/adra.ro\/wp-content\/uploads\/2017\/10\/casa_adra_logo-e1507866482940-768x467.jpg 768w, http:\/\/adra.ro\/wp-content\/uploads\/2017\/10\/casa_adra_logo-e1507866482940.jpg 940w\" sizes=\"(max-width: 265px) 100vw, 265px\"><\/a><\/p>\n<p>\u00cen perioada 2014 \u2013 2018, \u00een ad\u0103postul <strong>\u201dCentrul de Primire \u00een Regim de Urgen\u021b\u0103 a Victimelor Violen\u021bei \u00een Familie \u2013 Casa ADRA\u201d<\/strong>, <strong>peste 1.230 de victime ale violen\u021bei \u00een familie (mame \u0219i copii) au fost asistate<\/strong> de c\u0103tre exper\u021bii de implementare ADRA Rom\u00e2nia, dintre care 492 au beneficiat gratuit de cazare, hran\u0103 \u0219i consiliere de specialitate.<\/p>\n<p><strong>\u00a0<a href=\"http:\/\/adra.ro\/wp-content\/uploads\/2017\/12\/atelier-creativ-Casa-ADRA-e1512673779296.jpg\" rel=\"lightbox[7390]\"><img decoding=\"async\" loading=\"lazy\" class=\"alignleft wp-image-5528\" src=\"http:\/\/adventistoltenia.ro\/site\/wp-content\/uploads\/2019\/04\/atelier-creativ-Casa-ADRA-e1512673779296-265x199.jpg\" alt=\"\" width=\"263\" height=\"198\" srcset=\"http:\/\/adventistoltenia.ro\/site\/wp-content\/uploads\/2019\/04\/atelier-creativ-Casa-ADRA-e1512673779296-265x199.jpg 265w, http:\/\/adra.ro\/wp-content\/uploads\/2017\/12\/atelier-creativ-Casa-ADRA-e1512673779296-768x576.jpg 768w, http:\/\/adra.ro\/wp-content\/uploads\/2017\/12\/atelier-creativ-Casa-ADRA-e1512673779296-1024x768.jpg 1024w, http:\/\/adra.ro\/wp-content\/uploads\/2017\/12\/atelier-creativ-Casa-ADRA-e1512673779296.jpg 1600w\" sizes=\"(max-width: 263px) 100vw, 263px\"><\/a><\/strong><strong>\u201dCreative Workshop ADRA House\u201d<\/strong> este destinat victimelor violen\u021bei \u00een familie, prin care acestea realizeaz\u0103 lucr\u0103ri hand-made sau folosind echipamente specializate \u00een vederea realiz\u0103rii de materiale personalizate. \u00cen cadrul proiectului, \u00een luna decembrie 2017, a fost publicat <strong>\u201dStudiul na\u021bional privind independen\u021ba financiar\u0103 a victimelor violen\u021bei \u00een familie din centre reziden\u021biale \u2013 \u00cenc\u0103tu\u0219at sau eliberat?\u201d<\/strong> care a vizat evaluarea tuturor celor 55 organiza\u021bii \u0219i asocia\u021bii din Rom\u00e2nia, active \u00een domeniul violen\u021bei domestice.<\/p>\n<p><a href=\"http:\/\/adra.ro\/wp-content\/uploads\/2017\/09\/Tabara-Vis-de-copil-2017-1.jpg\" rel=\"lightbox[7390]\"><img decoding=\"async\" loading=\"lazy\" class=\"alignright wp-image-5153 size-medium\" src=\"http:\/\/adventistoltenia.ro\/site\/wp-content\/uploads\/2019\/04\/Tabara-Vis-de-copil-2017-1-188x250.jpg\" alt=\"\" width=\"188\" height=\"250\" srcset=\"http:\/\/adventistoltenia.ro\/site\/wp-content\/uploads\/2019\/04\/Tabara-Vis-de-copil-2017-1-188x250.jpg 188w, http:\/\/adra.ro\/wp-content\/uploads\/2017\/09\/Tabara-Vis-de-copil-2017-1.jpg 720w\" sizes=\"(max-width: 188px) 100vw, 188px\"><\/a>Conform standardelor \u00een vigoare, \u00een anul 2015, <strong>\u201dCasa ADRA\u201d<\/strong> a primit <strong>acreditarea pentru anul 2016<\/strong>, urm\u00e2nd ca \u00een anul 2016 s\u0103 primeasc\u0103 <strong>licen\u021ba de func\u021bionare cu calificativ maxim, pentru perioada 2016-2020<\/strong>, din partea Ministerului Muncii, Familiei, Protec\u021biei Sociale \u0219i Persoanelor V\u00e2rstnice.<\/p>\n<p><a href=\"http:\/\/adra.ro\/wp-content\/uploads\/2016\/10\/9.jpg\" rel=\"lightbox[7390]\"><img decoding=\"async\" loading=\"lazy\" class=\"alignleft wp-image-3492 size-medium\" src=\"http:\/\/adventistoltenia.ro\/site\/wp-content\/uploads\/2019\/04\/9-265x177.jpg\" alt=\"\" width=\"265\" height=\"177\" srcset=\"http:\/\/adventistoltenia.ro\/site\/wp-content\/uploads\/2019\/04\/9-265x177.jpg 265w, http:\/\/adra.ro\/wp-content\/uploads\/2016\/10\/9-768x512.jpg 768w, http:\/\/adra.ro\/wp-content\/uploads\/2016\/10\/9-1024x683.jpg 1024w\" sizes=\"(max-width: 265px) 100vw, 265px\"><\/a>Atunci c\u00e2nd \u021bara noastr\u0103 a fost lovit\u0103 de dezastre naturale \u00een anii 2014, 2016 \u0219i 2018, ADRA Rom\u00e2nia a intervenit cu promptitudine cu sprijinul a peste 555 de voluntari implica\u021bi \u00een implementarea mai multor interven\u021bii umanitare de solidaritate cu sinistra\u021bii, respectiv: <strong>\u201dPod peste ape\u201d<\/strong> \u2013 ajutor de urgen\u021b\u0103 \u00een caz de inunda\u021bie oferit dup\u0103 dezastru pentru 1.872 de persoane din regiunile Banat, Bucovina, Dobrogea, Moldova, Muntenia, Oltenia \u0219i Transilvania \u0219i <strong>\u201dSperan\u021b\u0103 mai presus de ape\u201d<\/strong>.<\/p>\n<p><a href=\"http:\/\/adra.ro\/wp-content\/uploads\/2015\/11\/DSC_7876.jpg\" rel=\"lightbox[7390]\"><img decoding=\"async\" loading=\"lazy\" class=\"alignright wp-image-2170 size-medium\" src=\"http:\/\/adventistoltenia.ro\/site\/wp-content\/uploads\/2019\/04\/DSC_7876-265x176.jpg\" alt=\"DSC_7876\" width=\"265\" height=\"176\" srcset=\"http:\/\/adventistoltenia.ro\/site\/wp-content\/uploads\/2019\/04\/DSC_7876-265x176.jpg 265w, http:\/\/adra.ro\/wp-content\/uploads\/2015\/11\/DSC_7876-1024x680.jpg 1024w\" sizes=\"(max-width: 265px) 100vw, 265px\"><\/a>Prin proiectele <strong>\u201d\u00cen sf\u00e2r\u0219it, acas\u0103!\u201d <\/strong>(\u00eembun\u0103t\u0103\u021birea condi\u021biilor de via\u021b\u0103 pentru familii aflate \u00een situa\u021bie de risc), <strong>\u201dRecl\u0103dind speran\u021be\u201d<\/strong> (r\u0103spuns de urgen\u021b\u0103 oferit familiilor dup\u0103 ce casele acestora au fost afectate de incendii), <strong>\u201dSperan\u021ba mai presus de ape\u201d<\/strong> (\u00eembun\u0103t\u0103\u021birea spa\u021biului locativ prin construirea sau reconstruirea caselor pentru familiile afectate de dezastre naturale) \u0219i <strong>\u201d10 case \u00een 10 zile\u201d, <\/strong>ADRA Rom\u00e2nia, cu sprijinul voluntarilor din \u021bar\u0103 \u0219i din diaspora, a construit 91 de locuin\u021be sociale pentru familii defavorizate, familii selectate \u00een colaborare cu autorit\u0103\u021bile locale.<\/p>\n<p><a href=\"http:\/\/adra.ro\/wp-content\/uploads\/2017\/02\/IMG_7412.jpg\" rel=\"lightbox[7390]\"><img decoding=\"async\" loading=\"lazy\" class=\"alignleft wp-image-3866 size-medium\" src=\"http:\/\/adventistoltenia.ro\/site\/wp-content\/uploads\/2019\/04\/IMG_7412-265x177.jpg\" alt=\"\" width=\"265\" height=\"177\" srcset=\"http:\/\/adventistoltenia.ro\/site\/wp-content\/uploads\/2019\/04\/IMG_7412-265x177.jpg 265w, http:\/\/adra.ro\/wp-content\/uploads\/2017\/02\/IMG_7412-768x512.jpg 768w, http:\/\/adra.ro\/wp-content\/uploads\/2017\/02\/IMG_7412-1024x683.jpg 1024w\" sizes=\"(max-width: 265px) 100vw, 265px\"><\/a>Cu o capacitate de 5 camere, proiectul <strong>\u201dAd\u0103post temporar pentru persoane f\u0103r\u0103 locuin\u021b\u0103 \u2013 Casa recuno\u0219tin\u021bei\u201d<\/strong> are ca obiectiv integrarea \u0219i \u00eembun\u0103t\u0103\u021birea condi\u021biilor de via\u021b\u0103 pentru persoane f\u0103r\u0103 ad\u0103post \u00eentr-o comunitate local\u0103.<\/p>\n<p><strong>\u201dSprijin pentru fiecare\u201d<\/strong> este un proiect prin care ADRA a reu\u0219it s\u0103 sus\u021bin\u0103 233 de persoane s\u0103race sau cu probleme medicale grave ajut\u00e2ndu-le s\u0103 dep\u0103\u0219easc\u0103 momentele critice din via\u021b\u0103, dona\u021biile pentru fiecare caz variind \u00eentre c\u00e2teva sute de EURO \u0219i peste 100.000 EURO.<\/p>\n<p><a href=\"http:\/\/adra.ro\/wp-content\/uploads\/2017\/11\/23509043_152895365328293_6872735431025345521_o.jpg\" rel=\"lightbox[7390]\"><img decoding=\"async\" loading=\"lazy\" class=\"alignright wp-image-5452 size-medium\" src=\"http:\/\/adventistoltenia.ro\/site\/wp-content\/uploads\/2019\/04\/23509043_152895365328293_6872735431025345521_o-265x149.jpg\" alt=\"\" width=\"265\" height=\"149\" srcset=\"http:\/\/adventistoltenia.ro\/site\/wp-content\/uploads\/2019\/04\/23509043_152895365328293_6872735431025345521_o-265x149.jpg 265w, http:\/\/adra.ro\/wp-content\/uploads\/2017\/11\/23509043_152895365328293_6872735431025345521_o-768x433.jpg 768w, http:\/\/adra.ro\/wp-content\/uploads\/2017\/11\/23509043_152895365328293_6872735431025345521_o-1024x577.jpg 1024w, http:\/\/adra.ro\/wp-content\/uploads\/2017\/11\/23509043_152895365328293_6872735431025345521_o.jpg 1296w\" sizes=\"(max-width: 265px) 100vw, 265px\"><\/a>Prin interven\u021bia \u00een caz de urgen\u021b\u0103 \u00een regiunile de sosire a refugia\u021bilor \u0219i \u00een taberele din Grecia \u0219i Irak, \u00eenso\u021bit\u0103 de implicarea \u00een asistarea imigran\u021bilor din centrele din Rom\u00e2nia, \u00een cadrul proiectului <strong>\u201dSperan\u021b\u0103 pentru imigran\u021bi\u201d<\/strong>, peste 11.150 refugia\u021bi au g\u0103sit un ajutor pre\u021bios \u00een ADRA Rom\u00e2nia. Ca urmare a campaniilor de informare, de con\u0219tientizare \u0219i de str\u00e2ngere de fonduri, au fost posibile cele <strong>10 interven\u021bii umanitare de solidaritate interna\u021bional\u0103 cu refugia\u021bii,<\/strong> \u00eenfiin\u021barea <strong>primului spital ADRA \u00een Irak<\/strong>, realizarea <strong>ghidului de lucru cu refugia\u021bii<\/strong>, constituirea <strong>cluburilor de reintegrare pentru refugia\u021bi <\/strong>\u0219i altele.<\/p>\n<p><a href=\"http:\/\/adra.ro\/wp-content\/uploads\/2017\/12\/IMG_4431-e1513078540546.jpg\" rel=\"lightbox[7390]\"><img decoding=\"async\" loading=\"lazy\" class=\"alignleft wp-image-5535 size-medium\" src=\"http:\/\/adventistoltenia.ro\/site\/wp-content\/uploads\/2019\/04\/IMG_4431-e1513078540546-265x188.jpg\" alt=\"\" width=\"265\" height=\"188\" srcset=\"http:\/\/adventistoltenia.ro\/site\/wp-content\/uploads\/2019\/04\/IMG_4431-e1513078540546-265x188.jpg 265w, http:\/\/adra.ro\/wp-content\/uploads\/2017\/12\/IMG_4431-e1513078540546-768x544.jpg 768w, http:\/\/adra.ro\/wp-content\/uploads\/2017\/12\/IMG_4431-e1513078540546-1024x725.jpg 1024w\" sizes=\"(max-width: 265px) 100vw, 265px\"><\/a>ADRA Rom\u00e2nia recuno\u0219te umanitatea \u00een criza refugia\u021bilor, c\u00e2t \u0219i valoarea fiec\u0103rui om implicat. Astfel c\u0103, datorit\u0103 modului \u00een care ADRA Rom\u00e2nia a r\u0103spuns la nevoile oamenilor investind \u00een poten\u021bialul lor prin ini\u021biative de dezvoltare comunitar\u0103, pe 12 iunie 2017, ADRA Rom\u00e2nia tr\u0103ie\u0219te un moment istoric primind <strong>primul PREMIUL I<\/strong> la edi\u021bia a XV-a a Galei Societ\u0103\u021bii Civile, iar pe 11 decembrie 2017, ADRA prime\u0219te pentru <strong>a doua oar\u0103 PREMIUL I<\/strong> la edi\u021bia a III-a a Galei Solidarit\u0103\u021bii Interna\u021bionale GLOBUE 2017 <strong>\u201dpentru contribu\u021bia la sporirea solidarit\u0103\u021bii globale \u0219i la crearea unei lumi mai bune\u201d<\/strong>.<\/p>\n<p><a href=\"http:\/\/adra.ro\/wp-content\/uploads\/2017\/12\/Eveniment-06-Dec-7.jpeg\" rel=\"lightbox[7390]\"><img decoding=\"async\" loading=\"lazy\" class=\"alignright wp-image-5524 size-medium\" src=\"http:\/\/adventistoltenia.ro\/site\/wp-content\/uploads\/2019\/04\/Eveniment-06-Dec-7-265x177.jpeg\" alt=\"\" width=\"265\" height=\"177\" srcset=\"http:\/\/adventistoltenia.ro\/site\/wp-content\/uploads\/2019\/04\/Eveniment-06-Dec-7-265x177.jpeg 265w, http:\/\/adra.ro\/wp-content\/uploads\/2017\/12\/Eveniment-06-Dec-7-768x514.jpeg 768w, http:\/\/adra.ro\/wp-content\/uploads\/2017\/12\/Eveniment-06-Dec-7-1024x686.jpeg 1024w\" sizes=\"(max-width: 265px) 100vw, 265px\"><\/a>Ca urmare a constituirii \u00een toamna anului 2014 a Grupului de lucru ADRA Rom\u00e2nia \u00een vederea acces\u0103rii Fondurilor Europene Nerambursabile, care a lucrat cu mai multe firme de consultan\u021b\u0103 \u00een domeniu, \u00een luna februarie 2015, a fost semnat <strong>primul contract de finan\u021bare european\u0103 nerambursabil\u0103 pentru ADRA Rom\u00e2nia<\/strong>. \u00cen anii care au urmat, ADRA Rom\u00e2nia a mai c\u00e2\u0219tigat <strong>alte 5 proiecte cu finan\u021bare european\u0103 nerambursabil\u0103<\/strong>, cu implementare p\u00e2n\u0103 \u00een anul 2021 \u0219i totaliz\u00e2nd un buget de 13.777.000 EURO, 4 proiecte fiind pentru sprijinirea antreprenoriatului, iar 2 proiecte pentru asistarea categoriilor sociale defavorizate.<\/p>\n<p><a href=\"http:\/\/adra.ro\/wp-content\/uploads\/2015\/05\/ADRA-POSDRU-conferinta-lansare-2.jpg\" rel=\"lightbox[7390]\"><img decoding=\"async\" loading=\"lazy\" class=\"alignleft wp-image-1852 size-medium\" src=\"http:\/\/adventistoltenia.ro\/site\/wp-content\/uploads\/2019\/04\/ADRA-POSDRU-conferinta-lansare-2-265x176.jpg\" alt=\"\" width=\"265\" height=\"176\" srcset=\"http:\/\/adventistoltenia.ro\/site\/wp-content\/uploads\/2019\/04\/ADRA-POSDRU-conferinta-lansare-2-265x176.jpg 265w, http:\/\/adra.ro\/wp-content\/uploads\/2015\/05\/ADRA-POSDRU-conferinta-lansare-2-1024x682.jpg 1024w\" sizes=\"(max-width: 265px) 100vw, 265px\"><\/a>\u00cen urma proiectului finalizat \u2013 <strong>\u201dStep by step in business \u2013 Antreprenoriat pentru tinerii din regiunile Sud-Vest Oltenia \u0219i Bucure\u0219ti-Ilfov\u201d \u2013, <\/strong>446 persoane au fost consiliate, 401 persoane au fost formate \u00een competen\u021be antreprenoriale, 40 de firme noi au fost \u00eenfiin\u021bate, 89 de locuri de munc\u0103 noi au fost create \u0219i 3 centre de sprijin pentru ini\u021bierea afacerilor au fost \u00eenfiin\u021bate.<\/p>\n<p><a href=\"http:\/\/adra.ro\/wp-content\/uploads\/2016\/05\/IMG_6360.jpg\" rel=\"lightbox[7390]\"><img decoding=\"async\" loading=\"lazy\" class=\"alignright wp-image-2855 size-medium\" src=\"http:\/\/adventistoltenia.ro\/site\/wp-content\/uploads\/2019\/04\/IMG_6360-265x177.jpg\" alt=\"\" width=\"265\" height=\"177\" srcset=\"http:\/\/adventistoltenia.ro\/site\/wp-content\/uploads\/2019\/04\/IMG_6360-265x177.jpg 265w, http:\/\/adra.ro\/wp-content\/uploads\/2016\/05\/IMG_6360-768x512.jpg 768w, http:\/\/adra.ro\/wp-content\/uploads\/2016\/05\/IMG_6360-1024x683.jpg 1024w\" sizes=\"(max-width: 265px) 100vw, 265px\"><\/a>\u00cen tot acest timp, ADRA Rom\u00e2nia \u0219i-a propus \u0219i a reu\u0219it s\u0103 \u00eencheie parteneriate solide cu institu\u021bii importante \u0219i, de asemenea, s\u0103 activeze \u00een importante federa\u021bii rom\u00e2ne\u0219ti: Federa\u021bia Organiza\u021biilor Nonguvernamentale pentru Protec\u021bia Copilului (FONPC) \u0219i Federa\u021bia Organiza\u021biilor Nonguvernamentale pentru Dezvoltare (FOND). \u00cen plus, conform standardelor mondiale ale birourilor re\u021belei ADRA, \u00een anul 2016, ADRA Rom\u00e2nia prime\u0219te <strong>\u201dlicen\u021ba de func\u021bionare\u201d<\/strong> din partea ADRA International, \u00eencep\u00e2nd din anul 2017, ADRA Rom\u00e2nia este <strong>membru \u00een BOARD-ul <\/strong>\u0219i<strong> \u00een comitetul executiv ADRA Europa<\/strong>, iar din anul 2018, ADRA Rom\u00e2nia face parte din <strong>grupul birourilor mari din ADRA Europa<\/strong>, ceea ce a ajutat la cre\u0219terea vizibilit\u0103\u021bii \u0219i credibilit\u0103\u021bii ADRA Rom\u00e2nia, dar, \u00een acela\u0219i timp, \u0219i la sporirea eficien\u021bei tuturor proiectelor implementate \u00een aceast\u0103 perioad\u0103, prin rela\u021bia \u0219i finan\u021barea ADRA Rom\u00e2nia.<\/p>\n<p><a href=\"http:\/\/adventistoltenia.ro\/site\/wp-content\/uploads\/2019\/04\/ADRA-Romania-2014-2018.jpg\" rel=\"lightbox[7390]\"><img decoding=\"async\" loading=\"lazy\" class=\"aligncenter wp-image-7413 size-full\" src=\"http:\/\/adventistoltenia.ro\/site\/wp-content\/uploads\/2019\/04\/ADRA-Romania-2014-2018.jpg\" alt=\"\" width=\"960\" height=\"720\" srcset=\"http:\/\/adventistoltenia.ro\/site\/wp-content\/uploads\/2019\/04\/ADRA-Romania-2014-2018.jpg 960w, http:\/\/adra.ro\/wp-content\/uploads\/2019\/04\/ADRA-Romania-2014-2018-265x199.jpg 265w, http:\/\/adra.ro\/wp-content\/uploads\/2019\/04\/ADRA-Romania-2014-2018-768x576.jpg 768w\" sizes=\"(max-width: 960px) 100vw, 960px\"><\/a><\/p>\n<p><strong><a href=\"http:\/\/adra.ro\/wp-content\/uploads\/2016\/08\/Targu-Mures-5.jpg\" rel=\"lightbox[7390]\"><img decoding=\"async\" loading=\"lazy\" class=\"alignleft wp-image-3338 size-medium\" src=\"http:\/\/adventistoltenia.ro\/site\/wp-content\/uploads\/2019\/04\/Targu-Mures-5-265x177.jpg\" alt=\"\" width=\"265\" height=\"177\" srcset=\"http:\/\/adventistoltenia.ro\/site\/wp-content\/uploads\/2019\/04\/Targu-Mures-5-265x177.jpg 265w, http:\/\/adra.ro\/wp-content\/uploads\/2016\/08\/Targu-Mures-5-768x513.jpg 768w, http:\/\/adra.ro\/wp-content\/uploads\/2016\/08\/Targu-Mures-5.jpg 848w\" sizes=\"(max-width: 265px) 100vw, 265px\"><\/a><\/strong>\u00cen perioada anilor 2014 \u2013 2018, activitatea social\u0103 a Bisericii Adventiste de Ziua a \u0218aptea din Rom\u00e2nia a \u00eenregistrat asistarea a peste <strong>74.025<\/strong> persoane din Rom\u00e2nia \u0219i din afara \u021b\u0103rii prin intermediul a <strong>235<\/strong> proiecte din portofoliul ADRA Rom\u00e2nia. Implementarea cu succes a acestor proiecte a fost posibil\u0103 cu sprijinul a <strong>24.464<\/strong> voluntari activi \u0219i a <strong>3.285<\/strong> parteneri care au fost al\u0103turi de noi spre binele semenilor coordona\u021bi din toat\u0103 inima de echipa ADRA de la biroul central \u0219i de responsabilii \u0219i coordonatorii ADRA din cele 6 regiuni de implementare. Suntem con\u0219tien\u021bi de faptul c\u0103 ajutorul material \u0219i financiar \u00een implementarea proiectelor desf\u0103\u0219urate nu este de neglijat, astfel c\u0103, \u00een perioada ultimilor 5 ani, ne-am bucurat de sus\u021binerea celor <strong>2.778<\/strong> sponsori cu inim\u0103 mare. <strong>Pre\u021buirea noastr\u0103 \u0219i r\u0103splata de sus!<\/strong><\/p>\n<p><strong><a href=\"http:\/\/adra.ro\/wp-content\/uploads\/2016\/05\/IMG_6604.jpg\" rel=\"lightbox[7390]\"><img decoding=\"async\" loading=\"lazy\" class=\"alignright wp-image-2869 size-medium\" src=\"http:\/\/adventistoltenia.ro\/site\/wp-content\/uploads\/2019\/04\/IMG_6604-265x177.jpg\" alt=\"\" width=\"265\" height=\"177\" srcset=\"http:\/\/adventistoltenia.ro\/site\/wp-content\/uploads\/2019\/04\/IMG_6604-265x177.jpg 265w, http:\/\/adra.ro\/wp-content\/uploads\/2016\/05\/IMG_6604-768x512.jpg 768w, http:\/\/adra.ro\/wp-content\/uploads\/2016\/05\/IMG_6604-1024x683.jpg 1024w\" sizes=\"(max-width: 265px) 100vw, 265px\"><\/a><\/strong>Credem c\u0103 \u00een tot ceea ce am desf\u0103\u0219urat, prin realizarea contractelor de sponsorizare \u0219i a protocoalelor de colaborare \u00eencheiate, prin campaniile de informare, de con\u0219tientizare \u0219i de str\u00e2ngere de fonduri, prin concerte, seminare, workshop-uri, conferin\u021be, tabere, emisiuni televizate sau radiofonice pentru proiectele implementate, prin articole de promovare a cazurilor sociale, \u00een presa scris\u0103 sau online, \u00een toate cele v\u0103zute \u0219i nev\u0103zute, cunoscute \u0219i necunoscute, am avut un PARTENER de n\u0103dejde care niciodat\u0103 nu ne-a uitat. <strong>Dumnezeu este PARTENERUL nostru nev\u0103zut!<\/strong><\/p>\n<p><a href=\"http:\/\/adventistoltenia.ro\/site\/wp-content\/uploads\/2019\/04\/IMG_7798.jpg\" rel=\"lightbox[7390]\"><img decoding=\"async\" loading=\"lazy\" class=\"alignnone wp-image-3119 size-full\" src=\"http:\/\/adventistoltenia.ro\/site\/wp-content\/uploads\/2019\/04\/IMG_7798.jpg\" alt=\"IMG_7798\" width=\"5184\" height=\"3456\" srcset=\"http:\/\/adventistoltenia.ro\/site\/wp-content\/uploads\/2019\/04\/IMG_7798.jpg 5184w, http:\/\/adra.ro\/wp-content\/uploads\/2016\/06\/IMG_7798-265x177.jpg 265w, http:\/\/adra.ro\/wp-content\/uploads\/2016\/06\/IMG_7798-768x512.jpg 768w, http:\/\/adra.ro\/wp-content\/uploads\/2016\/06\/IMG_7798-1024x683.jpg 1024w\" sizes=\"(max-width: 5184px) 100vw, 5184px\"><\/a><\/p>\n<p><strong>ADRA: Schimb\u0103 o via\u021b\u0103 \u0219i vei schimba lumea!<\/strong><\/p>\n<\/div>\n<p>Material preluat de pe  <a href=\"http:\/\/adra.ro\/stiri\/raport-adra-romania-2014-2018.html\" target=\"_blank\" rel=\"noopener noreferrer\">adra.ro\/stiri<\/a>.<\/p>\n<\/div>\n<p class=\"wpematico_credit\"><small>Powered by <a href=\"http:\/\/www.wpematico.com\" target=\"_blank\">WPeMatico<\/a><\/small><\/p>\n ","protected":false},"excerpt":{"rendered":"<p>Duminic\u0103 \u0219i luni, 21 \u2013 22 Aprilie 2019, \u00een Campusul Universit\u0103\u021bii Adventus din Cernica, Jude\u021bul Ilfov a avut loc Adunarea General\u0103 Electiv\u0103 a Uniunii de Conferin\u021be a Bisericii Adventiste de Ziua a \u0218aptea din Rom\u00e2nia cu un num\u0103r de 316 delega\u021bi din toate zonele \u021b\u0103rii. \u00cen cadrul \u00eent\u00e2lnirii, s-a validat raportul ADRA Rom\u00e2nia din perioada &hellip; <a href=\"https:\/\/adventistoltenia.ro\/site\/raport-adra-romania-2014-2018\/\">Continued<\/a><\/p>\n","protected":false},"author":2,"featured_media":2777,"comment_status":"open","ping_status":"closed","sticky":false,"template":"","format":"standard","meta":[],"categories":[71],"tags":[],"yoast_head":"<!-- This site is optimized with the Yoast SEO plugin v20.3 - https:\/\/yoast.com\/wordpress\/plugins\/seo\/ -->\n<title>Raport ADRA Rom\u00e2nia 2014 \u2013 2018 - Conferinta Oltenia<\/title>\n<meta name=\"robots\" content=\"index, follow, max-snippet:-1, max-image-preview:large, max-video-preview:-1\" \/>\n<link rel=\"canonical\" href=\"https:\/\/adventistoltenia.ro\/site\/raport-adra-romania-2014-2018\/\" \/>\n<meta property=\"og:locale\" content=\"en_US\" \/>\n<meta property=\"og:type\" content=\"article\" \/>\n<meta property=\"og:title\" content=\"Raport ADRA Rom\u00e2nia 2014 \u2013 2018 - Conferinta Oltenia\" \/>\n<meta property=\"og:description\" content=\"Duminic\u0103 \u0219i luni, 21 \u2013 22 Aprilie 2019, \u00een Campusul Universit\u0103\u021bii Adventus din Cernica, Jude\u021bul Ilfov a avut loc Adunarea General\u0103 Electiv\u0103 a Uniunii de Conferin\u021be a Bisericii Adventiste de Ziua a \u0218aptea din Rom\u00e2nia cu un num\u0103r de 316 delega\u021bi din toate zonele \u021b\u0103rii. \u00cen cadrul \u00eent\u00e2lnirii, s-a validat raportul ADRA Rom\u00e2nia din perioada &hellip; Continued\" \/>\n<meta property=\"og:url\" content=\"https:\/\/adventistoltenia.ro\/site\/raport-adra-romania-2014-2018\/\" \/>\n<meta property=\"og:site_name\" content=\"Conferinta Oltenia\" \/>\n<meta property=\"article:published_time\" content=\"2019-04-26T01:16:50+00:00\" \/>\n<meta property=\"og:image\" content=\"https:\/\/adventistoltenia.ro\/site\/wp-content\/uploads\/2019\/04\/ADRA-Romania-2019-Robert-Georgescu-265x177.jpg\" \/>\n\t<meta property=\"og:image:width\" content=\"265\" \/>\n\t<meta property=\"og:image:height\" content=\"177\" \/>\n\t<meta property=\"og:image:type\" content=\"image\/jpeg\" \/>\n<meta name=\"author\" content=\"Conferinta Oltenia\" \/>\n<meta name=\"twitter:card\" content=\"summary_large_image\" \/>\n<meta name=\"twitter:label1\" content=\"Written by\" \/>\n\t<meta name=\"twitter:data1\" content=\"Conferinta Oltenia\" \/>\n\t<meta name=\"twitter:label2\" content=\"Est. reading time\" \/>\n\t<meta name=\"twitter:data2\" content=\"9 minutes\" \/>\n<script type=\"application\/ld+json\" class=\"yoast-schema-graph\">{\"@context\":\"https:\/\/schema.org\",\"@graph\":[{\"@type\":\"WebPage\",\"@id\":\"https:\/\/adventistoltenia.ro\/site\/raport-adra-romania-2014-2018\/\",\"url\":\"https:\/\/adventistoltenia.ro\/site\/raport-adra-romania-2014-2018\/\",\"name\":\"Raport ADRA Rom\u00e2nia 2014 \u2013 2018 - Conferinta Oltenia\",\"isPartOf\":{\"@id\":\"https:\/\/adventistoltenia.ro\/site\/#website\"},\"datePublished\":\"2019-04-26T01:16:50+00:00\",\"dateModified\":\"2019-04-26T01:16:50+00:00\",\"author\":{\"@id\":\"https:\/\/adventistoltenia.ro\/site\/#\/schema\/person\/81972d6ddcec064fcb37a129240ef9d7\"},\"breadcrumb\":{\"@id\":\"https:\/\/adventistoltenia.ro\/site\/raport-adra-romania-2014-2018\/#breadcrumb\"},\"inLanguage\":\"en-US\",\"potentialAction\":[{\"@type\":\"ReadAction\",\"target\":[\"https:\/\/adventistoltenia.ro\/site\/raport-adra-romania-2014-2018\/\"]}]},{\"@type\":\"BreadcrumbList\",\"@id\":\"https:\/\/adventistoltenia.ro\/site\/raport-adra-romania-2014-2018\/#breadcrumb\",\"itemListElement\":[{\"@type\":\"ListItem\",\"position\":1,\"name\":\"Home\",\"item\":\"https:\/\/adventistoltenia.ro\/site\/\"},{\"@type\":\"ListItem\",\"position\":2,\"name\":\"Raport ADRA Rom\u00e2nia 2014 \u2013 2018\"}]},{\"@type\":\"WebSite\",\"@id\":\"https:\/\/adventistoltenia.ro\/site\/#website\",\"url\":\"https:\/\/adventistoltenia.ro\/site\/\",\"name\":\"Conferinta Oltenia\",\"description\":\"Biserica Adventista de Ziua a Saptea\",\"potentialAction\":[{\"@type\":\"SearchAction\",\"target\":{\"@type\":\"EntryPoint\",\"urlTemplate\":\"https:\/\/adventistoltenia.ro\/site\/?s={search_term_string}\"},\"query-input\":\"required name=search_term_string\"}],\"inLanguage\":\"en-US\"},{\"@type\":\"Person\",\"@id\":\"https:\/\/adventistoltenia.ro\/site\/#\/schema\/person\/81972d6ddcec064fcb37a129240ef9d7\",\"name\":\"Conferinta Oltenia\",\"image\":{\"@type\":\"ImageObject\",\"inLanguage\":\"en-US\",\"@id\":\"https:\/\/adventistoltenia.ro\/site\/#\/schema\/person\/image\/\",\"url\":\"https:\/\/secure.gravatar.com\/avatar\/ebe92ec22e2e53a8eb79d6b52b724e27?s=96&d=mm&r=g\",\"contentUrl\":\"https:\/\/secure.gravatar.com\/avatar\/ebe92ec22e2e53a8eb79d6b52b724e27?s=96&d=mm&r=g\",\"caption\":\"Conferinta Oltenia\"},\"url\":\"https:\/\/adventistoltenia.ro\/site\/author\/adm1n\/\"}]}<\/script>\n<!-- \/ Yoast SEO plugin. -->","yoast_head_json":{"title":"Raport ADRA Rom\u00e2nia 2014 \u2013 2018 - Conferinta Oltenia","robots":{"index":"index","follow":"follow","max-snippet":"max-snippet:-1","max-image-preview":"max-image-preview:large","max-video-preview":"max-video-preview:-1"},"canonical":"https:\/\/adventistoltenia.ro\/site\/raport-adra-romania-2014-2018\/","og_locale":"en_US","og_type":"article","og_title":"Raport ADRA Rom\u00e2nia 2014 \u2013 2018 - Conferinta Oltenia","og_description":"Duminic\u0103 \u0219i luni, 21 \u2013 22 Aprilie 2019, \u00een Campusul Universit\u0103\u021bii Adventus din Cernica, Jude\u021bul Ilfov a avut loc Adunarea General\u0103 Electiv\u0103 a Uniunii de Conferin\u021be a Bisericii Adventiste de Ziua a \u0218aptea din Rom\u00e2nia cu un num\u0103r de 316 delega\u021bi din toate zonele \u021b\u0103rii. \u00cen cadrul \u00eent\u00e2lnirii, s-a validat raportul ADRA Rom\u00e2nia din perioada &hellip; Continued","og_url":"https:\/\/adventistoltenia.ro\/site\/raport-adra-romania-2014-2018\/","og_site_name":"Conferinta Oltenia","article_published_time":"2019-04-26T01:16:50+00:00","og_image":[{"width":265,"height":177,"url":"https:\/\/adventistoltenia.ro\/site\/wp-content\/uploads\/2019\/04\/ADRA-Romania-2019-Robert-Georgescu-265x177.jpg","type":"image\/jpeg"}],"author":"Conferinta Oltenia","twitter_card":"summary_large_image","twitter_misc":{"Written by":"Conferinta Oltenia","Est. reading time":"9 minutes"},"schema":{"@context":"https:\/\/schema.org","@graph":[{"@type":"WebPage","@id":"https:\/\/adventistoltenia.ro\/site\/raport-adra-romania-2014-2018\/","url":"https:\/\/adventistoltenia.ro\/site\/raport-adra-romania-2014-2018\/","name":"Raport ADRA Rom\u00e2nia 2014 \u2013 2018 - Conferinta Oltenia","isPartOf":{"@id":"https:\/\/adventistoltenia.ro\/site\/#website"},"datePublished":"2019-04-26T01:16:50+00:00","dateModified":"2019-04-26T01:16:50+00:00","author":{"@id":"https:\/\/adventistoltenia.ro\/site\/#\/schema\/person\/81972d6ddcec064fcb37a129240ef9d7"},"breadcrumb":{"@id":"https:\/\/adventistoltenia.ro\/site\/raport-adra-romania-2014-2018\/#breadcrumb"},"inLanguage":"en-US","potentialAction":[{"@type":"ReadAction","target":["https:\/\/adventistoltenia.ro\/site\/raport-adra-romania-2014-2018\/"]}]},{"@type":"BreadcrumbList","@id":"https:\/\/adventistoltenia.ro\/site\/raport-adra-romania-2014-2018\/#breadcrumb","itemListElement":[{"@type":"ListItem","position":1,"name":"Home","item":"https:\/\/adventistoltenia.ro\/site\/"},{"@type":"ListItem","position":2,"name":"Raport ADRA Rom\u00e2nia 2014 \u2013 2018"}]},{"@type":"WebSite","@id":"https:\/\/adventistoltenia.ro\/site\/#website","url":"https:\/\/adventistoltenia.ro\/site\/","name":"Conferinta Oltenia","description":"Biserica Adventista de Ziua a Saptea","potentialAction":[{"@type":"SearchAction","target":{"@type":"EntryPoint","urlTemplate":"https:\/\/adventistoltenia.ro\/site\/?s={search_term_string}"},"query-input":"required name=search_term_string"}],"inLanguage":"en-US"},{"@type":"Person","@id":"https:\/\/adventistoltenia.ro\/site\/#\/schema\/person\/81972d6ddcec064fcb37a129240ef9d7","name":"Conferinta Oltenia","image":{"@type":"ImageObject","inLanguage":"en-US","@id":"https:\/\/adventistoltenia.ro\/site\/#\/schema\/person\/image\/","url":"https:\/\/secure.gravatar.com\/avatar\/ebe92ec22e2e53a8eb79d6b52b724e27?s=96&d=mm&r=g","contentUrl":"https:\/\/secure.gravatar.com\/avatar\/ebe92ec22e2e53a8eb79d6b52b724e27?s=96&d=mm&r=g","caption":"Conferinta Oltenia"},"url":"https:\/\/adventistoltenia.ro\/site\/author\/adm1n\/"}]}},"_links":{"self":[{"href":"https:\/\/adventistoltenia.ro\/site\/wp-json\/wp\/v2\/posts\/2776"}],"collection":[{"href":"https:\/\/adventistoltenia.ro\/site\/wp-json\/wp\/v2\/posts"}],"about":[{"href":"https:\/\/adventistoltenia.ro\/site\/wp-json\/wp\/v2\/types\/post"}],"author":[{"embeddable":true,"href":"https:\/\/adventistoltenia.ro\/site\/wp-json\/wp\/v2\/users\/2"}],"replies":[{"embeddable":true,"href":"https:\/\/adventistoltenia.ro\/site\/wp-json\/wp\/v2\/comments?post=2776"}],"version-history":[{"count":0,"href":"https:\/\/adventistoltenia.ro\/site\/wp-json\/wp\/v2\/posts\/2776\/revisions"}],"wp:featuredmedia":[{"embeddable":true,"href":"https:\/\/adventistoltenia.ro\/site\/wp-json\/wp\/v2\/media\/2777"}],"wp:attachment":[{"href":"https:\/\/adventistoltenia.ro\/site\/wp-json\/wp\/v2\/media?parent=2776"}],"wp:term":[{"taxonomy":"category","embeddable":true,"href":"https:\/\/adventistoltenia.ro\/site\/wp-json\/wp\/v2\/categories?post=2776"},{"taxonomy":"post_tag","embeddable":true,"href":"https:\/\/adventistoltenia.ro\/site\/wp-json\/wp\/v2\/tags?post=2776"}],"curies":[{"name":"wp","href":"https:\/\/api.w.org\/{rel}","templated":true}]}}