{"id":2803,"date":"2019-05-16T01:13:22","date_gmt":"2019-05-16T01:13:22","guid":{"rendered":"http:\/\/adventistoltenia.ro\/site\/apel-urgent-la-rugaciune\/"},"modified":"2019-05-16T01:13:22","modified_gmt":"2019-05-16T01:13:22","slug":"apel-urgent-la-rugaciune","status":"publish","type":"post","link":"https:\/\/adventistoltenia.ro\/site\/apel-urgent-la-rugaciune\/","title":{"rendered":"Apel urgent la rug\u0103ciune!"},"content":{"rendered":"<div>\n<h1>Apel la rug\u0103ciune din partea pre\u0219edintelui Conferin\u021bei Generale a Bisericii Adventiste de ziua a \u0218aptea:<\/h1>\n<h3><em>Solicit \u00een mod solemn tuturor membrilor Bisericii Adventiste din \u00eentreaga lume s\u0103 se roage pentru biserica noastr\u0103 din \u021bara central african\u0103, Burundi. <\/em><\/h3>\n<h3><em>Acolo guvernul a \u00eenceput ac\u021biuni \u00eempotriva libert\u0103\u021bii religioase. De mai mult de \u0219ase luni, guvernul din Burundi a h\u0103r\u021buit, a atacat, a b\u0103tut \u0219i a b\u0103gat \u00een pu\u0219c\u0103rie, membri ai Bisericii Adventiste de Ziua a \u0218aptea.<\/em><\/h3>\n<h3><em>\u00cen ultimul timp am \u00eencercat de mai multe ori s\u0103 vorbesc cu pre\u0219edintele din Burundi, \u00eens\u0103 f\u0103r\u0103 rezultat.<\/em><\/h3>\n<h3><em>Acum cer pre\u0219edintelui din Burundi \u0219i mini\u0219trilor lui, s\u0103 respecte legile internationale (ONU) de ap\u0103rare a drepturilor omului \u0219i a drepturilor religioase \u0219i s\u0103 respecte echipa care administreaz\u0103 Biserica Adventist\u0103 \u00een Burundi.<\/em><\/h3>\n<h3><em>Vineri, 10 mai, pre\u0219edintele Uniunii Adventiste din Burundi, Lamec Barushinga a fost arestat \u00eempreun\u0103 cu Lambert pre\u0219edintele unei Conferin\u021be. Prin arestarea lor, Guvernul din Burundi a \u00eenc\u0103lcat legile interna\u021bionale de libertate religioas\u0103.<\/em><\/h3>\n<h3><em>Fac un apel la to\u021bi membrii Bisericii Adventiste de Ziua a \u0218aptea s\u0103 ne unim \u00een rug\u0103ciune pentru ca Dumnezeu s\u0103 intervin\u0103 \u00een situa\u021bia din Burundi.<\/em><\/h3>\n<h3><em>Vom \u00eencerca s\u0103 v\u0103 \u021binem informa\u021bi cu privire la aceast\u0103 situa\u021bie.<\/em><\/h3>\n<\/div>\n<p class=\"wpematico_credit\"><small>Powered by <a href=\"http:\/\/www.wpematico.com\" target=\"_blank\">WPeMatico<\/a><\/small><\/p>\n ","protected":false},"excerpt":{"rendered":"<p>Apel la rug\u0103ciune din partea pre\u0219edintelui Conferin\u021bei Generale a Bisericii Adventiste de ziua a \u0218aptea: Solicit \u00een mod solemn tuturor membrilor Bisericii Adventiste din \u00eentreaga lume s\u0103 se roage pentru biserica noastr\u0103 din \u021bara central african\u0103, Burundi. Acolo guvernul a \u00eenceput ac\u021biuni \u00eempotriva libert\u0103\u021bii religioase. De mai mult de \u0219ase luni, guvernul din Burundi a &hellip; <a href=\"https:\/\/adventistoltenia.ro\/site\/apel-urgent-la-rugaciune\/\">Continued<\/a><\/p>\n","protected":false},"author":2,"featured_media":0,"comment_status":"open","ping_status":"closed","sticky":false,"template":"","format":"standard","meta":[],"categories":[71],"tags":[],"yoast_head":"<!-- This site is optimized with the Yoast SEO plugin v20.3 - https:\/\/yoast.com\/wordpress\/plugins\/seo\/ -->\n<title>Apel urgent la rug\u0103ciune! - Conferinta Oltenia<\/title>\n<meta name=\"robots\" content=\"index, follow, max-snippet:-1, max-image-preview:large, max-video-preview:-1\" \/>\n<link rel=\"canonical\" href=\"https:\/\/adventistoltenia.ro\/site\/apel-urgent-la-rugaciune\/\" \/>\n<meta property=\"og:locale\" content=\"en_US\" \/>\n<meta property=\"og:type\" content=\"article\" \/>\n<meta property=\"og:title\" content=\"Apel urgent la rug\u0103ciune! - Conferinta Oltenia\" \/>\n<meta property=\"og:description\" content=\"Apel la rug\u0103ciune din partea pre\u0219edintelui Conferin\u021bei Generale a Bisericii Adventiste de ziua a \u0218aptea: Solicit \u00een mod solemn tuturor membrilor Bisericii Adventiste din \u00eentreaga lume s\u0103 se roage pentru biserica noastr\u0103 din \u021bara central african\u0103, Burundi. Acolo guvernul a \u00eenceput ac\u021biuni \u00eempotriva libert\u0103\u021bii religioase. De mai mult de \u0219ase luni, guvernul din Burundi a &hellip; Continued\" \/>\n<meta property=\"og:url\" content=\"https:\/\/adventistoltenia.ro\/site\/apel-urgent-la-rugaciune\/\" \/>\n<meta property=\"og:site_name\" content=\"Conferinta Oltenia\" \/>\n<meta property=\"article:published_time\" content=\"2019-05-16T01:13:22+00:00\" \/>\n<meta name=\"author\" content=\"Conferinta Oltenia\" \/>\n<meta name=\"twitter:card\" content=\"summary_large_image\" \/>\n<meta name=\"twitter:label1\" content=\"Written by\" \/>\n\t<meta name=\"twitter:data1\" content=\"Conferinta Oltenia\" \/>\n\t<meta name=\"twitter:label2\" content=\"Est. reading time\" \/>\n\t<meta name=\"twitter:data2\" content=\"1 minute\" \/>\n<script type=\"application\/ld+json\" class=\"yoast-schema-graph\">{\"@context\":\"https:\/\/schema.org\",\"@graph\":[{\"@type\":\"WebPage\",\"@id\":\"https:\/\/adventistoltenia.ro\/site\/apel-urgent-la-rugaciune\/\",\"url\":\"https:\/\/adventistoltenia.ro\/site\/apel-urgent-la-rugaciune\/\",\"name\":\"Apel urgent la rug\u0103ciune! - Conferinta Oltenia\",\"isPartOf\":{\"@id\":\"https:\/\/adventistoltenia.ro\/site\/#website\"},\"datePublished\":\"2019-05-16T01:13:22+00:00\",\"dateModified\":\"2019-05-16T01:13:22+00:00\",\"author\":{\"@id\":\"https:\/\/adventistoltenia.ro\/site\/#\/schema\/person\/81972d6ddcec064fcb37a129240ef9d7\"},\"breadcrumb\":{\"@id\":\"https:\/\/adventistoltenia.ro\/site\/apel-urgent-la-rugaciune\/#breadcrumb\"},\"inLanguage\":\"en-US\",\"potentialAction\":[{\"@type\":\"ReadAction\",\"target\":[\"https:\/\/adventistoltenia.ro\/site\/apel-urgent-la-rugaciune\/\"]}]},{\"@type\":\"BreadcrumbList\",\"@id\":\"https:\/\/adventistoltenia.ro\/site\/apel-urgent-la-rugaciune\/#breadcrumb\",\"itemListElement\":[{\"@type\":\"ListItem\",\"position\":1,\"name\":\"Home\",\"item\":\"https:\/\/adventistoltenia.ro\/site\/\"},{\"@type\":\"ListItem\",\"position\":2,\"name\":\"Apel urgent la rug\u0103ciune!\"}]},{\"@type\":\"WebSite\",\"@id\":\"https:\/\/adventistoltenia.ro\/site\/#website\",\"url\":\"https:\/\/adventistoltenia.ro\/site\/\",\"name\":\"Conferinta Oltenia\",\"description\":\"Biserica Adventista de Ziua a Saptea\",\"potentialAction\":[{\"@type\":\"SearchAction\",\"target\":{\"@type\":\"EntryPoint\",\"urlTemplate\":\"https:\/\/adventistoltenia.ro\/site\/?s={search_term_string}\"},\"query-input\":\"required name=search_term_string\"}],\"inLanguage\":\"en-US\"},{\"@type\":\"Person\",\"@id\":\"https:\/\/adventistoltenia.ro\/site\/#\/schema\/person\/81972d6ddcec064fcb37a129240ef9d7\",\"name\":\"Conferinta Oltenia\",\"image\":{\"@type\":\"ImageObject\",\"inLanguage\":\"en-US\",\"@id\":\"https:\/\/adventistoltenia.ro\/site\/#\/schema\/person\/image\/\",\"url\":\"https:\/\/secure.gravatar.com\/avatar\/ebe92ec22e2e53a8eb79d6b52b724e27?s=96&d=mm&r=g\",\"contentUrl\":\"https:\/\/secure.gravatar.com\/avatar\/ebe92ec22e2e53a8eb79d6b52b724e27?s=96&d=mm&r=g\",\"caption\":\"Conferinta Oltenia\"},\"url\":\"https:\/\/adventistoltenia.ro\/site\/author\/adm1n\/\"}]}<\/script>\n<!-- \/ Yoast SEO plugin. -->","yoast_head_json":{"title":"Apel urgent la rug\u0103ciune! - Conferinta Oltenia","robots":{"index":"index","follow":"follow","max-snippet":"max-snippet:-1","max-image-preview":"max-image-preview:large","max-video-preview":"max-video-preview:-1"},"canonical":"https:\/\/adventistoltenia.ro\/site\/apel-urgent-la-rugaciune\/","og_locale":"en_US","og_type":"article","og_title":"Apel urgent la rug\u0103ciune! - Conferinta Oltenia","og_description":"Apel la rug\u0103ciune din partea pre\u0219edintelui Conferin\u021bei Generale a Bisericii Adventiste de ziua a \u0218aptea: Solicit \u00een mod solemn tuturor membrilor Bisericii Adventiste din \u00eentreaga lume s\u0103 se roage pentru biserica noastr\u0103 din \u021bara central african\u0103, Burundi. Acolo guvernul a \u00eenceput ac\u021biuni \u00eempotriva libert\u0103\u021bii religioase. De mai mult de \u0219ase luni, guvernul din Burundi a &hellip; Continued","og_url":"https:\/\/adventistoltenia.ro\/site\/apel-urgent-la-rugaciune\/","og_site_name":"Conferinta Oltenia","article_published_time":"2019-05-16T01:13:22+00:00","author":"Conferinta Oltenia","twitter_card":"summary_large_image","twitter_misc":{"Written by":"Conferinta Oltenia","Est. reading time":"1 minute"},"schema":{"@context":"https:\/\/schema.org","@graph":[{"@type":"WebPage","@id":"https:\/\/adventistoltenia.ro\/site\/apel-urgent-la-rugaciune\/","url":"https:\/\/adventistoltenia.ro\/site\/apel-urgent-la-rugaciune\/","name":"Apel urgent la rug\u0103ciune! - Conferinta Oltenia","isPartOf":{"@id":"https:\/\/adventistoltenia.ro\/site\/#website"},"datePublished":"2019-05-16T01:13:22+00:00","dateModified":"2019-05-16T01:13:22+00:00","author":{"@id":"https:\/\/adventistoltenia.ro\/site\/#\/schema\/person\/81972d6ddcec064fcb37a129240ef9d7"},"breadcrumb":{"@id":"https:\/\/adventistoltenia.ro\/site\/apel-urgent-la-rugaciune\/#breadcrumb"},"inLanguage":"en-US","potentialAction":[{"@type":"ReadAction","target":["https:\/\/adventistoltenia.ro\/site\/apel-urgent-la-rugaciune\/"]}]},{"@type":"BreadcrumbList","@id":"https:\/\/adventistoltenia.ro\/site\/apel-urgent-la-rugaciune\/#breadcrumb","itemListElement":[{"@type":"ListItem","position":1,"name":"Home","item":"https:\/\/adventistoltenia.ro\/site\/"},{"@type":"ListItem","position":2,"name":"Apel urgent la rug\u0103ciune!"}]},{"@type":"WebSite","@id":"https:\/\/adventistoltenia.ro\/site\/#website","url":"https:\/\/adventistoltenia.ro\/site\/","name":"Conferinta Oltenia","description":"Biserica Adventista de Ziua a Saptea","potentialAction":[{"@type":"SearchAction","target":{"@type":"EntryPoint","urlTemplate":"https:\/\/adventistoltenia.ro\/site\/?s={search_term_string}"},"query-input":"required name=search_term_string"}],"inLanguage":"en-US"},{"@type":"Person","@id":"https:\/\/adventistoltenia.ro\/site\/#\/schema\/person\/81972d6ddcec064fcb37a129240ef9d7","name":"Conferinta Oltenia","image":{"@type":"ImageObject","inLanguage":"en-US","@id":"https:\/\/adventistoltenia.ro\/site\/#\/schema\/person\/image\/","url":"https:\/\/secure.gravatar.com\/avatar\/ebe92ec22e2e53a8eb79d6b52b724e27?s=96&d=mm&r=g","contentUrl":"https:\/\/secure.gravatar.com\/avatar\/ebe92ec22e2e53a8eb79d6b52b724e27?s=96&d=mm&r=g","caption":"Conferinta Oltenia"},"url":"https:\/\/adventistoltenia.ro\/site\/author\/adm1n\/"}]}},"_links":{"self":[{"href":"https:\/\/adventistoltenia.ro\/site\/wp-json\/wp\/v2\/posts\/2803"}],"collection":[{"href":"https:\/\/adventistoltenia.ro\/site\/wp-json\/wp\/v2\/posts"}],"about":[{"href":"https:\/\/adventistoltenia.ro\/site\/wp-json\/wp\/v2\/types\/post"}],"author":[{"embeddable":true,"href":"https:\/\/adventistoltenia.ro\/site\/wp-json\/wp\/v2\/users\/2"}],"replies":[{"embeddable":true,"href":"https:\/\/adventistoltenia.ro\/site\/wp-json\/wp\/v2\/comments?post=2803"}],"version-history":[{"count":0,"href":"https:\/\/adventistoltenia.ro\/site\/wp-json\/wp\/v2\/posts\/2803\/revisions"}],"wp:attachment":[{"href":"https:\/\/adventistoltenia.ro\/site\/wp-json\/wp\/v2\/media?parent=2803"}],"wp:term":[{"taxonomy":"category","embeddable":true,"href":"https:\/\/adventistoltenia.ro\/site\/wp-json\/wp\/v2\/categories?post=2803"},{"taxonomy":"post_tag","embeddable":true,"href":"https:\/\/adventistoltenia.ro\/site\/wp-json\/wp\/v2\/tags?post=2803"}],"curies":[{"name":"wp","href":"https:\/\/api.w.org\/{rel}","templated":true}]}}