{"id":2808,"date":"2019-05-20T01:15:58","date_gmt":"2019-05-20T01:15:58","guid":{"rendered":"http:\/\/adventistoltenia.ro\/site\/credinciosii-adventisti-arestati-in-burundi-au-fost-eliberati\/"},"modified":"2019-05-20T01:15:58","modified_gmt":"2019-05-20T01:15:58","slug":"credinciosii-adventisti-arestati-in-burundi-au-fost-eliberati","status":"publish","type":"post","link":"https:\/\/adventistoltenia.ro\/site\/credinciosii-adventisti-arestati-in-burundi-au-fost-eliberati\/","title":{"rendered":"Credincio\u0219ii adventi\u0219ti aresta\u021bi \u00een Burundi au fost elibera\u021bi"},"content":{"rendered":"<div>\n<p>\u201eAm primit ve\u0219ti \u00eencurajatoare \u0219i suntem ferici\u021bi s\u0103 v\u0103 anun\u021b\u0103m c\u0103 to\u021bi credincio\u0219ii adventi\u0219ti de ziua a \u0219aptea care fuseser\u0103 aresta\u021bi au fost elibera\u021bi. Rug\u0103ciunile au primit r\u0103spuns. Suntem recunosc\u0103tori Guvernului din Burundi, \u0219i \u00een mod deosebit unuia dintre membrii parlamentului, dl Justin Niyobuhungiro, pentru rolul jucat \u00een \u00eenlesnirea eliber\u0103rii acestora. Le mul\u021bumim membrilor Bisericii Adventiste din toat\u0103 lumea \u0219i credincio\u0219ilor din alte confesiuni care s-au rugat fierbinte pentru cei re\u021binu\u021bi, pentru Biserica din Burundi \u0219i pentru conduc\u0103torii guvernului burundez. A\u0219tept\u0103m cu ner\u0103bdare semne ale \u00eembun\u0103t\u0103\u021birii acestei situa\u021bii delicate cu privire la conducerea Bisericii. V\u0103 \u00eencuraj\u0103m s\u0103 continua\u021bi s\u0103 v\u0103 ruga\u021bi pentru ca Dumnezeu s\u0103 ofere solu\u021bia la provoc\u0103rile cu care ne confrunt\u0103m \u0219i pentru Burundi, pentru pacea \u0219i prosperitatea na\u021biunii.\u201d<\/p>\n<p>(Biroul Pre\u0219edintelui Bisericii Adventiste de Ziua a \u0218aptea)<\/p>\n<\/div>\n<p class=\"wpematico_credit\"><small>Powered by <a href=\"http:\/\/www.wpematico.com\" target=\"_blank\">WPeMatico<\/a><\/small><\/p>\n ","protected":false},"excerpt":{"rendered":"<p>\u201eAm primit ve\u0219ti \u00eencurajatoare \u0219i suntem ferici\u021bi s\u0103 v\u0103 anun\u021b\u0103m c\u0103 to\u021bi credincio\u0219ii adventi\u0219ti de ziua a \u0219aptea care fuseser\u0103 aresta\u021bi au fost elibera\u021bi. Rug\u0103ciunile au primit r\u0103spuns. Suntem recunosc\u0103tori Guvernului din Burundi, \u0219i \u00een mod deosebit unuia dintre membrii parlamentului, dl Justin Niyobuhungiro, pentru rolul jucat \u00een \u00eenlesnirea eliber\u0103rii acestora. Le mul\u021bumim membrilor Bisericii &hellip; <a href=\"https:\/\/adventistoltenia.ro\/site\/credinciosii-adventisti-arestati-in-burundi-au-fost-eliberati\/\">Continued<\/a><\/p>\n","protected":false},"author":2,"featured_media":0,"comment_status":"open","ping_status":"closed","sticky":false,"template":"","format":"standard","meta":[],"categories":[71],"tags":[],"yoast_head":"<!-- This site is optimized with the Yoast SEO plugin v20.3 - https:\/\/yoast.com\/wordpress\/plugins\/seo\/ -->\n<title>Credincio\u0219ii adventi\u0219ti aresta\u021bi \u00een Burundi au fost elibera\u021bi - Conferinta Oltenia<\/title>\n<meta name=\"robots\" content=\"index, follow, max-snippet:-1, max-image-preview:large, max-video-preview:-1\" \/>\n<link rel=\"canonical\" href=\"https:\/\/adventistoltenia.ro\/site\/credinciosii-adventisti-arestati-in-burundi-au-fost-eliberati\/\" \/>\n<meta property=\"og:locale\" content=\"en_US\" \/>\n<meta property=\"og:type\" content=\"article\" \/>\n<meta property=\"og:title\" content=\"Credincio\u0219ii adventi\u0219ti aresta\u021bi \u00een Burundi au fost elibera\u021bi - Conferinta Oltenia\" \/>\n<meta property=\"og:description\" content=\"\u201eAm primit ve\u0219ti \u00eencurajatoare \u0219i suntem ferici\u021bi s\u0103 v\u0103 anun\u021b\u0103m c\u0103 to\u021bi credincio\u0219ii adventi\u0219ti de ziua a \u0219aptea care fuseser\u0103 aresta\u021bi au fost elibera\u021bi. Rug\u0103ciunile au primit r\u0103spuns. Suntem recunosc\u0103tori Guvernului din Burundi, \u0219i \u00een mod deosebit unuia dintre membrii parlamentului, dl Justin Niyobuhungiro, pentru rolul jucat \u00een \u00eenlesnirea eliber\u0103rii acestora. Le mul\u021bumim membrilor Bisericii &hellip; Continued\" \/>\n<meta property=\"og:url\" content=\"https:\/\/adventistoltenia.ro\/site\/credinciosii-adventisti-arestati-in-burundi-au-fost-eliberati\/\" \/>\n<meta property=\"og:site_name\" content=\"Conferinta Oltenia\" \/>\n<meta property=\"article:published_time\" content=\"2019-05-20T01:15:58+00:00\" \/>\n<meta name=\"author\" content=\"Conferinta Oltenia\" \/>\n<meta name=\"twitter:card\" content=\"summary_large_image\" \/>\n<meta name=\"twitter:label1\" content=\"Written by\" \/>\n\t<meta name=\"twitter:data1\" content=\"Conferinta Oltenia\" \/>\n\t<meta name=\"twitter:label2\" content=\"Est. reading time\" \/>\n\t<meta name=\"twitter:data2\" content=\"1 minute\" \/>\n<script type=\"application\/ld+json\" class=\"yoast-schema-graph\">{\"@context\":\"https:\/\/schema.org\",\"@graph\":[{\"@type\":\"WebPage\",\"@id\":\"https:\/\/adventistoltenia.ro\/site\/credinciosii-adventisti-arestati-in-burundi-au-fost-eliberati\/\",\"url\":\"https:\/\/adventistoltenia.ro\/site\/credinciosii-adventisti-arestati-in-burundi-au-fost-eliberati\/\",\"name\":\"Credincio\u0219ii adventi\u0219ti aresta\u021bi \u00een Burundi au fost elibera\u021bi - Conferinta Oltenia\",\"isPartOf\":{\"@id\":\"https:\/\/adventistoltenia.ro\/site\/#website\"},\"datePublished\":\"2019-05-20T01:15:58+00:00\",\"dateModified\":\"2019-05-20T01:15:58+00:00\",\"author\":{\"@id\":\"https:\/\/adventistoltenia.ro\/site\/#\/schema\/person\/81972d6ddcec064fcb37a129240ef9d7\"},\"breadcrumb\":{\"@id\":\"https:\/\/adventistoltenia.ro\/site\/credinciosii-adventisti-arestati-in-burundi-au-fost-eliberati\/#breadcrumb\"},\"inLanguage\":\"en-US\",\"potentialAction\":[{\"@type\":\"ReadAction\",\"target\":[\"https:\/\/adventistoltenia.ro\/site\/credinciosii-adventisti-arestati-in-burundi-au-fost-eliberati\/\"]}]},{\"@type\":\"BreadcrumbList\",\"@id\":\"https:\/\/adventistoltenia.ro\/site\/credinciosii-adventisti-arestati-in-burundi-au-fost-eliberati\/#breadcrumb\",\"itemListElement\":[{\"@type\":\"ListItem\",\"position\":1,\"name\":\"Home\",\"item\":\"https:\/\/adventistoltenia.ro\/site\/\"},{\"@type\":\"ListItem\",\"position\":2,\"name\":\"Credincio\u0219ii adventi\u0219ti aresta\u021bi \u00een Burundi au fost elibera\u021bi\"}]},{\"@type\":\"WebSite\",\"@id\":\"https:\/\/adventistoltenia.ro\/site\/#website\",\"url\":\"https:\/\/adventistoltenia.ro\/site\/\",\"name\":\"Conferinta Oltenia\",\"description\":\"Biserica Adventista de Ziua a Saptea\",\"potentialAction\":[{\"@type\":\"SearchAction\",\"target\":{\"@type\":\"EntryPoint\",\"urlTemplate\":\"https:\/\/adventistoltenia.ro\/site\/?s={search_term_string}\"},\"query-input\":\"required name=search_term_string\"}],\"inLanguage\":\"en-US\"},{\"@type\":\"Person\",\"@id\":\"https:\/\/adventistoltenia.ro\/site\/#\/schema\/person\/81972d6ddcec064fcb37a129240ef9d7\",\"name\":\"Conferinta Oltenia\",\"image\":{\"@type\":\"ImageObject\",\"inLanguage\":\"en-US\",\"@id\":\"https:\/\/adventistoltenia.ro\/site\/#\/schema\/person\/image\/\",\"url\":\"https:\/\/secure.gravatar.com\/avatar\/ebe92ec22e2e53a8eb79d6b52b724e27?s=96&d=mm&r=g\",\"contentUrl\":\"https:\/\/secure.gravatar.com\/avatar\/ebe92ec22e2e53a8eb79d6b52b724e27?s=96&d=mm&r=g\",\"caption\":\"Conferinta Oltenia\"},\"url\":\"https:\/\/adventistoltenia.ro\/site\/author\/adm1n\/\"}]}<\/script>\n<!-- \/ Yoast SEO plugin. -->","yoast_head_json":{"title":"Credincio\u0219ii adventi\u0219ti aresta\u021bi \u00een Burundi au fost elibera\u021bi - Conferinta Oltenia","robots":{"index":"index","follow":"follow","max-snippet":"max-snippet:-1","max-image-preview":"max-image-preview:large","max-video-preview":"max-video-preview:-1"},"canonical":"https:\/\/adventistoltenia.ro\/site\/credinciosii-adventisti-arestati-in-burundi-au-fost-eliberati\/","og_locale":"en_US","og_type":"article","og_title":"Credincio\u0219ii adventi\u0219ti aresta\u021bi \u00een Burundi au fost elibera\u021bi - Conferinta Oltenia","og_description":"\u201eAm primit ve\u0219ti \u00eencurajatoare \u0219i suntem ferici\u021bi s\u0103 v\u0103 anun\u021b\u0103m c\u0103 to\u021bi credincio\u0219ii adventi\u0219ti de ziua a \u0219aptea care fuseser\u0103 aresta\u021bi au fost elibera\u021bi. Rug\u0103ciunile au primit r\u0103spuns. Suntem recunosc\u0103tori Guvernului din Burundi, \u0219i \u00een mod deosebit unuia dintre membrii parlamentului, dl Justin Niyobuhungiro, pentru rolul jucat \u00een \u00eenlesnirea eliber\u0103rii acestora. Le mul\u021bumim membrilor Bisericii &hellip; Continued","og_url":"https:\/\/adventistoltenia.ro\/site\/credinciosii-adventisti-arestati-in-burundi-au-fost-eliberati\/","og_site_name":"Conferinta Oltenia","article_published_time":"2019-05-20T01:15:58+00:00","author":"Conferinta Oltenia","twitter_card":"summary_large_image","twitter_misc":{"Written by":"Conferinta Oltenia","Est. reading time":"1 minute"},"schema":{"@context":"https:\/\/schema.org","@graph":[{"@type":"WebPage","@id":"https:\/\/adventistoltenia.ro\/site\/credinciosii-adventisti-arestati-in-burundi-au-fost-eliberati\/","url":"https:\/\/adventistoltenia.ro\/site\/credinciosii-adventisti-arestati-in-burundi-au-fost-eliberati\/","name":"Credincio\u0219ii adventi\u0219ti aresta\u021bi \u00een Burundi au fost elibera\u021bi - Conferinta Oltenia","isPartOf":{"@id":"https:\/\/adventistoltenia.ro\/site\/#website"},"datePublished":"2019-05-20T01:15:58+00:00","dateModified":"2019-05-20T01:15:58+00:00","author":{"@id":"https:\/\/adventistoltenia.ro\/site\/#\/schema\/person\/81972d6ddcec064fcb37a129240ef9d7"},"breadcrumb":{"@id":"https:\/\/adventistoltenia.ro\/site\/credinciosii-adventisti-arestati-in-burundi-au-fost-eliberati\/#breadcrumb"},"inLanguage":"en-US","potentialAction":[{"@type":"ReadAction","target":["https:\/\/adventistoltenia.ro\/site\/credinciosii-adventisti-arestati-in-burundi-au-fost-eliberati\/"]}]},{"@type":"BreadcrumbList","@id":"https:\/\/adventistoltenia.ro\/site\/credinciosii-adventisti-arestati-in-burundi-au-fost-eliberati\/#breadcrumb","itemListElement":[{"@type":"ListItem","position":1,"name":"Home","item":"https:\/\/adventistoltenia.ro\/site\/"},{"@type":"ListItem","position":2,"name":"Credincio\u0219ii adventi\u0219ti aresta\u021bi \u00een Burundi au fost elibera\u021bi"}]},{"@type":"WebSite","@id":"https:\/\/adventistoltenia.ro\/site\/#website","url":"https:\/\/adventistoltenia.ro\/site\/","name":"Conferinta Oltenia","description":"Biserica Adventista de Ziua a Saptea","potentialAction":[{"@type":"SearchAction","target":{"@type":"EntryPoint","urlTemplate":"https:\/\/adventistoltenia.ro\/site\/?s={search_term_string}"},"query-input":"required name=search_term_string"}],"inLanguage":"en-US"},{"@type":"Person","@id":"https:\/\/adventistoltenia.ro\/site\/#\/schema\/person\/81972d6ddcec064fcb37a129240ef9d7","name":"Conferinta Oltenia","image":{"@type":"ImageObject","inLanguage":"en-US","@id":"https:\/\/adventistoltenia.ro\/site\/#\/schema\/person\/image\/","url":"https:\/\/secure.gravatar.com\/avatar\/ebe92ec22e2e53a8eb79d6b52b724e27?s=96&d=mm&r=g","contentUrl":"https:\/\/secure.gravatar.com\/avatar\/ebe92ec22e2e53a8eb79d6b52b724e27?s=96&d=mm&r=g","caption":"Conferinta Oltenia"},"url":"https:\/\/adventistoltenia.ro\/site\/author\/adm1n\/"}]}},"_links":{"self":[{"href":"https:\/\/adventistoltenia.ro\/site\/wp-json\/wp\/v2\/posts\/2808"}],"collection":[{"href":"https:\/\/adventistoltenia.ro\/site\/wp-json\/wp\/v2\/posts"}],"about":[{"href":"https:\/\/adventistoltenia.ro\/site\/wp-json\/wp\/v2\/types\/post"}],"author":[{"embeddable":true,"href":"https:\/\/adventistoltenia.ro\/site\/wp-json\/wp\/v2\/users\/2"}],"replies":[{"embeddable":true,"href":"https:\/\/adventistoltenia.ro\/site\/wp-json\/wp\/v2\/comments?post=2808"}],"version-history":[{"count":0,"href":"https:\/\/adventistoltenia.ro\/site\/wp-json\/wp\/v2\/posts\/2808\/revisions"}],"wp:attachment":[{"href":"https:\/\/adventistoltenia.ro\/site\/wp-json\/wp\/v2\/media?parent=2808"}],"wp:term":[{"taxonomy":"category","embeddable":true,"href":"https:\/\/adventistoltenia.ro\/site\/wp-json\/wp\/v2\/categories?post=2808"},{"taxonomy":"post_tag","embeddable":true,"href":"https:\/\/adventistoltenia.ro\/site\/wp-json\/wp\/v2\/tags?post=2808"}],"curies":[{"name":"wp","href":"https:\/\/api.w.org\/{rel}","templated":true}]}}