{"id":2988,"date":"2019-09-13T01:13:14","date_gmt":"2019-09-13T01:13:14","guid":{"rendered":"http:\/\/adventistoltenia.ro\/site\/fii-o-schimbare\/"},"modified":"2019-09-13T01:13:14","modified_gmt":"2019-09-13T01:13:14","slug":"fii-o-schimbare","status":"publish","type":"post","link":"https:\/\/adventistoltenia.ro\/site\/fii-o-schimbare\/","title":{"rendered":"Fii o schimbare!"},"content":{"rendered":"<div>\n<p style=\"font-weight: 400;\">\u00cen perioada 1- 9 septembrie, Pensiunea Sequoia din Mun\u021bii Apuseni a g\u0103zduit tab\u0103ra anual\u0103 a persoanelor cu dizabilit\u0103\u021bi, organizat\u0103 de Asocia\u021bia Ridica-te si Umbl\u0103 sub motto-ul \u201eFii o schimbare!\u201d.<\/p>\n<p style=\"font-weight: 400;\">Cei 170 de participan\u021bi, din care 120 \u2013 persoane cu dizabilitate s-au bucurat de un program variat compus din:<\/p>\n<p style=\"font-weight: 400;\">\u2013 drume\u021bii \u00een natura pentru persoane cu dizabilit\u0103\u021bi,<\/p>\n<p style=\"font-weight: 400;\">\u2013 activit\u0103\u021bi de cunoa\u0219tere \u0219i socializare,<\/p>\n<p style=\"font-weight: 400;\">\u2013 activit\u0103\u021bi recreative: echita\u021bie, tirolian\u0103, plimb\u0103ri cu ATV, piscin\u0103 \u00eenc\u0103lzit\u0103, saun\u0103,<\/p>\n<p style=\"font-weight: 400;\">\u2013 activit\u0103\u021bi sportive: atletism, fotbal pentru nev\u0103z\u0103tori, tenis de mas\u0103, jocuri de societate,<\/p>\n<p style=\"font-weight: 400;\">\u2013 activit\u0103\u021bi artistice \u0219i de crea\u021bie: pictur\u0103, teatru, poezie, interpretare muzical\u0103,<\/p>\n<p style=\"font-weight: 400;\">\u2013 focuri de tab\u0103r\u0103, c\u00e2ntece, bun\u0103 dispozi\u021bie,<\/p>\n<p style=\"font-weight: 400;\">\u2013 excursie \u00een centrul istoric al Clujului urm\u0103rind promovarea mesajului \u201eFii o schimbare!\u201d c\u0103tre trec\u0103tori.<\/p>\n<p style=\"font-weight: 400;\">Peisajul mirific, aerul curat, oamenii cu dizabilit\u0103\u021bi ferici\u021bi, acesta a fost tabloul taberei organizate de c\u0103tre Asocia\u021bia \u201eRidic\u0103-te \u0219i umbl\u0103\u201d. Participan\u021bii \u0219i-au propus o re\u00eent\u00e2lnire \u00een acela\u0219i loc \u0219i anul viitor, tot \u00een septembrie. P\u00e2n\u0103 atunci, fiecare participant poart\u0103 deviza \u201eFii o schimbare!\u201d \u00een propriul suflet.<\/p>\n<p><a href=\"https:\/\/www.adventist.ro\/index\/fii-o-schimbare\/hdr\/\"><img decoding=\"async\" loading=\"lazy\" width=\"150\" height=\"150\" src=\"http:\/\/adventistoltenia.ro\/site\/wp-content\/uploads\/2019\/09\/DSC_0886-150x150.jpg\" class=\"attachment-thumbnail size-thumbnail\" alt=\"\" srcset=\"http:\/\/adventistoltenia.ro\/site\/wp-content\/uploads\/2019\/09\/DSC_0886-150x150.jpg 150w, https:\/\/www.adventist.ro\/index\/wp-content\/uploads\/2019\/09\/DSC_0886-250x250.jpg 250w, https:\/\/www.adventist.ro\/index\/wp-content\/uploads\/2019\/09\/DSC_0886-400x400.jpg 400w, https:\/\/www.adventist.ro\/index\/wp-content\/uploads\/2019\/09\/DSC_0886-700x700.jpg 700w, https:\/\/www.adventist.ro\/index\/wp-content\/uploads\/2019\/09\/DSC_0886-900x900.jpg 900w, https:\/\/www.adventist.ro\/index\/wp-content\/uploads\/2019\/09\/DSC_0886-96x96.jpg 96w\" sizes=\"(max-width: 150px) 100vw, 150px\"><\/a><br \/>\n<a href=\"https:\/\/www.adventist.ro\/index\/fii-o-schimbare\/dsc_0643\/\"><img decoding=\"async\" loading=\"lazy\" width=\"150\" height=\"150\" src=\"http:\/\/adventistoltenia.ro\/site\/wp-content\/uploads\/2019\/09\/DSC_0643-150x150.jpg\" class=\"attachment-thumbnail size-thumbnail\" alt=\"\" srcset=\"http:\/\/adventistoltenia.ro\/site\/wp-content\/uploads\/2019\/09\/DSC_0643-150x150.jpg 150w, https:\/\/www.adventist.ro\/index\/wp-content\/uploads\/2019\/09\/DSC_0643-250x250.jpg 250w, https:\/\/www.adventist.ro\/index\/wp-content\/uploads\/2019\/09\/DSC_0643-400x400.jpg 400w, https:\/\/www.adventist.ro\/index\/wp-content\/uploads\/2019\/09\/DSC_0643-700x700.jpg 700w, https:\/\/www.adventist.ro\/index\/wp-content\/uploads\/2019\/09\/DSC_0643-900x900.jpg 900w, https:\/\/www.adventist.ro\/index\/wp-content\/uploads\/2019\/09\/DSC_0643-96x96.jpg 96w\" sizes=\"(max-width: 150px) 100vw, 150px\"><\/a><br \/>\n<a href=\"https:\/\/www.adventist.ro\/index\/fii-o-schimbare\/dsc_0092\/\"><img decoding=\"async\" loading=\"lazy\" width=\"150\" height=\"150\" src=\"http:\/\/adventistoltenia.ro\/site\/wp-content\/uploads\/2019\/09\/DSC_0092-150x150.jpg\" class=\"attachment-thumbnail size-thumbnail\" alt=\"\" srcset=\"http:\/\/adventistoltenia.ro\/site\/wp-content\/uploads\/2019\/09\/DSC_0092-150x150.jpg 150w, https:\/\/www.adventist.ro\/index\/wp-content\/uploads\/2019\/09\/DSC_0092-250x250.jpg 250w, https:\/\/www.adventist.ro\/index\/wp-content\/uploads\/2019\/09\/DSC_0092-400x400.jpg 400w, https:\/\/www.adventist.ro\/index\/wp-content\/uploads\/2019\/09\/DSC_0092-700x700.jpg 700w, https:\/\/www.adventist.ro\/index\/wp-content\/uploads\/2019\/09\/DSC_0092-900x900.jpg 900w, https:\/\/www.adventist.ro\/index\/wp-content\/uploads\/2019\/09\/DSC_0092-96x96.jpg 96w\" sizes=\"(max-width: 150px) 100vw, 150px\"><\/a><br \/>\n<a href=\"https:\/\/www.adventist.ro\/index\/fii-o-schimbare\/dsc_0385\/\"><img decoding=\"async\" loading=\"lazy\" width=\"150\" height=\"150\" src=\"http:\/\/adventistoltenia.ro\/site\/wp-content\/uploads\/2019\/09\/DSC_0385-150x150.jpg\" class=\"attachment-thumbnail size-thumbnail\" alt=\"\" srcset=\"http:\/\/adventistoltenia.ro\/site\/wp-content\/uploads\/2019\/09\/DSC_0385-150x150.jpg 150w, https:\/\/www.adventist.ro\/index\/wp-content\/uploads\/2019\/09\/DSC_0385-250x250.jpg 250w, https:\/\/www.adventist.ro\/index\/wp-content\/uploads\/2019\/09\/DSC_0385-400x400.jpg 400w, https:\/\/www.adventist.ro\/index\/wp-content\/uploads\/2019\/09\/DSC_0385-700x700.jpg 700w, https:\/\/www.adventist.ro\/index\/wp-content\/uploads\/2019\/09\/DSC_0385-900x900.jpg 900w, https:\/\/www.adventist.ro\/index\/wp-content\/uploads\/2019\/09\/DSC_0385-96x96.jpg 96w\" sizes=\"(max-width: 150px) 100vw, 150px\"><\/a><\/div>\n<p class=\"wpematico_credit\"><small>Powered by <a href=\"http:\/\/www.wpematico.com\" target=\"_blank\">WPeMatico<\/a><\/small><\/p>\n ","protected":false},"excerpt":{"rendered":"<p>\u00cen perioada 1- 9 septembrie, Pensiunea Sequoia din Mun\u021bii Apuseni a g\u0103zduit tab\u0103ra anual\u0103 a persoanelor cu dizabilit\u0103\u021bi, organizat\u0103 de Asocia\u021bia Ridica-te si Umbl\u0103 sub motto-ul \u201eFii o schimbare!\u201d. Cei 170 de participan\u021bi, din care 120 \u2013 persoane cu dizabilitate s-au bucurat de un program variat compus din: \u2013 drume\u021bii \u00een natura pentru persoane cu &hellip; <a href=\"https:\/\/adventistoltenia.ro\/site\/fii-o-schimbare\/\">Continued<\/a><\/p>\n","protected":false},"author":2,"featured_media":2989,"comment_status":"open","ping_status":"closed","sticky":false,"template":"","format":"standard","meta":[],"categories":[71],"tags":[],"yoast_head":"<!-- This site is optimized with the Yoast SEO plugin v20.3 - https:\/\/yoast.com\/wordpress\/plugins\/seo\/ -->\n<title>Fii o schimbare! - Conferinta Oltenia<\/title>\n<meta name=\"robots\" content=\"index, follow, max-snippet:-1, max-image-preview:large, max-video-preview:-1\" \/>\n<link rel=\"canonical\" href=\"https:\/\/adventistoltenia.ro\/site\/fii-o-schimbare\/\" \/>\n<meta property=\"og:locale\" content=\"en_US\" \/>\n<meta property=\"og:type\" content=\"article\" \/>\n<meta property=\"og:title\" content=\"Fii o schimbare! - Conferinta Oltenia\" \/>\n<meta property=\"og:description\" content=\"\u00cen perioada 1- 9 septembrie, Pensiunea Sequoia din Mun\u021bii Apuseni a g\u0103zduit tab\u0103ra anual\u0103 a persoanelor cu dizabilit\u0103\u021bi, organizat\u0103 de Asocia\u021bia Ridica-te si Umbl\u0103 sub motto-ul \u201eFii o schimbare!\u201d. Cei 170 de participan\u021bi, din care 120 \u2013 persoane cu dizabilitate s-au bucurat de un program variat compus din: \u2013 drume\u021bii \u00een natura pentru persoane cu &hellip; Continued\" \/>\n<meta property=\"og:url\" content=\"https:\/\/adventistoltenia.ro\/site\/fii-o-schimbare\/\" \/>\n<meta property=\"og:site_name\" content=\"Conferinta Oltenia\" \/>\n<meta property=\"article:published_time\" content=\"2019-09-13T01:13:14+00:00\" \/>\n<meta property=\"og:image\" content=\"https:\/\/adventistoltenia.ro\/site\/wp-content\/uploads\/2019\/09\/DSC_0886-150x150.jpg\" \/>\n\t<meta property=\"og:image:width\" content=\"150\" \/>\n\t<meta property=\"og:image:height\" content=\"150\" \/>\n\t<meta property=\"og:image:type\" content=\"image\/jpeg\" \/>\n<meta name=\"author\" content=\"Conferinta Oltenia\" \/>\n<meta name=\"twitter:card\" content=\"summary_large_image\" \/>\n<meta name=\"twitter:label1\" content=\"Written by\" \/>\n\t<meta name=\"twitter:data1\" content=\"Conferinta Oltenia\" \/>\n\t<meta name=\"twitter:label2\" content=\"Est. reading time\" \/>\n\t<meta name=\"twitter:data2\" content=\"1 minute\" \/>\n<script type=\"application\/ld+json\" class=\"yoast-schema-graph\">{\"@context\":\"https:\/\/schema.org\",\"@graph\":[{\"@type\":\"WebPage\",\"@id\":\"https:\/\/adventistoltenia.ro\/site\/fii-o-schimbare\/\",\"url\":\"https:\/\/adventistoltenia.ro\/site\/fii-o-schimbare\/\",\"name\":\"Fii o schimbare! - Conferinta Oltenia\",\"isPartOf\":{\"@id\":\"https:\/\/adventistoltenia.ro\/site\/#website\"},\"datePublished\":\"2019-09-13T01:13:14+00:00\",\"dateModified\":\"2019-09-13T01:13:14+00:00\",\"author\":{\"@id\":\"https:\/\/adventistoltenia.ro\/site\/#\/schema\/person\/81972d6ddcec064fcb37a129240ef9d7\"},\"breadcrumb\":{\"@id\":\"https:\/\/adventistoltenia.ro\/site\/fii-o-schimbare\/#breadcrumb\"},\"inLanguage\":\"en-US\",\"potentialAction\":[{\"@type\":\"ReadAction\",\"target\":[\"https:\/\/adventistoltenia.ro\/site\/fii-o-schimbare\/\"]}]},{\"@type\":\"BreadcrumbList\",\"@id\":\"https:\/\/adventistoltenia.ro\/site\/fii-o-schimbare\/#breadcrumb\",\"itemListElement\":[{\"@type\":\"ListItem\",\"position\":1,\"name\":\"Home\",\"item\":\"https:\/\/adventistoltenia.ro\/site\/\"},{\"@type\":\"ListItem\",\"position\":2,\"name\":\"Fii o schimbare!\"}]},{\"@type\":\"WebSite\",\"@id\":\"https:\/\/adventistoltenia.ro\/site\/#website\",\"url\":\"https:\/\/adventistoltenia.ro\/site\/\",\"name\":\"Conferinta Oltenia\",\"description\":\"Biserica Adventista de Ziua a Saptea\",\"potentialAction\":[{\"@type\":\"SearchAction\",\"target\":{\"@type\":\"EntryPoint\",\"urlTemplate\":\"https:\/\/adventistoltenia.ro\/site\/?s={search_term_string}\"},\"query-input\":\"required name=search_term_string\"}],\"inLanguage\":\"en-US\"},{\"@type\":\"Person\",\"@id\":\"https:\/\/adventistoltenia.ro\/site\/#\/schema\/person\/81972d6ddcec064fcb37a129240ef9d7\",\"name\":\"Conferinta Oltenia\",\"image\":{\"@type\":\"ImageObject\",\"inLanguage\":\"en-US\",\"@id\":\"https:\/\/adventistoltenia.ro\/site\/#\/schema\/person\/image\/\",\"url\":\"https:\/\/secure.gravatar.com\/avatar\/ebe92ec22e2e53a8eb79d6b52b724e27?s=96&d=mm&r=g\",\"contentUrl\":\"https:\/\/secure.gravatar.com\/avatar\/ebe92ec22e2e53a8eb79d6b52b724e27?s=96&d=mm&r=g\",\"caption\":\"Conferinta Oltenia\"},\"url\":\"https:\/\/adventistoltenia.ro\/site\/author\/adm1n\/\"}]}<\/script>\n<!-- \/ Yoast SEO plugin. -->","yoast_head_json":{"title":"Fii o schimbare! - Conferinta Oltenia","robots":{"index":"index","follow":"follow","max-snippet":"max-snippet:-1","max-image-preview":"max-image-preview:large","max-video-preview":"max-video-preview:-1"},"canonical":"https:\/\/adventistoltenia.ro\/site\/fii-o-schimbare\/","og_locale":"en_US","og_type":"article","og_title":"Fii o schimbare! - Conferinta Oltenia","og_description":"\u00cen perioada 1- 9 septembrie, Pensiunea Sequoia din Mun\u021bii Apuseni a g\u0103zduit tab\u0103ra anual\u0103 a persoanelor cu dizabilit\u0103\u021bi, organizat\u0103 de Asocia\u021bia Ridica-te si Umbl\u0103 sub motto-ul \u201eFii o schimbare!\u201d. Cei 170 de participan\u021bi, din care 120 \u2013 persoane cu dizabilitate s-au bucurat de un program variat compus din: \u2013 drume\u021bii \u00een natura pentru persoane cu &hellip; Continued","og_url":"https:\/\/adventistoltenia.ro\/site\/fii-o-schimbare\/","og_site_name":"Conferinta Oltenia","article_published_time":"2019-09-13T01:13:14+00:00","og_image":[{"width":150,"height":150,"url":"https:\/\/adventistoltenia.ro\/site\/wp-content\/uploads\/2019\/09\/DSC_0886-150x150.jpg","type":"image\/jpeg"}],"author":"Conferinta Oltenia","twitter_card":"summary_large_image","twitter_misc":{"Written by":"Conferinta Oltenia","Est. reading time":"1 minute"},"schema":{"@context":"https:\/\/schema.org","@graph":[{"@type":"WebPage","@id":"https:\/\/adventistoltenia.ro\/site\/fii-o-schimbare\/","url":"https:\/\/adventistoltenia.ro\/site\/fii-o-schimbare\/","name":"Fii o schimbare! - Conferinta Oltenia","isPartOf":{"@id":"https:\/\/adventistoltenia.ro\/site\/#website"},"datePublished":"2019-09-13T01:13:14+00:00","dateModified":"2019-09-13T01:13:14+00:00","author":{"@id":"https:\/\/adventistoltenia.ro\/site\/#\/schema\/person\/81972d6ddcec064fcb37a129240ef9d7"},"breadcrumb":{"@id":"https:\/\/adventistoltenia.ro\/site\/fii-o-schimbare\/#breadcrumb"},"inLanguage":"en-US","potentialAction":[{"@type":"ReadAction","target":["https:\/\/adventistoltenia.ro\/site\/fii-o-schimbare\/"]}]},{"@type":"BreadcrumbList","@id":"https:\/\/adventistoltenia.ro\/site\/fii-o-schimbare\/#breadcrumb","itemListElement":[{"@type":"ListItem","position":1,"name":"Home","item":"https:\/\/adventistoltenia.ro\/site\/"},{"@type":"ListItem","position":2,"name":"Fii o schimbare!"}]},{"@type":"WebSite","@id":"https:\/\/adventistoltenia.ro\/site\/#website","url":"https:\/\/adventistoltenia.ro\/site\/","name":"Conferinta Oltenia","description":"Biserica Adventista de Ziua a Saptea","potentialAction":[{"@type":"SearchAction","target":{"@type":"EntryPoint","urlTemplate":"https:\/\/adventistoltenia.ro\/site\/?s={search_term_string}"},"query-input":"required name=search_term_string"}],"inLanguage":"en-US"},{"@type":"Person","@id":"https:\/\/adventistoltenia.ro\/site\/#\/schema\/person\/81972d6ddcec064fcb37a129240ef9d7","name":"Conferinta Oltenia","image":{"@type":"ImageObject","inLanguage":"en-US","@id":"https:\/\/adventistoltenia.ro\/site\/#\/schema\/person\/image\/","url":"https:\/\/secure.gravatar.com\/avatar\/ebe92ec22e2e53a8eb79d6b52b724e27?s=96&d=mm&r=g","contentUrl":"https:\/\/secure.gravatar.com\/avatar\/ebe92ec22e2e53a8eb79d6b52b724e27?s=96&d=mm&r=g","caption":"Conferinta Oltenia"},"url":"https:\/\/adventistoltenia.ro\/site\/author\/adm1n\/"}]}},"_links":{"self":[{"href":"https:\/\/adventistoltenia.ro\/site\/wp-json\/wp\/v2\/posts\/2988"}],"collection":[{"href":"https:\/\/adventistoltenia.ro\/site\/wp-json\/wp\/v2\/posts"}],"about":[{"href":"https:\/\/adventistoltenia.ro\/site\/wp-json\/wp\/v2\/types\/post"}],"author":[{"embeddable":true,"href":"https:\/\/adventistoltenia.ro\/site\/wp-json\/wp\/v2\/users\/2"}],"replies":[{"embeddable":true,"href":"https:\/\/adventistoltenia.ro\/site\/wp-json\/wp\/v2\/comments?post=2988"}],"version-history":[{"count":0,"href":"https:\/\/adventistoltenia.ro\/site\/wp-json\/wp\/v2\/posts\/2988\/revisions"}],"wp:featuredmedia":[{"embeddable":true,"href":"https:\/\/adventistoltenia.ro\/site\/wp-json\/wp\/v2\/media\/2989"}],"wp:attachment":[{"href":"https:\/\/adventistoltenia.ro\/site\/wp-json\/wp\/v2\/media?parent=2988"}],"wp:term":[{"taxonomy":"category","embeddable":true,"href":"https:\/\/adventistoltenia.ro\/site\/wp-json\/wp\/v2\/categories?post=2988"},{"taxonomy":"post_tag","embeddable":true,"href":"https:\/\/adventistoltenia.ro\/site\/wp-json\/wp\/v2\/tags?post=2988"}],"curies":[{"name":"wp","href":"https:\/\/api.w.org\/{rel}","templated":true}]}}