{"id":2994,"date":"2019-09-16T01:05:22","date_gmt":"2019-09-16T01:05:22","guid":{"rendered":"http:\/\/adventistoltenia.ro\/site\/sugestii-de-lectura-pavel-apostolul-gloriei-lui-dumnezeu-in-christos-o-teologie-paulina\/"},"modified":"2019-09-16T01:05:22","modified_gmt":"2019-09-16T01:05:22","slug":"sugestii-de-lectura-pavel-apostolul-gloriei-lui-dumnezeu-in-christos-o-teologie-paulina","status":"publish","type":"post","link":"https:\/\/adventistoltenia.ro\/site\/sugestii-de-lectura-pavel-apostolul-gloriei-lui-dumnezeu-in-christos-o-teologie-paulina\/","title":{"rendered":"Sugestii de lectur\u0103 \u2013 Pavel, apostolul gloriei lui Dumnezeu \u00een Christos \u2013 o teologie paulin\u0103"},"content":{"rendered":"<div>\n<p>Apostolul Pavel este pentru mul\u021bi cititori ai Bibliei o piatr\u0103 de \u00eencercare, \u0219i asta nu de azi de ieri, ci \u00eenc\u0103 din timpul c\u00e2nd \u0219i-a scris epistolele\u2026<\/p>\n<p>PAVEL, APOSTOLUL GLORIEI LUI DUMNEZEU \u00ceN CHRISTOS \u2013 O TEOLOGIE PAULIN\u0102, de Thomas R. Schreiner, Edi\u021bia a doua, Editura F\u0103clia, Oradea, 2019\u2026<\/p>\n<p><strong>Thomas R. Schreiner<\/strong> este profesor de <em>Interpretarea Noului Testament<\/em> la <em>Southern Baptist Theological Seminary<\/em> din Louisville, Kentucky, Statele Unite. A mai predat \u0219i la <em>Bethel Theological Seminry <\/em>\u0219i la <em>Azusa Pacific University<\/em>. Este co-pre\u0219edinte al <em>Christian Standard Bible<\/em><em>\u2019s Translation Oversight Committee<\/em>. \u00cen 2014 a fost pre\u0219edinte a <em>Evangelical Theological Society<\/em>. \u00centre 2001 \u0219i 2015 a slujit ca <em>Pastor of Preaching<\/em> la <em>Clifton Baptist Church<\/em> \u00een Louisville, Kentucky.<\/p>\n<p>\u0218i-a f\u0103cut studiile universitare, de master \u0219i doctorale la <em>Western Oregon University, Western Conservative Baptist Seminary \u0219i Fuller Theological Seminary<\/em>. A publicat o mul\u021bime de c\u0103r\u021bi, dintre care men\u021bion\u0103m seria de <em>Comentarii la Romani, Evrei, 1 \u0219i 2 Petru, Iuda<\/em>.<\/p>\n<p>\u201eAv\u00e2nd \u00een vedere numeroasele lucr\u0103ri pline de erudi\u021bie asupra literaturii pauline, a scrie o teologie a acestui apostol este cu adev\u0103rat un demers intimidant\u2026Schreiner a reu\u0219it s\u0103 fac\u0103 lucrul acesta \u00eentr-o manier\u0103 admirabil\u0103, oferind o analiz\u0103 extrem de competent\u0103, care se remarc\u0103 \u00een cel pu\u021bin trei feluri: se concentreaz\u0103 asupra lui Pavel ca misionar; identific\u0103 miezul teologiei pauline ca fiind \u201eDumnezeu \u00een Christos\u201d \u0219i afirm\u0103 autenticitatea tuturor celor treisprezece c\u0103r\u021bi atribuite lui Pavel.\u201d \u2013 <em>Andreas Kostenberger, Southeastern Baptist Theological Seminary.<\/em><\/p>\n<p>\u201eUn profund studiu exegetic al teologiei lui Pavel. Chiar \u0219i cei care nu vor fi de acord cu unele dintre concluziile autorului vor beneficia de pe urma analizei sale profunde asupra textului epistolelor lui Pavel \u0219i de pe urma modului corect \u00een care trateaz\u0103 pozi\u021biile alternative.\u201d \u2013 <em>Frank Thielman, Beeson Divinity School.<\/em><\/p>\n<p>Autorul explic\u0103 scopul urm\u0103rit prin alc\u0103tuirea acestei lucr\u0103ri: \u201eScopul meu \u00een scrierea c\u0103r\u021bii de fa\u021b\u0103 a fost acela de a realiza un manual de teologie paulin\u0103 at\u00e2t pentru studen\u021bii de la nivel de colegiu c\u00e2t \u0219i pentru cei de la nivel de seminar. Ca urmare, nu inten\u021bionez s\u0103 interac\u021bionez \u00een mod extensiv cu al\u021bi teologi, cu toate c\u0103 dialoghez cu ei pentru a demonstra c\u0103 sunt la curent cu ce se \u00eent\u00e2mpl\u0103 \u00een studiile pauline. Unele c\u0103r\u021bi sunt de un real folos prin aceea c\u0103 schi\u021beaz\u0103 peisajul oferit de surse secundare. Totu\u0219i, scopul meu principal a fost acela de a explica textul biblic, deoarece studen\u021bii trebuie s\u0103 vad\u0103 c\u0103 sursele primare sunt temelia pe care se cl\u0103de\u0219te teologia paulin\u0103. Inten\u021bia mea este aceea de a-mi prezenta \u0219i ap\u0103ra \u00een\u021belegerea mea cu privire la teologia paulin\u0103. Recunosc \u00eenc\u0103 de la \u00eenceput c\u0103 nu am scris o teologie paulin\u0103 definitiv\u0103, \u00eens\u0103 sper c\u0103 al\u021bii pot profita de fr\u0103m\u00e2ntarea mea cu textul.\u201d(p.7).<\/p>\n<p>Lucrarea este una consistent\u0103 (604 pagini) \u0219i este construit\u0103 \u00een 16 capitole:<\/p>\n<ul>\n<li>Introducere: <em>Centralitatea lui Dumnezeu \u00een Cristos \u00een teologia lui Pavel<\/em>;<\/li>\n<li>Proclamarea unui Dumnezeu m\u0103re\u021b: <em>Misiunea paulin\u0103<\/em>;<\/li>\n<li>Bazele pentru misiune: <em>\u00cemplinirea promisiunilor f\u0103cute lui Avraam<\/em>;<\/li>\n<li>Suferin\u021ba \u0219i misiunea paulin\u0103: <em>Mijloacele pentru r\u0103sp\u00e2ndirea Evangheliei<\/em>;<\/li>\n<li>Dezonoarea lui Dumnezeu: <em>\u00cenc\u0103lcarea Legii lui Dumnezeu<\/em>;<\/li>\n<li>Dezonoarea lui Dumnezeu: <em>Puterea p\u0103catului<\/em>;<\/li>\n<li>Persoana lui Isus Cristos: <em>\u00cen\u0103l\u021barea lui Cristos pentru gloria lui Dumnezeu<\/em>;<\/li>\n<li>Dreptatea m\u00e2ntuitoare a lui Dumnezeu: <em>Baza unei rela\u021bii drepte cu Dumnezeu<\/em>;<\/li>\n<li>Lucrarea eliberatoare a lui Dumnezeu pentru poporul S\u0103u: <em>Harul divin transformator<\/em>;<\/li>\n<li>Tr\u0103irea pentru onoarea lui Dumnezeu: <em>Puterea de a tr\u0103i o via\u021b\u0103 nou\u0103<\/em>;<\/li>\n<li>Credin\u021b\u0103 \u0219i speran\u021b\u0103: <em>Temelia persever\u0103rii<\/em>;<\/li>\n<li>Via\u021b\u0103 \u0219i dragoste \u00een Duhul: <em>\u00cendemnuri \u0219i Legea la Pavel<\/em>;<\/li>\n<li>Biserica \u0219i darurile spirituale: <em>Unitatea poporului lui Dumnezeu<\/em>;<\/li>\n<li>R\u00e2nduielile Bisericii \u0219i lucrarea ei: <em>Zidirea trupului<\/em>;<\/li>\n<li>Lumea social\u0103 a noii comunit\u0103\u021bi: <em>Tr\u0103irea \u00een calitate de cre\u0219tini \u00een cultur\u0103<\/em>;<\/li>\n<li>Speran\u021ba poporului lui Dumnezeu: <em>\u00cemplinirea scopurilor m\u00e2ntuitoare a lui Dumnezeu<\/em>.<\/li>\n<\/ul>\n<p>\u201eAbilit\u0103\u021bile lui Tom Schreimer de exeget competent \u0219i scriitor iscusit se \u00eembin\u0103 minunat \u00een acest volum superb asupra teologiei pauline. Schreiner nu doar c\u0103 prezint\u0103 subiectele majore ale teologiei pauline cu o claritate excep\u021bional\u0103, ci totodat\u0103 ofer\u0103 perspective pline de lumin\u0103 asupra chestiunilor dificile pe care le ridic\u0103 ast\u0103zi studiile pauline, precum \u0219i numeroase aplica\u021bii la via\u021ba bisericii contemporane.\u201d \u2013 <em>Clinton E. Arnold, Talbot School of Theology<\/em>.<\/p>\n<p>O lucrare serioasa, bine documentat\u0103 \u0219i profund\u0103, dar, \u00een acela\u0219i timp, scris\u0103 \u00eentr-un limbaj accesibil unui cititor obi\u0219nuit. O lectur\u0103 care are menirea s\u0103 organizeze \u00eentr-un tot coerent g\u00e2ndirea exprimat\u0103 de Pavel \u00een epistolele sale.<\/p>\n<p>Lectur\u0103 folositoare \u0219i hr\u0103nitoare\u2026\u0218i nu uita\u021bi s\u0103 mesteca\u021bi\u2026\u00cenghi\u021bitul pe nemestecate este d\u0103un\u0103tor\u2026<\/p>\n<p><a href=\"https:\/\/www.facebook.com\/valeriu.petrescu.3\">Dr. Valeriu Petrescu<\/a><\/p>\n<\/div>\n<p class=\"wpematico_credit\"><small>Powered by <a href=\"http:\/\/www.wpematico.com\" target=\"_blank\">WPeMatico<\/a><\/small><\/p>\n ","protected":false},"excerpt":{"rendered":"<p>Apostolul Pavel este pentru mul\u021bi cititori ai Bibliei o piatr\u0103 de \u00eencercare, \u0219i asta nu de azi de ieri, ci \u00eenc\u0103 din timpul c\u00e2nd \u0219i-a scris epistolele\u2026 PAVEL, APOSTOLUL GLORIEI LUI DUMNEZEU \u00ceN CHRISTOS \u2013 O TEOLOGIE PAULIN\u0102, de Thomas R. Schreiner, Edi\u021bia a doua, Editura F\u0103clia, Oradea, 2019\u2026 Thomas R. Schreiner este profesor de &hellip; <a href=\"https:\/\/adventistoltenia.ro\/site\/sugestii-de-lectura-pavel-apostolul-gloriei-lui-dumnezeu-in-christos-o-teologie-paulina\/\">Continued<\/a><\/p>\n","protected":false},"author":2,"featured_media":0,"comment_status":"open","ping_status":"closed","sticky":false,"template":"","format":"standard","meta":[],"categories":[71],"tags":[],"yoast_head":"<!-- This site is optimized with the Yoast SEO plugin v20.3 - https:\/\/yoast.com\/wordpress\/plugins\/seo\/ -->\n<title>Sugestii de lectur\u0103 \u2013 Pavel, apostolul gloriei lui Dumnezeu \u00een Christos \u2013 o teologie paulin\u0103 - Conferinta Oltenia<\/title>\n<meta name=\"robots\" content=\"index, follow, max-snippet:-1, max-image-preview:large, max-video-preview:-1\" \/>\n<link rel=\"canonical\" href=\"https:\/\/adventistoltenia.ro\/site\/sugestii-de-lectura-pavel-apostolul-gloriei-lui-dumnezeu-in-christos-o-teologie-paulina\/\" \/>\n<meta property=\"og:locale\" content=\"en_US\" \/>\n<meta property=\"og:type\" content=\"article\" \/>\n<meta property=\"og:title\" content=\"Sugestii de lectur\u0103 \u2013 Pavel, apostolul gloriei lui Dumnezeu \u00een Christos \u2013 o teologie paulin\u0103 - Conferinta Oltenia\" \/>\n<meta property=\"og:description\" content=\"Apostolul Pavel este pentru mul\u021bi cititori ai Bibliei o piatr\u0103 de \u00eencercare, \u0219i asta nu de azi de ieri, ci \u00eenc\u0103 din timpul c\u00e2nd \u0219i-a scris epistolele\u2026 PAVEL, APOSTOLUL GLORIEI LUI DUMNEZEU \u00ceN CHRISTOS \u2013 O TEOLOGIE PAULIN\u0102, de Thomas R. Schreiner, Edi\u021bia a doua, Editura F\u0103clia, Oradea, 2019\u2026 Thomas R. Schreiner este profesor de &hellip; Continued\" \/>\n<meta property=\"og:url\" content=\"https:\/\/adventistoltenia.ro\/site\/sugestii-de-lectura-pavel-apostolul-gloriei-lui-dumnezeu-in-christos-o-teologie-paulina\/\" \/>\n<meta property=\"og:site_name\" content=\"Conferinta Oltenia\" \/>\n<meta property=\"article:published_time\" content=\"2019-09-16T01:05:22+00:00\" \/>\n<meta name=\"author\" content=\"Conferinta Oltenia\" \/>\n<meta name=\"twitter:card\" content=\"summary_large_image\" \/>\n<meta name=\"twitter:label1\" content=\"Written by\" \/>\n\t<meta name=\"twitter:data1\" content=\"Conferinta Oltenia\" \/>\n\t<meta name=\"twitter:label2\" content=\"Est. reading time\" \/>\n\t<meta name=\"twitter:data2\" content=\"4 minutes\" \/>\n<script type=\"application\/ld+json\" class=\"yoast-schema-graph\">{\"@context\":\"https:\/\/schema.org\",\"@graph\":[{\"@type\":\"WebPage\",\"@id\":\"https:\/\/adventistoltenia.ro\/site\/sugestii-de-lectura-pavel-apostolul-gloriei-lui-dumnezeu-in-christos-o-teologie-paulina\/\",\"url\":\"https:\/\/adventistoltenia.ro\/site\/sugestii-de-lectura-pavel-apostolul-gloriei-lui-dumnezeu-in-christos-o-teologie-paulina\/\",\"name\":\"Sugestii de lectur\u0103 \u2013 Pavel, apostolul gloriei lui Dumnezeu \u00een Christos \u2013 o teologie paulin\u0103 - Conferinta Oltenia\",\"isPartOf\":{\"@id\":\"https:\/\/adventistoltenia.ro\/site\/#website\"},\"datePublished\":\"2019-09-16T01:05:22+00:00\",\"dateModified\":\"2019-09-16T01:05:22+00:00\",\"author\":{\"@id\":\"https:\/\/adventistoltenia.ro\/site\/#\/schema\/person\/81972d6ddcec064fcb37a129240ef9d7\"},\"breadcrumb\":{\"@id\":\"https:\/\/adventistoltenia.ro\/site\/sugestii-de-lectura-pavel-apostolul-gloriei-lui-dumnezeu-in-christos-o-teologie-paulina\/#breadcrumb\"},\"inLanguage\":\"en-US\",\"potentialAction\":[{\"@type\":\"ReadAction\",\"target\":[\"https:\/\/adventistoltenia.ro\/site\/sugestii-de-lectura-pavel-apostolul-gloriei-lui-dumnezeu-in-christos-o-teologie-paulina\/\"]}]},{\"@type\":\"BreadcrumbList\",\"@id\":\"https:\/\/adventistoltenia.ro\/site\/sugestii-de-lectura-pavel-apostolul-gloriei-lui-dumnezeu-in-christos-o-teologie-paulina\/#breadcrumb\",\"itemListElement\":[{\"@type\":\"ListItem\",\"position\":1,\"name\":\"Home\",\"item\":\"https:\/\/adventistoltenia.ro\/site\/\"},{\"@type\":\"ListItem\",\"position\":2,\"name\":\"Sugestii de lectur\u0103 \u2013 Pavel, apostolul gloriei lui Dumnezeu \u00een Christos \u2013 o teologie paulin\u0103\"}]},{\"@type\":\"WebSite\",\"@id\":\"https:\/\/adventistoltenia.ro\/site\/#website\",\"url\":\"https:\/\/adventistoltenia.ro\/site\/\",\"name\":\"Conferinta Oltenia\",\"description\":\"Biserica Adventista de Ziua a Saptea\",\"potentialAction\":[{\"@type\":\"SearchAction\",\"target\":{\"@type\":\"EntryPoint\",\"urlTemplate\":\"https:\/\/adventistoltenia.ro\/site\/?s={search_term_string}\"},\"query-input\":\"required name=search_term_string\"}],\"inLanguage\":\"en-US\"},{\"@type\":\"Person\",\"@id\":\"https:\/\/adventistoltenia.ro\/site\/#\/schema\/person\/81972d6ddcec064fcb37a129240ef9d7\",\"name\":\"Conferinta Oltenia\",\"image\":{\"@type\":\"ImageObject\",\"inLanguage\":\"en-US\",\"@id\":\"https:\/\/adventistoltenia.ro\/site\/#\/schema\/person\/image\/\",\"url\":\"https:\/\/secure.gravatar.com\/avatar\/ebe92ec22e2e53a8eb79d6b52b724e27?s=96&d=mm&r=g\",\"contentUrl\":\"https:\/\/secure.gravatar.com\/avatar\/ebe92ec22e2e53a8eb79d6b52b724e27?s=96&d=mm&r=g\",\"caption\":\"Conferinta Oltenia\"},\"url\":\"https:\/\/adventistoltenia.ro\/site\/author\/adm1n\/\"}]}<\/script>\n<!-- \/ Yoast SEO plugin. -->","yoast_head_json":{"title":"Sugestii de lectur\u0103 \u2013 Pavel, apostolul gloriei lui Dumnezeu \u00een Christos \u2013 o teologie paulin\u0103 - Conferinta Oltenia","robots":{"index":"index","follow":"follow","max-snippet":"max-snippet:-1","max-image-preview":"max-image-preview:large","max-video-preview":"max-video-preview:-1"},"canonical":"https:\/\/adventistoltenia.ro\/site\/sugestii-de-lectura-pavel-apostolul-gloriei-lui-dumnezeu-in-christos-o-teologie-paulina\/","og_locale":"en_US","og_type":"article","og_title":"Sugestii de lectur\u0103 \u2013 Pavel, apostolul gloriei lui Dumnezeu \u00een Christos \u2013 o teologie paulin\u0103 - Conferinta Oltenia","og_description":"Apostolul Pavel este pentru mul\u021bi cititori ai Bibliei o piatr\u0103 de \u00eencercare, \u0219i asta nu de azi de ieri, ci \u00eenc\u0103 din timpul c\u00e2nd \u0219i-a scris epistolele\u2026 PAVEL, APOSTOLUL GLORIEI LUI DUMNEZEU \u00ceN CHRISTOS \u2013 O TEOLOGIE PAULIN\u0102, de Thomas R. Schreiner, Edi\u021bia a doua, Editura F\u0103clia, Oradea, 2019\u2026 Thomas R. Schreiner este profesor de &hellip; Continued","og_url":"https:\/\/adventistoltenia.ro\/site\/sugestii-de-lectura-pavel-apostolul-gloriei-lui-dumnezeu-in-christos-o-teologie-paulina\/","og_site_name":"Conferinta Oltenia","article_published_time":"2019-09-16T01:05:22+00:00","author":"Conferinta Oltenia","twitter_card":"summary_large_image","twitter_misc":{"Written by":"Conferinta Oltenia","Est. reading time":"4 minutes"},"schema":{"@context":"https:\/\/schema.org","@graph":[{"@type":"WebPage","@id":"https:\/\/adventistoltenia.ro\/site\/sugestii-de-lectura-pavel-apostolul-gloriei-lui-dumnezeu-in-christos-o-teologie-paulina\/","url":"https:\/\/adventistoltenia.ro\/site\/sugestii-de-lectura-pavel-apostolul-gloriei-lui-dumnezeu-in-christos-o-teologie-paulina\/","name":"Sugestii de lectur\u0103 \u2013 Pavel, apostolul gloriei lui Dumnezeu \u00een Christos \u2013 o teologie paulin\u0103 - Conferinta Oltenia","isPartOf":{"@id":"https:\/\/adventistoltenia.ro\/site\/#website"},"datePublished":"2019-09-16T01:05:22+00:00","dateModified":"2019-09-16T01:05:22+00:00","author":{"@id":"https:\/\/adventistoltenia.ro\/site\/#\/schema\/person\/81972d6ddcec064fcb37a129240ef9d7"},"breadcrumb":{"@id":"https:\/\/adventistoltenia.ro\/site\/sugestii-de-lectura-pavel-apostolul-gloriei-lui-dumnezeu-in-christos-o-teologie-paulina\/#breadcrumb"},"inLanguage":"en-US","potentialAction":[{"@type":"ReadAction","target":["https:\/\/adventistoltenia.ro\/site\/sugestii-de-lectura-pavel-apostolul-gloriei-lui-dumnezeu-in-christos-o-teologie-paulina\/"]}]},{"@type":"BreadcrumbList","@id":"https:\/\/adventistoltenia.ro\/site\/sugestii-de-lectura-pavel-apostolul-gloriei-lui-dumnezeu-in-christos-o-teologie-paulina\/#breadcrumb","itemListElement":[{"@type":"ListItem","position":1,"name":"Home","item":"https:\/\/adventistoltenia.ro\/site\/"},{"@type":"ListItem","position":2,"name":"Sugestii de lectur\u0103 \u2013 Pavel, apostolul gloriei lui Dumnezeu \u00een Christos \u2013 o teologie paulin\u0103"}]},{"@type":"WebSite","@id":"https:\/\/adventistoltenia.ro\/site\/#website","url":"https:\/\/adventistoltenia.ro\/site\/","name":"Conferinta Oltenia","description":"Biserica Adventista de Ziua a Saptea","potentialAction":[{"@type":"SearchAction","target":{"@type":"EntryPoint","urlTemplate":"https:\/\/adventistoltenia.ro\/site\/?s={search_term_string}"},"query-input":"required name=search_term_string"}],"inLanguage":"en-US"},{"@type":"Person","@id":"https:\/\/adventistoltenia.ro\/site\/#\/schema\/person\/81972d6ddcec064fcb37a129240ef9d7","name":"Conferinta Oltenia","image":{"@type":"ImageObject","inLanguage":"en-US","@id":"https:\/\/adventistoltenia.ro\/site\/#\/schema\/person\/image\/","url":"https:\/\/secure.gravatar.com\/avatar\/ebe92ec22e2e53a8eb79d6b52b724e27?s=96&d=mm&r=g","contentUrl":"https:\/\/secure.gravatar.com\/avatar\/ebe92ec22e2e53a8eb79d6b52b724e27?s=96&d=mm&r=g","caption":"Conferinta Oltenia"},"url":"https:\/\/adventistoltenia.ro\/site\/author\/adm1n\/"}]}},"_links":{"self":[{"href":"https:\/\/adventistoltenia.ro\/site\/wp-json\/wp\/v2\/posts\/2994"}],"collection":[{"href":"https:\/\/adventistoltenia.ro\/site\/wp-json\/wp\/v2\/posts"}],"about":[{"href":"https:\/\/adventistoltenia.ro\/site\/wp-json\/wp\/v2\/types\/post"}],"author":[{"embeddable":true,"href":"https:\/\/adventistoltenia.ro\/site\/wp-json\/wp\/v2\/users\/2"}],"replies":[{"embeddable":true,"href":"https:\/\/adventistoltenia.ro\/site\/wp-json\/wp\/v2\/comments?post=2994"}],"version-history":[{"count":0,"href":"https:\/\/adventistoltenia.ro\/site\/wp-json\/wp\/v2\/posts\/2994\/revisions"}],"wp:attachment":[{"href":"https:\/\/adventistoltenia.ro\/site\/wp-json\/wp\/v2\/media?parent=2994"}],"wp:term":[{"taxonomy":"category","embeddable":true,"href":"https:\/\/adventistoltenia.ro\/site\/wp-json\/wp\/v2\/categories?post=2994"},{"taxonomy":"post_tag","embeddable":true,"href":"https:\/\/adventistoltenia.ro\/site\/wp-json\/wp\/v2\/tags?post=2994"}],"curies":[{"name":"wp","href":"https:\/\/api.w.org\/{rel}","templated":true}]}}