{"id":2995,"date":"2019-09-18T01:21:47","date_gmt":"2019-09-18T01:21:47","guid":{"rendered":"http:\/\/adventistoltenia.ro\/site\/pozitia-bisericii-adventiste-cu-privire-la-consumul-de-droguri-in-institutiile-de-invatamant\/"},"modified":"2019-09-18T01:21:47","modified_gmt":"2019-09-18T01:21:47","slug":"pozitia-bisericii-adventiste-cu-privire-la-consumul-de-droguri-in-institutiile-de-invatamant","status":"publish","type":"post","link":"https:\/\/adventistoltenia.ro\/site\/pozitia-bisericii-adventiste-cu-privire-la-consumul-de-droguri-in-institutiile-de-invatamant\/","title":{"rendered":"Pozi\u021bia Bisericii Adventiste cu privire la consumul de droguri \u00een institu\u021biile de \u00eenv\u0103\u021b\u0103m\u00e2nt"},"content":{"rendered":"<div>\n<p>Biserica Adventist\u0103 de Ziua a \u0218aptea din Rom\u00e2nia dore\u0219te s\u0103 reac\u021bioneze cu privire la declara\u021biile f\u0103cute de pre\u015fedintele executiv al Centrului Na\u0163ional Antidrog \u015fi pentru Drepturile Omului, Gigel Laz\u0103r, care a afirmat: \u201ePutem discuta de consumatori tineri aproape \u00een toate liceele din Rom\u00e2nia,\u2026 iar \u00een Bucure\u0219ti nu mai exist\u0103 liceu f\u0103r\u0103 consumatori de droguri\u201d. Declara\u021biile au fost f\u0103cute pe baza statisticilor oferite de Centrul Na\u0163ional Antidrog \u015fi pentru Drepturile Omului. Ca urmare a acestor afirma\u021bii, Biserica Adventist\u0103 de Ziua a \u0218aptea, dore\u0219te s\u0103 afirme c\u0103 \u00een institu\u021biile de \u00eenv\u0103\u021b\u0103m\u00e2nt conduse \u0219i coordonate de c\u0103tre Biserica Adventist\u0103, at\u00e2t \u00een Bucure\u0219ti, c\u00e2t \u0219i \u00een \u021bar\u0103, nu s-a sesizat niciun caz de consum de droguri \u0219i nu exist\u0103 tineri care s\u0103 consume astfel de substan\u021be.<\/p>\n<p>\u00cen acela\u0219i timp, Biserica Adventist\u0103 de Ziua a \u0218aptea reactioneaz\u0103 pozitiv \u00een ce prive\u0219te parteneriatul \u00eencheiat de Centrul Na\u0163ional Antidrog \u015fi pentru Drepturile Omului \u0219i Inspectoratul \u015ecolar al Municipiului Bucure\u015fti, \u00een baza c\u0103ruia se vor derula \u00een \u015fcoli campanii de informare cu privire la efectele nocive ale consumului de droguri. Faptul c\u0103 v\u00e2rsta tinerilor care consum\u0103 droguri a sc\u0103zut \u00een Rom\u00e2nia este, \u00eentr-adev\u0103r, un motiv de \u00eengrijorare.<br \/>\nPentru o via\u0163\u0103 s\u0103n\u0103toas\u0103, Adventi\u015ftii de Ziua a \u015eaptea \u00eendeamn\u0103 pe orice om s\u0103 urmeze un stil de via\u0163\u0103 care evit\u0103 produsele pe baz\u0103 de tutun, b\u0103uturile alcoolice \u015fi folosirea drogurilor.<br \/>\nMai multe informa\u021bii legate de convingerile pe care Biserica Adventist\u0103 de Ziua a \u0218aptea le are legat de acest subiect, pute\u021bi g\u0103si la urmatorul link: <a href=\"http:\/\/www.adventist.ro\/index\/droguri\/?fbclid=IwAR3_4QBtRXynLseZ8MUwv9z3qxDcK4UULSiHjx_3nruKFK55_xMw803dSfw\" target=\"_blank\" rel=\"noopener nofollow noreferrer\" data-ft='{\"tn\":\"-U\"}' data-lynx-mode=\"async\" data-lynx-uri=\"https:\/\/l.facebook.com\/l.php?u=http%3A%2F%2Fwww.adventist.ro%2Findex%2Fdroguri%2F%3Ffbclid%3DIwAR3_4QBtRXynLseZ8MUwv9z3qxDcK4UULSiHjx_3nruKFK55_xMw803dSfw&#038;h=AT1HgwZUNasnyfZuULSbyu7RMngGTfrN8xKVyKTv_C1PeW99AMRnXIb-N4VmsD7lN0jlCubPAqzPyLdgFLWHTD1aI6AlT3CtsqipthcYTnR-9qvoPDtX4gQsbHwFfYBUX8IxDX7mJiZV0j9Y1CCi1TBH05L6rKYwexr-B8y3RXjcrZwcnnph8F-tWC9pSNlHDCxZy9VnWXXpBZeZFyIrS9J3LLD4efHtMsQTcFCxEmmblO2Rn0TTefE-7w6MoWogVcAuWNulgKRKcpvCLPHQaaDHl0QMHiaidc-RBF2IsPmljEADcfkfGi5DTIer8ZmefQDtwXArSMKnO12bBcLh-FQz6PDXbbEbyIoaVZkBnuRzGF4m3BYDlWKZhNF6l39utUUkNxTqiiEhD6ej0qUocSFY5JVTwgD7_FsxZLNNURSG4Zo_-5Rx4H6yReHewkENLgfX8m9g5VpM-ToFMoRrOXEqLiwWmN7D96A8JYbsAfgMKSzGO7Al7Xpc-8cbwZYnR6MM41ncWIWaauaH1XJjyz9AqbHLBvKKzygzQiB3jvdimthlYuUexEbDs8ZbADIVtgoM2v-m_rLH0mVYHLygR6XrJLXJyd_QOQroFQIrdggeUkG3TMcTqM-V4mu9P1_U60wlNQ\">http:\/\/www.adventist.ro\/index\/droguri\/<\/a><\/p>\n<div><\/div>\n<\/div>\n<p class=\"wpematico_credit\"><small>Powered by <a href=\"http:\/\/www.wpematico.com\" target=\"_blank\">WPeMatico<\/a><\/small><\/p>\n ","protected":false},"excerpt":{"rendered":"<p>Biserica Adventist\u0103 de Ziua a \u0218aptea din Rom\u00e2nia dore\u0219te s\u0103 reac\u021bioneze cu privire la declara\u021biile f\u0103cute de pre\u015fedintele executiv al Centrului Na\u0163ional Antidrog \u015fi pentru Drepturile Omului, Gigel Laz\u0103r, care a afirmat: \u201ePutem discuta de consumatori tineri aproape \u00een toate liceele din Rom\u00e2nia,\u2026 iar \u00een Bucure\u0219ti nu mai exist\u0103 liceu f\u0103r\u0103 consumatori de droguri\u201d. Declara\u021biile &hellip; <a href=\"https:\/\/adventistoltenia.ro\/site\/pozitia-bisericii-adventiste-cu-privire-la-consumul-de-droguri-in-institutiile-de-invatamant\/\">Continued<\/a><\/p>\n","protected":false},"author":2,"featured_media":0,"comment_status":"open","ping_status":"closed","sticky":false,"template":"","format":"standard","meta":[],"categories":[71],"tags":[],"yoast_head":"<!-- This site is optimized with the Yoast SEO plugin v20.3 - https:\/\/yoast.com\/wordpress\/plugins\/seo\/ -->\n<title>Pozi\u021bia Bisericii Adventiste cu privire la consumul de droguri \u00een institu\u021biile de \u00eenv\u0103\u021b\u0103m\u00e2nt - Conferinta Oltenia<\/title>\n<meta name=\"robots\" content=\"index, follow, max-snippet:-1, max-image-preview:large, max-video-preview:-1\" \/>\n<link rel=\"canonical\" href=\"https:\/\/adventistoltenia.ro\/site\/pozitia-bisericii-adventiste-cu-privire-la-consumul-de-droguri-in-institutiile-de-invatamant\/\" \/>\n<meta property=\"og:locale\" content=\"en_US\" \/>\n<meta property=\"og:type\" content=\"article\" \/>\n<meta property=\"og:title\" content=\"Pozi\u021bia Bisericii Adventiste cu privire la consumul de droguri \u00een institu\u021biile de \u00eenv\u0103\u021b\u0103m\u00e2nt - Conferinta Oltenia\" \/>\n<meta property=\"og:description\" content=\"Biserica Adventist\u0103 de Ziua a \u0218aptea din Rom\u00e2nia dore\u0219te s\u0103 reac\u021bioneze cu privire la declara\u021biile f\u0103cute de pre\u015fedintele executiv al Centrului Na\u0163ional Antidrog \u015fi pentru Drepturile Omului, Gigel Laz\u0103r, care a afirmat: \u201ePutem discuta de consumatori tineri aproape \u00een toate liceele din Rom\u00e2nia,\u2026 iar \u00een Bucure\u0219ti nu mai exist\u0103 liceu f\u0103r\u0103 consumatori de droguri\u201d. Declara\u021biile &hellip; Continued\" \/>\n<meta property=\"og:url\" content=\"https:\/\/adventistoltenia.ro\/site\/pozitia-bisericii-adventiste-cu-privire-la-consumul-de-droguri-in-institutiile-de-invatamant\/\" \/>\n<meta property=\"og:site_name\" content=\"Conferinta Oltenia\" \/>\n<meta property=\"article:published_time\" content=\"2019-09-18T01:21:47+00:00\" \/>\n<meta name=\"author\" content=\"Conferinta Oltenia\" \/>\n<meta name=\"twitter:card\" content=\"summary_large_image\" \/>\n<meta name=\"twitter:label1\" content=\"Written by\" \/>\n\t<meta name=\"twitter:data1\" content=\"Conferinta Oltenia\" \/>\n\t<meta name=\"twitter:label2\" content=\"Est. reading time\" \/>\n\t<meta name=\"twitter:data2\" content=\"1 minute\" \/>\n<script type=\"application\/ld+json\" class=\"yoast-schema-graph\">{\"@context\":\"https:\/\/schema.org\",\"@graph\":[{\"@type\":\"WebPage\",\"@id\":\"https:\/\/adventistoltenia.ro\/site\/pozitia-bisericii-adventiste-cu-privire-la-consumul-de-droguri-in-institutiile-de-invatamant\/\",\"url\":\"https:\/\/adventistoltenia.ro\/site\/pozitia-bisericii-adventiste-cu-privire-la-consumul-de-droguri-in-institutiile-de-invatamant\/\",\"name\":\"Pozi\u021bia Bisericii Adventiste cu privire la consumul de droguri \u00een institu\u021biile de \u00eenv\u0103\u021b\u0103m\u00e2nt - Conferinta Oltenia\",\"isPartOf\":{\"@id\":\"https:\/\/adventistoltenia.ro\/site\/#website\"},\"datePublished\":\"2019-09-18T01:21:47+00:00\",\"dateModified\":\"2019-09-18T01:21:47+00:00\",\"author\":{\"@id\":\"https:\/\/adventistoltenia.ro\/site\/#\/schema\/person\/81972d6ddcec064fcb37a129240ef9d7\"},\"breadcrumb\":{\"@id\":\"https:\/\/adventistoltenia.ro\/site\/pozitia-bisericii-adventiste-cu-privire-la-consumul-de-droguri-in-institutiile-de-invatamant\/#breadcrumb\"},\"inLanguage\":\"en-US\",\"potentialAction\":[{\"@type\":\"ReadAction\",\"target\":[\"https:\/\/adventistoltenia.ro\/site\/pozitia-bisericii-adventiste-cu-privire-la-consumul-de-droguri-in-institutiile-de-invatamant\/\"]}]},{\"@type\":\"BreadcrumbList\",\"@id\":\"https:\/\/adventistoltenia.ro\/site\/pozitia-bisericii-adventiste-cu-privire-la-consumul-de-droguri-in-institutiile-de-invatamant\/#breadcrumb\",\"itemListElement\":[{\"@type\":\"ListItem\",\"position\":1,\"name\":\"Home\",\"item\":\"https:\/\/adventistoltenia.ro\/site\/\"},{\"@type\":\"ListItem\",\"position\":2,\"name\":\"Pozi\u021bia Bisericii Adventiste cu privire la consumul de droguri \u00een institu\u021biile de \u00eenv\u0103\u021b\u0103m\u00e2nt\"}]},{\"@type\":\"WebSite\",\"@id\":\"https:\/\/adventistoltenia.ro\/site\/#website\",\"url\":\"https:\/\/adventistoltenia.ro\/site\/\",\"name\":\"Conferinta Oltenia\",\"description\":\"Biserica Adventista de Ziua a Saptea\",\"potentialAction\":[{\"@type\":\"SearchAction\",\"target\":{\"@type\":\"EntryPoint\",\"urlTemplate\":\"https:\/\/adventistoltenia.ro\/site\/?s={search_term_string}\"},\"query-input\":\"required name=search_term_string\"}],\"inLanguage\":\"en-US\"},{\"@type\":\"Person\",\"@id\":\"https:\/\/adventistoltenia.ro\/site\/#\/schema\/person\/81972d6ddcec064fcb37a129240ef9d7\",\"name\":\"Conferinta Oltenia\",\"image\":{\"@type\":\"ImageObject\",\"inLanguage\":\"en-US\",\"@id\":\"https:\/\/adventistoltenia.ro\/site\/#\/schema\/person\/image\/\",\"url\":\"https:\/\/secure.gravatar.com\/avatar\/ebe92ec22e2e53a8eb79d6b52b724e27?s=96&d=mm&r=g\",\"contentUrl\":\"https:\/\/secure.gravatar.com\/avatar\/ebe92ec22e2e53a8eb79d6b52b724e27?s=96&d=mm&r=g\",\"caption\":\"Conferinta Oltenia\"},\"url\":\"https:\/\/adventistoltenia.ro\/site\/author\/adm1n\/\"}]}<\/script>\n<!-- \/ Yoast SEO plugin. -->","yoast_head_json":{"title":"Pozi\u021bia Bisericii Adventiste cu privire la consumul de droguri \u00een institu\u021biile de \u00eenv\u0103\u021b\u0103m\u00e2nt - Conferinta Oltenia","robots":{"index":"index","follow":"follow","max-snippet":"max-snippet:-1","max-image-preview":"max-image-preview:large","max-video-preview":"max-video-preview:-1"},"canonical":"https:\/\/adventistoltenia.ro\/site\/pozitia-bisericii-adventiste-cu-privire-la-consumul-de-droguri-in-institutiile-de-invatamant\/","og_locale":"en_US","og_type":"article","og_title":"Pozi\u021bia Bisericii Adventiste cu privire la consumul de droguri \u00een institu\u021biile de \u00eenv\u0103\u021b\u0103m\u00e2nt - Conferinta Oltenia","og_description":"Biserica Adventist\u0103 de Ziua a \u0218aptea din Rom\u00e2nia dore\u0219te s\u0103 reac\u021bioneze cu privire la declara\u021biile f\u0103cute de pre\u015fedintele executiv al Centrului Na\u0163ional Antidrog \u015fi pentru Drepturile Omului, Gigel Laz\u0103r, care a afirmat: \u201ePutem discuta de consumatori tineri aproape \u00een toate liceele din Rom\u00e2nia,\u2026 iar \u00een Bucure\u0219ti nu mai exist\u0103 liceu f\u0103r\u0103 consumatori de droguri\u201d. Declara\u021biile &hellip; Continued","og_url":"https:\/\/adventistoltenia.ro\/site\/pozitia-bisericii-adventiste-cu-privire-la-consumul-de-droguri-in-institutiile-de-invatamant\/","og_site_name":"Conferinta Oltenia","article_published_time":"2019-09-18T01:21:47+00:00","author":"Conferinta Oltenia","twitter_card":"summary_large_image","twitter_misc":{"Written by":"Conferinta Oltenia","Est. reading time":"1 minute"},"schema":{"@context":"https:\/\/schema.org","@graph":[{"@type":"WebPage","@id":"https:\/\/adventistoltenia.ro\/site\/pozitia-bisericii-adventiste-cu-privire-la-consumul-de-droguri-in-institutiile-de-invatamant\/","url":"https:\/\/adventistoltenia.ro\/site\/pozitia-bisericii-adventiste-cu-privire-la-consumul-de-droguri-in-institutiile-de-invatamant\/","name":"Pozi\u021bia Bisericii Adventiste cu privire la consumul de droguri \u00een institu\u021biile de \u00eenv\u0103\u021b\u0103m\u00e2nt - Conferinta Oltenia","isPartOf":{"@id":"https:\/\/adventistoltenia.ro\/site\/#website"},"datePublished":"2019-09-18T01:21:47+00:00","dateModified":"2019-09-18T01:21:47+00:00","author":{"@id":"https:\/\/adventistoltenia.ro\/site\/#\/schema\/person\/81972d6ddcec064fcb37a129240ef9d7"},"breadcrumb":{"@id":"https:\/\/adventistoltenia.ro\/site\/pozitia-bisericii-adventiste-cu-privire-la-consumul-de-droguri-in-institutiile-de-invatamant\/#breadcrumb"},"inLanguage":"en-US","potentialAction":[{"@type":"ReadAction","target":["https:\/\/adventistoltenia.ro\/site\/pozitia-bisericii-adventiste-cu-privire-la-consumul-de-droguri-in-institutiile-de-invatamant\/"]}]},{"@type":"BreadcrumbList","@id":"https:\/\/adventistoltenia.ro\/site\/pozitia-bisericii-adventiste-cu-privire-la-consumul-de-droguri-in-institutiile-de-invatamant\/#breadcrumb","itemListElement":[{"@type":"ListItem","position":1,"name":"Home","item":"https:\/\/adventistoltenia.ro\/site\/"},{"@type":"ListItem","position":2,"name":"Pozi\u021bia Bisericii Adventiste cu privire la consumul de droguri \u00een institu\u021biile de \u00eenv\u0103\u021b\u0103m\u00e2nt"}]},{"@type":"WebSite","@id":"https:\/\/adventistoltenia.ro\/site\/#website","url":"https:\/\/adventistoltenia.ro\/site\/","name":"Conferinta Oltenia","description":"Biserica Adventista de Ziua a Saptea","potentialAction":[{"@type":"SearchAction","target":{"@type":"EntryPoint","urlTemplate":"https:\/\/adventistoltenia.ro\/site\/?s={search_term_string}"},"query-input":"required name=search_term_string"}],"inLanguage":"en-US"},{"@type":"Person","@id":"https:\/\/adventistoltenia.ro\/site\/#\/schema\/person\/81972d6ddcec064fcb37a129240ef9d7","name":"Conferinta Oltenia","image":{"@type":"ImageObject","inLanguage":"en-US","@id":"https:\/\/adventistoltenia.ro\/site\/#\/schema\/person\/image\/","url":"https:\/\/secure.gravatar.com\/avatar\/ebe92ec22e2e53a8eb79d6b52b724e27?s=96&d=mm&r=g","contentUrl":"https:\/\/secure.gravatar.com\/avatar\/ebe92ec22e2e53a8eb79d6b52b724e27?s=96&d=mm&r=g","caption":"Conferinta Oltenia"},"url":"https:\/\/adventistoltenia.ro\/site\/author\/adm1n\/"}]}},"_links":{"self":[{"href":"https:\/\/adventistoltenia.ro\/site\/wp-json\/wp\/v2\/posts\/2995"}],"collection":[{"href":"https:\/\/adventistoltenia.ro\/site\/wp-json\/wp\/v2\/posts"}],"about":[{"href":"https:\/\/adventistoltenia.ro\/site\/wp-json\/wp\/v2\/types\/post"}],"author":[{"embeddable":true,"href":"https:\/\/adventistoltenia.ro\/site\/wp-json\/wp\/v2\/users\/2"}],"replies":[{"embeddable":true,"href":"https:\/\/adventistoltenia.ro\/site\/wp-json\/wp\/v2\/comments?post=2995"}],"version-history":[{"count":0,"href":"https:\/\/adventistoltenia.ro\/site\/wp-json\/wp\/v2\/posts\/2995\/revisions"}],"wp:attachment":[{"href":"https:\/\/adventistoltenia.ro\/site\/wp-json\/wp\/v2\/media?parent=2995"}],"wp:term":[{"taxonomy":"category","embeddable":true,"href":"https:\/\/adventistoltenia.ro\/site\/wp-json\/wp\/v2\/categories?post=2995"},{"taxonomy":"post_tag","embeddable":true,"href":"https:\/\/adventistoltenia.ro\/site\/wp-json\/wp\/v2\/tags?post=2995"}],"curies":[{"name":"wp","href":"https:\/\/api.w.org\/{rel}","templated":true}]}}