{"id":2996,"date":"2019-09-18T01:21:47","date_gmt":"2019-09-18T01:21:47","guid":{"rendered":"http:\/\/adventistoltenia.ro\/site\/cautam-un-medic-cu-viziune-adecvata-pentru-a-sluji-la-centrul-de-medicina-a-stilului-de-viata-de-la-herghelia\/"},"modified":"2019-09-18T01:21:47","modified_gmt":"2019-09-18T01:21:47","slug":"cautam-un-medic-cu-viziune-adecvata-pentru-a-sluji-la-centrul-de-medicina-a-stilului-de-viata-de-la-herghelia","status":"publish","type":"post","link":"https:\/\/adventistoltenia.ro\/site\/cautam-un-medic-cu-viziune-adecvata-pentru-a-sluji-la-centrul-de-medicina-a-stilului-de-viata-de-la-herghelia\/","title":{"rendered":"C\u0103ut\u0103m un medic cu viziune adecvat\u0103 pentru a sluji la Centrul de Medicin\u0103 a Stilului de Via\u021b\u0103 de la Herghelia!"},"content":{"rendered":"<div>\n<p>C\u0103ut\u0103m un medic cu viziune adecvat\u0103 pentru a sluji la Centrul de Medicin\u0103 a Stilului de Via\u021b\u0103 de la Herghelia!<\/p>\n<p>Colectivul medical al Centrul Lifestyle Herghelia c\u0103ut\u0103m un coleg medic pentru a \u00eentregi echipa condus\u0103 de dr. Moro\u0219an Sorin.<\/p>\n<p>Medicul poate avea specializari conexe cum ar fi: medicin\u0103 de familie, medicin\u0103 intern\u0103, cardiologie, diabet \u2013 boli de nutri\u021bie \u0219i metabolism, endocrinologie, balneo-fizio-terapie, reumatologie etc.<\/p>\n<p>Pentru detalii suna\u021bi la telefonul<strong> 0744 709706<\/strong> dupa ora 16:00.<\/p>\n<\/div>\n<p class=\"wpematico_credit\"><small>Powered by <a href=\"http:\/\/www.wpematico.com\" target=\"_blank\">WPeMatico<\/a><\/small><\/p>\n ","protected":false},"excerpt":{"rendered":"<p>C\u0103ut\u0103m un medic cu viziune adecvat\u0103 pentru a sluji la Centrul de Medicin\u0103 a Stilului de Via\u021b\u0103 de la Herghelia! Colectivul medical al Centrul Lifestyle Herghelia c\u0103ut\u0103m un coleg medic pentru a \u00eentregi echipa condus\u0103 de dr. Moro\u0219an Sorin. Medicul poate avea specializari conexe cum ar fi: medicin\u0103 de familie, medicin\u0103 intern\u0103, cardiologie, diabet \u2013 &hellip; <a href=\"https:\/\/adventistoltenia.ro\/site\/cautam-un-medic-cu-viziune-adecvata-pentru-a-sluji-la-centrul-de-medicina-a-stilului-de-viata-de-la-herghelia\/\">Continued<\/a><\/p>\n","protected":false},"author":2,"featured_media":0,"comment_status":"open","ping_status":"closed","sticky":false,"template":"","format":"standard","meta":[],"categories":[71],"tags":[],"yoast_head":"<!-- This site is optimized with the Yoast SEO plugin v20.3 - https:\/\/yoast.com\/wordpress\/plugins\/seo\/ -->\n<title>C\u0103ut\u0103m un medic cu viziune adecvat\u0103 pentru a sluji la Centrul de Medicin\u0103 a Stilului de Via\u021b\u0103 de la Herghelia! - Conferinta Oltenia<\/title>\n<meta name=\"robots\" content=\"index, follow, max-snippet:-1, max-image-preview:large, max-video-preview:-1\" \/>\n<link rel=\"canonical\" href=\"https:\/\/adventistoltenia.ro\/site\/cautam-un-medic-cu-viziune-adecvata-pentru-a-sluji-la-centrul-de-medicina-a-stilului-de-viata-de-la-herghelia\/\" \/>\n<meta property=\"og:locale\" content=\"en_US\" \/>\n<meta property=\"og:type\" content=\"article\" \/>\n<meta property=\"og:title\" content=\"C\u0103ut\u0103m un medic cu viziune adecvat\u0103 pentru a sluji la Centrul de Medicin\u0103 a Stilului de Via\u021b\u0103 de la Herghelia! - Conferinta Oltenia\" \/>\n<meta property=\"og:description\" content=\"C\u0103ut\u0103m un medic cu viziune adecvat\u0103 pentru a sluji la Centrul de Medicin\u0103 a Stilului de Via\u021b\u0103 de la Herghelia! Colectivul medical al Centrul Lifestyle Herghelia c\u0103ut\u0103m un coleg medic pentru a \u00eentregi echipa condus\u0103 de dr. Moro\u0219an Sorin. Medicul poate avea specializari conexe cum ar fi: medicin\u0103 de familie, medicin\u0103 intern\u0103, cardiologie, diabet \u2013 &hellip; Continued\" \/>\n<meta property=\"og:url\" content=\"https:\/\/adventistoltenia.ro\/site\/cautam-un-medic-cu-viziune-adecvata-pentru-a-sluji-la-centrul-de-medicina-a-stilului-de-viata-de-la-herghelia\/\" \/>\n<meta property=\"og:site_name\" content=\"Conferinta Oltenia\" \/>\n<meta property=\"article:published_time\" content=\"2019-09-18T01:21:47+00:00\" \/>\n<meta name=\"author\" content=\"Conferinta Oltenia\" \/>\n<meta name=\"twitter:card\" content=\"summary_large_image\" \/>\n<meta name=\"twitter:label1\" content=\"Written by\" \/>\n\t<meta name=\"twitter:data1\" content=\"Conferinta Oltenia\" \/>\n<script type=\"application\/ld+json\" class=\"yoast-schema-graph\">{\"@context\":\"https:\/\/schema.org\",\"@graph\":[{\"@type\":\"WebPage\",\"@id\":\"https:\/\/adventistoltenia.ro\/site\/cautam-un-medic-cu-viziune-adecvata-pentru-a-sluji-la-centrul-de-medicina-a-stilului-de-viata-de-la-herghelia\/\",\"url\":\"https:\/\/adventistoltenia.ro\/site\/cautam-un-medic-cu-viziune-adecvata-pentru-a-sluji-la-centrul-de-medicina-a-stilului-de-viata-de-la-herghelia\/\",\"name\":\"C\u0103ut\u0103m un medic cu viziune adecvat\u0103 pentru a sluji la Centrul de Medicin\u0103 a Stilului de Via\u021b\u0103 de la Herghelia! - Conferinta Oltenia\",\"isPartOf\":{\"@id\":\"https:\/\/adventistoltenia.ro\/site\/#website\"},\"datePublished\":\"2019-09-18T01:21:47+00:00\",\"dateModified\":\"2019-09-18T01:21:47+00:00\",\"author\":{\"@id\":\"https:\/\/adventistoltenia.ro\/site\/#\/schema\/person\/81972d6ddcec064fcb37a129240ef9d7\"},\"breadcrumb\":{\"@id\":\"https:\/\/adventistoltenia.ro\/site\/cautam-un-medic-cu-viziune-adecvata-pentru-a-sluji-la-centrul-de-medicina-a-stilului-de-viata-de-la-herghelia\/#breadcrumb\"},\"inLanguage\":\"en-US\",\"potentialAction\":[{\"@type\":\"ReadAction\",\"target\":[\"https:\/\/adventistoltenia.ro\/site\/cautam-un-medic-cu-viziune-adecvata-pentru-a-sluji-la-centrul-de-medicina-a-stilului-de-viata-de-la-herghelia\/\"]}]},{\"@type\":\"BreadcrumbList\",\"@id\":\"https:\/\/adventistoltenia.ro\/site\/cautam-un-medic-cu-viziune-adecvata-pentru-a-sluji-la-centrul-de-medicina-a-stilului-de-viata-de-la-herghelia\/#breadcrumb\",\"itemListElement\":[{\"@type\":\"ListItem\",\"position\":1,\"name\":\"Home\",\"item\":\"https:\/\/adventistoltenia.ro\/site\/\"},{\"@type\":\"ListItem\",\"position\":2,\"name\":\"C\u0103ut\u0103m un medic cu viziune adecvat\u0103 pentru a sluji la Centrul de Medicin\u0103 a Stilului de Via\u021b\u0103 de la Herghelia!\"}]},{\"@type\":\"WebSite\",\"@id\":\"https:\/\/adventistoltenia.ro\/site\/#website\",\"url\":\"https:\/\/adventistoltenia.ro\/site\/\",\"name\":\"Conferinta Oltenia\",\"description\":\"Biserica Adventista de Ziua a Saptea\",\"potentialAction\":[{\"@type\":\"SearchAction\",\"target\":{\"@type\":\"EntryPoint\",\"urlTemplate\":\"https:\/\/adventistoltenia.ro\/site\/?s={search_term_string}\"},\"query-input\":\"required name=search_term_string\"}],\"inLanguage\":\"en-US\"},{\"@type\":\"Person\",\"@id\":\"https:\/\/adventistoltenia.ro\/site\/#\/schema\/person\/81972d6ddcec064fcb37a129240ef9d7\",\"name\":\"Conferinta Oltenia\",\"image\":{\"@type\":\"ImageObject\",\"inLanguage\":\"en-US\",\"@id\":\"https:\/\/adventistoltenia.ro\/site\/#\/schema\/person\/image\/\",\"url\":\"https:\/\/secure.gravatar.com\/avatar\/ebe92ec22e2e53a8eb79d6b52b724e27?s=96&d=mm&r=g\",\"contentUrl\":\"https:\/\/secure.gravatar.com\/avatar\/ebe92ec22e2e53a8eb79d6b52b724e27?s=96&d=mm&r=g\",\"caption\":\"Conferinta Oltenia\"},\"url\":\"https:\/\/adventistoltenia.ro\/site\/author\/adm1n\/\"}]}<\/script>\n<!-- \/ Yoast SEO plugin. -->","yoast_head_json":{"title":"C\u0103ut\u0103m un medic cu viziune adecvat\u0103 pentru a sluji la Centrul de Medicin\u0103 a Stilului de Via\u021b\u0103 de la Herghelia! - Conferinta Oltenia","robots":{"index":"index","follow":"follow","max-snippet":"max-snippet:-1","max-image-preview":"max-image-preview:large","max-video-preview":"max-video-preview:-1"},"canonical":"https:\/\/adventistoltenia.ro\/site\/cautam-un-medic-cu-viziune-adecvata-pentru-a-sluji-la-centrul-de-medicina-a-stilului-de-viata-de-la-herghelia\/","og_locale":"en_US","og_type":"article","og_title":"C\u0103ut\u0103m un medic cu viziune adecvat\u0103 pentru a sluji la Centrul de Medicin\u0103 a Stilului de Via\u021b\u0103 de la Herghelia! - Conferinta Oltenia","og_description":"C\u0103ut\u0103m un medic cu viziune adecvat\u0103 pentru a sluji la Centrul de Medicin\u0103 a Stilului de Via\u021b\u0103 de la Herghelia! Colectivul medical al Centrul Lifestyle Herghelia c\u0103ut\u0103m un coleg medic pentru a \u00eentregi echipa condus\u0103 de dr. Moro\u0219an Sorin. Medicul poate avea specializari conexe cum ar fi: medicin\u0103 de familie, medicin\u0103 intern\u0103, cardiologie, diabet \u2013 &hellip; Continued","og_url":"https:\/\/adventistoltenia.ro\/site\/cautam-un-medic-cu-viziune-adecvata-pentru-a-sluji-la-centrul-de-medicina-a-stilului-de-viata-de-la-herghelia\/","og_site_name":"Conferinta Oltenia","article_published_time":"2019-09-18T01:21:47+00:00","author":"Conferinta Oltenia","twitter_card":"summary_large_image","twitter_misc":{"Written by":"Conferinta Oltenia"},"schema":{"@context":"https:\/\/schema.org","@graph":[{"@type":"WebPage","@id":"https:\/\/adventistoltenia.ro\/site\/cautam-un-medic-cu-viziune-adecvata-pentru-a-sluji-la-centrul-de-medicina-a-stilului-de-viata-de-la-herghelia\/","url":"https:\/\/adventistoltenia.ro\/site\/cautam-un-medic-cu-viziune-adecvata-pentru-a-sluji-la-centrul-de-medicina-a-stilului-de-viata-de-la-herghelia\/","name":"C\u0103ut\u0103m un medic cu viziune adecvat\u0103 pentru a sluji la Centrul de Medicin\u0103 a Stilului de Via\u021b\u0103 de la Herghelia! - Conferinta Oltenia","isPartOf":{"@id":"https:\/\/adventistoltenia.ro\/site\/#website"},"datePublished":"2019-09-18T01:21:47+00:00","dateModified":"2019-09-18T01:21:47+00:00","author":{"@id":"https:\/\/adventistoltenia.ro\/site\/#\/schema\/person\/81972d6ddcec064fcb37a129240ef9d7"},"breadcrumb":{"@id":"https:\/\/adventistoltenia.ro\/site\/cautam-un-medic-cu-viziune-adecvata-pentru-a-sluji-la-centrul-de-medicina-a-stilului-de-viata-de-la-herghelia\/#breadcrumb"},"inLanguage":"en-US","potentialAction":[{"@type":"ReadAction","target":["https:\/\/adventistoltenia.ro\/site\/cautam-un-medic-cu-viziune-adecvata-pentru-a-sluji-la-centrul-de-medicina-a-stilului-de-viata-de-la-herghelia\/"]}]},{"@type":"BreadcrumbList","@id":"https:\/\/adventistoltenia.ro\/site\/cautam-un-medic-cu-viziune-adecvata-pentru-a-sluji-la-centrul-de-medicina-a-stilului-de-viata-de-la-herghelia\/#breadcrumb","itemListElement":[{"@type":"ListItem","position":1,"name":"Home","item":"https:\/\/adventistoltenia.ro\/site\/"},{"@type":"ListItem","position":2,"name":"C\u0103ut\u0103m un medic cu viziune adecvat\u0103 pentru a sluji la Centrul de Medicin\u0103 a Stilului de Via\u021b\u0103 de la Herghelia!"}]},{"@type":"WebSite","@id":"https:\/\/adventistoltenia.ro\/site\/#website","url":"https:\/\/adventistoltenia.ro\/site\/","name":"Conferinta Oltenia","description":"Biserica Adventista de Ziua a Saptea","potentialAction":[{"@type":"SearchAction","target":{"@type":"EntryPoint","urlTemplate":"https:\/\/adventistoltenia.ro\/site\/?s={search_term_string}"},"query-input":"required name=search_term_string"}],"inLanguage":"en-US"},{"@type":"Person","@id":"https:\/\/adventistoltenia.ro\/site\/#\/schema\/person\/81972d6ddcec064fcb37a129240ef9d7","name":"Conferinta Oltenia","image":{"@type":"ImageObject","inLanguage":"en-US","@id":"https:\/\/adventistoltenia.ro\/site\/#\/schema\/person\/image\/","url":"https:\/\/secure.gravatar.com\/avatar\/ebe92ec22e2e53a8eb79d6b52b724e27?s=96&d=mm&r=g","contentUrl":"https:\/\/secure.gravatar.com\/avatar\/ebe92ec22e2e53a8eb79d6b52b724e27?s=96&d=mm&r=g","caption":"Conferinta Oltenia"},"url":"https:\/\/adventistoltenia.ro\/site\/author\/adm1n\/"}]}},"_links":{"self":[{"href":"https:\/\/adventistoltenia.ro\/site\/wp-json\/wp\/v2\/posts\/2996"}],"collection":[{"href":"https:\/\/adventistoltenia.ro\/site\/wp-json\/wp\/v2\/posts"}],"about":[{"href":"https:\/\/adventistoltenia.ro\/site\/wp-json\/wp\/v2\/types\/post"}],"author":[{"embeddable":true,"href":"https:\/\/adventistoltenia.ro\/site\/wp-json\/wp\/v2\/users\/2"}],"replies":[{"embeddable":true,"href":"https:\/\/adventistoltenia.ro\/site\/wp-json\/wp\/v2\/comments?post=2996"}],"version-history":[{"count":0,"href":"https:\/\/adventistoltenia.ro\/site\/wp-json\/wp\/v2\/posts\/2996\/revisions"}],"wp:attachment":[{"href":"https:\/\/adventistoltenia.ro\/site\/wp-json\/wp\/v2\/media?parent=2996"}],"wp:term":[{"taxonomy":"category","embeddable":true,"href":"https:\/\/adventistoltenia.ro\/site\/wp-json\/wp\/v2\/categories?post=2996"},{"taxonomy":"post_tag","embeddable":true,"href":"https:\/\/adventistoltenia.ro\/site\/wp-json\/wp\/v2\/tags?post=2996"}],"curies":[{"name":"wp","href":"https:\/\/api.w.org\/{rel}","templated":true}]}}