{"id":2997,"date":"2019-09-21T01:07:31","date_gmt":"2019-09-21T01:07:31","guid":{"rendered":"http:\/\/adventistoltenia.ro\/site\/belarus-un-nou-centru-pentru-un-stil-de-viata-sanatos-poarta-amprenta-adventista\/"},"modified":"2019-09-21T01:07:31","modified_gmt":"2019-09-21T01:07:31","slug":"belarus-un-nou-centru-pentru-un-stil-de-viata-sanatos-poarta-amprenta-adventista","status":"publish","type":"post","link":"https:\/\/adventistoltenia.ro\/site\/belarus-un-nou-centru-pentru-un-stil-de-viata-sanatos-poarta-amprenta-adventista\/","title":{"rendered":"Belarus: un nou centru pentru un stil de via\u021b\u0103 s\u0103n\u0103tos poart\u0103 amprenta adventist\u0103"},"content":{"rendered":"<div>\n<p>Locuitorii localit\u0103\u021bii Brest, din Belarus, au participat recent la festivalul \u201eSport pentru to\u021bi\u201d \u0219i la inaugurarea primului centru incluziv pentru promovarea unui stil de via\u021b\u0103 s\u0103n\u0103tos din Belarus. Evenimentul le-a permis participan\u021bilor s\u0103 afle cum s\u0103 se \u00eengrijeasc\u0103 mai bine de propriul trup, au declarat conduc\u0103torii Bisericii. Centrul include facilit\u0103\u021bi pentru persoanele cu nevoi speciale.<\/p>\n<p>Al\u0103turi de al\u021bi sponsori ai proiectului, noul centru a fost sus\u021binut constant de Biserica Adventist\u0103 de Ziua a \u0218aptea \u0219i de comunit\u0103\u021bile adventiste din zon\u0103. La ceremonia de inaugurare, Diviziunea Euro-Asia a fost reprezentat\u0103 de Directorul Departamentului Comunicare, Ivan Ostrovsky.<\/p>\n<p>\u201e\u00cemi doresc ca acest centru unic s\u0103 devin\u0103 un loc \u00een care toat\u0103 lumea s\u0103 simt\u0103 dragoste, prietenie \u0219i sus\u021binere reciproc\u0103\u201d, a spus Ostrovsky, \u201e\u00een timp ce \u00eenv\u0103\u021b\u0103m s\u0103 comunic\u0103m unii cu al\u021bi f\u0103r\u0103 bariere.\u201d<\/p>\n<p>Centrul, ale c\u0103rui servicii sunt gratuite pentru reziden\u021bi, g\u0103zduie\u0219te terenuri pentru diverse sporturi \u0219i jocuri, inclusiv facilit\u0103\u021bi pentru persoane cu nevoi speciale. Copiii pot folosi o zon\u0103 special amenajat\u0103 cu jocuri \u0219i un teren \u00een aer liber.<\/p>\n<p>Vrem s\u0103 le prezent\u0103m cet\u0103\u021benilor noi oportunit\u0103\u021bi de intensificare a activit\u0103\u021bii fizice\u201d, a spus Ivan Shmyga, conduc\u0103torul unei organiza\u021bii care sus\u021bine oamenii cu nevoi speciale. \u201eA fost creat\u0103 datorit\u0103 sprijinului Bisericii Adventiste, \u00eempreun\u0103 cu care am ajutat persoane cu nevoi speciale timp de peste 20 de ani.\u201d<\/p>\n<p>Ivan Shmyga a explicat c\u0103, pentru el, ajutarea persoanelor cu nevoi speciale are un caracter personal.<\/p>\n<p>\u201e\u00cen urm\u0103 cu 35 de ani am pierdut un picior, iar atunci am \u00een\u021beles c\u00e2t de important este s\u0103 pre\u021buim s\u0103n\u0103tatea \u0219i c\u00e2t de dificil este ca persoanele cu dizabilit\u0103\u021bi s\u0103 fie acceptate de societate\u201d, a spus Shmyga. \u201eFie care oportunit\u0103\u021bile egale, c\u0103ldura rela\u021biilor, bucuria comunic\u0103rii, \u00een\u021belegerea reciproc\u0103 \u0219i dragostea unii pentru al\u021bii s\u0103 fie mottoul acestor noi facilit\u0103\u021bi\u201d, a ad\u0103ugat el.<\/p>\n<p>Campioana paralimpic\u0103 Anna Sirotyuk, a \u00eent\u0103rit afirma\u021biile acestuia.<\/p>\n<p>\u201eMi\u0219carea este via\u021b\u0103, a\u0219a c\u0103 este minunat c\u0103 acest centrul a fost deschis \u00een Brest\u201d, a spus ea. \u201eMi\u0219carea m-a transformat dintr-un pacient imobilizat la pat \u00eentr-o persoan\u0103 care profit\u0103 de toate oportunit\u0103\u021bile pe care i le ofer\u0103 via\u021ba.\u201d<\/p>\n<p>\u00cen timpul primei zile de func\u021bionare a centrului, oaspe\u021bii au \u00eenv\u0103\u021bat cum s\u0103 aib\u0103 un stil de via\u021b\u0103 activ. Adolescen\u021bii au participat la curse de \u0219tafet\u0103, iar copiii au participat la o expozi\u021bie de s\u0103n\u0103tate interactiv\u0103 \u0219i la ateliere. Al\u021bii au participat la o varietate de jocuri \u0219i sporturi precum volei, boccia \u0219i jocuri create pentru persoanele cu nevoi speciale. Ziua s-a \u00eencheiat cu un concert.<\/p>\n<p>Noul centru incluziv pentru promovarea unui stil de via\u021b\u0103 s\u0103n\u0103tos este parte a ini\u021biativei \u201ePrevenirea bolilor netransmisibile, promovarea unui stil de via\u021b\u0103 s\u0103n\u0103tos \u0219i sus\u021binerea moderniz\u0103rii sistemului de s\u0103n\u0103tate din Republica Belarus\u201d, finan\u021bat\u0103 de Uniunea European\u0103, Ministerul S\u0103n\u0103t\u0103\u021bii din Belarus \u0219i alte organiza\u021bii.<\/p>\n<p>Sursa: <a href=\"https:\/\/www.adventistreview.org\/church-news\/story14045-in-belarus-new-center-for-healthy-lifestyle-bears-the-adventist-imprint\">Adventist Review<\/a><\/p>\n<\/div>\n<p class=\"wpematico_credit\"><small>Powered by <a href=\"http:\/\/www.wpematico.com\" target=\"_blank\">WPeMatico<\/a><\/small><\/p>\n ","protected":false},"excerpt":{"rendered":"<p>Locuitorii localit\u0103\u021bii Brest, din Belarus, au participat recent la festivalul \u201eSport pentru to\u021bi\u201d \u0219i la inaugurarea primului centru incluziv pentru promovarea unui stil de via\u021b\u0103 s\u0103n\u0103tos din Belarus. Evenimentul le-a permis participan\u021bilor s\u0103 afle cum s\u0103 se \u00eengrijeasc\u0103 mai bine de propriul trup, au declarat conduc\u0103torii Bisericii. Centrul include facilit\u0103\u021bi pentru persoanele cu nevoi speciale. &hellip; <a href=\"https:\/\/adventistoltenia.ro\/site\/belarus-un-nou-centru-pentru-un-stil-de-viata-sanatos-poarta-amprenta-adventista\/\">Continued<\/a><\/p>\n","protected":false},"author":2,"featured_media":0,"comment_status":"open","ping_status":"closed","sticky":false,"template":"","format":"standard","meta":[],"categories":[71],"tags":[],"yoast_head":"<!-- This site is optimized with the Yoast SEO plugin v20.3 - https:\/\/yoast.com\/wordpress\/plugins\/seo\/ -->\n<title>Belarus: un nou centru pentru un stil de via\u021b\u0103 s\u0103n\u0103tos poart\u0103 amprenta adventist\u0103 - Conferinta Oltenia<\/title>\n<meta name=\"robots\" content=\"index, follow, max-snippet:-1, max-image-preview:large, max-video-preview:-1\" \/>\n<link rel=\"canonical\" href=\"https:\/\/adventistoltenia.ro\/site\/belarus-un-nou-centru-pentru-un-stil-de-viata-sanatos-poarta-amprenta-adventista\/\" \/>\n<meta property=\"og:locale\" content=\"en_US\" \/>\n<meta property=\"og:type\" content=\"article\" \/>\n<meta property=\"og:title\" content=\"Belarus: un nou centru pentru un stil de via\u021b\u0103 s\u0103n\u0103tos poart\u0103 amprenta adventist\u0103 - Conferinta Oltenia\" \/>\n<meta property=\"og:description\" content=\"Locuitorii localit\u0103\u021bii Brest, din Belarus, au participat recent la festivalul \u201eSport pentru to\u021bi\u201d \u0219i la inaugurarea primului centru incluziv pentru promovarea unui stil de via\u021b\u0103 s\u0103n\u0103tos din Belarus. Evenimentul le-a permis participan\u021bilor s\u0103 afle cum s\u0103 se \u00eengrijeasc\u0103 mai bine de propriul trup, au declarat conduc\u0103torii Bisericii. Centrul include facilit\u0103\u021bi pentru persoanele cu nevoi speciale. &hellip; Continued\" \/>\n<meta property=\"og:url\" content=\"https:\/\/adventistoltenia.ro\/site\/belarus-un-nou-centru-pentru-un-stil-de-viata-sanatos-poarta-amprenta-adventista\/\" \/>\n<meta property=\"og:site_name\" content=\"Conferinta Oltenia\" \/>\n<meta property=\"article:published_time\" content=\"2019-09-21T01:07:31+00:00\" \/>\n<meta name=\"author\" content=\"Conferinta Oltenia\" \/>\n<meta name=\"twitter:card\" content=\"summary_large_image\" \/>\n<meta name=\"twitter:label1\" content=\"Written by\" \/>\n\t<meta name=\"twitter:data1\" content=\"Conferinta Oltenia\" \/>\n\t<meta name=\"twitter:label2\" content=\"Est. reading time\" \/>\n\t<meta name=\"twitter:data2\" content=\"3 minutes\" \/>\n<script type=\"application\/ld+json\" class=\"yoast-schema-graph\">{\"@context\":\"https:\/\/schema.org\",\"@graph\":[{\"@type\":\"WebPage\",\"@id\":\"https:\/\/adventistoltenia.ro\/site\/belarus-un-nou-centru-pentru-un-stil-de-viata-sanatos-poarta-amprenta-adventista\/\",\"url\":\"https:\/\/adventistoltenia.ro\/site\/belarus-un-nou-centru-pentru-un-stil-de-viata-sanatos-poarta-amprenta-adventista\/\",\"name\":\"Belarus: un nou centru pentru un stil de via\u021b\u0103 s\u0103n\u0103tos poart\u0103 amprenta adventist\u0103 - Conferinta Oltenia\",\"isPartOf\":{\"@id\":\"https:\/\/adventistoltenia.ro\/site\/#website\"},\"datePublished\":\"2019-09-21T01:07:31+00:00\",\"dateModified\":\"2019-09-21T01:07:31+00:00\",\"author\":{\"@id\":\"https:\/\/adventistoltenia.ro\/site\/#\/schema\/person\/81972d6ddcec064fcb37a129240ef9d7\"},\"breadcrumb\":{\"@id\":\"https:\/\/adventistoltenia.ro\/site\/belarus-un-nou-centru-pentru-un-stil-de-viata-sanatos-poarta-amprenta-adventista\/#breadcrumb\"},\"inLanguage\":\"en-US\",\"potentialAction\":[{\"@type\":\"ReadAction\",\"target\":[\"https:\/\/adventistoltenia.ro\/site\/belarus-un-nou-centru-pentru-un-stil-de-viata-sanatos-poarta-amprenta-adventista\/\"]}]},{\"@type\":\"BreadcrumbList\",\"@id\":\"https:\/\/adventistoltenia.ro\/site\/belarus-un-nou-centru-pentru-un-stil-de-viata-sanatos-poarta-amprenta-adventista\/#breadcrumb\",\"itemListElement\":[{\"@type\":\"ListItem\",\"position\":1,\"name\":\"Home\",\"item\":\"https:\/\/adventistoltenia.ro\/site\/\"},{\"@type\":\"ListItem\",\"position\":2,\"name\":\"Belarus: un nou centru pentru un stil de via\u021b\u0103 s\u0103n\u0103tos poart\u0103 amprenta adventist\u0103\"}]},{\"@type\":\"WebSite\",\"@id\":\"https:\/\/adventistoltenia.ro\/site\/#website\",\"url\":\"https:\/\/adventistoltenia.ro\/site\/\",\"name\":\"Conferinta Oltenia\",\"description\":\"Biserica Adventista de Ziua a Saptea\",\"potentialAction\":[{\"@type\":\"SearchAction\",\"target\":{\"@type\":\"EntryPoint\",\"urlTemplate\":\"https:\/\/adventistoltenia.ro\/site\/?s={search_term_string}\"},\"query-input\":\"required name=search_term_string\"}],\"inLanguage\":\"en-US\"},{\"@type\":\"Person\",\"@id\":\"https:\/\/adventistoltenia.ro\/site\/#\/schema\/person\/81972d6ddcec064fcb37a129240ef9d7\",\"name\":\"Conferinta Oltenia\",\"image\":{\"@type\":\"ImageObject\",\"inLanguage\":\"en-US\",\"@id\":\"https:\/\/adventistoltenia.ro\/site\/#\/schema\/person\/image\/\",\"url\":\"https:\/\/secure.gravatar.com\/avatar\/ebe92ec22e2e53a8eb79d6b52b724e27?s=96&d=mm&r=g\",\"contentUrl\":\"https:\/\/secure.gravatar.com\/avatar\/ebe92ec22e2e53a8eb79d6b52b724e27?s=96&d=mm&r=g\",\"caption\":\"Conferinta Oltenia\"},\"url\":\"https:\/\/adventistoltenia.ro\/site\/author\/adm1n\/\"}]}<\/script>\n<!-- \/ Yoast SEO plugin. -->","yoast_head_json":{"title":"Belarus: un nou centru pentru un stil de via\u021b\u0103 s\u0103n\u0103tos poart\u0103 amprenta adventist\u0103 - Conferinta Oltenia","robots":{"index":"index","follow":"follow","max-snippet":"max-snippet:-1","max-image-preview":"max-image-preview:large","max-video-preview":"max-video-preview:-1"},"canonical":"https:\/\/adventistoltenia.ro\/site\/belarus-un-nou-centru-pentru-un-stil-de-viata-sanatos-poarta-amprenta-adventista\/","og_locale":"en_US","og_type":"article","og_title":"Belarus: un nou centru pentru un stil de via\u021b\u0103 s\u0103n\u0103tos poart\u0103 amprenta adventist\u0103 - Conferinta Oltenia","og_description":"Locuitorii localit\u0103\u021bii Brest, din Belarus, au participat recent la festivalul \u201eSport pentru to\u021bi\u201d \u0219i la inaugurarea primului centru incluziv pentru promovarea unui stil de via\u021b\u0103 s\u0103n\u0103tos din Belarus. Evenimentul le-a permis participan\u021bilor s\u0103 afle cum s\u0103 se \u00eengrijeasc\u0103 mai bine de propriul trup, au declarat conduc\u0103torii Bisericii. Centrul include facilit\u0103\u021bi pentru persoanele cu nevoi speciale. &hellip; Continued","og_url":"https:\/\/adventistoltenia.ro\/site\/belarus-un-nou-centru-pentru-un-stil-de-viata-sanatos-poarta-amprenta-adventista\/","og_site_name":"Conferinta Oltenia","article_published_time":"2019-09-21T01:07:31+00:00","author":"Conferinta Oltenia","twitter_card":"summary_large_image","twitter_misc":{"Written by":"Conferinta Oltenia","Est. reading time":"3 minutes"},"schema":{"@context":"https:\/\/schema.org","@graph":[{"@type":"WebPage","@id":"https:\/\/adventistoltenia.ro\/site\/belarus-un-nou-centru-pentru-un-stil-de-viata-sanatos-poarta-amprenta-adventista\/","url":"https:\/\/adventistoltenia.ro\/site\/belarus-un-nou-centru-pentru-un-stil-de-viata-sanatos-poarta-amprenta-adventista\/","name":"Belarus: un nou centru pentru un stil de via\u021b\u0103 s\u0103n\u0103tos poart\u0103 amprenta adventist\u0103 - Conferinta Oltenia","isPartOf":{"@id":"https:\/\/adventistoltenia.ro\/site\/#website"},"datePublished":"2019-09-21T01:07:31+00:00","dateModified":"2019-09-21T01:07:31+00:00","author":{"@id":"https:\/\/adventistoltenia.ro\/site\/#\/schema\/person\/81972d6ddcec064fcb37a129240ef9d7"},"breadcrumb":{"@id":"https:\/\/adventistoltenia.ro\/site\/belarus-un-nou-centru-pentru-un-stil-de-viata-sanatos-poarta-amprenta-adventista\/#breadcrumb"},"inLanguage":"en-US","potentialAction":[{"@type":"ReadAction","target":["https:\/\/adventistoltenia.ro\/site\/belarus-un-nou-centru-pentru-un-stil-de-viata-sanatos-poarta-amprenta-adventista\/"]}]},{"@type":"BreadcrumbList","@id":"https:\/\/adventistoltenia.ro\/site\/belarus-un-nou-centru-pentru-un-stil-de-viata-sanatos-poarta-amprenta-adventista\/#breadcrumb","itemListElement":[{"@type":"ListItem","position":1,"name":"Home","item":"https:\/\/adventistoltenia.ro\/site\/"},{"@type":"ListItem","position":2,"name":"Belarus: un nou centru pentru un stil de via\u021b\u0103 s\u0103n\u0103tos poart\u0103 amprenta adventist\u0103"}]},{"@type":"WebSite","@id":"https:\/\/adventistoltenia.ro\/site\/#website","url":"https:\/\/adventistoltenia.ro\/site\/","name":"Conferinta Oltenia","description":"Biserica Adventista de Ziua a Saptea","potentialAction":[{"@type":"SearchAction","target":{"@type":"EntryPoint","urlTemplate":"https:\/\/adventistoltenia.ro\/site\/?s={search_term_string}"},"query-input":"required name=search_term_string"}],"inLanguage":"en-US"},{"@type":"Person","@id":"https:\/\/adventistoltenia.ro\/site\/#\/schema\/person\/81972d6ddcec064fcb37a129240ef9d7","name":"Conferinta Oltenia","image":{"@type":"ImageObject","inLanguage":"en-US","@id":"https:\/\/adventistoltenia.ro\/site\/#\/schema\/person\/image\/","url":"https:\/\/secure.gravatar.com\/avatar\/ebe92ec22e2e53a8eb79d6b52b724e27?s=96&d=mm&r=g","contentUrl":"https:\/\/secure.gravatar.com\/avatar\/ebe92ec22e2e53a8eb79d6b52b724e27?s=96&d=mm&r=g","caption":"Conferinta Oltenia"},"url":"https:\/\/adventistoltenia.ro\/site\/author\/adm1n\/"}]}},"_links":{"self":[{"href":"https:\/\/adventistoltenia.ro\/site\/wp-json\/wp\/v2\/posts\/2997"}],"collection":[{"href":"https:\/\/adventistoltenia.ro\/site\/wp-json\/wp\/v2\/posts"}],"about":[{"href":"https:\/\/adventistoltenia.ro\/site\/wp-json\/wp\/v2\/types\/post"}],"author":[{"embeddable":true,"href":"https:\/\/adventistoltenia.ro\/site\/wp-json\/wp\/v2\/users\/2"}],"replies":[{"embeddable":true,"href":"https:\/\/adventistoltenia.ro\/site\/wp-json\/wp\/v2\/comments?post=2997"}],"version-history":[{"count":0,"href":"https:\/\/adventistoltenia.ro\/site\/wp-json\/wp\/v2\/posts\/2997\/revisions"}],"wp:attachment":[{"href":"https:\/\/adventistoltenia.ro\/site\/wp-json\/wp\/v2\/media?parent=2997"}],"wp:term":[{"taxonomy":"category","embeddable":true,"href":"https:\/\/adventistoltenia.ro\/site\/wp-json\/wp\/v2\/categories?post=2997"},{"taxonomy":"post_tag","embeddable":true,"href":"https:\/\/adventistoltenia.ro\/site\/wp-json\/wp\/v2\/tags?post=2997"}],"curies":[{"name":"wp","href":"https:\/\/api.w.org\/{rel}","templated":true}]}}