{"id":2998,"date":"2019-09-21T01:07:31","date_gmt":"2019-09-21T01:07:31","guid":{"rendered":"http:\/\/adventistoltenia.ro\/site\/presedintele-republicii-rwanda-participa-la-inaugurarea-facultatii-de-medicina-din-africa-de-est\/"},"modified":"2019-09-21T01:07:31","modified_gmt":"2019-09-21T01:07:31","slug":"presedintele-republicii-rwanda-participa-la-inaugurarea-facultatii-de-medicina-din-africa-de-est","status":"publish","type":"post","link":"https:\/\/adventistoltenia.ro\/site\/presedintele-republicii-rwanda-participa-la-inaugurarea-facultatii-de-medicina-din-africa-de-est\/","title":{"rendered":"Pre\u0219edintele Republicii Rwanda particip\u0103 la inaugurarea Facult\u0103\u021bii de Medicin\u0103 din Africa de Est"},"content":{"rendered":"<div>\n<p>Excelen\u021ba Sa Paul Kagame, Pre\u0219edintele Republicii Rwanda, \u0219i Ted N.C. Wilson, Pre\u0219edintele Bisericii Adventiste mondiale, au participat la inaugurarea Facult\u0103\u021bii de Medicin\u0103 a Diviziunii Africa Central\u0103 \u0219i de Est din Kigali, capitala Republicii Rwanda, \u00een data de 2 septembrie 2019.<\/p>\n<p>\u00cen cadrul ceremoniei la care au participat conduc\u0103tori \u0219i credincio\u0219i adventi\u0219ti, dar \u0219i oficiali guvernamentali, Eustace Pennicook, fondator \u0219i decan al Facult\u0103\u021bii de Medicin\u0103, a prezentat cele patru etape \u00een construirea campusului, explic\u00e2nd c\u0103 doar prima etap\u0103 a fost finalizat\u0103. P\u00e2n\u0103 \u00een prezent au fost construite principalele cl\u0103diri, printre care se num\u0103r\u0103 complexul care g\u0103zduie\u0219te s\u0103lile de curs \u0219i nou\u0103 laboratoare, cantina, c\u0103minele studen\u021be\u0219ti \u0219i casele de oaspe\u021bi.<\/p>\n<p>Blasious Ruguri, Pre\u0219edintele Bisericii Adventiste \u00een regiunea Africa Central\u0103 \u0219i de Est, i-a mul\u021bumit Pre\u0219edintelui Kagame, care \u0219i-a \u00eemplinit promisiunea de a pava drumul de acces \u00een campus. \u00cen acela\u0219i timp, Ruguri a vorbit despre faptul c\u0103 noua Facultate de Medicin\u0103 a fost un proiect care dep\u0103\u0219ea posibilit\u0103\u021bile financiare locale.<\/p>\n<p>\u201eMul\u021bumesc Conferin\u021bei Generale a Bisericii Adventiste de Ziua a \u0218aptea pentru darul special din Sabatul 13 al anului 2016, care a contribuit la demararea acestui proiect\u201d, a spus el. \u201eLe mul\u021bumesc, de asemenea, credincio\u0219ilor adventi\u0219ti din cele 11 \u021b\u0103ri care formeaz\u0103 aceast\u0103 regiune administrativ\u0103. Fiecare a contribuit la \u00eenfiin\u021barea \u0219colii, \u0219i mul\u021bi a\u021bii \u0219i-au manifestat generozitatea.\u201d Ruguri a spus c\u0103 acum au nevoie de mai mult teren pe care s\u0103 construiasc\u0103 alte cl\u0103diri, printre care \u0219i un spital universitar.<\/p>\n<p>Wilson a felicitat noua institu\u021bie de \u00eenv\u0103\u021b\u0103m\u00e2nt \u0219i i-a mul\u021bumit Pre\u0219edintelui Kagame pentru sus\u021binerea Bisericii Adventiste de Ziua a \u0218aptea prin crearea infrastructurii \u0219i prin respectarea libert\u0103\u021bii religioase. \u00cen plus, acesta a apreciat \u00eencrederea Pre\u0219edintelui \u00een Biserica Adventist\u0103 de Ziua a \u0218aptea, \u00eencuraj\u00e2nd-o s\u0103 accepte provocarea \u00eenfiin\u021b\u0103rii unei facult\u0103\u021bi de medicin\u0103.<\/p>\n<p>\u201eEste un privilegiu s\u0103 pot participa la inaugurarea Facult\u0103\u021bii de Medicin\u0103 a Diviziunii Africa Central\u0103 \u0219i de Est \u00een Kigali, Rwanda, cea de-a \u0219aptea [facultate adventist\u0103 de medicin\u0103] din lume\u201d, a spus pastorul Wilson. Aceast\u0103 facultate de medicin\u0103 va fi o binecuv\u00e2ntare extraordinar\u0103 pentru regiunea Africa Central\u0103 \u0219i de Est, studen\u021bii av\u00e2nd parte de o educa\u021bie de calitate \u00een domeniul medical combinat\u0103 cu dezvoltarea spiritual\u0103.<\/p>\n<p>Pastorul Wilson a provocat conducerea Diviziunii Africa Central\u0103 \u0219i de Est nu doar s\u0103 afi\u0219eze cl\u0103diri frumoase, ci s\u0103 fac\u0103 eforturi pentru o educa\u021bie de calitatea \u00een interiorul lor. El s-a rugat pentru binecuv\u00e2nt\u0103ri cere\u0219ti asupra \u0219colii \u0219i a \u021b\u0103rii, amintindu-le celor prezen\u021bi c\u0103 m\u00e2ndria \u0219i arogan\u021ba sunt incompatibile cu proiectele de succes.<\/p>\n<p>\u201eDumnezeu va folosi aceast\u0103 facultate de medicin\u0103 \u0219i pe absolven\u021bii ei pe m\u0103sur\u0103 ce ace\u0219tia calc\u0103 pe urmele Marelui Medic pentru a duce mai departe lucrarea medical\u0103, bra\u021bul drept al evangheliei, \u00een preg\u0103tirea unui popor pentru revenirea iminent\u0103 a lui Hristos din punct de vedere fizic, mintal, social \u0219i spiritual\u201d, a spus Wilson.<\/p>\n<p>Pre\u0219edintele Republicii Rwanda, care a fost \u00eenso\u021bit \u0219i de so\u021bia sa, Janet, a l\u0103udat Biserica Adventist\u0103 pentru c\u0103 face din s\u0103n\u0103tate un st\u00e2lp al evangheliz\u0103rii \u0219i dezvolt\u0103rii. Acesta le-a mul\u021bumit, de asemenea, credincio\u0219ilor adventi\u0219ti din Rwanda, pentru contribu\u021bia lor din ultimii 100 de ani la dezvoltarea \u021b\u0103rii. \u00cen ceea ce prive\u0219te Facultatea de Medicin\u0103, Pre\u0219edintele Kagame a mul\u021bumit Bisericii pentru c\u0103 este un partener de \u00eencredere al guvernului din Rwanda. \u201eV\u0103 promit c\u0103 vom oferi teren \u0219i fonduri pentru construirea unui spital universitar pentru noua facultate\u201d, a spus el.<\/p>\n<p>Noua facultate de medicin\u0103 a Diviziunii Africa Central\u0103 \u0219i de Est este g\u0103zduit\u0103 de Universitatea Adventist\u0103 Africa Central\u0103 \u00een campusul Masoro, din Kigali. Aceasta este cea de-a doua facultate adventist\u0103 de medicin\u0103 de pe continentul African \u0219i a \u0219aptea din lume.<\/p>\n<p>Sursa: <a href=\"https:\/\/news.adventist.org\/en\/all-news\/news\/go\/2019-09-05\/rwandan-president-along-with-president-of-the-seventh-day-adventist-world-church-inaugurates-new-a\/\">Adventist News Network<\/a><\/p>\n<\/div>\n<p class=\"wpematico_credit\"><small>Powered by <a href=\"http:\/\/www.wpematico.com\" target=\"_blank\">WPeMatico<\/a><\/small><\/p>\n ","protected":false},"excerpt":{"rendered":"<p>Excelen\u021ba Sa Paul Kagame, Pre\u0219edintele Republicii Rwanda, \u0219i Ted N.C. Wilson, Pre\u0219edintele Bisericii Adventiste mondiale, au participat la inaugurarea Facult\u0103\u021bii de Medicin\u0103 a Diviziunii Africa Central\u0103 \u0219i de Est din Kigali, capitala Republicii Rwanda, \u00een data de 2 septembrie 2019. \u00cen cadrul ceremoniei la care au participat conduc\u0103tori \u0219i credincio\u0219i adventi\u0219ti, dar \u0219i oficiali guvernamentali, &hellip; <a href=\"https:\/\/adventistoltenia.ro\/site\/presedintele-republicii-rwanda-participa-la-inaugurarea-facultatii-de-medicina-din-africa-de-est\/\">Continued<\/a><\/p>\n","protected":false},"author":2,"featured_media":0,"comment_status":"open","ping_status":"closed","sticky":false,"template":"","format":"standard","meta":[],"categories":[71],"tags":[],"yoast_head":"<!-- This site is optimized with the Yoast SEO plugin v20.3 - https:\/\/yoast.com\/wordpress\/plugins\/seo\/ -->\n<title>Pre\u0219edintele Republicii Rwanda particip\u0103 la inaugurarea Facult\u0103\u021bii de Medicin\u0103 din Africa de Est - Conferinta Oltenia<\/title>\n<meta name=\"robots\" content=\"index, follow, max-snippet:-1, max-image-preview:large, max-video-preview:-1\" \/>\n<link rel=\"canonical\" href=\"https:\/\/adventistoltenia.ro\/site\/presedintele-republicii-rwanda-participa-la-inaugurarea-facultatii-de-medicina-din-africa-de-est\/\" \/>\n<meta property=\"og:locale\" content=\"en_US\" \/>\n<meta property=\"og:type\" content=\"article\" \/>\n<meta property=\"og:title\" content=\"Pre\u0219edintele Republicii Rwanda particip\u0103 la inaugurarea Facult\u0103\u021bii de Medicin\u0103 din Africa de Est - Conferinta Oltenia\" \/>\n<meta property=\"og:description\" content=\"Excelen\u021ba Sa Paul Kagame, Pre\u0219edintele Republicii Rwanda, \u0219i Ted N.C. Wilson, Pre\u0219edintele Bisericii Adventiste mondiale, au participat la inaugurarea Facult\u0103\u021bii de Medicin\u0103 a Diviziunii Africa Central\u0103 \u0219i de Est din Kigali, capitala Republicii Rwanda, \u00een data de 2 septembrie 2019. \u00cen cadrul ceremoniei la care au participat conduc\u0103tori \u0219i credincio\u0219i adventi\u0219ti, dar \u0219i oficiali guvernamentali, &hellip; Continued\" \/>\n<meta property=\"og:url\" content=\"https:\/\/adventistoltenia.ro\/site\/presedintele-republicii-rwanda-participa-la-inaugurarea-facultatii-de-medicina-din-africa-de-est\/\" \/>\n<meta property=\"og:site_name\" content=\"Conferinta Oltenia\" \/>\n<meta property=\"article:published_time\" content=\"2019-09-21T01:07:31+00:00\" \/>\n<meta name=\"author\" content=\"Conferinta Oltenia\" \/>\n<meta name=\"twitter:card\" content=\"summary_large_image\" \/>\n<meta name=\"twitter:label1\" content=\"Written by\" \/>\n\t<meta name=\"twitter:data1\" content=\"Conferinta Oltenia\" \/>\n\t<meta name=\"twitter:label2\" content=\"Est. reading time\" \/>\n\t<meta name=\"twitter:data2\" content=\"3 minutes\" \/>\n<script type=\"application\/ld+json\" class=\"yoast-schema-graph\">{\"@context\":\"https:\/\/schema.org\",\"@graph\":[{\"@type\":\"WebPage\",\"@id\":\"https:\/\/adventistoltenia.ro\/site\/presedintele-republicii-rwanda-participa-la-inaugurarea-facultatii-de-medicina-din-africa-de-est\/\",\"url\":\"https:\/\/adventistoltenia.ro\/site\/presedintele-republicii-rwanda-participa-la-inaugurarea-facultatii-de-medicina-din-africa-de-est\/\",\"name\":\"Pre\u0219edintele Republicii Rwanda particip\u0103 la inaugurarea Facult\u0103\u021bii de Medicin\u0103 din Africa de Est - Conferinta Oltenia\",\"isPartOf\":{\"@id\":\"https:\/\/adventistoltenia.ro\/site\/#website\"},\"datePublished\":\"2019-09-21T01:07:31+00:00\",\"dateModified\":\"2019-09-21T01:07:31+00:00\",\"author\":{\"@id\":\"https:\/\/adventistoltenia.ro\/site\/#\/schema\/person\/81972d6ddcec064fcb37a129240ef9d7\"},\"breadcrumb\":{\"@id\":\"https:\/\/adventistoltenia.ro\/site\/presedintele-republicii-rwanda-participa-la-inaugurarea-facultatii-de-medicina-din-africa-de-est\/#breadcrumb\"},\"inLanguage\":\"en-US\",\"potentialAction\":[{\"@type\":\"ReadAction\",\"target\":[\"https:\/\/adventistoltenia.ro\/site\/presedintele-republicii-rwanda-participa-la-inaugurarea-facultatii-de-medicina-din-africa-de-est\/\"]}]},{\"@type\":\"BreadcrumbList\",\"@id\":\"https:\/\/adventistoltenia.ro\/site\/presedintele-republicii-rwanda-participa-la-inaugurarea-facultatii-de-medicina-din-africa-de-est\/#breadcrumb\",\"itemListElement\":[{\"@type\":\"ListItem\",\"position\":1,\"name\":\"Home\",\"item\":\"https:\/\/adventistoltenia.ro\/site\/\"},{\"@type\":\"ListItem\",\"position\":2,\"name\":\"Pre\u0219edintele Republicii Rwanda particip\u0103 la inaugurarea Facult\u0103\u021bii de Medicin\u0103 din Africa de Est\"}]},{\"@type\":\"WebSite\",\"@id\":\"https:\/\/adventistoltenia.ro\/site\/#website\",\"url\":\"https:\/\/adventistoltenia.ro\/site\/\",\"name\":\"Conferinta Oltenia\",\"description\":\"Biserica Adventista de Ziua a Saptea\",\"potentialAction\":[{\"@type\":\"SearchAction\",\"target\":{\"@type\":\"EntryPoint\",\"urlTemplate\":\"https:\/\/adventistoltenia.ro\/site\/?s={search_term_string}\"},\"query-input\":\"required name=search_term_string\"}],\"inLanguage\":\"en-US\"},{\"@type\":\"Person\",\"@id\":\"https:\/\/adventistoltenia.ro\/site\/#\/schema\/person\/81972d6ddcec064fcb37a129240ef9d7\",\"name\":\"Conferinta Oltenia\",\"image\":{\"@type\":\"ImageObject\",\"inLanguage\":\"en-US\",\"@id\":\"https:\/\/adventistoltenia.ro\/site\/#\/schema\/person\/image\/\",\"url\":\"https:\/\/secure.gravatar.com\/avatar\/ebe92ec22e2e53a8eb79d6b52b724e27?s=96&d=mm&r=g\",\"contentUrl\":\"https:\/\/secure.gravatar.com\/avatar\/ebe92ec22e2e53a8eb79d6b52b724e27?s=96&d=mm&r=g\",\"caption\":\"Conferinta Oltenia\"},\"url\":\"https:\/\/adventistoltenia.ro\/site\/author\/adm1n\/\"}]}<\/script>\n<!-- \/ Yoast SEO plugin. -->","yoast_head_json":{"title":"Pre\u0219edintele Republicii Rwanda particip\u0103 la inaugurarea Facult\u0103\u021bii de Medicin\u0103 din Africa de Est - Conferinta Oltenia","robots":{"index":"index","follow":"follow","max-snippet":"max-snippet:-1","max-image-preview":"max-image-preview:large","max-video-preview":"max-video-preview:-1"},"canonical":"https:\/\/adventistoltenia.ro\/site\/presedintele-republicii-rwanda-participa-la-inaugurarea-facultatii-de-medicina-din-africa-de-est\/","og_locale":"en_US","og_type":"article","og_title":"Pre\u0219edintele Republicii Rwanda particip\u0103 la inaugurarea Facult\u0103\u021bii de Medicin\u0103 din Africa de Est - Conferinta Oltenia","og_description":"Excelen\u021ba Sa Paul Kagame, Pre\u0219edintele Republicii Rwanda, \u0219i Ted N.C. Wilson, Pre\u0219edintele Bisericii Adventiste mondiale, au participat la inaugurarea Facult\u0103\u021bii de Medicin\u0103 a Diviziunii Africa Central\u0103 \u0219i de Est din Kigali, capitala Republicii Rwanda, \u00een data de 2 septembrie 2019. \u00cen cadrul ceremoniei la care au participat conduc\u0103tori \u0219i credincio\u0219i adventi\u0219ti, dar \u0219i oficiali guvernamentali, &hellip; Continued","og_url":"https:\/\/adventistoltenia.ro\/site\/presedintele-republicii-rwanda-participa-la-inaugurarea-facultatii-de-medicina-din-africa-de-est\/","og_site_name":"Conferinta Oltenia","article_published_time":"2019-09-21T01:07:31+00:00","author":"Conferinta Oltenia","twitter_card":"summary_large_image","twitter_misc":{"Written by":"Conferinta Oltenia","Est. reading time":"3 minutes"},"schema":{"@context":"https:\/\/schema.org","@graph":[{"@type":"WebPage","@id":"https:\/\/adventistoltenia.ro\/site\/presedintele-republicii-rwanda-participa-la-inaugurarea-facultatii-de-medicina-din-africa-de-est\/","url":"https:\/\/adventistoltenia.ro\/site\/presedintele-republicii-rwanda-participa-la-inaugurarea-facultatii-de-medicina-din-africa-de-est\/","name":"Pre\u0219edintele Republicii Rwanda particip\u0103 la inaugurarea Facult\u0103\u021bii de Medicin\u0103 din Africa de Est - Conferinta Oltenia","isPartOf":{"@id":"https:\/\/adventistoltenia.ro\/site\/#website"},"datePublished":"2019-09-21T01:07:31+00:00","dateModified":"2019-09-21T01:07:31+00:00","author":{"@id":"https:\/\/adventistoltenia.ro\/site\/#\/schema\/person\/81972d6ddcec064fcb37a129240ef9d7"},"breadcrumb":{"@id":"https:\/\/adventistoltenia.ro\/site\/presedintele-republicii-rwanda-participa-la-inaugurarea-facultatii-de-medicina-din-africa-de-est\/#breadcrumb"},"inLanguage":"en-US","potentialAction":[{"@type":"ReadAction","target":["https:\/\/adventistoltenia.ro\/site\/presedintele-republicii-rwanda-participa-la-inaugurarea-facultatii-de-medicina-din-africa-de-est\/"]}]},{"@type":"BreadcrumbList","@id":"https:\/\/adventistoltenia.ro\/site\/presedintele-republicii-rwanda-participa-la-inaugurarea-facultatii-de-medicina-din-africa-de-est\/#breadcrumb","itemListElement":[{"@type":"ListItem","position":1,"name":"Home","item":"https:\/\/adventistoltenia.ro\/site\/"},{"@type":"ListItem","position":2,"name":"Pre\u0219edintele Republicii Rwanda particip\u0103 la inaugurarea Facult\u0103\u021bii de Medicin\u0103 din Africa de Est"}]},{"@type":"WebSite","@id":"https:\/\/adventistoltenia.ro\/site\/#website","url":"https:\/\/adventistoltenia.ro\/site\/","name":"Conferinta Oltenia","description":"Biserica Adventista de Ziua a Saptea","potentialAction":[{"@type":"SearchAction","target":{"@type":"EntryPoint","urlTemplate":"https:\/\/adventistoltenia.ro\/site\/?s={search_term_string}"},"query-input":"required name=search_term_string"}],"inLanguage":"en-US"},{"@type":"Person","@id":"https:\/\/adventistoltenia.ro\/site\/#\/schema\/person\/81972d6ddcec064fcb37a129240ef9d7","name":"Conferinta Oltenia","image":{"@type":"ImageObject","inLanguage":"en-US","@id":"https:\/\/adventistoltenia.ro\/site\/#\/schema\/person\/image\/","url":"https:\/\/secure.gravatar.com\/avatar\/ebe92ec22e2e53a8eb79d6b52b724e27?s=96&d=mm&r=g","contentUrl":"https:\/\/secure.gravatar.com\/avatar\/ebe92ec22e2e53a8eb79d6b52b724e27?s=96&d=mm&r=g","caption":"Conferinta Oltenia"},"url":"https:\/\/adventistoltenia.ro\/site\/author\/adm1n\/"}]}},"_links":{"self":[{"href":"https:\/\/adventistoltenia.ro\/site\/wp-json\/wp\/v2\/posts\/2998"}],"collection":[{"href":"https:\/\/adventistoltenia.ro\/site\/wp-json\/wp\/v2\/posts"}],"about":[{"href":"https:\/\/adventistoltenia.ro\/site\/wp-json\/wp\/v2\/types\/post"}],"author":[{"embeddable":true,"href":"https:\/\/adventistoltenia.ro\/site\/wp-json\/wp\/v2\/users\/2"}],"replies":[{"embeddable":true,"href":"https:\/\/adventistoltenia.ro\/site\/wp-json\/wp\/v2\/comments?post=2998"}],"version-history":[{"count":0,"href":"https:\/\/adventistoltenia.ro\/site\/wp-json\/wp\/v2\/posts\/2998\/revisions"}],"wp:attachment":[{"href":"https:\/\/adventistoltenia.ro\/site\/wp-json\/wp\/v2\/media?parent=2998"}],"wp:term":[{"taxonomy":"category","embeddable":true,"href":"https:\/\/adventistoltenia.ro\/site\/wp-json\/wp\/v2\/categories?post=2998"},{"taxonomy":"post_tag","embeddable":true,"href":"https:\/\/adventistoltenia.ro\/site\/wp-json\/wp\/v2\/tags?post=2998"}],"curies":[{"name":"wp","href":"https:\/\/api.w.org\/{rel}","templated":true}]}}