{"id":2999,"date":"2019-09-21T01:07:31","date_gmt":"2019-09-21T01:07:31","guid":{"rendered":"http:\/\/adventistoltenia.ro\/site\/summit-ul-enditnow-din-america-de-nord-se-concentreaza-asupra-recunoasterii-si-combaterii-abuzului\/"},"modified":"2019-09-21T01:07:31","modified_gmt":"2019-09-21T01:07:31","slug":"summit-ul-enditnow-din-america-de-nord-se-concentreaza-asupra-recunoasterii-si-combaterii-abuzului","status":"publish","type":"post","link":"https:\/\/adventistoltenia.ro\/site\/summit-ul-enditnow-din-america-de-nord-se-concentreaza-asupra-recunoasterii-si-combaterii-abuzului\/","title":{"rendered":"Summit-ul EndItNow din America de Nord se concentreaz\u0103 asupra recunoa\u0219terii \u0219i combaterii abuzului"},"content":{"rendered":"<div>\n<p>\u00cen prima zi a edi\u021biei din acest an a summit-ului enditnow, capela Universit\u0103\u021bii Andrews a fost plin\u0103.<\/p>\n<p>Summit-ul de dou\u0103 zile din campusul Universit\u0103\u021bii Andrews din Berrien Springs, Michigan, Statele Unite, a fost organizat pentru a le oferi pastorilor, studen\u021bilor, profesorilor, voluntarilor, personalului bisericii \u0219i credincio\u0219ilor adventi\u0219ti instrumentele \u0219i informa\u021biile necesare pentru a contribui la combaterea abuzului \u00een sfera lor de influen\u021b\u0103.<\/p>\n<p>\u00cen cadrul evenimentului au luat cuv\u00e2ntul exper\u021bi din domenii diferite, de la conduc\u0103tori \u0219i administratori ai bisericii, sus\u021bin\u0103tori ai combaterii abuzului \u0219i cadre didactice, la femei care au dat m\u0103rturie cu privire la experien\u021ba lor de persoane care au suferit abuzuri. Evenimentul aflat la cea de-a treia edi\u021bie a fost transmis \u00een direct \u00een englez\u0103 \u0219i spaniol\u0103, fiind primul de acest fel organizat \u00eentr-un campus universitar.<\/p>\n<p><strong>Un subiect grav<\/strong><\/p>\n<p>\u201eEste un subiect extrem de grav cu care se confrunt\u0103 societatea \u0219i biserica noastr\u0103\u201d, a spus G. Alexander Bryant, Secretar Executiv al Diviziunii Nordamericane, \u00een timpul sesiunii de deschidere a evenimentului. \u201eM\u0103 rog s\u0103 pleca\u021bi de aici mai preg\u0103ti\u021bi, mai informa\u021bi \u0219i motiva\u021bi s\u0103 combate\u021bi abuzul \u00een sfera dumneavoastr\u0103 de influen\u021b\u0103 \u2013 la locul de munc\u0103, \u00een cercul social, \u0219i chiar \u00een locul de \u00eenchinare.\u201d<\/p>\n<p>Pe l\u00e2ng\u0103 cei prezen\u021bi \u00een capela universit\u0103\u021bii, potrivit lui Jamie Domm, strateg pentru media digital\u0103 al Diviziunii Nordamericane, mai mult de 3600 de persoane s-au \u00eenregistrat pentru a urm\u0103ri transmisiunea \u00een direct pe Facebook, iar mai mult de 500 de persoane au urm\u0103rit \u00een mod constant prezent\u0103rile transmise pe Facebook.<\/p>\n<p>\u00cenainte ca exper\u021bii s\u0103 ia cuv\u00e2ntul, Ivan Williams, Directorul Asocia\u021biei Pastorale din cadrul Diviziunii Nordamericane, le-a urat bun venit participan\u021bilor, iar at\u00e2t cei prezen\u021bi \u00een sal\u0103 c\u00e2t \u0219i cei care au urm\u0103rit transmisiunea online, au participat la un sondaj ini\u021bial despre abuz. \u00cen timpul ambelor zile, avoca\u021bi, pastori, reprezentan\u021bi ai Adventist Risk Management \u0219i prezentatori din cadrul summit-ului au r\u0103spuns \u00eentreb\u0103rilor adresate pe Twitter \u0219i Facebook.<\/p>\n<p>\u201eDe ce avem datoria de a aborda aceast\u0103 problem\u0103 \u00een biseric\u0103?\u201d a \u00eentrebat prima vorbitoare, Ren\u00e9 Drumm, care a \u00eemp\u0103rt\u0103\u0219it a doua parte a cuvintelor lui Isus din Ioan 10:10. \u201dO via\u021b\u0103 de abuz nu este o via\u021b\u0103 din plin\u201d, a spus Drumm. \u201e\u0218i o singur\u0103 persoan\u0103 \u00eenseamn\u0103 prea mult.\u201d<\/p>\n<p><strong>Subiecte abordate<\/strong><\/p>\n<p>Printre subiectele abordate \u00een prima zi a summit-ului despre abuz s-au num\u0103rat: \u201eAbuzul \u00een rela\u021bii \u0219i violen\u021ba \u00een Biserica Adventist\u0103 de Ziua a \u0218aptea\u201d, prezentat de Drumm, profesor de asisten\u021b\u0103 social\u0103; \u201eAbuzul spiritual: s\u0103 \u00eei punem cap\u0103t!\u201d, prezentat de David Sedlacek, profesor de ucenicie \u0219i slujirea familiei; \u201eVictimele t\u0103cute ale violen\u021bei domestice\u201d, prezentat de Ruben Muriente, din cadrul <em>Family Justice Center<\/em> (din statul american Tennessee); \u201eAbuzul \u00eentre cov\u00e2rstnici: prevalen\u021b\u0103, protec\u021bie \u0219i prevenire\u201d, de Mindy Salyers, educatoare, consilier\u0103 \u0219i specialist \u00een prevenirea bullying-ului; \u201ePornografia \u0219i violen\u021ba\u201d, de Stanley Stevenson, director regional al Serviciului de Asisten\u021b\u0103 Social\u0103 din cadrul Departamentului de S\u0103n\u0103tate din statul Mississippi; \u201eDublul abuz \u0219i consecin\u021bele sale\u201d, de Sarah McDugal, consilier \u00een domeniul recuper\u0103rii \u00een urma abuzului; \u0219i \u201eEsen\u021ba abuzului\u201d, cu coordonatorul <em>Psalm 82 Initiative<\/em>.<\/p>\n<p>Prezent\u0103rile din cadrul celei de-a doua zile au fost \u00een limba spaniol\u0103.<\/p>\n<p>Nicole Crosier Parker, una dintre persoanele care au urm\u0103rit evenimentul pe Facebook, \u0219i-a exprimat aprecierea pentru summit prin intermediul unui comentariu: \u201eA fost uimitor\u201d, a scris Parker. \u201eLe mul\u021bumesc tuturor acestor vorbitori impresionan\u021bi \u0219i tuturor celor care au depus eforturi pentru reu\u0219ita evenimentului! A\u0219a are loc schimbarea!\u201d<\/p>\n<p>Dup\u0103 \u00eencheierea transmisiunilor \u00een direct, prezentatorii \u0219i participan\u021bii au fost invita\u021bi \u00een premier\u0103 la o recep\u021bie \u0219i la o sesiune de \u00eentreb\u0103ri \u0219i r\u0103spunsuri. \u00cen cadrul acesteia din urm\u0103, participan\u021bii au avut ocazia de a le adresa \u00eentreb\u0103ri vorbitorilor \u0219i de a afla despre situa\u021bii \u0219i solu\u021bii reale.<\/p>\n<p><strong>Biserica Adventist\u0103 poate deveni un lider<\/strong><\/p>\n<p>Prima vorbitoare, Ren\u00e9 Drumm, care a studiat timp de zeci de ani violen\u021ba domestic\u0103 \u0219i violen\u021ba \u00eentre parteneri \u00een cadrul bisericii a spus c\u0103 ea crede c\u0103 Biserica Adventist\u0103 este preg\u0103tit\u0103 s\u0103 devin\u0103 un lider mondial \u00een domeniul prevenirii \u0219i combaterii abuzului.<\/p>\n<p>\u201ePrimul studiu, realizat la \u00eenceputul anilor 2000, a ar\u0103tat c\u0103 rata abuzului \u00eentre parteneri este similar\u0103 celei \u00eenregistrate la nivelul Statelor Unite\u201d, a spus Drumm. \u201eAl doilea studiu a analizat \u00een profunzime victimele\/supravie\u021buitorii adventi\u0219ti ai abuzului \u00eentre parteneri. Durerea din pove\u0219tile supravie\u021buitorilor ne-a convins c\u0103 cea mai presant\u0103 nevoie era s\u0103 preg\u0103tim pastorii pentru a r\u0103spunde atunci c\u00e2nd li se aduc la cuno\u0219tin\u021b\u0103 cazuri de abuz. De acolo, Domnul a deschis u\u0219ile pentru ca echipa noastr\u0103 de cercet\u0103tori s\u0103 instruiasc\u0103 pastorii din regiunea noastr\u0103 [pe atunci Conferin\u021ba Georgia-Cumberland, \u00een sud-estul Statelor Unite] pentru a r\u0103spunde \u00een cazurile de abuz. Am dezvoltat un program de instruire de 4 ore pe care conferin\u021ba l-a cerut pentru to\u021bi pastorii din cadrul ei, bucur\u00e2ndu-se de rezultate uimitoare \u0219i de durat\u0103.\u201d<\/p>\n<p>Drum a concluzionat: \u201eDeoarece un num\u0103r semnificativ de oameni din biserica noastr\u0103 sufer\u0103 \u00een t\u0103cere de acest flagel, trebuie s\u0103 ac\u021bion\u0103m. Avem informa\u021biile, \u0219tim ce trebuie f\u0103cut, \u0219i avem o metod\u0103 care \u0219tim c\u0103 func\u021bioneaz\u0103.\u201d<\/p>\n<p><strong>Eradicarea abuzului<\/strong><\/p>\n<p>Un alt vorbitor, Ruben Muriente, a spus c\u0103 participa la summit deoarece dore\u0219te ca Biserica Adventist\u0103 s\u0103 aib\u0103 cele mai bune resurse existente pentru a lupta \u00eempotriva abuzului.<\/p>\n<p>\u201eScopul meu este eradicarea abuzului din biserica noastr\u0103\u201d, a spus Muriente. \u201eVorbesc despre efectele abuzului asupra copiilor care sunt martorii lui. Vreau ca cei prezen\u021bi s\u0103 \u00een\u021beleag\u0103 c\u0103 copiii au nevoie de ajutorul \u0219i de sprijinul nostru.\u201d<\/p>\n<p><strong>Responsabilitatea de a crea biserici sigure<\/strong><\/p>\n<p>David Sedlacek, profesor \u00een cadrul Universit\u0103\u021bii Andrews, a spus: \u201e\u00een calitate de supravie\u021buitor al abuzului spiritual \u0219i emo\u021bional, sunt convins c\u0103 Biserica Adventist\u0103 de Ziua a \u0218aptea are responsabilitatea de a crea biserici sigure nu numai pentru membrii no\u0219tri, ci \u0219i pentru comunit\u0103\u021bile din jur.\u201d<\/p>\n<p>Sedlacek crede c\u0103 summit-ul enditnow a oferit informa\u021bii, m\u0103rturii \u0219i strategii pentru a face fa\u021b\u0103 abuzului \u0219i violen\u021bei de orice fel: \u201eVa contribui la progres \u00een cadrul bisericii noastre. Este un element esen\u021bial al misiunii vindec\u0103toare a bisericii pe m\u0103sur\u0103 ce ne preg\u0103tim pentru revenirea lui Isus\u201d, a spus el.<\/p>\n<p><strong>Luarea abuzului \u00een serios<\/strong><\/p>\n<p>\u201eSummit-ul enditnow este esen\u021bial pentru Biserica Adventist\u0103 deoarece subiectul abuzului ar fi trebuit luat \u00een serios de mult\u201d, a spus Sara McDugal. \u201eAvem misiunea de a le reprezenta cu fidelitate caracterul iubitor al lui Dumnezeu celor care sunt vulnerabili \u0219i r\u0103ni\u021bi. Tratarea corect\u0103 a abuzului \u0219i a abuzatorilor este un imperativ al evangheliz\u0103rii, deoarece situa\u021biile de abuz gestionate prost reprezint\u0103 unul dintre motivele care au o contribu\u021bie cople\u0219itoare asupra deciziei tinerilor de a p\u0103r\u0103si biserica. Cum ne putem a\u0219tepta ca tinerii no\u0219tri s\u0103 r\u0103m\u00e2n\u0103, c\u00e2nd ei v\u0103d adesea conduc\u0103tori care reprezint\u0103 gre\u0219it caracterul lui Dumnezeu, protej\u00e2nd abuzatorii \u0219i ignor\u00e2nd victimele?\u201d<\/p>\n<p>McDugal a spus c\u0103 sper\u0103 ca participan\u021bii s\u0103 plece de la summit cu o con\u0219tientizare care aduce vindecare a faptului c\u0103 \u00een biseric\u0103 exist\u0103 oameni preocupa\u021bi de combaterea abuzului; cu un sim\u021b\u0103m\u00e2nt c\u0103 exist\u0103 o mai mare libertate de a vorbi despre suferin\u021b\u0103 \u0219i de a g\u0103si sprijin; \u0219i cu informa\u021bii referitoare la instrumente care pot fi folosite pentru o mai bun\u0103 educa\u021bie pe teme legate de abuz.<\/p>\n<p><strong>Abordarea deschis\u0103 a subiectului<\/strong><\/p>\n<p>\u00cen timp ce mul\u021bi membri ai administra\u021biei \u0219i conducerii Diviziunii Nordamericane au sus\u021binut summit-ul prin diverse c\u0103i\u2014de la cazare la planificarea vorbitorilor\u2014doi dintre ace\u0219tia au vorbit \u00een cadrul segmentului \u00een limba spaniol\u0103.<\/p>\n<p>Gerry Lopez, director adjunct al Departamentului Slujirea Copilului din cadrul Diviziunii Nordamericane, a spus: \u201eEste timpul ca biserica noastr\u0103 s\u0103 vorbeasc\u0103 \u0219i s\u0103 ofere informa\u021bii despre acest subiect. Trebuie s\u0103 ne educ\u0103m conduc\u0103torii \u0219i membrii \u0219i s\u0103 \u00eei facem con\u0219tien\u021bi de faptul c\u0103 aceasta este o problem\u0103 real\u0103 care exist\u0103 \u00een biserica noastr\u0103. Trebuie s\u0103 educ\u0103m pe toat\u0103 lumea, astfel \u00eenc\u00e2t s\u0103 \u0219tim cum s\u0103 identific\u0103m problema \u0219i cum s\u0103 ajut\u0103m victimele.\u201d<\/p>\n<p>Lopez a vorbit despre bullying cu speran\u021ba, a spus el, c\u0103 cei care ne urm\u0103resc vor \u00een\u021belege mai bine nu doar ce este \u0219i cum poate fi prevenit bullying-ul, ci \u0219i cum \u00eei putem ajuta pe copiii care se confrunt\u0103 cu el. \u201e\u00cen calitate de pastori, instructori la grupele de \u0218coala de Sabat, responsabili ai departamentului Slujirea Copiilor, profesori \u0219i p\u0103rin\u021bi, trebuie s\u0103 fim persoanele la care victimele bullying-ului pot apela pentru ajutor \u0219i protec\u021bie. Acest lucru se poate \u00eent\u00e2mpla doar dac\u0103 ei au suficient\u0103 \u00eencredere pentru a veni la noi; noi \u00eei putem ajuta doar dac\u0103 \u0219tim ce trebuie s\u0103 facem.\u201d<\/p>\n<p>Claudio Consuegra, Directorul Departamentului Via\u021ba de Familie din cadrul Diviziunii Nordamericane, a spus la \u00eencheierea summit-ului: \u201eAm vorbit despre rela\u021bia dintre pornografie \u0219i abuzul \u00eentre parteneri. Sper s\u0103 aducem mai mult\u0103 lumin\u0103 asupra problemei din ce \u00een ce mai grave a pornografiei \u00een bisericile \u0219i comunit\u0103\u021bile noastre.\u201d<\/p>\n<p>Sursa: <a href=\"https:\/\/www.adventistreview.org\/church-news\/story14026-in-north-america-summit-focuses-on-helping-to-recognize-and-stop-abuse\">Adventist Review<\/a><\/p>\n<\/div>\n<p class=\"wpematico_credit\"><small>Powered by <a href=\"http:\/\/www.wpematico.com\" target=\"_blank\">WPeMatico<\/a><\/small><\/p>\n ","protected":false},"excerpt":{"rendered":"<p>\u00cen prima zi a edi\u021biei din acest an a summit-ului enditnow, capela Universit\u0103\u021bii Andrews a fost plin\u0103. Summit-ul de dou\u0103 zile din campusul Universit\u0103\u021bii Andrews din Berrien Springs, Michigan, Statele Unite, a fost organizat pentru a le oferi pastorilor, studen\u021bilor, profesorilor, voluntarilor, personalului bisericii \u0219i credincio\u0219ilor adventi\u0219ti instrumentele \u0219i informa\u021biile necesare pentru a contribui la &hellip; <a href=\"https:\/\/adventistoltenia.ro\/site\/summit-ul-enditnow-din-america-de-nord-se-concentreaza-asupra-recunoasterii-si-combaterii-abuzului\/\">Continued<\/a><\/p>\n","protected":false},"author":2,"featured_media":0,"comment_status":"open","ping_status":"closed","sticky":false,"template":"","format":"standard","meta":[],"categories":[71],"tags":[],"yoast_head":"<!-- This site is optimized with the Yoast SEO plugin v20.3 - https:\/\/yoast.com\/wordpress\/plugins\/seo\/ -->\n<title>Summit-ul EndItNow din America de Nord se concentreaz\u0103 asupra recunoa\u0219terii \u0219i combaterii abuzului - Conferinta Oltenia<\/title>\n<meta name=\"robots\" content=\"index, follow, max-snippet:-1, max-image-preview:large, max-video-preview:-1\" \/>\n<link rel=\"canonical\" href=\"https:\/\/adventistoltenia.ro\/site\/summit-ul-enditnow-din-america-de-nord-se-concentreaza-asupra-recunoasterii-si-combaterii-abuzului\/\" \/>\n<meta property=\"og:locale\" content=\"en_US\" \/>\n<meta property=\"og:type\" content=\"article\" \/>\n<meta property=\"og:title\" content=\"Summit-ul EndItNow din America de Nord se concentreaz\u0103 asupra recunoa\u0219terii \u0219i combaterii abuzului - Conferinta Oltenia\" \/>\n<meta property=\"og:description\" content=\"\u00cen prima zi a edi\u021biei din acest an a summit-ului enditnow, capela Universit\u0103\u021bii Andrews a fost plin\u0103. Summit-ul de dou\u0103 zile din campusul Universit\u0103\u021bii Andrews din Berrien Springs, Michigan, Statele Unite, a fost organizat pentru a le oferi pastorilor, studen\u021bilor, profesorilor, voluntarilor, personalului bisericii \u0219i credincio\u0219ilor adventi\u0219ti instrumentele \u0219i informa\u021biile necesare pentru a contribui la &hellip; Continued\" \/>\n<meta property=\"og:url\" content=\"https:\/\/adventistoltenia.ro\/site\/summit-ul-enditnow-din-america-de-nord-se-concentreaza-asupra-recunoasterii-si-combaterii-abuzului\/\" \/>\n<meta property=\"og:site_name\" content=\"Conferinta Oltenia\" \/>\n<meta property=\"article:published_time\" content=\"2019-09-21T01:07:31+00:00\" \/>\n<meta name=\"author\" content=\"Conferinta Oltenia\" \/>\n<meta name=\"twitter:card\" content=\"summary_large_image\" \/>\n<meta name=\"twitter:label1\" content=\"Written by\" \/>\n\t<meta name=\"twitter:data1\" content=\"Conferinta Oltenia\" \/>\n\t<meta name=\"twitter:label2\" content=\"Est. reading time\" \/>\n\t<meta name=\"twitter:data2\" content=\"8 minutes\" \/>\n<script type=\"application\/ld+json\" class=\"yoast-schema-graph\">{\"@context\":\"https:\/\/schema.org\",\"@graph\":[{\"@type\":\"WebPage\",\"@id\":\"https:\/\/adventistoltenia.ro\/site\/summit-ul-enditnow-din-america-de-nord-se-concentreaza-asupra-recunoasterii-si-combaterii-abuzului\/\",\"url\":\"https:\/\/adventistoltenia.ro\/site\/summit-ul-enditnow-din-america-de-nord-se-concentreaza-asupra-recunoasterii-si-combaterii-abuzului\/\",\"name\":\"Summit-ul EndItNow din America de Nord se concentreaz\u0103 asupra recunoa\u0219terii \u0219i combaterii abuzului - Conferinta Oltenia\",\"isPartOf\":{\"@id\":\"https:\/\/adventistoltenia.ro\/site\/#website\"},\"datePublished\":\"2019-09-21T01:07:31+00:00\",\"dateModified\":\"2019-09-21T01:07:31+00:00\",\"author\":{\"@id\":\"https:\/\/adventistoltenia.ro\/site\/#\/schema\/person\/81972d6ddcec064fcb37a129240ef9d7\"},\"breadcrumb\":{\"@id\":\"https:\/\/adventistoltenia.ro\/site\/summit-ul-enditnow-din-america-de-nord-se-concentreaza-asupra-recunoasterii-si-combaterii-abuzului\/#breadcrumb\"},\"inLanguage\":\"en-US\",\"potentialAction\":[{\"@type\":\"ReadAction\",\"target\":[\"https:\/\/adventistoltenia.ro\/site\/summit-ul-enditnow-din-america-de-nord-se-concentreaza-asupra-recunoasterii-si-combaterii-abuzului\/\"]}]},{\"@type\":\"BreadcrumbList\",\"@id\":\"https:\/\/adventistoltenia.ro\/site\/summit-ul-enditnow-din-america-de-nord-se-concentreaza-asupra-recunoasterii-si-combaterii-abuzului\/#breadcrumb\",\"itemListElement\":[{\"@type\":\"ListItem\",\"position\":1,\"name\":\"Home\",\"item\":\"https:\/\/adventistoltenia.ro\/site\/\"},{\"@type\":\"ListItem\",\"position\":2,\"name\":\"Summit-ul EndItNow din America de Nord se concentreaz\u0103 asupra recunoa\u0219terii \u0219i combaterii abuzului\"}]},{\"@type\":\"WebSite\",\"@id\":\"https:\/\/adventistoltenia.ro\/site\/#website\",\"url\":\"https:\/\/adventistoltenia.ro\/site\/\",\"name\":\"Conferinta Oltenia\",\"description\":\"Biserica Adventista de Ziua a Saptea\",\"potentialAction\":[{\"@type\":\"SearchAction\",\"target\":{\"@type\":\"EntryPoint\",\"urlTemplate\":\"https:\/\/adventistoltenia.ro\/site\/?s={search_term_string}\"},\"query-input\":\"required name=search_term_string\"}],\"inLanguage\":\"en-US\"},{\"@type\":\"Person\",\"@id\":\"https:\/\/adventistoltenia.ro\/site\/#\/schema\/person\/81972d6ddcec064fcb37a129240ef9d7\",\"name\":\"Conferinta Oltenia\",\"image\":{\"@type\":\"ImageObject\",\"inLanguage\":\"en-US\",\"@id\":\"https:\/\/adventistoltenia.ro\/site\/#\/schema\/person\/image\/\",\"url\":\"https:\/\/secure.gravatar.com\/avatar\/ebe92ec22e2e53a8eb79d6b52b724e27?s=96&d=mm&r=g\",\"contentUrl\":\"https:\/\/secure.gravatar.com\/avatar\/ebe92ec22e2e53a8eb79d6b52b724e27?s=96&d=mm&r=g\",\"caption\":\"Conferinta Oltenia\"},\"url\":\"https:\/\/adventistoltenia.ro\/site\/author\/adm1n\/\"}]}<\/script>\n<!-- \/ Yoast SEO plugin. -->","yoast_head_json":{"title":"Summit-ul EndItNow din America de Nord se concentreaz\u0103 asupra recunoa\u0219terii \u0219i combaterii abuzului - Conferinta Oltenia","robots":{"index":"index","follow":"follow","max-snippet":"max-snippet:-1","max-image-preview":"max-image-preview:large","max-video-preview":"max-video-preview:-1"},"canonical":"https:\/\/adventistoltenia.ro\/site\/summit-ul-enditnow-din-america-de-nord-se-concentreaza-asupra-recunoasterii-si-combaterii-abuzului\/","og_locale":"en_US","og_type":"article","og_title":"Summit-ul EndItNow din America de Nord se concentreaz\u0103 asupra recunoa\u0219terii \u0219i combaterii abuzului - Conferinta Oltenia","og_description":"\u00cen prima zi a edi\u021biei din acest an a summit-ului enditnow, capela Universit\u0103\u021bii Andrews a fost plin\u0103. Summit-ul de dou\u0103 zile din campusul Universit\u0103\u021bii Andrews din Berrien Springs, Michigan, Statele Unite, a fost organizat pentru a le oferi pastorilor, studen\u021bilor, profesorilor, voluntarilor, personalului bisericii \u0219i credincio\u0219ilor adventi\u0219ti instrumentele \u0219i informa\u021biile necesare pentru a contribui la &hellip; Continued","og_url":"https:\/\/adventistoltenia.ro\/site\/summit-ul-enditnow-din-america-de-nord-se-concentreaza-asupra-recunoasterii-si-combaterii-abuzului\/","og_site_name":"Conferinta Oltenia","article_published_time":"2019-09-21T01:07:31+00:00","author":"Conferinta Oltenia","twitter_card":"summary_large_image","twitter_misc":{"Written by":"Conferinta Oltenia","Est. reading time":"8 minutes"},"schema":{"@context":"https:\/\/schema.org","@graph":[{"@type":"WebPage","@id":"https:\/\/adventistoltenia.ro\/site\/summit-ul-enditnow-din-america-de-nord-se-concentreaza-asupra-recunoasterii-si-combaterii-abuzului\/","url":"https:\/\/adventistoltenia.ro\/site\/summit-ul-enditnow-din-america-de-nord-se-concentreaza-asupra-recunoasterii-si-combaterii-abuzului\/","name":"Summit-ul EndItNow din America de Nord se concentreaz\u0103 asupra recunoa\u0219terii \u0219i combaterii abuzului - Conferinta Oltenia","isPartOf":{"@id":"https:\/\/adventistoltenia.ro\/site\/#website"},"datePublished":"2019-09-21T01:07:31+00:00","dateModified":"2019-09-21T01:07:31+00:00","author":{"@id":"https:\/\/adventistoltenia.ro\/site\/#\/schema\/person\/81972d6ddcec064fcb37a129240ef9d7"},"breadcrumb":{"@id":"https:\/\/adventistoltenia.ro\/site\/summit-ul-enditnow-din-america-de-nord-se-concentreaza-asupra-recunoasterii-si-combaterii-abuzului\/#breadcrumb"},"inLanguage":"en-US","potentialAction":[{"@type":"ReadAction","target":["https:\/\/adventistoltenia.ro\/site\/summit-ul-enditnow-din-america-de-nord-se-concentreaza-asupra-recunoasterii-si-combaterii-abuzului\/"]}]},{"@type":"BreadcrumbList","@id":"https:\/\/adventistoltenia.ro\/site\/summit-ul-enditnow-din-america-de-nord-se-concentreaza-asupra-recunoasterii-si-combaterii-abuzului\/#breadcrumb","itemListElement":[{"@type":"ListItem","position":1,"name":"Home","item":"https:\/\/adventistoltenia.ro\/site\/"},{"@type":"ListItem","position":2,"name":"Summit-ul EndItNow din America de Nord se concentreaz\u0103 asupra recunoa\u0219terii \u0219i combaterii abuzului"}]},{"@type":"WebSite","@id":"https:\/\/adventistoltenia.ro\/site\/#website","url":"https:\/\/adventistoltenia.ro\/site\/","name":"Conferinta Oltenia","description":"Biserica Adventista de Ziua a Saptea","potentialAction":[{"@type":"SearchAction","target":{"@type":"EntryPoint","urlTemplate":"https:\/\/adventistoltenia.ro\/site\/?s={search_term_string}"},"query-input":"required name=search_term_string"}],"inLanguage":"en-US"},{"@type":"Person","@id":"https:\/\/adventistoltenia.ro\/site\/#\/schema\/person\/81972d6ddcec064fcb37a129240ef9d7","name":"Conferinta Oltenia","image":{"@type":"ImageObject","inLanguage":"en-US","@id":"https:\/\/adventistoltenia.ro\/site\/#\/schema\/person\/image\/","url":"https:\/\/secure.gravatar.com\/avatar\/ebe92ec22e2e53a8eb79d6b52b724e27?s=96&d=mm&r=g","contentUrl":"https:\/\/secure.gravatar.com\/avatar\/ebe92ec22e2e53a8eb79d6b52b724e27?s=96&d=mm&r=g","caption":"Conferinta Oltenia"},"url":"https:\/\/adventistoltenia.ro\/site\/author\/adm1n\/"}]}},"_links":{"self":[{"href":"https:\/\/adventistoltenia.ro\/site\/wp-json\/wp\/v2\/posts\/2999"}],"collection":[{"href":"https:\/\/adventistoltenia.ro\/site\/wp-json\/wp\/v2\/posts"}],"about":[{"href":"https:\/\/adventistoltenia.ro\/site\/wp-json\/wp\/v2\/types\/post"}],"author":[{"embeddable":true,"href":"https:\/\/adventistoltenia.ro\/site\/wp-json\/wp\/v2\/users\/2"}],"replies":[{"embeddable":true,"href":"https:\/\/adventistoltenia.ro\/site\/wp-json\/wp\/v2\/comments?post=2999"}],"version-history":[{"count":0,"href":"https:\/\/adventistoltenia.ro\/site\/wp-json\/wp\/v2\/posts\/2999\/revisions"}],"wp:attachment":[{"href":"https:\/\/adventistoltenia.ro\/site\/wp-json\/wp\/v2\/media?parent=2999"}],"wp:term":[{"taxonomy":"category","embeddable":true,"href":"https:\/\/adventistoltenia.ro\/site\/wp-json\/wp\/v2\/categories?post=2999"},{"taxonomy":"post_tag","embeddable":true,"href":"https:\/\/adventistoltenia.ro\/site\/wp-json\/wp\/v2\/tags?post=2999"}],"curies":[{"name":"wp","href":"https:\/\/api.w.org\/{rel}","templated":true}]}}