{"id":3004,"date":"2019-10-02T01:16:06","date_gmt":"2019-10-02T01:16:06","guid":{"rendered":"http:\/\/adventistoltenia.ro\/site\/mesajul-bisericii-adventiste-de-ziua-a-saptea-la-inceput-de-an-universitar-2019-2020\/"},"modified":"2019-10-02T01:16:06","modified_gmt":"2019-10-02T01:16:06","slug":"mesajul-bisericii-adventiste-de-ziua-a-saptea-la-inceput-de-an-universitar-2019-2020","status":"publish","type":"post","link":"https:\/\/adventistoltenia.ro\/site\/mesajul-bisericii-adventiste-de-ziua-a-saptea-la-inceput-de-an-universitar-2019-2020\/","title":{"rendered":"Mesajul Bisericii Adventiste de Ziua a \u0218aptea, la \u00eenceput de an universitar 2019 \u2013 2020"},"content":{"rendered":"<div>\n<p>Un nou \u00eenceput, un alt an, o nou\u0103 binecuvantare!<\/p>\n<p>Deschiderea anului universitar este, pentru cei mai mul\u0163i studen\u0163i, un moment \u00eenc\u0103rcat de emo\u0163ie. Anii petrecu\u021bi \u00een facultate reprezint\u0103 una dintre cele mai \u00eenc\u00e2nt\u0103toare perioade ale tinere\u021bii. \u00cen acela\u0219i timp, reprezint\u0103 o ultim\u0103 sta\u021bie c\u0103tre o lume plin\u0103 de surprize. Un ultim antrenament pentru o b\u0103t\u0103lie numit\u0103 \u2013 via\u021ba!<\/p>\n<p>Biserica Adventist\u0103 de Ziua a \u0218aptea din Rom\u00e2nia \u00eei \u00eencurajeaz\u0103 pe studen\u021bi, la \u00eenceputul acestui an universitar, s\u0103 priveasc\u0103 cu responsabilitate fiecare secund\u0103 \u00een care pot acumula informa\u021bii de calitate, pe care le vor folosi cu succes \u00een viitor. Indiferent de domeniul pentru care v\u0103 pregati\u021bi \u0219i \u00een care ve\u021bi activa, trebuie s\u0103 sti\u021bi c\u0103 adev\u0103ratul succes nu este rezultat al norocului, al \u00eent\u00e2mpl\u0103rii sau al destinului. El este rod al \u00eenv\u0103\u021b\u0103turilor acumulate \u00een ace\u0219ti pre\u021biosi ani. Dumnezeu v\u0103 este aproape \u0219i v\u0103 ofer\u0103 sus\u021binerea Lui. Dumnezeu este Acela care creeaz\u0103 ocaziile; dar succesul depinde de folosirea lor.<\/p>\n<p><strong>\u201cOmul f\u0103r\u0103 \u00eenv\u0103\u0163\u0103tur\u0103 e ca p\u0103m\u00e2ntul f\u0103r\u0103 ploaie\u201c \u2013 proverb rom\u00e2nesc<\/strong><\/p>\n<p>Indiferent de domeniul pe care \u00eel studiati, vor veni momente \u00een care v\u0103 ve\u021bi confrunta cu dificult\u0103\u021bi \u0219i cu dileme, dar s\u0103 nu renun\u021ba\u021bi niciodat\u0103 la cercetare datorit\u0103 descuraj\u0103rii. In momente de acest fel, v\u0103 recomand\u0103m s\u0103 apela\u021bi la rug\u0103ciune, pentru a putea \u00een\u021belege care este rolul vostru pe acest p\u0103m\u00e2nt.<\/p>\n<p>De asemenea, la \u00eenceput de an universitar, dorim s\u0103-i asigur\u0103m pe studen\u021bi de tot sprijinul Bisericii Adventiste de Ziua a \u0218aptea, \u00een ce prive\u0219te problemele legate de p\u0103zirea Sabatului. Pe aceast\u0103 cale, dorim s\u0103 v\u0103 \u00een\u0219tiin\u021b\u0103m c\u0103 orice sesizare de genul acesta, poate fi transmis\u0103 prin mail, la adresa comunicare@adventist.ro, sau prin telefon la num\u0103rul \u2026<\/p>\n<p>\u0218i pentru c\u0103 tinerii studen\u021bi traverseaz\u0103 o perioad\u0103 cu care nu se vor mai \u00eentalni, facem apel la cuvintele \u00eentelepte ale lui Solomon: \u201cBucur\u0103-te, tinere, \u00een tinere\u0163ea ta, fii cu inima vesel\u0103 c\u00e2t e\u015fti t\u00e2n\u0103r, umbl\u0103 pe c\u0103ile alese de inima ta \u015fi pl\u0103cute ochilor t\u0103i, dar s\u0103 \u015ftii c\u0103, pentru toate acestea, te va chema Dumnezeu la judecat\u0103.\u201c<\/p>\n<p>Dumnezeu s\u0103 v\u0103 binecuvanteze cu \u00eentelepciune, pentru a v\u0103 bucura de ace\u0219ti ani \u0219i pentru a acumula toate informa\u021biile de care ave\u021bi nevoie.<\/p>\n<p>\u201cCeea ce conduce la c\u00e2\u0219tigarea victoriei este un studiu serios, o str\u0103duin\u021b\u0103 ferm\u0103 \u0219i un efort perseverent. Nu risipi\u021bi nici o clip\u0103 \u0219i nici o or\u0103. Rezultatul muncii, al unei munci s\u00e2rguincioase \u0219i con\u0219tiincioase, va fi observat \u0219i apreciat.\u201c <strong>(The Review and Herald)<\/strong><\/p>\n<\/div>\n<p class=\"wpematico_credit\"><small>Powered by <a href=\"http:\/\/www.wpematico.com\" target=\"_blank\">WPeMatico<\/a><\/small><\/p>\n ","protected":false},"excerpt":{"rendered":"<p>Un nou \u00eenceput, un alt an, o nou\u0103 binecuvantare! Deschiderea anului universitar este, pentru cei mai mul\u0163i studen\u0163i, un moment \u00eenc\u0103rcat de emo\u0163ie. Anii petrecu\u021bi \u00een facultate reprezint\u0103 una dintre cele mai \u00eenc\u00e2nt\u0103toare perioade ale tinere\u021bii. \u00cen acela\u0219i timp, reprezint\u0103 o ultim\u0103 sta\u021bie c\u0103tre o lume plin\u0103 de surprize. Un ultim antrenament pentru o b\u0103t\u0103lie &hellip; <a href=\"https:\/\/adventistoltenia.ro\/site\/mesajul-bisericii-adventiste-de-ziua-a-saptea-la-inceput-de-an-universitar-2019-2020\/\">Continued<\/a><\/p>\n","protected":false},"author":2,"featured_media":0,"comment_status":"open","ping_status":"closed","sticky":false,"template":"","format":"standard","meta":[],"categories":[71],"tags":[],"yoast_head":"<!-- This site is optimized with the Yoast SEO plugin v20.3 - https:\/\/yoast.com\/wordpress\/plugins\/seo\/ -->\n<title>Mesajul Bisericii Adventiste de Ziua a \u0218aptea, la \u00eenceput de an universitar 2019 \u2013 2020 - Conferinta Oltenia<\/title>\n<meta name=\"robots\" content=\"index, follow, max-snippet:-1, max-image-preview:large, max-video-preview:-1\" \/>\n<link rel=\"canonical\" href=\"https:\/\/adventistoltenia.ro\/site\/mesajul-bisericii-adventiste-de-ziua-a-saptea-la-inceput-de-an-universitar-2019-2020\/\" \/>\n<meta property=\"og:locale\" content=\"en_US\" \/>\n<meta property=\"og:type\" content=\"article\" \/>\n<meta property=\"og:title\" content=\"Mesajul Bisericii Adventiste de Ziua a \u0218aptea, la \u00eenceput de an universitar 2019 \u2013 2020 - Conferinta Oltenia\" \/>\n<meta property=\"og:description\" content=\"Un nou \u00eenceput, un alt an, o nou\u0103 binecuvantare! Deschiderea anului universitar este, pentru cei mai mul\u0163i studen\u0163i, un moment \u00eenc\u0103rcat de emo\u0163ie. Anii petrecu\u021bi \u00een facultate reprezint\u0103 una dintre cele mai \u00eenc\u00e2nt\u0103toare perioade ale tinere\u021bii. \u00cen acela\u0219i timp, reprezint\u0103 o ultim\u0103 sta\u021bie c\u0103tre o lume plin\u0103 de surprize. Un ultim antrenament pentru o b\u0103t\u0103lie &hellip; Continued\" \/>\n<meta property=\"og:url\" content=\"https:\/\/adventistoltenia.ro\/site\/mesajul-bisericii-adventiste-de-ziua-a-saptea-la-inceput-de-an-universitar-2019-2020\/\" \/>\n<meta property=\"og:site_name\" content=\"Conferinta Oltenia\" \/>\n<meta property=\"article:published_time\" content=\"2019-10-02T01:16:06+00:00\" \/>\n<meta name=\"author\" content=\"Conferinta Oltenia\" \/>\n<meta name=\"twitter:card\" content=\"summary_large_image\" \/>\n<meta name=\"twitter:label1\" content=\"Written by\" \/>\n\t<meta name=\"twitter:data1\" content=\"Conferinta Oltenia\" \/>\n\t<meta name=\"twitter:label2\" content=\"Est. reading time\" \/>\n\t<meta name=\"twitter:data2\" content=\"2 minutes\" \/>\n<script type=\"application\/ld+json\" class=\"yoast-schema-graph\">{\"@context\":\"https:\/\/schema.org\",\"@graph\":[{\"@type\":\"WebPage\",\"@id\":\"https:\/\/adventistoltenia.ro\/site\/mesajul-bisericii-adventiste-de-ziua-a-saptea-la-inceput-de-an-universitar-2019-2020\/\",\"url\":\"https:\/\/adventistoltenia.ro\/site\/mesajul-bisericii-adventiste-de-ziua-a-saptea-la-inceput-de-an-universitar-2019-2020\/\",\"name\":\"Mesajul Bisericii Adventiste de Ziua a \u0218aptea, la \u00eenceput de an universitar 2019 \u2013 2020 - Conferinta Oltenia\",\"isPartOf\":{\"@id\":\"https:\/\/adventistoltenia.ro\/site\/#website\"},\"datePublished\":\"2019-10-02T01:16:06+00:00\",\"dateModified\":\"2019-10-02T01:16:06+00:00\",\"author\":{\"@id\":\"https:\/\/adventistoltenia.ro\/site\/#\/schema\/person\/81972d6ddcec064fcb37a129240ef9d7\"},\"breadcrumb\":{\"@id\":\"https:\/\/adventistoltenia.ro\/site\/mesajul-bisericii-adventiste-de-ziua-a-saptea-la-inceput-de-an-universitar-2019-2020\/#breadcrumb\"},\"inLanguage\":\"en-US\",\"potentialAction\":[{\"@type\":\"ReadAction\",\"target\":[\"https:\/\/adventistoltenia.ro\/site\/mesajul-bisericii-adventiste-de-ziua-a-saptea-la-inceput-de-an-universitar-2019-2020\/\"]}]},{\"@type\":\"BreadcrumbList\",\"@id\":\"https:\/\/adventistoltenia.ro\/site\/mesajul-bisericii-adventiste-de-ziua-a-saptea-la-inceput-de-an-universitar-2019-2020\/#breadcrumb\",\"itemListElement\":[{\"@type\":\"ListItem\",\"position\":1,\"name\":\"Home\",\"item\":\"https:\/\/adventistoltenia.ro\/site\/\"},{\"@type\":\"ListItem\",\"position\":2,\"name\":\"Mesajul Bisericii Adventiste de Ziua a \u0218aptea, la \u00eenceput de an universitar 2019 \u2013 2020\"}]},{\"@type\":\"WebSite\",\"@id\":\"https:\/\/adventistoltenia.ro\/site\/#website\",\"url\":\"https:\/\/adventistoltenia.ro\/site\/\",\"name\":\"Conferinta Oltenia\",\"description\":\"Biserica Adventista de Ziua a Saptea\",\"potentialAction\":[{\"@type\":\"SearchAction\",\"target\":{\"@type\":\"EntryPoint\",\"urlTemplate\":\"https:\/\/adventistoltenia.ro\/site\/?s={search_term_string}\"},\"query-input\":\"required name=search_term_string\"}],\"inLanguage\":\"en-US\"},{\"@type\":\"Person\",\"@id\":\"https:\/\/adventistoltenia.ro\/site\/#\/schema\/person\/81972d6ddcec064fcb37a129240ef9d7\",\"name\":\"Conferinta Oltenia\",\"image\":{\"@type\":\"ImageObject\",\"inLanguage\":\"en-US\",\"@id\":\"https:\/\/adventistoltenia.ro\/site\/#\/schema\/person\/image\/\",\"url\":\"https:\/\/secure.gravatar.com\/avatar\/ebe92ec22e2e53a8eb79d6b52b724e27?s=96&d=mm&r=g\",\"contentUrl\":\"https:\/\/secure.gravatar.com\/avatar\/ebe92ec22e2e53a8eb79d6b52b724e27?s=96&d=mm&r=g\",\"caption\":\"Conferinta Oltenia\"},\"url\":\"https:\/\/adventistoltenia.ro\/site\/author\/adm1n\/\"}]}<\/script>\n<!-- \/ Yoast SEO plugin. -->","yoast_head_json":{"title":"Mesajul Bisericii Adventiste de Ziua a \u0218aptea, la \u00eenceput de an universitar 2019 \u2013 2020 - Conferinta Oltenia","robots":{"index":"index","follow":"follow","max-snippet":"max-snippet:-1","max-image-preview":"max-image-preview:large","max-video-preview":"max-video-preview:-1"},"canonical":"https:\/\/adventistoltenia.ro\/site\/mesajul-bisericii-adventiste-de-ziua-a-saptea-la-inceput-de-an-universitar-2019-2020\/","og_locale":"en_US","og_type":"article","og_title":"Mesajul Bisericii Adventiste de Ziua a \u0218aptea, la \u00eenceput de an universitar 2019 \u2013 2020 - Conferinta Oltenia","og_description":"Un nou \u00eenceput, un alt an, o nou\u0103 binecuvantare! Deschiderea anului universitar este, pentru cei mai mul\u0163i studen\u0163i, un moment \u00eenc\u0103rcat de emo\u0163ie. Anii petrecu\u021bi \u00een facultate reprezint\u0103 una dintre cele mai \u00eenc\u00e2nt\u0103toare perioade ale tinere\u021bii. \u00cen acela\u0219i timp, reprezint\u0103 o ultim\u0103 sta\u021bie c\u0103tre o lume plin\u0103 de surprize. Un ultim antrenament pentru o b\u0103t\u0103lie &hellip; Continued","og_url":"https:\/\/adventistoltenia.ro\/site\/mesajul-bisericii-adventiste-de-ziua-a-saptea-la-inceput-de-an-universitar-2019-2020\/","og_site_name":"Conferinta Oltenia","article_published_time":"2019-10-02T01:16:06+00:00","author":"Conferinta Oltenia","twitter_card":"summary_large_image","twitter_misc":{"Written by":"Conferinta Oltenia","Est. reading time":"2 minutes"},"schema":{"@context":"https:\/\/schema.org","@graph":[{"@type":"WebPage","@id":"https:\/\/adventistoltenia.ro\/site\/mesajul-bisericii-adventiste-de-ziua-a-saptea-la-inceput-de-an-universitar-2019-2020\/","url":"https:\/\/adventistoltenia.ro\/site\/mesajul-bisericii-adventiste-de-ziua-a-saptea-la-inceput-de-an-universitar-2019-2020\/","name":"Mesajul Bisericii Adventiste de Ziua a \u0218aptea, la \u00eenceput de an universitar 2019 \u2013 2020 - Conferinta Oltenia","isPartOf":{"@id":"https:\/\/adventistoltenia.ro\/site\/#website"},"datePublished":"2019-10-02T01:16:06+00:00","dateModified":"2019-10-02T01:16:06+00:00","author":{"@id":"https:\/\/adventistoltenia.ro\/site\/#\/schema\/person\/81972d6ddcec064fcb37a129240ef9d7"},"breadcrumb":{"@id":"https:\/\/adventistoltenia.ro\/site\/mesajul-bisericii-adventiste-de-ziua-a-saptea-la-inceput-de-an-universitar-2019-2020\/#breadcrumb"},"inLanguage":"en-US","potentialAction":[{"@type":"ReadAction","target":["https:\/\/adventistoltenia.ro\/site\/mesajul-bisericii-adventiste-de-ziua-a-saptea-la-inceput-de-an-universitar-2019-2020\/"]}]},{"@type":"BreadcrumbList","@id":"https:\/\/adventistoltenia.ro\/site\/mesajul-bisericii-adventiste-de-ziua-a-saptea-la-inceput-de-an-universitar-2019-2020\/#breadcrumb","itemListElement":[{"@type":"ListItem","position":1,"name":"Home","item":"https:\/\/adventistoltenia.ro\/site\/"},{"@type":"ListItem","position":2,"name":"Mesajul Bisericii Adventiste de Ziua a \u0218aptea, la \u00eenceput de an universitar 2019 \u2013 2020"}]},{"@type":"WebSite","@id":"https:\/\/adventistoltenia.ro\/site\/#website","url":"https:\/\/adventistoltenia.ro\/site\/","name":"Conferinta Oltenia","description":"Biserica Adventista de Ziua a Saptea","potentialAction":[{"@type":"SearchAction","target":{"@type":"EntryPoint","urlTemplate":"https:\/\/adventistoltenia.ro\/site\/?s={search_term_string}"},"query-input":"required name=search_term_string"}],"inLanguage":"en-US"},{"@type":"Person","@id":"https:\/\/adventistoltenia.ro\/site\/#\/schema\/person\/81972d6ddcec064fcb37a129240ef9d7","name":"Conferinta Oltenia","image":{"@type":"ImageObject","inLanguage":"en-US","@id":"https:\/\/adventistoltenia.ro\/site\/#\/schema\/person\/image\/","url":"https:\/\/secure.gravatar.com\/avatar\/ebe92ec22e2e53a8eb79d6b52b724e27?s=96&d=mm&r=g","contentUrl":"https:\/\/secure.gravatar.com\/avatar\/ebe92ec22e2e53a8eb79d6b52b724e27?s=96&d=mm&r=g","caption":"Conferinta Oltenia"},"url":"https:\/\/adventistoltenia.ro\/site\/author\/adm1n\/"}]}},"_links":{"self":[{"href":"https:\/\/adventistoltenia.ro\/site\/wp-json\/wp\/v2\/posts\/3004"}],"collection":[{"href":"https:\/\/adventistoltenia.ro\/site\/wp-json\/wp\/v2\/posts"}],"about":[{"href":"https:\/\/adventistoltenia.ro\/site\/wp-json\/wp\/v2\/types\/post"}],"author":[{"embeddable":true,"href":"https:\/\/adventistoltenia.ro\/site\/wp-json\/wp\/v2\/users\/2"}],"replies":[{"embeddable":true,"href":"https:\/\/adventistoltenia.ro\/site\/wp-json\/wp\/v2\/comments?post=3004"}],"version-history":[{"count":0,"href":"https:\/\/adventistoltenia.ro\/site\/wp-json\/wp\/v2\/posts\/3004\/revisions"}],"wp:attachment":[{"href":"https:\/\/adventistoltenia.ro\/site\/wp-json\/wp\/v2\/media?parent=3004"}],"wp:term":[{"taxonomy":"category","embeddable":true,"href":"https:\/\/adventistoltenia.ro\/site\/wp-json\/wp\/v2\/categories?post=3004"},{"taxonomy":"post_tag","embeddable":true,"href":"https:\/\/adventistoltenia.ro\/site\/wp-json\/wp\/v2\/tags?post=3004"}],"curies":[{"name":"wp","href":"https:\/\/api.w.org\/{rel}","templated":true}]}}