{"id":3005,"date":"2019-10-05T01:09:25","date_gmt":"2019-10-05T01:09:25","guid":{"rendered":"http:\/\/adventistoltenia.ro\/site\/biserica-adventista-lucreaza-la-clarificarea-pozitiei-sale-cu-privire-la-avort\/"},"modified":"2019-10-05T01:09:25","modified_gmt":"2019-10-05T01:09:25","slug":"biserica-adventista-lucreaza-la-clarificarea-pozitiei-sale-cu-privire-la-avort","status":"publish","type":"post","link":"https:\/\/adventistoltenia.ro\/site\/biserica-adventista-lucreaza-la-clarificarea-pozitiei-sale-cu-privire-la-avort\/","title":{"rendered":"Biserica Adventist\u0103 lucreaz\u0103 la clarificarea pozi\u021biei sale cu privire la avort"},"content":{"rendered":"<div>\n<p>Un grup divers de exper\u021bi medicali, teologi, administratori din domeniul medical \u0219i eticieni adventi\u0219ti de ziua a \u0219aptea sunt implica\u021bi \u00een \u00eencercarea de clarificare a pozi\u021biei oficiale a Bisericii cu privire la problema controversat\u0103 a avortului.<\/p>\n<p>Biserica a realizat un ghid de bune practici, \u00eens\u0103 nu o declara\u021bie oficial\u0103 cu privire la avort, \u00een cadrul unui document f\u0103cut public \u00een anul 1992.<\/p>\n<p>\u00cen urm\u0103 cu doi ani, Institutului de Cercet\u0103ri Biblice din cadrul Conferin\u021bei Generale (eng.: Biblical Research Institute, BRI), care \u00eei ofer\u0103 bisericii o perspectiv\u0103 biblic\u0103 \u0219i teologic\u0103 cu privire la numeroase probleme, i s-a \u00eencredin\u021bat sarcina de a preg\u0103ti o declara\u021bie care s\u0103 reflecte principiile biblice cu privire la avort.<\/p>\n<p>Comitetul de etic\u0103 al institutului a elaborat mai multe versiuni ale unui document propus, pe baza c\u0103ruia se desf\u0103\u0219oar\u0103 dialogul cu Departamentul S\u0103n\u0103tate \u0219i cu Comitetul de bioetic\u0103 al Conferin\u021bei Generale. Din Comitetul de bioetic\u0103 fac parte reprezentan\u021bi ai spitalelor universitare \u0219i ai sistemului medical adventist, ca \u0219i administratori \u0219i medici adventi\u0219ti care nu lucreaz\u0103 \u00een cadrul sistemului adventist de s\u0103n\u0103tate.<\/p>\n<p>La finalul lunii august, Comitetul Administrativ al Conferin\u021bei Generale a \u00eenfiin\u021bat un grup de lucru pentru problema avortului. Printre cei 26 de membri ai grupului se num\u0103r\u0103 reprezentan\u021bi ai departamentelor S\u0103n\u0103tate, Misiunea Femeii, Via\u021ba de Familie, Educa\u021bie, Slujirea Copilului, Rela\u021bii Oficiale \u0219i Libertate Religioas\u0103, Comunicare ca \u0219i ai Ellen G. White Estate (organiza\u021bia care administreaz\u0103 patrimoniul lui Ellen G. White), Institutului de Cercetare Biblic\u0103, ai Serviciului Adventist de Capelanie, Biroului Consilierului Juridic, <em>Adventist Review<\/em>, dar \u0219i membri din conducerea de v\u00e2rf a Bisericii Adventiste mondiale.<\/p>\n<p>Prezidat de Vicepre\u0219edintele Conferin\u021bei Generale Artur Stele, comitetul include 23 de membri din alte \u021b\u0103ri dec\u00e2t Statele Unite, printre care se num\u0103r\u0103 Argentina, Mexic, Brazilia, Africa de Sud, Rusia, Finlanda, Norvegia, Jamaica, Senegal, Ghana, Canada, Singapore, Australia, Mauritius, Germania \u0219i Chile. \u0218ase dintre ace\u0219tia sunt femei, iar 3 dintre ele fac parte din comitetul care ocup\u0103 de redactarea declara\u021biei.<\/p>\n<p>\u201eProcesul de redactare a oric\u0103rei declara\u021bii a Bisericii ar trebui s\u0103 implice reprezentan\u021bi din toate segmentele bisericii\u201d, spune Stele. \u201eLa redactarea acestei importante declara\u021bii particip\u0103 teologi, medici \u0219i clinicieni, administratori din domeniul medical \u0219i din cadrul Bisericii, at\u00e2t b\u0103rba\u021bi c\u00e2t \u0219i femei.\u201d<\/p>\n<p>Stele a continuat clarificarea rolului grupului de lucru: \u201eComitetul a fost \u00eens\u0103rcinat cu studierea proiectului Comitetului de etic\u0103 al Institutului de Cercetare Biblic\u0103, \u00eempreun\u0103 cu ghidul realizat \u00een anul 1992\u201d, a explicat el. \u201e\u00cen plus, comitetul urmeaz\u0103 s\u0103 studieze \u0219i s\u0103 ia \u00een considerare contribu\u021biile \u0219i feedback-ul primit dintr-o varietate de surse, inclusiv din partea Comitetului de bioetic\u0103 din cadrul Conferin\u021bei Generale.\u201d<\/p>\n<p>Cit\u00e2nd instruc\u021biunile referitoare la responsabilit\u0103\u021bile comitetului, Stele a subliniat c\u0103 a treia responsabilitatea a grupului este de a \u201epreg\u0103ti un proiect al unei declara\u021bii unice, care va avea la baz\u0103 principiile biblice care subliniaz\u0103 sfin\u021benia vie\u021bii \u0219i care va recunoa\u0219te cazurile excep\u021bionale\/anomaliile deosebit de dificile cu care se pot confrunta femeile.\u201d<\/p>\n<p>Scopul este acea de a propune documentul Comitetului Executiv al Conferin\u021bei Generale, care se va \u00eentruni \u00een cadrul Consiliului Anual ce va avea loc \u00een Silver Spring, \u00een perioada 9-16 octombrie. Comitetul executiv al Conferin\u021bei Generale este cel care decide dac\u0103 documentul final va fi propus va fi recomandat \u00een cadrul Consiliului Anual.<\/p>\n<p>\u201eEste un subiect deosebit de sensibil\u201d, spune Peter Landless, director al Departamentului S\u0103n\u0103tate din cadrul Bisericii Adventiste de Ziua a \u0218aptea. \u201eRug\u0103ciunea mea este ca rezultatul deliber\u0103rilor s\u0103 aib\u0103 un efect pozitiv \u0219i s\u0103 consolideze lucrarea noastr\u0103 \u0219i practicarea misiunii \u00een toate domeniile.\u201d<\/p>\n<p>Directorul Institutului de Cercetare Biblic\u0103, Elias Brasil de Souza, adaug\u0103: \u201eSperan\u021ba mea este ca acest proces s\u0103 \u00eei ajute pe membrii bisericii \u0219i comunitatea adventist\u0103 s\u0103 \u0219tie care este pozi\u021bia Bisericii cu privire la aceast\u0103 problem\u0103 deosebit de important\u0103. Este important pentru proces ca rezultatele s\u0103 reflecte credincio\u0219ie fa\u021b\u0103 de Scriptur\u0103.\u201d<\/p>\n<p>Dup\u0103 ce o prim\u0103 versiune a declara\u021biei a fost revizuit\u0103 \u00een cadrul comitetului de 26 de membri \u00een cadrul \u0219edin\u021bei sale de la \u00eenceputul lunii septembrie, un grup de peste 30 de reprezentan\u021bi ai sistemelor adventiste de s\u0103n\u0103tate din America de Nord, membrii Comitetului de bioetic\u0103 al Conferin\u021bei Generale \u0219i speciali\u0219ti din cadrul spitalelor universitare ale Bisericii Adventiste au fost invita\u021bi s\u0103 participe la o dezbatere ce a avut loc la jum\u0103tatea lunii septembrie.<\/p>\n<p>\u00cent\u00e2lniri suplimentare at\u00e2t ale Comitetului de redactare c\u00e2t \u0219i ale grupului de lucru complet au avut, de asemenea, loc \u00een a doua parte a lunii septembrie, pentru a incorpora sfaturile oferite de to\u021bi cei implica\u021bi \u00een acest proces.<\/p>\n<p>\u201e\u00cen calitate de profesionist din domeniul medical care \u00een\u021belege modul \u00een care aceste declara\u021bii vor afecta via\u021ba celor care se confrunt\u0103 cu decizii dificile, sunt \u00eencurajat\u0103 de procesul prin care trecem\u201d, a spus Katia Reinert, Director Adjunct al Departamentului S\u0103n\u0103tate, care face parte at\u00e2t din grupul de lucru, c\u00e2t \u0219i din Comitetul de redactare. Ea concluzioneaz\u0103: \u201eAm \u00eencredere c\u0103 vom avea o declara\u021bie care va oferi o perspectiv\u0103 biblic\u0103 \u0219i practic\u0103 pentru direc\u021bii viitoare, \u021bin\u00e2nd cont de nevoia de vindecare \u0219i \u00eentregire a persoanelor \u0219i familiilor care tr\u0103iesc \u00eentr-o lume deteriorat\u0103.\u201d<\/p>\n<p>Sursa: <a href=\"https:\/\/news.adventist.org\/en\/all-news\/news\/go\/2019-08-29\/adventist-church-works-to-clarify-its-stance-on-abortion\/\">Adventist News Network<\/a><\/p>\n<\/div>\n<p class=\"wpematico_credit\"><small>Powered by <a href=\"http:\/\/www.wpematico.com\" target=\"_blank\">WPeMatico<\/a><\/small><\/p>\n ","protected":false},"excerpt":{"rendered":"<p>Un grup divers de exper\u021bi medicali, teologi, administratori din domeniul medical \u0219i eticieni adventi\u0219ti de ziua a \u0219aptea sunt implica\u021bi \u00een \u00eencercarea de clarificare a pozi\u021biei oficiale a Bisericii cu privire la problema controversat\u0103 a avortului. Biserica a realizat un ghid de bune practici, \u00eens\u0103 nu o declara\u021bie oficial\u0103 cu privire la avort, \u00een cadrul &hellip; <a href=\"https:\/\/adventistoltenia.ro\/site\/biserica-adventista-lucreaza-la-clarificarea-pozitiei-sale-cu-privire-la-avort\/\">Continued<\/a><\/p>\n","protected":false},"author":2,"featured_media":0,"comment_status":"open","ping_status":"closed","sticky":false,"template":"","format":"standard","meta":[],"categories":[71],"tags":[],"yoast_head":"<!-- This site is optimized with the Yoast SEO plugin v20.3 - https:\/\/yoast.com\/wordpress\/plugins\/seo\/ -->\n<title>Biserica Adventist\u0103 lucreaz\u0103 la clarificarea pozi\u021biei sale cu privire la avort - Conferinta Oltenia<\/title>\n<meta name=\"robots\" content=\"index, follow, max-snippet:-1, max-image-preview:large, max-video-preview:-1\" \/>\n<link rel=\"canonical\" href=\"https:\/\/adventistoltenia.ro\/site\/biserica-adventista-lucreaza-la-clarificarea-pozitiei-sale-cu-privire-la-avort\/\" \/>\n<meta property=\"og:locale\" content=\"en_US\" \/>\n<meta property=\"og:type\" content=\"article\" \/>\n<meta property=\"og:title\" content=\"Biserica Adventist\u0103 lucreaz\u0103 la clarificarea pozi\u021biei sale cu privire la avort - Conferinta Oltenia\" \/>\n<meta property=\"og:description\" content=\"Un grup divers de exper\u021bi medicali, teologi, administratori din domeniul medical \u0219i eticieni adventi\u0219ti de ziua a \u0219aptea sunt implica\u021bi \u00een \u00eencercarea de clarificare a pozi\u021biei oficiale a Bisericii cu privire la problema controversat\u0103 a avortului. Biserica a realizat un ghid de bune practici, \u00eens\u0103 nu o declara\u021bie oficial\u0103 cu privire la avort, \u00een cadrul &hellip; Continued\" \/>\n<meta property=\"og:url\" content=\"https:\/\/adventistoltenia.ro\/site\/biserica-adventista-lucreaza-la-clarificarea-pozitiei-sale-cu-privire-la-avort\/\" \/>\n<meta property=\"og:site_name\" content=\"Conferinta Oltenia\" \/>\n<meta property=\"article:published_time\" content=\"2019-10-05T01:09:25+00:00\" \/>\n<meta name=\"author\" content=\"Conferinta Oltenia\" \/>\n<meta name=\"twitter:card\" content=\"summary_large_image\" \/>\n<meta name=\"twitter:label1\" content=\"Written by\" \/>\n\t<meta name=\"twitter:data1\" content=\"Conferinta Oltenia\" \/>\n\t<meta name=\"twitter:label2\" content=\"Est. reading time\" \/>\n\t<meta name=\"twitter:data2\" content=\"5 minutes\" \/>\n<script type=\"application\/ld+json\" class=\"yoast-schema-graph\">{\"@context\":\"https:\/\/schema.org\",\"@graph\":[{\"@type\":\"WebPage\",\"@id\":\"https:\/\/adventistoltenia.ro\/site\/biserica-adventista-lucreaza-la-clarificarea-pozitiei-sale-cu-privire-la-avort\/\",\"url\":\"https:\/\/adventistoltenia.ro\/site\/biserica-adventista-lucreaza-la-clarificarea-pozitiei-sale-cu-privire-la-avort\/\",\"name\":\"Biserica Adventist\u0103 lucreaz\u0103 la clarificarea pozi\u021biei sale cu privire la avort - Conferinta Oltenia\",\"isPartOf\":{\"@id\":\"https:\/\/adventistoltenia.ro\/site\/#website\"},\"datePublished\":\"2019-10-05T01:09:25+00:00\",\"dateModified\":\"2019-10-05T01:09:25+00:00\",\"author\":{\"@id\":\"https:\/\/adventistoltenia.ro\/site\/#\/schema\/person\/81972d6ddcec064fcb37a129240ef9d7\"},\"breadcrumb\":{\"@id\":\"https:\/\/adventistoltenia.ro\/site\/biserica-adventista-lucreaza-la-clarificarea-pozitiei-sale-cu-privire-la-avort\/#breadcrumb\"},\"inLanguage\":\"en-US\",\"potentialAction\":[{\"@type\":\"ReadAction\",\"target\":[\"https:\/\/adventistoltenia.ro\/site\/biserica-adventista-lucreaza-la-clarificarea-pozitiei-sale-cu-privire-la-avort\/\"]}]},{\"@type\":\"BreadcrumbList\",\"@id\":\"https:\/\/adventistoltenia.ro\/site\/biserica-adventista-lucreaza-la-clarificarea-pozitiei-sale-cu-privire-la-avort\/#breadcrumb\",\"itemListElement\":[{\"@type\":\"ListItem\",\"position\":1,\"name\":\"Home\",\"item\":\"https:\/\/adventistoltenia.ro\/site\/\"},{\"@type\":\"ListItem\",\"position\":2,\"name\":\"Biserica Adventist\u0103 lucreaz\u0103 la clarificarea pozi\u021biei sale cu privire la avort\"}]},{\"@type\":\"WebSite\",\"@id\":\"https:\/\/adventistoltenia.ro\/site\/#website\",\"url\":\"https:\/\/adventistoltenia.ro\/site\/\",\"name\":\"Conferinta Oltenia\",\"description\":\"Biserica Adventista de Ziua a Saptea\",\"potentialAction\":[{\"@type\":\"SearchAction\",\"target\":{\"@type\":\"EntryPoint\",\"urlTemplate\":\"https:\/\/adventistoltenia.ro\/site\/?s={search_term_string}\"},\"query-input\":\"required name=search_term_string\"}],\"inLanguage\":\"en-US\"},{\"@type\":\"Person\",\"@id\":\"https:\/\/adventistoltenia.ro\/site\/#\/schema\/person\/81972d6ddcec064fcb37a129240ef9d7\",\"name\":\"Conferinta Oltenia\",\"image\":{\"@type\":\"ImageObject\",\"inLanguage\":\"en-US\",\"@id\":\"https:\/\/adventistoltenia.ro\/site\/#\/schema\/person\/image\/\",\"url\":\"https:\/\/secure.gravatar.com\/avatar\/ebe92ec22e2e53a8eb79d6b52b724e27?s=96&d=mm&r=g\",\"contentUrl\":\"https:\/\/secure.gravatar.com\/avatar\/ebe92ec22e2e53a8eb79d6b52b724e27?s=96&d=mm&r=g\",\"caption\":\"Conferinta Oltenia\"},\"url\":\"https:\/\/adventistoltenia.ro\/site\/author\/adm1n\/\"}]}<\/script>\n<!-- \/ Yoast SEO plugin. -->","yoast_head_json":{"title":"Biserica Adventist\u0103 lucreaz\u0103 la clarificarea pozi\u021biei sale cu privire la avort - Conferinta Oltenia","robots":{"index":"index","follow":"follow","max-snippet":"max-snippet:-1","max-image-preview":"max-image-preview:large","max-video-preview":"max-video-preview:-1"},"canonical":"https:\/\/adventistoltenia.ro\/site\/biserica-adventista-lucreaza-la-clarificarea-pozitiei-sale-cu-privire-la-avort\/","og_locale":"en_US","og_type":"article","og_title":"Biserica Adventist\u0103 lucreaz\u0103 la clarificarea pozi\u021biei sale cu privire la avort - Conferinta Oltenia","og_description":"Un grup divers de exper\u021bi medicali, teologi, administratori din domeniul medical \u0219i eticieni adventi\u0219ti de ziua a \u0219aptea sunt implica\u021bi \u00een \u00eencercarea de clarificare a pozi\u021biei oficiale a Bisericii cu privire la problema controversat\u0103 a avortului. Biserica a realizat un ghid de bune practici, \u00eens\u0103 nu o declara\u021bie oficial\u0103 cu privire la avort, \u00een cadrul &hellip; Continued","og_url":"https:\/\/adventistoltenia.ro\/site\/biserica-adventista-lucreaza-la-clarificarea-pozitiei-sale-cu-privire-la-avort\/","og_site_name":"Conferinta Oltenia","article_published_time":"2019-10-05T01:09:25+00:00","author":"Conferinta Oltenia","twitter_card":"summary_large_image","twitter_misc":{"Written by":"Conferinta Oltenia","Est. reading time":"5 minutes"},"schema":{"@context":"https:\/\/schema.org","@graph":[{"@type":"WebPage","@id":"https:\/\/adventistoltenia.ro\/site\/biserica-adventista-lucreaza-la-clarificarea-pozitiei-sale-cu-privire-la-avort\/","url":"https:\/\/adventistoltenia.ro\/site\/biserica-adventista-lucreaza-la-clarificarea-pozitiei-sale-cu-privire-la-avort\/","name":"Biserica Adventist\u0103 lucreaz\u0103 la clarificarea pozi\u021biei sale cu privire la avort - Conferinta Oltenia","isPartOf":{"@id":"https:\/\/adventistoltenia.ro\/site\/#website"},"datePublished":"2019-10-05T01:09:25+00:00","dateModified":"2019-10-05T01:09:25+00:00","author":{"@id":"https:\/\/adventistoltenia.ro\/site\/#\/schema\/person\/81972d6ddcec064fcb37a129240ef9d7"},"breadcrumb":{"@id":"https:\/\/adventistoltenia.ro\/site\/biserica-adventista-lucreaza-la-clarificarea-pozitiei-sale-cu-privire-la-avort\/#breadcrumb"},"inLanguage":"en-US","potentialAction":[{"@type":"ReadAction","target":["https:\/\/adventistoltenia.ro\/site\/biserica-adventista-lucreaza-la-clarificarea-pozitiei-sale-cu-privire-la-avort\/"]}]},{"@type":"BreadcrumbList","@id":"https:\/\/adventistoltenia.ro\/site\/biserica-adventista-lucreaza-la-clarificarea-pozitiei-sale-cu-privire-la-avort\/#breadcrumb","itemListElement":[{"@type":"ListItem","position":1,"name":"Home","item":"https:\/\/adventistoltenia.ro\/site\/"},{"@type":"ListItem","position":2,"name":"Biserica Adventist\u0103 lucreaz\u0103 la clarificarea pozi\u021biei sale cu privire la avort"}]},{"@type":"WebSite","@id":"https:\/\/adventistoltenia.ro\/site\/#website","url":"https:\/\/adventistoltenia.ro\/site\/","name":"Conferinta Oltenia","description":"Biserica Adventista de Ziua a Saptea","potentialAction":[{"@type":"SearchAction","target":{"@type":"EntryPoint","urlTemplate":"https:\/\/adventistoltenia.ro\/site\/?s={search_term_string}"},"query-input":"required name=search_term_string"}],"inLanguage":"en-US"},{"@type":"Person","@id":"https:\/\/adventistoltenia.ro\/site\/#\/schema\/person\/81972d6ddcec064fcb37a129240ef9d7","name":"Conferinta Oltenia","image":{"@type":"ImageObject","inLanguage":"en-US","@id":"https:\/\/adventistoltenia.ro\/site\/#\/schema\/person\/image\/","url":"https:\/\/secure.gravatar.com\/avatar\/ebe92ec22e2e53a8eb79d6b52b724e27?s=96&d=mm&r=g","contentUrl":"https:\/\/secure.gravatar.com\/avatar\/ebe92ec22e2e53a8eb79d6b52b724e27?s=96&d=mm&r=g","caption":"Conferinta Oltenia"},"url":"https:\/\/adventistoltenia.ro\/site\/author\/adm1n\/"}]}},"_links":{"self":[{"href":"https:\/\/adventistoltenia.ro\/site\/wp-json\/wp\/v2\/posts\/3005"}],"collection":[{"href":"https:\/\/adventistoltenia.ro\/site\/wp-json\/wp\/v2\/posts"}],"about":[{"href":"https:\/\/adventistoltenia.ro\/site\/wp-json\/wp\/v2\/types\/post"}],"author":[{"embeddable":true,"href":"https:\/\/adventistoltenia.ro\/site\/wp-json\/wp\/v2\/users\/2"}],"replies":[{"embeddable":true,"href":"https:\/\/adventistoltenia.ro\/site\/wp-json\/wp\/v2\/comments?post=3005"}],"version-history":[{"count":0,"href":"https:\/\/adventistoltenia.ro\/site\/wp-json\/wp\/v2\/posts\/3005\/revisions"}],"wp:attachment":[{"href":"https:\/\/adventistoltenia.ro\/site\/wp-json\/wp\/v2\/media?parent=3005"}],"wp:term":[{"taxonomy":"category","embeddable":true,"href":"https:\/\/adventistoltenia.ro\/site\/wp-json\/wp\/v2\/categories?post=3005"},{"taxonomy":"post_tag","embeddable":true,"href":"https:\/\/adventistoltenia.ro\/site\/wp-json\/wp\/v2\/tags?post=3005"}],"curies":[{"name":"wp","href":"https:\/\/api.w.org\/{rel}","templated":true}]}}