{"id":3007,"date":"2019-10-07T01:26:38","date_gmt":"2019-10-07T01:26:38","guid":{"rendered":"http:\/\/adventistoltenia.ro\/site\/sugestii-de-lectura-mia-de-ani-4-conceptii-despre-semnificatia-imparatiei-de-1000-de-ani\/"},"modified":"2019-10-07T01:26:38","modified_gmt":"2019-10-07T01:26:38","slug":"sugestii-de-lectura-mia-de-ani-4-conceptii-despre-semnificatia-imparatiei-de-1000-de-ani","status":"publish","type":"post","link":"https:\/\/adventistoltenia.ro\/site\/sugestii-de-lectura-mia-de-ani-4-conceptii-despre-semnificatia-imparatiei-de-1000-de-ani\/","title":{"rendered":"Sugestii de lectur\u0103 \u2013 Mia de ani \u2013 4 concep\u021bii despre semnifica\u021bia \u00eemp\u0103r\u0103\u021biei de 1000 de ani"},"content":{"rendered":"<div>\n<p>Mileniul este o tem\u0103 care apare mereu \u0219i mereu \u00een istoria omenirii, \u00een interpretarea Apocalipsei \u0219i \u00een doctrinele bisericilor cre\u0219tine \u0219i mai pu\u021bin cre\u0219tine\u2026<\/p>\n<p>MIA DE ANI \u2013 4 CONCEP\u021aII DESPRE SEMNIFICA\u021aIA \u00ceMP\u0102R\u0102\u021aIEI DE 1000 DE ANI \u2013 GEORGE ELDON LADD, HERMAN A. HOYT, LORAINE BOETTNER, ANTHONY A. HOEKEMA, Editor Robert G. Clouse, Editura Logos, Colec\u021bia Teze \u0219i Antiteze, 2014\u2026<\/p>\n<p>C\u00e2teva scurte informa\u021bii despre editor \u0219i autori.<\/p>\n<p><strong>Robert G. Clouse<\/strong> este <em>profesor emerit de istorie<\/em> la <em>Indiana State University<\/em>, Terre Haute, \u0219i pastor ordinat, slujind c\u00e2teva biserici din Iowa \u0219i Indiana. Are o <em>licen\u021b\u0103<\/em> la <em>Bryan College<\/em> \u0219i <em>Grace Theological Seminary<\/em> \u0219i un <em>doctorat<\/em> la <em>University of Iowa<\/em>. Este cercet\u0103tor al g\u00e2ndirii cre\u0219tine.<\/p>\n<p><strong>George Eldon Ladd<\/strong>(1911-1982) a fost <em>profesor de exegeza Noului Testament \u0219i teologie<\/em> la <em>Fuller Theological Seminary<\/em> \u00eencep\u00e2nd cu 1950. \u0218i-a luat <em>licen\u021ba \u00een teologie<\/em> la <em>Gordon College \u0219i Gordon Divinity School <\/em>\u0219i <em>doctoratul \u00een teologie<\/em> la <em>Harvard University<\/em>. A urmat studii postdoctorale la <em>Universit\u0103\u021bile din Heidelberg \u0219i Basel<\/em>. Ca pastor baptist a slujit mai multe biserici ale acestei denomina\u021biuni. A fost <em>profesor de limba greac\u0103<\/em> la <em>Gordon College<\/em> \u0219i <em>\u0219eful catedrei de Noul Testament <\/em>la <em>Gordon Divinity School<\/em>. Este autorul a numeroase c\u0103r\u021bi clasice de teologie.<\/p>\n<p><strong>Herman A. Hoyt<\/strong>(1909-2000) a fost <em>rector \u0219i profesor de teologie cre\u0219tin\u0103<\/em> la <em>Grace Theological Seminary \u0219i Grace College<\/em> din Wona Park, Indiana. A ob\u021binut <em>dou\u0103 licen\u021be, un masterat \u00een teologie \u0219i un doctorat \u00een teologie<\/em>, precum \u0219i un <em>doctorat onorific<\/em>. A scris c\u00e2teva c\u0103r\u021bi dintre care amintim : <em>The End Times<\/em>(1969). A ocupat diverse pozi\u021bii administrative \u0219i \u0219tiin\u021bifice.<\/p>\n<p><strong>Loraine Boettner<\/strong>(1901-1990) a absolvit <em>Princeton Theological Seminary<\/em>(<em>licen\u021ba<\/em> \u00een 1928, <em>masteratul<\/em> \u00een 1929). \u00cen 1933 i s-a acordat un <em>doctorat onorific \u00een teologie<\/em>, iar \u00een 1957, <em>doctoratul \u00een literatur\u0103<\/em>. A predat <em>teologia<\/em> la <em>Pikeville College<\/em> \u00een Kentucky.<\/p>\n<p><strong>Anthony Hoekema<\/strong>(1913-1988) s-a n\u0103scut \u00een Olanda \u0219i a emigrat \u00een Statele Unite \u00een 1923. A studiat la <em>Calvin College<\/em>(studii de <em>licen\u021b\u0103<\/em>), <em>University of Michigan<\/em>(studii de <em>masterat<\/em>), <em>Calvin Theological Seminary<\/em>(<em>licen\u021b\u0103 \u00een teologie<\/em>), \u0219i <em>Princeton Telogical Seminary<\/em>(<em>doctorat \u00een teologie<\/em>, 1953). Dup\u0103 ce a slujit ca pastor \u00een c\u00e2teva biserici reformate \u0219i-a \u00eenceput cariera didactic\u0103 la <em>Calvin College \u0219i Calvin Theological Seminary<\/em>. Autor a c\u00e2torva c\u0103r\u021bi de teologie bine cotate.<\/p>\n<p>\u00cen introducerea acestei lucr\u0103ri, editorul ei men\u021bioneaz\u0103: \u201eUna dintre cele mai problematice teme cu care se confrunt\u0103 teologii este \u00eenv\u0103\u021b\u0103tura despre <em>\u00cemp\u0103r\u0103\u021bia lui Dumnezeu<\/em>. Acest subiect devine stringent atunci c\u00e2nd credincio\u0219ii \u00eencearc\u0103 s\u0103 interpreteze texte precum Daniel 2 \u0219i Apocalipsa 20. \u00cen \u00eencercarea de a raporta aceste texte la cursul istoriei omenirii, cre\u0219tinii au creat diferite sisteme care s\u0103 poat\u0103 explica problema \u00eentoarcerii lui Hristos \u0219i a domniei Lui. Trei dintre aceste sisteme sunt cunoscute sub numele de <em>premilenarism, amilenarism<\/em> \u0219i <em>postmilenarism<\/em>. Cu toate c\u0103 sunt utile \u0219i s-au bucurat de popularitate, aceste categorii prezint\u0103 \u0219i unele neajunsuri, \u00eentruc\u00e2t diferen\u021bele dintre ele nu se refer\u0103 doar la \u00eentoarcerea lui Hristos.\u201d(p.7).<\/p>\n<p>Scopul punerii \u00eempreun\u0103 a opiniilor acestor patru teologi este acela, m\u0103rturisit de editor: \u201eFiecare dintre sistemele men\u021bionate pe scurt \u00een contextul lor istoric a avut sus\u021bin\u0103tori de n\u0103dejde printre cre\u0219tinii evanghelici. Lucrurile se prezint\u0103 \u00eentocmai \u0219i ast\u0103zi. M\u0103rturie stau urm\u0103toarele articole apar\u021bin\u00e2ndu-le unor credincio\u0219i hot\u0103r\u00e2\u021bi, care \u00eemp\u0103rt\u0103\u0219esc perspectivele milenariste exprimate \u00een paginile lor. <em>George Eldon Ladd<\/em>, <em>profesor la Fuller Theological Seminary<\/em>, ne prezint\u0103 ceea ce poate fi numit premilenarism \u201eistoric\u201d. <em>Herman A. Hoyt<\/em>, <em>rector la Grace Theological Seminary<\/em>, scrie despre premilenarismul \u201edispensa\u021bionalist\u201d, <em>Loraine Boettner<\/em> prezint\u0103 perspectiva postmilenarist\u0103. Articolul final, scris de <em>Anthony Hoekema<\/em>, <em>profesor la Calvin Theological Seminary<\/em>, detaliaz\u0103 perspectiva amilenarist\u0103. \u00cen concluziile fiec\u0103ruia dintre articole, ceilal\u021bi colaboratori r\u0103spund din prisma propriilor pozi\u021bii. La urm\u0103, dup\u0103 un cuv\u00e2nt de \u00eencheiere adresat de mine, vom prezenta o bibliografie selectiv\u0103 a lucr\u0103rilor referitoare la mileniu.(p.14-15).<\/p>\n<p>A\u0219adar, o lucrare sistematic\u0103, argumentat\u0103 \u0219i divers\u0103, care ne ofer\u0103 ocazia de a avea adunate \u00eentr-un singur volum informa\u021bii despre principalele interpret\u0103ri asupra mileniului.<\/p>\n<p>Lectur\u0103 util\u0103 \u0219i, care cred eu, care are menirea s\u0103 ne ajute s\u0103 ne verific\u0103m propriile crezuri \u0219i s\u0103 le consolid\u0103m\u2026<\/p>\n<p><a href=\"https:\/\/www.facebook.com\/valeriu.petrescu.3\">Dr. Valeriu Petrescu<\/a><\/p>\n<\/div>\n<p class=\"wpematico_credit\"><small>Powered by <a href=\"http:\/\/www.wpematico.com\" target=\"_blank\">WPeMatico<\/a><\/small><\/p>\n ","protected":false},"excerpt":{"rendered":"<p>Mileniul este o tem\u0103 care apare mereu \u0219i mereu \u00een istoria omenirii, \u00een interpretarea Apocalipsei \u0219i \u00een doctrinele bisericilor cre\u0219tine \u0219i mai pu\u021bin cre\u0219tine\u2026 MIA DE ANI \u2013 4 CONCEP\u021aII DESPRE SEMNIFICA\u021aIA \u00ceMP\u0102R\u0102\u021aIEI DE 1000 DE ANI \u2013 GEORGE ELDON LADD, HERMAN A. HOYT, LORAINE BOETTNER, ANTHONY A. HOEKEMA, Editor Robert G. Clouse, Editura Logos, &hellip; <a href=\"https:\/\/adventistoltenia.ro\/site\/sugestii-de-lectura-mia-de-ani-4-conceptii-despre-semnificatia-imparatiei-de-1000-de-ani\/\">Continued<\/a><\/p>\n","protected":false},"author":2,"featured_media":0,"comment_status":"open","ping_status":"closed","sticky":false,"template":"","format":"standard","meta":[],"categories":[71],"tags":[],"yoast_head":"<!-- This site is optimized with the Yoast SEO plugin v20.3 - https:\/\/yoast.com\/wordpress\/plugins\/seo\/ -->\n<title>Sugestii de lectur\u0103 \u2013 Mia de ani \u2013 4 concep\u021bii despre semnifica\u021bia \u00eemp\u0103r\u0103\u021biei de 1000 de ani - Conferinta Oltenia<\/title>\n<meta name=\"robots\" content=\"index, follow, max-snippet:-1, max-image-preview:large, max-video-preview:-1\" \/>\n<link rel=\"canonical\" href=\"https:\/\/adventistoltenia.ro\/site\/sugestii-de-lectura-mia-de-ani-4-conceptii-despre-semnificatia-imparatiei-de-1000-de-ani\/\" \/>\n<meta property=\"og:locale\" content=\"en_US\" \/>\n<meta property=\"og:type\" content=\"article\" \/>\n<meta property=\"og:title\" content=\"Sugestii de lectur\u0103 \u2013 Mia de ani \u2013 4 concep\u021bii despre semnifica\u021bia \u00eemp\u0103r\u0103\u021biei de 1000 de ani - Conferinta Oltenia\" \/>\n<meta property=\"og:description\" content=\"Mileniul este o tem\u0103 care apare mereu \u0219i mereu \u00een istoria omenirii, \u00een interpretarea Apocalipsei \u0219i \u00een doctrinele bisericilor cre\u0219tine \u0219i mai pu\u021bin cre\u0219tine\u2026 MIA DE ANI \u2013 4 CONCEP\u021aII DESPRE SEMNIFICA\u021aIA \u00ceMP\u0102R\u0102\u021aIEI DE 1000 DE ANI \u2013 GEORGE ELDON LADD, HERMAN A. HOYT, LORAINE BOETTNER, ANTHONY A. HOEKEMA, Editor Robert G. Clouse, Editura Logos, &hellip; Continued\" \/>\n<meta property=\"og:url\" content=\"https:\/\/adventistoltenia.ro\/site\/sugestii-de-lectura-mia-de-ani-4-conceptii-despre-semnificatia-imparatiei-de-1000-de-ani\/\" \/>\n<meta property=\"og:site_name\" content=\"Conferinta Oltenia\" \/>\n<meta property=\"article:published_time\" content=\"2019-10-07T01:26:38+00:00\" \/>\n<meta name=\"author\" content=\"Conferinta Oltenia\" \/>\n<meta name=\"twitter:card\" content=\"summary_large_image\" \/>\n<meta name=\"twitter:label1\" content=\"Written by\" \/>\n\t<meta name=\"twitter:data1\" content=\"Conferinta Oltenia\" \/>\n\t<meta name=\"twitter:label2\" content=\"Est. reading time\" \/>\n\t<meta name=\"twitter:data2\" content=\"4 minutes\" \/>\n<script type=\"application\/ld+json\" class=\"yoast-schema-graph\">{\"@context\":\"https:\/\/schema.org\",\"@graph\":[{\"@type\":\"WebPage\",\"@id\":\"https:\/\/adventistoltenia.ro\/site\/sugestii-de-lectura-mia-de-ani-4-conceptii-despre-semnificatia-imparatiei-de-1000-de-ani\/\",\"url\":\"https:\/\/adventistoltenia.ro\/site\/sugestii-de-lectura-mia-de-ani-4-conceptii-despre-semnificatia-imparatiei-de-1000-de-ani\/\",\"name\":\"Sugestii de lectur\u0103 \u2013 Mia de ani \u2013 4 concep\u021bii despre semnifica\u021bia \u00eemp\u0103r\u0103\u021biei de 1000 de ani - Conferinta Oltenia\",\"isPartOf\":{\"@id\":\"https:\/\/adventistoltenia.ro\/site\/#website\"},\"datePublished\":\"2019-10-07T01:26:38+00:00\",\"dateModified\":\"2019-10-07T01:26:38+00:00\",\"author\":{\"@id\":\"https:\/\/adventistoltenia.ro\/site\/#\/schema\/person\/81972d6ddcec064fcb37a129240ef9d7\"},\"breadcrumb\":{\"@id\":\"https:\/\/adventistoltenia.ro\/site\/sugestii-de-lectura-mia-de-ani-4-conceptii-despre-semnificatia-imparatiei-de-1000-de-ani\/#breadcrumb\"},\"inLanguage\":\"en-US\",\"potentialAction\":[{\"@type\":\"ReadAction\",\"target\":[\"https:\/\/adventistoltenia.ro\/site\/sugestii-de-lectura-mia-de-ani-4-conceptii-despre-semnificatia-imparatiei-de-1000-de-ani\/\"]}]},{\"@type\":\"BreadcrumbList\",\"@id\":\"https:\/\/adventistoltenia.ro\/site\/sugestii-de-lectura-mia-de-ani-4-conceptii-despre-semnificatia-imparatiei-de-1000-de-ani\/#breadcrumb\",\"itemListElement\":[{\"@type\":\"ListItem\",\"position\":1,\"name\":\"Home\",\"item\":\"https:\/\/adventistoltenia.ro\/site\/\"},{\"@type\":\"ListItem\",\"position\":2,\"name\":\"Sugestii de lectur\u0103 \u2013 Mia de ani \u2013 4 concep\u021bii despre semnifica\u021bia \u00eemp\u0103r\u0103\u021biei de 1000 de ani\"}]},{\"@type\":\"WebSite\",\"@id\":\"https:\/\/adventistoltenia.ro\/site\/#website\",\"url\":\"https:\/\/adventistoltenia.ro\/site\/\",\"name\":\"Conferinta Oltenia\",\"description\":\"Biserica Adventista de Ziua a Saptea\",\"potentialAction\":[{\"@type\":\"SearchAction\",\"target\":{\"@type\":\"EntryPoint\",\"urlTemplate\":\"https:\/\/adventistoltenia.ro\/site\/?s={search_term_string}\"},\"query-input\":\"required name=search_term_string\"}],\"inLanguage\":\"en-US\"},{\"@type\":\"Person\",\"@id\":\"https:\/\/adventistoltenia.ro\/site\/#\/schema\/person\/81972d6ddcec064fcb37a129240ef9d7\",\"name\":\"Conferinta Oltenia\",\"image\":{\"@type\":\"ImageObject\",\"inLanguage\":\"en-US\",\"@id\":\"https:\/\/adventistoltenia.ro\/site\/#\/schema\/person\/image\/\",\"url\":\"https:\/\/secure.gravatar.com\/avatar\/ebe92ec22e2e53a8eb79d6b52b724e27?s=96&d=mm&r=g\",\"contentUrl\":\"https:\/\/secure.gravatar.com\/avatar\/ebe92ec22e2e53a8eb79d6b52b724e27?s=96&d=mm&r=g\",\"caption\":\"Conferinta Oltenia\"},\"url\":\"https:\/\/adventistoltenia.ro\/site\/author\/adm1n\/\"}]}<\/script>\n<!-- \/ Yoast SEO plugin. -->","yoast_head_json":{"title":"Sugestii de lectur\u0103 \u2013 Mia de ani \u2013 4 concep\u021bii despre semnifica\u021bia \u00eemp\u0103r\u0103\u021biei de 1000 de ani - Conferinta Oltenia","robots":{"index":"index","follow":"follow","max-snippet":"max-snippet:-1","max-image-preview":"max-image-preview:large","max-video-preview":"max-video-preview:-1"},"canonical":"https:\/\/adventistoltenia.ro\/site\/sugestii-de-lectura-mia-de-ani-4-conceptii-despre-semnificatia-imparatiei-de-1000-de-ani\/","og_locale":"en_US","og_type":"article","og_title":"Sugestii de lectur\u0103 \u2013 Mia de ani \u2013 4 concep\u021bii despre semnifica\u021bia \u00eemp\u0103r\u0103\u021biei de 1000 de ani - Conferinta Oltenia","og_description":"Mileniul este o tem\u0103 care apare mereu \u0219i mereu \u00een istoria omenirii, \u00een interpretarea Apocalipsei \u0219i \u00een doctrinele bisericilor cre\u0219tine \u0219i mai pu\u021bin cre\u0219tine\u2026 MIA DE ANI \u2013 4 CONCEP\u021aII DESPRE SEMNIFICA\u021aIA \u00ceMP\u0102R\u0102\u021aIEI DE 1000 DE ANI \u2013 GEORGE ELDON LADD, HERMAN A. HOYT, LORAINE BOETTNER, ANTHONY A. HOEKEMA, Editor Robert G. Clouse, Editura Logos, &hellip; Continued","og_url":"https:\/\/adventistoltenia.ro\/site\/sugestii-de-lectura-mia-de-ani-4-conceptii-despre-semnificatia-imparatiei-de-1000-de-ani\/","og_site_name":"Conferinta Oltenia","article_published_time":"2019-10-07T01:26:38+00:00","author":"Conferinta Oltenia","twitter_card":"summary_large_image","twitter_misc":{"Written by":"Conferinta Oltenia","Est. reading time":"4 minutes"},"schema":{"@context":"https:\/\/schema.org","@graph":[{"@type":"WebPage","@id":"https:\/\/adventistoltenia.ro\/site\/sugestii-de-lectura-mia-de-ani-4-conceptii-despre-semnificatia-imparatiei-de-1000-de-ani\/","url":"https:\/\/adventistoltenia.ro\/site\/sugestii-de-lectura-mia-de-ani-4-conceptii-despre-semnificatia-imparatiei-de-1000-de-ani\/","name":"Sugestii de lectur\u0103 \u2013 Mia de ani \u2013 4 concep\u021bii despre semnifica\u021bia \u00eemp\u0103r\u0103\u021biei de 1000 de ani - Conferinta Oltenia","isPartOf":{"@id":"https:\/\/adventistoltenia.ro\/site\/#website"},"datePublished":"2019-10-07T01:26:38+00:00","dateModified":"2019-10-07T01:26:38+00:00","author":{"@id":"https:\/\/adventistoltenia.ro\/site\/#\/schema\/person\/81972d6ddcec064fcb37a129240ef9d7"},"breadcrumb":{"@id":"https:\/\/adventistoltenia.ro\/site\/sugestii-de-lectura-mia-de-ani-4-conceptii-despre-semnificatia-imparatiei-de-1000-de-ani\/#breadcrumb"},"inLanguage":"en-US","potentialAction":[{"@type":"ReadAction","target":["https:\/\/adventistoltenia.ro\/site\/sugestii-de-lectura-mia-de-ani-4-conceptii-despre-semnificatia-imparatiei-de-1000-de-ani\/"]}]},{"@type":"BreadcrumbList","@id":"https:\/\/adventistoltenia.ro\/site\/sugestii-de-lectura-mia-de-ani-4-conceptii-despre-semnificatia-imparatiei-de-1000-de-ani\/#breadcrumb","itemListElement":[{"@type":"ListItem","position":1,"name":"Home","item":"https:\/\/adventistoltenia.ro\/site\/"},{"@type":"ListItem","position":2,"name":"Sugestii de lectur\u0103 \u2013 Mia de ani \u2013 4 concep\u021bii despre semnifica\u021bia \u00eemp\u0103r\u0103\u021biei de 1000 de ani"}]},{"@type":"WebSite","@id":"https:\/\/adventistoltenia.ro\/site\/#website","url":"https:\/\/adventistoltenia.ro\/site\/","name":"Conferinta Oltenia","description":"Biserica Adventista de Ziua a Saptea","potentialAction":[{"@type":"SearchAction","target":{"@type":"EntryPoint","urlTemplate":"https:\/\/adventistoltenia.ro\/site\/?s={search_term_string}"},"query-input":"required name=search_term_string"}],"inLanguage":"en-US"},{"@type":"Person","@id":"https:\/\/adventistoltenia.ro\/site\/#\/schema\/person\/81972d6ddcec064fcb37a129240ef9d7","name":"Conferinta Oltenia","image":{"@type":"ImageObject","inLanguage":"en-US","@id":"https:\/\/adventistoltenia.ro\/site\/#\/schema\/person\/image\/","url":"https:\/\/secure.gravatar.com\/avatar\/ebe92ec22e2e53a8eb79d6b52b724e27?s=96&d=mm&r=g","contentUrl":"https:\/\/secure.gravatar.com\/avatar\/ebe92ec22e2e53a8eb79d6b52b724e27?s=96&d=mm&r=g","caption":"Conferinta Oltenia"},"url":"https:\/\/adventistoltenia.ro\/site\/author\/adm1n\/"}]}},"_links":{"self":[{"href":"https:\/\/adventistoltenia.ro\/site\/wp-json\/wp\/v2\/posts\/3007"}],"collection":[{"href":"https:\/\/adventistoltenia.ro\/site\/wp-json\/wp\/v2\/posts"}],"about":[{"href":"https:\/\/adventistoltenia.ro\/site\/wp-json\/wp\/v2\/types\/post"}],"author":[{"embeddable":true,"href":"https:\/\/adventistoltenia.ro\/site\/wp-json\/wp\/v2\/users\/2"}],"replies":[{"embeddable":true,"href":"https:\/\/adventistoltenia.ro\/site\/wp-json\/wp\/v2\/comments?post=3007"}],"version-history":[{"count":0,"href":"https:\/\/adventistoltenia.ro\/site\/wp-json\/wp\/v2\/posts\/3007\/revisions"}],"wp:attachment":[{"href":"https:\/\/adventistoltenia.ro\/site\/wp-json\/wp\/v2\/media?parent=3007"}],"wp:term":[{"taxonomy":"category","embeddable":true,"href":"https:\/\/adventistoltenia.ro\/site\/wp-json\/wp\/v2\/categories?post=3007"},{"taxonomy":"post_tag","embeddable":true,"href":"https:\/\/adventistoltenia.ro\/site\/wp-json\/wp\/v2\/tags?post=3007"}],"curies":[{"name":"wp","href":"https:\/\/api.w.org\/{rel}","templated":true}]}}