{"id":3009,"date":"2019-10-12T01:05:29","date_gmt":"2019-10-12T01:05:29","guid":{"rendered":"http:\/\/adventistoltenia.ro\/site\/adra-intervine-in-urma-cutremurului-din-pakistan\/"},"modified":"2019-10-12T01:05:29","modified_gmt":"2019-10-12T01:05:29","slug":"adra-intervine-in-urma-cutremurului-din-pakistan","status":"publish","type":"post","link":"https:\/\/adventistoltenia.ro\/site\/adra-intervine-in-urma-cutremurului-din-pakistan\/","title":{"rendered":"ADRA intervine \u00een urma cutremurului din Pakistan"},"content":{"rendered":"<div>\n<p>Mar\u021bi, 24 septembrie 2019, un cutremur de 5,8 grade a zguduit c\u00e2teva regiuni din Pakistan. \u00cen urma cutremurului au decedat mai mult de 40 de persoane, iar mai mult de 850 au fost r\u0103nite. Cutremurul a fost urmat de replici cu o magnitudine de 3,6 \u0219i 3,7 grade, iar joi, 26 septembrie, de una de o magnitudine de 4,7 grade pe scara Richter. Conform oficialit\u0103\u021bilor, cele mai afectate regiuni sunt Mirpur \u0219i Jhelum.<\/p>\n<p>Opera\u021biunile de salvare \u00eentreprinse de guvern sunt \u00eenc\u0103 \u00een curs, \u00eens\u0103 au fost \u00eent\u00e2rziate de starea drumurilor. Se estimeaz\u0103 c\u0103 mai mult de 90.000 de oameni au fost afecta\u021bi direct de cutremur \u0219i replicile acestuia.<\/p>\n<p>ADRA Pakistan a mobilizat o echip\u0103 de evaluare a pagubelor \u00een zonele afectate \u0219i a luat leg\u0103tura cu autorit\u0103\u021bile din Mirpur \u0219i Jhelum pentru a se al\u0103tura eforturilor de asistare a popula\u021biei.<\/p>\n<p>\u201ePrintre nevoile imediate identificate se num\u0103r\u0103 cea de ad\u0103posturi pentru familii\u201d, a spus Brendon Irvine, director ADRA Pakistan. \u201eAu fost afectate numeroase case, fiind, de asemenea, nevoie de ap\u0103 potabil\u0103 \u0219i alimente.\u201d<\/p>\n<p>P\u00e2n\u0103 \u00een prezent, ADRA a putut furniza 80 de corturi, care pot fi folosite ca ad\u0103posturi temporare, fiecare dintre ele put\u00e2nd ad\u0103posti p\u00e2n\u0103 la \u0219apte persoane. Echipa a lucrat \u0219i la coordonarea eforturilor de distribuire a alimentelor pentru aproape 400 de familii, timp de aproximativ 10 zile.<\/p>\n<p>\u201eEchipa ADRA inten\u021bioneaz\u0103 s\u0103 mai r\u0103m\u00e2n\u0103 \u00een zon\u0103 timp de c\u00e2teva zile pentru a se asigura c\u0103 nu exist\u0103 probleme legate de livrarea \u0219i distribuirea alimentelor \u0219i apei\u201d, a spus Irvine.<\/p>\n<p>Pakistanul a mai fost afectat de un cutremur puternic \u00een anul 2005, atunci c\u00e2nd au murit mai mult de 87 000 de oameni.<\/p>\n<p>Sursa: <a href=\"https:\/\/adra.org\/pakistan-adra-responds-to-5-8-magnitude-earthquake\/\">ADRA International<\/a><\/p>\n<\/div>\n<p class=\"wpematico_credit\"><small>Powered by <a href=\"http:\/\/www.wpematico.com\" target=\"_blank\">WPeMatico<\/a><\/small><\/p>\n ","protected":false},"excerpt":{"rendered":"<p>Mar\u021bi, 24 septembrie 2019, un cutremur de 5,8 grade a zguduit c\u00e2teva regiuni din Pakistan. \u00cen urma cutremurului au decedat mai mult de 40 de persoane, iar mai mult de 850 au fost r\u0103nite. Cutremurul a fost urmat de replici cu o magnitudine de 3,6 \u0219i 3,7 grade, iar joi, 26 septembrie, de una de &hellip; <a href=\"https:\/\/adventistoltenia.ro\/site\/adra-intervine-in-urma-cutremurului-din-pakistan\/\">Continued<\/a><\/p>\n","protected":false},"author":2,"featured_media":0,"comment_status":"open","ping_status":"closed","sticky":false,"template":"","format":"standard","meta":[],"categories":[71],"tags":[],"yoast_head":"<!-- This site is optimized with the Yoast SEO plugin v20.3 - https:\/\/yoast.com\/wordpress\/plugins\/seo\/ -->\n<title>ADRA intervine \u00een urma cutremurului din Pakistan - Conferinta Oltenia<\/title>\n<meta name=\"robots\" content=\"index, follow, max-snippet:-1, max-image-preview:large, max-video-preview:-1\" \/>\n<link rel=\"canonical\" href=\"https:\/\/adventistoltenia.ro\/site\/adra-intervine-in-urma-cutremurului-din-pakistan\/\" \/>\n<meta property=\"og:locale\" content=\"en_US\" \/>\n<meta property=\"og:type\" content=\"article\" \/>\n<meta property=\"og:title\" content=\"ADRA intervine \u00een urma cutremurului din Pakistan - Conferinta Oltenia\" \/>\n<meta property=\"og:description\" content=\"Mar\u021bi, 24 septembrie 2019, un cutremur de 5,8 grade a zguduit c\u00e2teva regiuni din Pakistan. \u00cen urma cutremurului au decedat mai mult de 40 de persoane, iar mai mult de 850 au fost r\u0103nite. Cutremurul a fost urmat de replici cu o magnitudine de 3,6 \u0219i 3,7 grade, iar joi, 26 septembrie, de una de &hellip; Continued\" \/>\n<meta property=\"og:url\" content=\"https:\/\/adventistoltenia.ro\/site\/adra-intervine-in-urma-cutremurului-din-pakistan\/\" \/>\n<meta property=\"og:site_name\" content=\"Conferinta Oltenia\" \/>\n<meta property=\"article:published_time\" content=\"2019-10-12T01:05:29+00:00\" \/>\n<meta name=\"author\" content=\"Conferinta Oltenia\" \/>\n<meta name=\"twitter:card\" content=\"summary_large_image\" \/>\n<meta name=\"twitter:label1\" content=\"Written by\" \/>\n\t<meta name=\"twitter:data1\" content=\"Conferinta Oltenia\" \/>\n\t<meta name=\"twitter:label2\" content=\"Est. reading time\" \/>\n\t<meta name=\"twitter:data2\" content=\"1 minute\" \/>\n<script type=\"application\/ld+json\" class=\"yoast-schema-graph\">{\"@context\":\"https:\/\/schema.org\",\"@graph\":[{\"@type\":\"WebPage\",\"@id\":\"https:\/\/adventistoltenia.ro\/site\/adra-intervine-in-urma-cutremurului-din-pakistan\/\",\"url\":\"https:\/\/adventistoltenia.ro\/site\/adra-intervine-in-urma-cutremurului-din-pakistan\/\",\"name\":\"ADRA intervine \u00een urma cutremurului din Pakistan - Conferinta Oltenia\",\"isPartOf\":{\"@id\":\"https:\/\/adventistoltenia.ro\/site\/#website\"},\"datePublished\":\"2019-10-12T01:05:29+00:00\",\"dateModified\":\"2019-10-12T01:05:29+00:00\",\"author\":{\"@id\":\"https:\/\/adventistoltenia.ro\/site\/#\/schema\/person\/81972d6ddcec064fcb37a129240ef9d7\"},\"breadcrumb\":{\"@id\":\"https:\/\/adventistoltenia.ro\/site\/adra-intervine-in-urma-cutremurului-din-pakistan\/#breadcrumb\"},\"inLanguage\":\"en-US\",\"potentialAction\":[{\"@type\":\"ReadAction\",\"target\":[\"https:\/\/adventistoltenia.ro\/site\/adra-intervine-in-urma-cutremurului-din-pakistan\/\"]}]},{\"@type\":\"BreadcrumbList\",\"@id\":\"https:\/\/adventistoltenia.ro\/site\/adra-intervine-in-urma-cutremurului-din-pakistan\/#breadcrumb\",\"itemListElement\":[{\"@type\":\"ListItem\",\"position\":1,\"name\":\"Home\",\"item\":\"https:\/\/adventistoltenia.ro\/site\/\"},{\"@type\":\"ListItem\",\"position\":2,\"name\":\"ADRA intervine \u00een urma cutremurului din Pakistan\"}]},{\"@type\":\"WebSite\",\"@id\":\"https:\/\/adventistoltenia.ro\/site\/#website\",\"url\":\"https:\/\/adventistoltenia.ro\/site\/\",\"name\":\"Conferinta Oltenia\",\"description\":\"Biserica Adventista de Ziua a Saptea\",\"potentialAction\":[{\"@type\":\"SearchAction\",\"target\":{\"@type\":\"EntryPoint\",\"urlTemplate\":\"https:\/\/adventistoltenia.ro\/site\/?s={search_term_string}\"},\"query-input\":\"required name=search_term_string\"}],\"inLanguage\":\"en-US\"},{\"@type\":\"Person\",\"@id\":\"https:\/\/adventistoltenia.ro\/site\/#\/schema\/person\/81972d6ddcec064fcb37a129240ef9d7\",\"name\":\"Conferinta Oltenia\",\"image\":{\"@type\":\"ImageObject\",\"inLanguage\":\"en-US\",\"@id\":\"https:\/\/adventistoltenia.ro\/site\/#\/schema\/person\/image\/\",\"url\":\"https:\/\/secure.gravatar.com\/avatar\/ebe92ec22e2e53a8eb79d6b52b724e27?s=96&d=mm&r=g\",\"contentUrl\":\"https:\/\/secure.gravatar.com\/avatar\/ebe92ec22e2e53a8eb79d6b52b724e27?s=96&d=mm&r=g\",\"caption\":\"Conferinta Oltenia\"},\"url\":\"https:\/\/adventistoltenia.ro\/site\/author\/adm1n\/\"}]}<\/script>\n<!-- \/ Yoast SEO plugin. -->","yoast_head_json":{"title":"ADRA intervine \u00een urma cutremurului din Pakistan - Conferinta Oltenia","robots":{"index":"index","follow":"follow","max-snippet":"max-snippet:-1","max-image-preview":"max-image-preview:large","max-video-preview":"max-video-preview:-1"},"canonical":"https:\/\/adventistoltenia.ro\/site\/adra-intervine-in-urma-cutremurului-din-pakistan\/","og_locale":"en_US","og_type":"article","og_title":"ADRA intervine \u00een urma cutremurului din Pakistan - Conferinta Oltenia","og_description":"Mar\u021bi, 24 septembrie 2019, un cutremur de 5,8 grade a zguduit c\u00e2teva regiuni din Pakistan. \u00cen urma cutremurului au decedat mai mult de 40 de persoane, iar mai mult de 850 au fost r\u0103nite. Cutremurul a fost urmat de replici cu o magnitudine de 3,6 \u0219i 3,7 grade, iar joi, 26 septembrie, de una de &hellip; Continued","og_url":"https:\/\/adventistoltenia.ro\/site\/adra-intervine-in-urma-cutremurului-din-pakistan\/","og_site_name":"Conferinta Oltenia","article_published_time":"2019-10-12T01:05:29+00:00","author":"Conferinta Oltenia","twitter_card":"summary_large_image","twitter_misc":{"Written by":"Conferinta Oltenia","Est. reading time":"1 minute"},"schema":{"@context":"https:\/\/schema.org","@graph":[{"@type":"WebPage","@id":"https:\/\/adventistoltenia.ro\/site\/adra-intervine-in-urma-cutremurului-din-pakistan\/","url":"https:\/\/adventistoltenia.ro\/site\/adra-intervine-in-urma-cutremurului-din-pakistan\/","name":"ADRA intervine \u00een urma cutremurului din Pakistan - Conferinta Oltenia","isPartOf":{"@id":"https:\/\/adventistoltenia.ro\/site\/#website"},"datePublished":"2019-10-12T01:05:29+00:00","dateModified":"2019-10-12T01:05:29+00:00","author":{"@id":"https:\/\/adventistoltenia.ro\/site\/#\/schema\/person\/81972d6ddcec064fcb37a129240ef9d7"},"breadcrumb":{"@id":"https:\/\/adventistoltenia.ro\/site\/adra-intervine-in-urma-cutremurului-din-pakistan\/#breadcrumb"},"inLanguage":"en-US","potentialAction":[{"@type":"ReadAction","target":["https:\/\/adventistoltenia.ro\/site\/adra-intervine-in-urma-cutremurului-din-pakistan\/"]}]},{"@type":"BreadcrumbList","@id":"https:\/\/adventistoltenia.ro\/site\/adra-intervine-in-urma-cutremurului-din-pakistan\/#breadcrumb","itemListElement":[{"@type":"ListItem","position":1,"name":"Home","item":"https:\/\/adventistoltenia.ro\/site\/"},{"@type":"ListItem","position":2,"name":"ADRA intervine \u00een urma cutremurului din Pakistan"}]},{"@type":"WebSite","@id":"https:\/\/adventistoltenia.ro\/site\/#website","url":"https:\/\/adventistoltenia.ro\/site\/","name":"Conferinta Oltenia","description":"Biserica Adventista de Ziua a Saptea","potentialAction":[{"@type":"SearchAction","target":{"@type":"EntryPoint","urlTemplate":"https:\/\/adventistoltenia.ro\/site\/?s={search_term_string}"},"query-input":"required name=search_term_string"}],"inLanguage":"en-US"},{"@type":"Person","@id":"https:\/\/adventistoltenia.ro\/site\/#\/schema\/person\/81972d6ddcec064fcb37a129240ef9d7","name":"Conferinta Oltenia","image":{"@type":"ImageObject","inLanguage":"en-US","@id":"https:\/\/adventistoltenia.ro\/site\/#\/schema\/person\/image\/","url":"https:\/\/secure.gravatar.com\/avatar\/ebe92ec22e2e53a8eb79d6b52b724e27?s=96&d=mm&r=g","contentUrl":"https:\/\/secure.gravatar.com\/avatar\/ebe92ec22e2e53a8eb79d6b52b724e27?s=96&d=mm&r=g","caption":"Conferinta Oltenia"},"url":"https:\/\/adventistoltenia.ro\/site\/author\/adm1n\/"}]}},"_links":{"self":[{"href":"https:\/\/adventistoltenia.ro\/site\/wp-json\/wp\/v2\/posts\/3009"}],"collection":[{"href":"https:\/\/adventistoltenia.ro\/site\/wp-json\/wp\/v2\/posts"}],"about":[{"href":"https:\/\/adventistoltenia.ro\/site\/wp-json\/wp\/v2\/types\/post"}],"author":[{"embeddable":true,"href":"https:\/\/adventistoltenia.ro\/site\/wp-json\/wp\/v2\/users\/2"}],"replies":[{"embeddable":true,"href":"https:\/\/adventistoltenia.ro\/site\/wp-json\/wp\/v2\/comments?post=3009"}],"version-history":[{"count":0,"href":"https:\/\/adventistoltenia.ro\/site\/wp-json\/wp\/v2\/posts\/3009\/revisions"}],"wp:attachment":[{"href":"https:\/\/adventistoltenia.ro\/site\/wp-json\/wp\/v2\/media?parent=3009"}],"wp:term":[{"taxonomy":"category","embeddable":true,"href":"https:\/\/adventistoltenia.ro\/site\/wp-json\/wp\/v2\/categories?post=3009"},{"taxonomy":"post_tag","embeddable":true,"href":"https:\/\/adventistoltenia.ro\/site\/wp-json\/wp\/v2\/tags?post=3009"}],"curies":[{"name":"wp","href":"https:\/\/api.w.org\/{rel}","templated":true}]}}