{"id":3010,"date":"2019-10-14T01:07:14","date_gmt":"2019-10-14T01:07:14","guid":{"rendered":"http:\/\/adventistoltenia.ro\/site\/sugestii-de-lectura-mic-tratat-despre-intalnire-si-dialog\/"},"modified":"2019-10-14T01:07:14","modified_gmt":"2019-10-14T01:07:14","slug":"sugestii-de-lectura-mic-tratat-despre-intalnire-si-dialog","status":"publish","type":"post","link":"https:\/\/adventistoltenia.ro\/site\/sugestii-de-lectura-mic-tratat-despre-intalnire-si-dialog\/","title":{"rendered":"Sugestii de lectur\u0103 \u2013 Mic tratat despre \u00eent\u00e2lnire \u0219i dialog"},"content":{"rendered":"<div>\n<p>Pe m\u0103sur\u0103 ce mijloacele de comunicare se diversific\u0103 \u0219i devin tot mai la \u00eendem\u00e2n\u0103, oamenilor le e tot mai greu s\u0103 poarte un dialog real. \u0219i pe m\u0103sur\u0103 ce mijloacele de deplasare sunt tot mai rapide, oamenilor le este tot mai greu s\u0103 se \u00eent\u00e2lneasc\u0103\u2026<\/p>\n<p>MIC TRATAT DESPRE \u00ceNT\u00c2LNIRE \u0218I DIALOG, de Perre Claverie, Editura Humanitas, Colec\u021bia Teologie, Religie, Spiritualitate, 2015\u2026<\/p>\n<p><strong>Pierre Claverie<\/strong> s-a\u00a0 n\u0103scut \u00een Alger \u00eentr-o familie francez\u0103. \u00cen 1957 a plecat \u00een Fran\u021ba pentru a studia la <em>Universitatea din Grenoble<\/em> matematica, fizica \u0219i chimia. Dup\u0103 doi ani a intrat \u00een noviciatul dominicanilor din Lille, iar \u00een 1967 s-a \u00eentors \u00een Algeria. Aici a \u00eenceput s\u0103 studieze araba, reu\u0219ind s-o vorbeasc\u0103 fluent. \u00cen 1981 a fost numit <em>episcop de Oran<\/em>, iar \u00een 1987 a fost <em>numit \u00een Consiliul Pontifical pentru Dialog Interreligios<\/em>. A fost asasinat \u00een 1996 \u00een timpul tulbur\u0103rilor sociale generate de r\u0103zboiul civil din Algeria.<\/p>\n<p>A scris o mul\u021bime de c\u0103rti, dintre care amintesc: <em>Le Livre de la foi. Revelation et Parole de Dieu dans la tradition chretienne<\/em>(1996); <em>Doner sa vie, Six jours de retraite sur L\u2019Eucharistie<\/em>(2003); <em>Il este toute de meme permis d\u2019etre heureux. Lettres familiales<\/em>(1969-1975); <em>Humanite plurielle<\/em>(2008); <em>Marie, la Vivante. Sept jours de retraite avec Marie<\/em>(2008) ; <em>Petite Introduction a l<\/em><em>\u2018Islam<\/em>(2010); <em>Quel bonheur d\u2019etre croyant! Vie religieuse en terre algerienne<\/em>(2012); <em>La ou se posent les vraies questions. Lettres familiales<\/em>(1975-1981) \u0219i <em>La livre de nos passages. La Bible(<\/em>2014).<\/p>\n<p>\u201e\u00cent\u00e2lnirea era lucrul cel mai important din via\u021ba lui Pierre Claverie. A muncit ne\u00eentrerupt ca s\u0103 pun\u0103 \u00een leg\u0103tur\u0103 persoanele cele mai diferite. \u0218i pentru noi, \u00eent\u00e2lnirea este o provocare permanent\u0103 \u00een varietatea comunit\u0103\u021bilor noastre omene\u0219ti: de la serviciu, din familie sau din via\u021ba c\u0103lug\u0103resc\u0103\u2026Ne g\u0103sim mereu fa\u021b\u0103 \u00een fa\u021b\u0103 cu cel\u0103lalt, tr\u0103im \u00eempreun\u0103 situa\u021bii identice, dar oare ne \u0219i \u00eent\u00e2lnim cu adev\u0103rat? Pierre Claverie n-a evitat confruntarea cu lumea musulman\u0103 \u00een care a tr\u0103it \u00een calitate de cre\u0219tin. Modul diferit \u00een care tradi\u021biile musulmane \u0219i cre\u0219tine se apropie de Dumnezeu subliniaz\u0103 originalitatea cre\u0219tinismului, caracterul extraordinar \u00a0\u0219i tulbur\u0103tor al mesajului cre\u0219tin. Numeroase texte ale misticilor musulmani citate de el depun m\u0103rturie despre bog\u0103\u021bia pe care \u0219i aceast\u0103 tradi\u021bie o posed\u0103. Reculegerea de fa\u021b\u0103 ne cheam\u0103 s\u0103 aprofund\u0103m rela\u021bia cu Dumnezeu \u0219i rela\u021biile cu ceilal\u021bi.\u201d \u2013 <em>sora Anne-Catherine Meyer.<\/em><\/p>\n<p>Volumul de fa\u021b\u0103 cuprinde o serie tematic\u0103 de predici \u021binute \u00een mod repetat \u00eentre 1985 \u0219i 1995 unor grupuri diferite de ascult\u0103tori. Zice autorul despre tematica abordat\u0103: \u201eMi-am rememorat convingerile de credin\u021b\u0103, \u0219i asupra acestor convingeri a\u0219 vrea s\u0103 meditez \u00eempreun\u0103 cu voi \u00een decursul acestei s\u0103pt\u0103m\u00e2ni.<\/p>\n<p>Iat\u0103 c\u00e2teva jaloane:<\/p>\n<ul>\n<li>Mai \u00eent\u00e2i, a\u0219 vrea s\u0103 spun c\u00e2t este de dificil\u0103 \u00eent\u00e2lnirea. E evident, \u00eens\u0103 e chiar mai dificil\u0103 dec\u00e2t credeam; a\u0219adar \u201e\u00eent\u00e2lnirea dificil\u0103\u201d, dar de ce e at\u00e2t de dificil\u0103 ? Ce strategii s-ar putea folosi pentru a o putea face cu putin\u021b\u0103 ?<\/li>\n<li>Apoi, a\u0219 vrea s\u0103 meditez asupra unui dat de baz\u0103 al credin\u021bei noastre: \u201eLa \u00eenceput era Cuv\u00e2ntul.\u201d Convingerea c\u0103 Dumnezeu vorbe\u0219te \u0219i deci c\u0103 la origine se afl\u0103 comunicarea, cuv\u00e2ntul. Ce \u00eenseamn\u0103 asta ? Ce provoac\u0103 \u00een noi ?<\/li>\n<li>Apoi, m\u0103 voi apropia de Isus, \u00eencerc\u00e2nd s\u0103 meditez asupra c\u00e2torva aspecte ale vie\u021bii sale care constituie efectiv o \u00eent\u00e2lnire \u0219i un dialog cu oamenii, cu Tat\u0103l. Asta m\u0103 determin\u0103 s\u0103 vorbesc despre credin\u021b\u0103.<\/li>\n<li>\u0218i apoi, voi z\u0103bovi mai \u00eendelung asupra <em>Fericirilor<\/em>, dar tot sub aspectul comunic\u0103rii, al \u00eent\u00e2lnirii \u0219i al dialogului.<\/li>\n<li>Apoi, voi mai vorbi \u0219i despre rug\u0103ciune.<\/li>\n<li>apoi, despre Biseric\u0103 \u00een calitate de comunitate dialogal\u0103;<\/li>\n<li>\u0219i apoi despre via\u021ba c\u0103lug\u0103reasc\u0103 sub aspectul de \u0219coal\u0103 \u0219i de \u00eencercare a dialogului, iar pe urm\u0103\u2026p\u0103i, cam \u00eentr-o lun\u0103 vom fi terminat reculegerea !\u201d(p.18-19).<\/li>\n<\/ul>\n<p>Faptul c\u0103 autorul este de alt\u0103 confesiune ofer\u0103 cititorului \u00eentemeiat \u00een convingerile sale religioase posibilitatea unor pa\u0219i pe calea \u00eent\u00e2lnirii cu \u201eceilal\u021bi\u201d care sunt, evident, altfel \u0219i c\u0103rora trebuie s\u0103 le deschidem u\u0219a dialogului \u0219i calea spre \u00eent\u00e2lnirea cu Cel\u0103lalt participant la dialog, cu Dumnezeu\u2026De altfel, misiunea Bisericii lui Hristos este ca, pe calea \u00eent\u00e2lnirii celorlal\u021bi \u0219i a unui dialog deschis, onest \u0219i bazat pe Biblie, s\u0103 vesteasc\u0103 Evanghelia\u2026<\/p>\n<p>Lectur\u0103 atent\u0103, inteligent\u0103 \u0219i util\u0103\u2026<\/p>\n<p><a href=\"https:\/\/www.facebook.com\/valeriu.petrescu.3\">Dr. Valeriu Petrescu<\/a><\/p>\n<\/div>\n<p class=\"wpematico_credit\"><small>Powered by <a href=\"http:\/\/www.wpematico.com\" target=\"_blank\">WPeMatico<\/a><\/small><\/p>\n ","protected":false},"excerpt":{"rendered":"<p>Pe m\u0103sur\u0103 ce mijloacele de comunicare se diversific\u0103 \u0219i devin tot mai la \u00eendem\u00e2n\u0103, oamenilor le e tot mai greu s\u0103 poarte un dialog real. \u0219i pe m\u0103sur\u0103 ce mijloacele de deplasare sunt tot mai rapide, oamenilor le este tot mai greu s\u0103 se \u00eent\u00e2lneasc\u0103\u2026 MIC TRATAT DESPRE \u00ceNT\u00c2LNIRE \u0218I DIALOG, de Perre Claverie, Editura &hellip; <a href=\"https:\/\/adventistoltenia.ro\/site\/sugestii-de-lectura-mic-tratat-despre-intalnire-si-dialog\/\">Continued<\/a><\/p>\n","protected":false},"author":2,"featured_media":0,"comment_status":"open","ping_status":"closed","sticky":false,"template":"","format":"standard","meta":[],"categories":[71],"tags":[],"yoast_head":"<!-- This site is optimized with the Yoast SEO plugin v20.3 - https:\/\/yoast.com\/wordpress\/plugins\/seo\/ -->\n<title>Sugestii de lectur\u0103 \u2013 Mic tratat despre \u00eent\u00e2lnire \u0219i dialog - Conferinta Oltenia<\/title>\n<meta name=\"robots\" content=\"index, follow, max-snippet:-1, max-image-preview:large, max-video-preview:-1\" \/>\n<link rel=\"canonical\" href=\"https:\/\/adventistoltenia.ro\/site\/sugestii-de-lectura-mic-tratat-despre-intalnire-si-dialog\/\" \/>\n<meta property=\"og:locale\" content=\"en_US\" \/>\n<meta property=\"og:type\" content=\"article\" \/>\n<meta property=\"og:title\" content=\"Sugestii de lectur\u0103 \u2013 Mic tratat despre \u00eent\u00e2lnire \u0219i dialog - Conferinta Oltenia\" \/>\n<meta property=\"og:description\" content=\"Pe m\u0103sur\u0103 ce mijloacele de comunicare se diversific\u0103 \u0219i devin tot mai la \u00eendem\u00e2n\u0103, oamenilor le e tot mai greu s\u0103 poarte un dialog real. \u0219i pe m\u0103sur\u0103 ce mijloacele de deplasare sunt tot mai rapide, oamenilor le este tot mai greu s\u0103 se \u00eent\u00e2lneasc\u0103\u2026 MIC TRATAT DESPRE \u00ceNT\u00c2LNIRE \u0218I DIALOG, de Perre Claverie, Editura &hellip; Continued\" \/>\n<meta property=\"og:url\" content=\"https:\/\/adventistoltenia.ro\/site\/sugestii-de-lectura-mic-tratat-despre-intalnire-si-dialog\/\" \/>\n<meta property=\"og:site_name\" content=\"Conferinta Oltenia\" \/>\n<meta property=\"article:published_time\" content=\"2019-10-14T01:07:14+00:00\" \/>\n<meta name=\"author\" content=\"Conferinta Oltenia\" \/>\n<meta name=\"twitter:card\" content=\"summary_large_image\" \/>\n<meta name=\"twitter:label1\" content=\"Written by\" \/>\n\t<meta name=\"twitter:data1\" content=\"Conferinta Oltenia\" \/>\n\t<meta name=\"twitter:label2\" content=\"Est. reading time\" \/>\n\t<meta name=\"twitter:data2\" content=\"4 minutes\" \/>\n<script type=\"application\/ld+json\" class=\"yoast-schema-graph\">{\"@context\":\"https:\/\/schema.org\",\"@graph\":[{\"@type\":\"WebPage\",\"@id\":\"https:\/\/adventistoltenia.ro\/site\/sugestii-de-lectura-mic-tratat-despre-intalnire-si-dialog\/\",\"url\":\"https:\/\/adventistoltenia.ro\/site\/sugestii-de-lectura-mic-tratat-despre-intalnire-si-dialog\/\",\"name\":\"Sugestii de lectur\u0103 \u2013 Mic tratat despre \u00eent\u00e2lnire \u0219i dialog - Conferinta Oltenia\",\"isPartOf\":{\"@id\":\"https:\/\/adventistoltenia.ro\/site\/#website\"},\"datePublished\":\"2019-10-14T01:07:14+00:00\",\"dateModified\":\"2019-10-14T01:07:14+00:00\",\"author\":{\"@id\":\"https:\/\/adventistoltenia.ro\/site\/#\/schema\/person\/81972d6ddcec064fcb37a129240ef9d7\"},\"breadcrumb\":{\"@id\":\"https:\/\/adventistoltenia.ro\/site\/sugestii-de-lectura-mic-tratat-despre-intalnire-si-dialog\/#breadcrumb\"},\"inLanguage\":\"en-US\",\"potentialAction\":[{\"@type\":\"ReadAction\",\"target\":[\"https:\/\/adventistoltenia.ro\/site\/sugestii-de-lectura-mic-tratat-despre-intalnire-si-dialog\/\"]}]},{\"@type\":\"BreadcrumbList\",\"@id\":\"https:\/\/adventistoltenia.ro\/site\/sugestii-de-lectura-mic-tratat-despre-intalnire-si-dialog\/#breadcrumb\",\"itemListElement\":[{\"@type\":\"ListItem\",\"position\":1,\"name\":\"Home\",\"item\":\"https:\/\/adventistoltenia.ro\/site\/\"},{\"@type\":\"ListItem\",\"position\":2,\"name\":\"Sugestii de lectur\u0103 \u2013 Mic tratat despre \u00eent\u00e2lnire \u0219i dialog\"}]},{\"@type\":\"WebSite\",\"@id\":\"https:\/\/adventistoltenia.ro\/site\/#website\",\"url\":\"https:\/\/adventistoltenia.ro\/site\/\",\"name\":\"Conferinta Oltenia\",\"description\":\"Biserica Adventista de Ziua a Saptea\",\"potentialAction\":[{\"@type\":\"SearchAction\",\"target\":{\"@type\":\"EntryPoint\",\"urlTemplate\":\"https:\/\/adventistoltenia.ro\/site\/?s={search_term_string}\"},\"query-input\":\"required name=search_term_string\"}],\"inLanguage\":\"en-US\"},{\"@type\":\"Person\",\"@id\":\"https:\/\/adventistoltenia.ro\/site\/#\/schema\/person\/81972d6ddcec064fcb37a129240ef9d7\",\"name\":\"Conferinta Oltenia\",\"image\":{\"@type\":\"ImageObject\",\"inLanguage\":\"en-US\",\"@id\":\"https:\/\/adventistoltenia.ro\/site\/#\/schema\/person\/image\/\",\"url\":\"https:\/\/secure.gravatar.com\/avatar\/ebe92ec22e2e53a8eb79d6b52b724e27?s=96&d=mm&r=g\",\"contentUrl\":\"https:\/\/secure.gravatar.com\/avatar\/ebe92ec22e2e53a8eb79d6b52b724e27?s=96&d=mm&r=g\",\"caption\":\"Conferinta Oltenia\"},\"url\":\"https:\/\/adventistoltenia.ro\/site\/author\/adm1n\/\"}]}<\/script>\n<!-- \/ Yoast SEO plugin. -->","yoast_head_json":{"title":"Sugestii de lectur\u0103 \u2013 Mic tratat despre \u00eent\u00e2lnire \u0219i dialog - Conferinta Oltenia","robots":{"index":"index","follow":"follow","max-snippet":"max-snippet:-1","max-image-preview":"max-image-preview:large","max-video-preview":"max-video-preview:-1"},"canonical":"https:\/\/adventistoltenia.ro\/site\/sugestii-de-lectura-mic-tratat-despre-intalnire-si-dialog\/","og_locale":"en_US","og_type":"article","og_title":"Sugestii de lectur\u0103 \u2013 Mic tratat despre \u00eent\u00e2lnire \u0219i dialog - Conferinta Oltenia","og_description":"Pe m\u0103sur\u0103 ce mijloacele de comunicare se diversific\u0103 \u0219i devin tot mai la \u00eendem\u00e2n\u0103, oamenilor le e tot mai greu s\u0103 poarte un dialog real. \u0219i pe m\u0103sur\u0103 ce mijloacele de deplasare sunt tot mai rapide, oamenilor le este tot mai greu s\u0103 se \u00eent\u00e2lneasc\u0103\u2026 MIC TRATAT DESPRE \u00ceNT\u00c2LNIRE \u0218I DIALOG, de Perre Claverie, Editura &hellip; Continued","og_url":"https:\/\/adventistoltenia.ro\/site\/sugestii-de-lectura-mic-tratat-despre-intalnire-si-dialog\/","og_site_name":"Conferinta Oltenia","article_published_time":"2019-10-14T01:07:14+00:00","author":"Conferinta Oltenia","twitter_card":"summary_large_image","twitter_misc":{"Written by":"Conferinta Oltenia","Est. reading time":"4 minutes"},"schema":{"@context":"https:\/\/schema.org","@graph":[{"@type":"WebPage","@id":"https:\/\/adventistoltenia.ro\/site\/sugestii-de-lectura-mic-tratat-despre-intalnire-si-dialog\/","url":"https:\/\/adventistoltenia.ro\/site\/sugestii-de-lectura-mic-tratat-despre-intalnire-si-dialog\/","name":"Sugestii de lectur\u0103 \u2013 Mic tratat despre \u00eent\u00e2lnire \u0219i dialog - Conferinta Oltenia","isPartOf":{"@id":"https:\/\/adventistoltenia.ro\/site\/#website"},"datePublished":"2019-10-14T01:07:14+00:00","dateModified":"2019-10-14T01:07:14+00:00","author":{"@id":"https:\/\/adventistoltenia.ro\/site\/#\/schema\/person\/81972d6ddcec064fcb37a129240ef9d7"},"breadcrumb":{"@id":"https:\/\/adventistoltenia.ro\/site\/sugestii-de-lectura-mic-tratat-despre-intalnire-si-dialog\/#breadcrumb"},"inLanguage":"en-US","potentialAction":[{"@type":"ReadAction","target":["https:\/\/adventistoltenia.ro\/site\/sugestii-de-lectura-mic-tratat-despre-intalnire-si-dialog\/"]}]},{"@type":"BreadcrumbList","@id":"https:\/\/adventistoltenia.ro\/site\/sugestii-de-lectura-mic-tratat-despre-intalnire-si-dialog\/#breadcrumb","itemListElement":[{"@type":"ListItem","position":1,"name":"Home","item":"https:\/\/adventistoltenia.ro\/site\/"},{"@type":"ListItem","position":2,"name":"Sugestii de lectur\u0103 \u2013 Mic tratat despre \u00eent\u00e2lnire \u0219i dialog"}]},{"@type":"WebSite","@id":"https:\/\/adventistoltenia.ro\/site\/#website","url":"https:\/\/adventistoltenia.ro\/site\/","name":"Conferinta Oltenia","description":"Biserica Adventista de Ziua a Saptea","potentialAction":[{"@type":"SearchAction","target":{"@type":"EntryPoint","urlTemplate":"https:\/\/adventistoltenia.ro\/site\/?s={search_term_string}"},"query-input":"required name=search_term_string"}],"inLanguage":"en-US"},{"@type":"Person","@id":"https:\/\/adventistoltenia.ro\/site\/#\/schema\/person\/81972d6ddcec064fcb37a129240ef9d7","name":"Conferinta Oltenia","image":{"@type":"ImageObject","inLanguage":"en-US","@id":"https:\/\/adventistoltenia.ro\/site\/#\/schema\/person\/image\/","url":"https:\/\/secure.gravatar.com\/avatar\/ebe92ec22e2e53a8eb79d6b52b724e27?s=96&d=mm&r=g","contentUrl":"https:\/\/secure.gravatar.com\/avatar\/ebe92ec22e2e53a8eb79d6b52b724e27?s=96&d=mm&r=g","caption":"Conferinta Oltenia"},"url":"https:\/\/adventistoltenia.ro\/site\/author\/adm1n\/"}]}},"_links":{"self":[{"href":"https:\/\/adventistoltenia.ro\/site\/wp-json\/wp\/v2\/posts\/3010"}],"collection":[{"href":"https:\/\/adventistoltenia.ro\/site\/wp-json\/wp\/v2\/posts"}],"about":[{"href":"https:\/\/adventistoltenia.ro\/site\/wp-json\/wp\/v2\/types\/post"}],"author":[{"embeddable":true,"href":"https:\/\/adventistoltenia.ro\/site\/wp-json\/wp\/v2\/users\/2"}],"replies":[{"embeddable":true,"href":"https:\/\/adventistoltenia.ro\/site\/wp-json\/wp\/v2\/comments?post=3010"}],"version-history":[{"count":0,"href":"https:\/\/adventistoltenia.ro\/site\/wp-json\/wp\/v2\/posts\/3010\/revisions"}],"wp:attachment":[{"href":"https:\/\/adventistoltenia.ro\/site\/wp-json\/wp\/v2\/media?parent=3010"}],"wp:term":[{"taxonomy":"category","embeddable":true,"href":"https:\/\/adventistoltenia.ro\/site\/wp-json\/wp\/v2\/categories?post=3010"},{"taxonomy":"post_tag","embeddable":true,"href":"https:\/\/adventistoltenia.ro\/site\/wp-json\/wp\/v2\/tags?post=3010"}],"curies":[{"name":"wp","href":"https:\/\/api.w.org\/{rel}","templated":true}]}}