{"id":3012,"date":"2019-10-19T01:12:38","date_gmt":"2019-10-19T01:12:38","guid":{"rendered":"http:\/\/adventistoltenia.ro\/site\/de-100-de-ani-in-slujba-familiilor\/"},"modified":"2019-10-19T01:12:38","modified_gmt":"2019-10-19T01:12:38","slug":"de-100-de-ani-in-slujba-familiilor","status":"publish","type":"post","link":"https:\/\/adventistoltenia.ro\/site\/de-100-de-ani-in-slujba-familiilor\/","title":{"rendered":"De 100 de ani \u00een slujba familiilor"},"content":{"rendered":"<div>\n<p>Mar\u021bi, 8 octombrie 2019, Departamentului Via\u021ba de Familie al Bisericii Adventiste a \u00eemplinit 100 de ani de activitate. \u00cen cadrul unei ceremonii speciale ce a avut loc \u00een cadrul Consiliului anual ce a avut loc \u00een Silver Spring, Maryland, Statele Unite, \u00een data de 14 octombrie, conduc\u0103torii departamentului \u0219i-au re\u00eennoit angajamentul de \u201ea \u00eent\u0103ri, a oferi speran\u021b\u0103 \u0219i de a aduce vindecare familiilor \u0219i membrilor acestora prin dragostea abundent\u0103 \u0219i harul salvator al lui Isus Hristos\u201d.<\/p>\n<p>\u201eDepartamentul Via\u021ba de Familie se adreseaz\u0103 rela\u021biilor oamenilor \u0219i ajut\u0103 familiile s\u0103 creasc\u0103 \u00een dragoste \u0219i armonie, asemenea familiei lui Dumnezeu\u201d, a spus Elaine Oliver, unul dintre cei doi directori ai Departamentului Via\u021ba de Familie, cel\u0103lalt fiind so\u021bul ei Willie. \u201eVia\u021ba de familie se manifest\u0103 la nivelul bisericii locale, contribuind la \u00eendeplinirea misiunii bisericii\u201d, a ad\u0103ugat aceasta.<\/p>\n<p>Willie Oliver a spus c\u0103 departamentul creaz\u0103 resurse \u0219i organizeaz\u0103 sesiuni de instruire \u201ecreate pentru a-i ajuta responsabilii liderii locali \u0219i bisericile locale\u201d \u00een slujirea familiilor.<\/p>\n<p>\u201eFolosim instrumente care s\u0103 \u00eei ajute pe oameni s\u0103 comunice mai bine, s\u0103 devin\u0103 p\u0103rin\u021bi mai buni \u0219i s\u0103 \u00ee\u0219i aprofundeze devotamentul fa\u021b\u0103 de c\u0103s\u0103torie\u201d, a spus el.<\/p>\n<p><strong>O sut\u0103 de ani de progres<\/strong><\/p>\n<p>S-au \u00eent\u00e2mplat multe de c\u00e2nd Biserica Adventist\u0103 a \u00een\u021beles importan\u021ba eforturilor sus\u021binute de sus\u021binere a familiilor bisericii. Potrivit conduc\u0103torilor departamentului Via\u021ba de Familie, acestea \u00ee\u0219i au originile \u00eentr-o conversa\u021bie pe care Arthur Spalding a avut-o cu pioniera Bisericii Ellen G. White, \u00een 1913, cu doi ani \u00eenainte de moartea acesteia.<\/p>\n<p>\u201eVreau s\u0103 \u00ee\u021bi vorbesc despre importan\u021ba lucr\u0103rii pe care trebuie s\u0103 o facem pentru p\u0103rin\u021bii din biseric\u0103\u201d, a spus Spalding c\u0103 i-ar fi spus Ellen White. \u201eLucrarea p\u0103rin\u021bilor este fundamentul pentru toate celelalte\u201d, a ad\u0103ugat ea. \u201eEste cea mai important\u0103 lucrare aflat\u0103 \u00eenaintea noastr\u0103 ca popor, \u0219i nu am f\u0103cut nimic \u00een acest sens.\u201d<\/p>\n<p>Dup\u0103 \u0219ase ani, \u00een 1919, Comitetul Conferin\u021bei Generale a creat Comisia pentru c\u0103min, iar Arthur \u0219i so\u021bia sa Maud au fost primii ei directori. \u00cen scurt timp, so\u021bii Spalding au \u00eenceput s\u0103 publice c\u0103r\u021bi pentru \u00eentreaga familie. Ace\u0219tia au slujit familiile bisericii p\u00e2n\u0103 \u00een anul 1941.<\/p>\n<p>Dup\u0103 zeci de ani, \u00een 1975, Biserica a votat \u00eenfiin\u021barea Serviciului pentru c\u0103min \u0219i familie, condus de Delmer \u0219i Betty Holbrook. Departamentul Via\u021ba de familie, a\u0219a cum \u00eel \u0219tim ast\u0103zi, a fost creat \u00een anul 1995, iar so\u021bii Oliver \u00eel conduc din anul 2010.<\/p>\n<p><strong>Aniversarea centenarului<\/strong><\/p>\n<p>Departamentul Via\u021ba de familie a planificat un an de activit\u0103\u021bi \u0219i evenimente care s\u0103 marcheze centenarul, \u0219i \u00eencurajeaz\u0103 implicarea bisericilor locale. Printre activit\u0103\u021bi se num\u0103r\u0103 dou\u0103 s\u0103pt\u0103m\u00e2ni speciale dedicate familiei \u0219i sugestia de a onora un cuplu, o persoan\u0103 sau o familie din biserica local\u0103 care a contribuit la \u00eent\u0103rirea familiilor.<\/p>\n<p>Conduc\u0103torii departamentului au recomandat, de asemenea, folosirea resurselor preg\u0103tite special pentru acest an, precum predici \u0219i seminare. Printre acestea se num\u0103r\u0103 cartea so\u021bilor Oliver <em>Hope for Today\u2019s Families <\/em>[<em>Speran\u021b\u0103 pentru familiile contemporane<\/em>] \u0219i <em>2020 Planbook Making Disciples: Reaching Families for Jesus<\/em> [<em>Planul de a face ucenici \u00een 2020: Aduc\u00e2nd familiile la Isus<\/em>], care pot fi desc\u0103rcate gratuit, \u00een limbile englez\u0103, francez\u0103, spaniol\u0103, italian\u0103, portughez\u0103 \u0219i rus\u0103.<\/p>\n<p>\u00cen timpul evenimentului din 14 octombrie, conduc\u0103torii Departamentului Via\u021ba de familie le-au oferit medalionul Arthur \u0219i Maud Spalding pentru \u00eentreaga activitate lui Karen \u0219i Ron Flowers. So\u021bii Flowers au slujit familiilor adventiste timp de peste 30 de ani, 12 dintre ace\u0219tia \u00een calitate de directori ai departamentului.<\/p>\n<p>\u00cen cadrul ceremoniei, Pre\u0219edintele Bisericii Adventiste mondiale le-a spus: \u201eAceasta este o recunoa\u0219tere a slujirii familiilor care, prin harul lui Dumnezeu, continu\u0103\u201d, a spus el.<\/p>\n<p><strong>Caractere pentru Cer<\/strong><\/p>\n<p>Potrivit so\u021bilor Oliver, cuv\u00e2ntul cheie \u00een departamentul pe care \u00eel conduc este cre\u0219terea.<\/p>\n<p>\u201eVrem ca familiile \u0219i membrii acestora s\u0103 \u00eenve\u021be \u0219i s\u0103 foloseasc\u0103 abilit\u0103\u021bi noi de rezolvare a conflictelor \u0219i s\u0103 se transforme \u00een familiile dorite de Dumnezeu\u201d, a spus Willie Oliver. \u201e\u00cen cadrul seminarelor noastre preg\u0103tim credincio\u0219ii \u0219i conduc\u0103torii bisericii pentru a se putea ajuta pe ei \u00een\u0219i\u0219i, dar \u0219i pe al\u021bii pentru a sus\u021bine \u00een \u00eent\u0103ri familiile.\u201d<\/p>\n<p>Pastorul Wilson a \u00eencheiat evenimentul cu dorin\u021ba ca \u201efiecare s\u0103 ne implic\u0103m \u00een slujirea familiilor\u201d.<\/p>\n<p>Sursa: <a href=\"https:\/\/www.adventistreview.org\/church-news\/story14140-at-100-family-ministries-recommits-to-support-strengthen-families\">Adventist Review<\/a><\/p>\n<\/div>\n<p class=\"wpematico_credit\"><small>Powered by <a href=\"http:\/\/www.wpematico.com\" target=\"_blank\">WPeMatico<\/a><\/small><\/p>\n ","protected":false},"excerpt":{"rendered":"<p>Mar\u021bi, 8 octombrie 2019, Departamentului Via\u021ba de Familie al Bisericii Adventiste a \u00eemplinit 100 de ani de activitate. \u00cen cadrul unei ceremonii speciale ce a avut loc \u00een cadrul Consiliului anual ce a avut loc \u00een Silver Spring, Maryland, Statele Unite, \u00een data de 14 octombrie, conduc\u0103torii departamentului \u0219i-au re\u00eennoit angajamentul de \u201ea \u00eent\u0103ri, a &hellip; <a href=\"https:\/\/adventistoltenia.ro\/site\/de-100-de-ani-in-slujba-familiilor\/\">Continued<\/a><\/p>\n","protected":false},"author":2,"featured_media":0,"comment_status":"open","ping_status":"closed","sticky":false,"template":"","format":"standard","meta":[],"categories":[71],"tags":[],"yoast_head":"<!-- This site is optimized with the Yoast SEO plugin v20.3 - https:\/\/yoast.com\/wordpress\/plugins\/seo\/ -->\n<title>De 100 de ani \u00een slujba familiilor - Conferinta Oltenia<\/title>\n<meta name=\"robots\" content=\"index, follow, max-snippet:-1, max-image-preview:large, max-video-preview:-1\" \/>\n<link rel=\"canonical\" href=\"https:\/\/adventistoltenia.ro\/site\/de-100-de-ani-in-slujba-familiilor\/\" \/>\n<meta property=\"og:locale\" content=\"en_US\" \/>\n<meta property=\"og:type\" content=\"article\" \/>\n<meta property=\"og:title\" content=\"De 100 de ani \u00een slujba familiilor - Conferinta Oltenia\" \/>\n<meta property=\"og:description\" content=\"Mar\u021bi, 8 octombrie 2019, Departamentului Via\u021ba de Familie al Bisericii Adventiste a \u00eemplinit 100 de ani de activitate. \u00cen cadrul unei ceremonii speciale ce a avut loc \u00een cadrul Consiliului anual ce a avut loc \u00een Silver Spring, Maryland, Statele Unite, \u00een data de 14 octombrie, conduc\u0103torii departamentului \u0219i-au re\u00eennoit angajamentul de \u201ea \u00eent\u0103ri, a &hellip; Continued\" \/>\n<meta property=\"og:url\" content=\"https:\/\/adventistoltenia.ro\/site\/de-100-de-ani-in-slujba-familiilor\/\" \/>\n<meta property=\"og:site_name\" content=\"Conferinta Oltenia\" \/>\n<meta property=\"article:published_time\" content=\"2019-10-19T01:12:38+00:00\" \/>\n<meta name=\"author\" content=\"Conferinta Oltenia\" \/>\n<meta name=\"twitter:card\" content=\"summary_large_image\" \/>\n<meta name=\"twitter:label1\" content=\"Written by\" \/>\n\t<meta name=\"twitter:data1\" content=\"Conferinta Oltenia\" \/>\n\t<meta name=\"twitter:label2\" content=\"Est. reading time\" \/>\n\t<meta name=\"twitter:data2\" content=\"4 minutes\" \/>\n<script type=\"application\/ld+json\" class=\"yoast-schema-graph\">{\"@context\":\"https:\/\/schema.org\",\"@graph\":[{\"@type\":\"WebPage\",\"@id\":\"https:\/\/adventistoltenia.ro\/site\/de-100-de-ani-in-slujba-familiilor\/\",\"url\":\"https:\/\/adventistoltenia.ro\/site\/de-100-de-ani-in-slujba-familiilor\/\",\"name\":\"De 100 de ani \u00een slujba familiilor - Conferinta Oltenia\",\"isPartOf\":{\"@id\":\"https:\/\/adventistoltenia.ro\/site\/#website\"},\"datePublished\":\"2019-10-19T01:12:38+00:00\",\"dateModified\":\"2019-10-19T01:12:38+00:00\",\"author\":{\"@id\":\"https:\/\/adventistoltenia.ro\/site\/#\/schema\/person\/81972d6ddcec064fcb37a129240ef9d7\"},\"breadcrumb\":{\"@id\":\"https:\/\/adventistoltenia.ro\/site\/de-100-de-ani-in-slujba-familiilor\/#breadcrumb\"},\"inLanguage\":\"en-US\",\"potentialAction\":[{\"@type\":\"ReadAction\",\"target\":[\"https:\/\/adventistoltenia.ro\/site\/de-100-de-ani-in-slujba-familiilor\/\"]}]},{\"@type\":\"BreadcrumbList\",\"@id\":\"https:\/\/adventistoltenia.ro\/site\/de-100-de-ani-in-slujba-familiilor\/#breadcrumb\",\"itemListElement\":[{\"@type\":\"ListItem\",\"position\":1,\"name\":\"Home\",\"item\":\"https:\/\/adventistoltenia.ro\/site\/\"},{\"@type\":\"ListItem\",\"position\":2,\"name\":\"De 100 de ani \u00een slujba familiilor\"}]},{\"@type\":\"WebSite\",\"@id\":\"https:\/\/adventistoltenia.ro\/site\/#website\",\"url\":\"https:\/\/adventistoltenia.ro\/site\/\",\"name\":\"Conferinta Oltenia\",\"description\":\"Biserica Adventista de Ziua a Saptea\",\"potentialAction\":[{\"@type\":\"SearchAction\",\"target\":{\"@type\":\"EntryPoint\",\"urlTemplate\":\"https:\/\/adventistoltenia.ro\/site\/?s={search_term_string}\"},\"query-input\":\"required name=search_term_string\"}],\"inLanguage\":\"en-US\"},{\"@type\":\"Person\",\"@id\":\"https:\/\/adventistoltenia.ro\/site\/#\/schema\/person\/81972d6ddcec064fcb37a129240ef9d7\",\"name\":\"Conferinta Oltenia\",\"image\":{\"@type\":\"ImageObject\",\"inLanguage\":\"en-US\",\"@id\":\"https:\/\/adventistoltenia.ro\/site\/#\/schema\/person\/image\/\",\"url\":\"https:\/\/secure.gravatar.com\/avatar\/ebe92ec22e2e53a8eb79d6b52b724e27?s=96&d=mm&r=g\",\"contentUrl\":\"https:\/\/secure.gravatar.com\/avatar\/ebe92ec22e2e53a8eb79d6b52b724e27?s=96&d=mm&r=g\",\"caption\":\"Conferinta Oltenia\"},\"url\":\"https:\/\/adventistoltenia.ro\/site\/author\/adm1n\/\"}]}<\/script>\n<!-- \/ Yoast SEO plugin. -->","yoast_head_json":{"title":"De 100 de ani \u00een slujba familiilor - Conferinta Oltenia","robots":{"index":"index","follow":"follow","max-snippet":"max-snippet:-1","max-image-preview":"max-image-preview:large","max-video-preview":"max-video-preview:-1"},"canonical":"https:\/\/adventistoltenia.ro\/site\/de-100-de-ani-in-slujba-familiilor\/","og_locale":"en_US","og_type":"article","og_title":"De 100 de ani \u00een slujba familiilor - Conferinta Oltenia","og_description":"Mar\u021bi, 8 octombrie 2019, Departamentului Via\u021ba de Familie al Bisericii Adventiste a \u00eemplinit 100 de ani de activitate. \u00cen cadrul unei ceremonii speciale ce a avut loc \u00een cadrul Consiliului anual ce a avut loc \u00een Silver Spring, Maryland, Statele Unite, \u00een data de 14 octombrie, conduc\u0103torii departamentului \u0219i-au re\u00eennoit angajamentul de \u201ea \u00eent\u0103ri, a &hellip; Continued","og_url":"https:\/\/adventistoltenia.ro\/site\/de-100-de-ani-in-slujba-familiilor\/","og_site_name":"Conferinta Oltenia","article_published_time":"2019-10-19T01:12:38+00:00","author":"Conferinta Oltenia","twitter_card":"summary_large_image","twitter_misc":{"Written by":"Conferinta Oltenia","Est. reading time":"4 minutes"},"schema":{"@context":"https:\/\/schema.org","@graph":[{"@type":"WebPage","@id":"https:\/\/adventistoltenia.ro\/site\/de-100-de-ani-in-slujba-familiilor\/","url":"https:\/\/adventistoltenia.ro\/site\/de-100-de-ani-in-slujba-familiilor\/","name":"De 100 de ani \u00een slujba familiilor - Conferinta Oltenia","isPartOf":{"@id":"https:\/\/adventistoltenia.ro\/site\/#website"},"datePublished":"2019-10-19T01:12:38+00:00","dateModified":"2019-10-19T01:12:38+00:00","author":{"@id":"https:\/\/adventistoltenia.ro\/site\/#\/schema\/person\/81972d6ddcec064fcb37a129240ef9d7"},"breadcrumb":{"@id":"https:\/\/adventistoltenia.ro\/site\/de-100-de-ani-in-slujba-familiilor\/#breadcrumb"},"inLanguage":"en-US","potentialAction":[{"@type":"ReadAction","target":["https:\/\/adventistoltenia.ro\/site\/de-100-de-ani-in-slujba-familiilor\/"]}]},{"@type":"BreadcrumbList","@id":"https:\/\/adventistoltenia.ro\/site\/de-100-de-ani-in-slujba-familiilor\/#breadcrumb","itemListElement":[{"@type":"ListItem","position":1,"name":"Home","item":"https:\/\/adventistoltenia.ro\/site\/"},{"@type":"ListItem","position":2,"name":"De 100 de ani \u00een slujba familiilor"}]},{"@type":"WebSite","@id":"https:\/\/adventistoltenia.ro\/site\/#website","url":"https:\/\/adventistoltenia.ro\/site\/","name":"Conferinta Oltenia","description":"Biserica Adventista de Ziua a Saptea","potentialAction":[{"@type":"SearchAction","target":{"@type":"EntryPoint","urlTemplate":"https:\/\/adventistoltenia.ro\/site\/?s={search_term_string}"},"query-input":"required name=search_term_string"}],"inLanguage":"en-US"},{"@type":"Person","@id":"https:\/\/adventistoltenia.ro\/site\/#\/schema\/person\/81972d6ddcec064fcb37a129240ef9d7","name":"Conferinta Oltenia","image":{"@type":"ImageObject","inLanguage":"en-US","@id":"https:\/\/adventistoltenia.ro\/site\/#\/schema\/person\/image\/","url":"https:\/\/secure.gravatar.com\/avatar\/ebe92ec22e2e53a8eb79d6b52b724e27?s=96&d=mm&r=g","contentUrl":"https:\/\/secure.gravatar.com\/avatar\/ebe92ec22e2e53a8eb79d6b52b724e27?s=96&d=mm&r=g","caption":"Conferinta Oltenia"},"url":"https:\/\/adventistoltenia.ro\/site\/author\/adm1n\/"}]}},"_links":{"self":[{"href":"https:\/\/adventistoltenia.ro\/site\/wp-json\/wp\/v2\/posts\/3012"}],"collection":[{"href":"https:\/\/adventistoltenia.ro\/site\/wp-json\/wp\/v2\/posts"}],"about":[{"href":"https:\/\/adventistoltenia.ro\/site\/wp-json\/wp\/v2\/types\/post"}],"author":[{"embeddable":true,"href":"https:\/\/adventistoltenia.ro\/site\/wp-json\/wp\/v2\/users\/2"}],"replies":[{"embeddable":true,"href":"https:\/\/adventistoltenia.ro\/site\/wp-json\/wp\/v2\/comments?post=3012"}],"version-history":[{"count":0,"href":"https:\/\/adventistoltenia.ro\/site\/wp-json\/wp\/v2\/posts\/3012\/revisions"}],"wp:attachment":[{"href":"https:\/\/adventistoltenia.ro\/site\/wp-json\/wp\/v2\/media?parent=3012"}],"wp:term":[{"taxonomy":"category","embeddable":true,"href":"https:\/\/adventistoltenia.ro\/site\/wp-json\/wp\/v2\/categories?post=3012"},{"taxonomy":"post_tag","embeddable":true,"href":"https:\/\/adventistoltenia.ro\/site\/wp-json\/wp\/v2\/tags?post=3012"}],"curies":[{"name":"wp","href":"https:\/\/api.w.org\/{rel}","templated":true}]}}