{"id":3036,"date":"2019-10-28T01:11:42","date_gmt":"2019-10-28T01:11:42","guid":{"rendered":"http:\/\/adventistoltenia.ro\/site\/comitetul-executiv-al-bisericii-adventiste-mondiale-propune-prima-declaratie-oficiala-cu-privire-la-avort\/"},"modified":"2019-10-28T01:11:42","modified_gmt":"2019-10-28T01:11:42","slug":"comitetul-executiv-al-bisericii-adventiste-mondiale-propune-prima-declaratie-oficiala-cu-privire-la-avort","status":"publish","type":"post","link":"https:\/\/adventistoltenia.ro\/site\/comitetul-executiv-al-bisericii-adventiste-mondiale-propune-prima-declaratie-oficiala-cu-privire-la-avort\/","title":{"rendered":"Comitetul Executiv al Bisericii Adventiste mondiale propune prima declara\u021bie oficial\u0103 cu privire la avort"},"content":{"rendered":"<div>\n<p>Membrii forului decizional al Bisericii Adventiste mondiale \u00eentre sesiunile Conferin\u021bei Generale a deliberat timp de dou\u0103 zile asupra unei propuneri referitoare la <em>Declara\u021bia cu privire la perspectiva biblic\u0103 asupra vie\u021bii \u00eenainte de na\u0219tere \u0219i implica\u021biile ei asupra avortului<\/em>. Documentul a fost redactat \u00een luna septembrie, \u00een urma unei perioade mai lungi de studiere \u0219i discutare a problemei \u00een cadrul unui grup format din teologi, medici, administratori \u00een domeniul medical, eticieni \u0219i administratori ai Bisericii.<\/p>\n<p>Un <a href=\"https:\/\/www.adventist.ro\/index\/biserica-adventista-lucreaza-la-clarificarea-pozitiei-sale-cu-privire-la-avort\/\">articol anterior<\/a> a descris procesul urmat de colaborarea mai multor comitete \u0219i unit\u0103\u021bi administrative \u00een redactarea proiectului. Unui grup format din 26 de persoane, dintre care 7 femei, i-a fost \u00eencredin\u021bat\u0103 sarcina de a \u201epreg\u0103ti o propunere pentru o declara\u021bie bazat\u0103 pe principiile biblice care subliniaz\u0103 sfin\u021benia vie\u021bii \u0219i care s\u0103 s\u0103 recunoasc\u0103 anomaliile\/ situa\u021biile deosebit de dificile cu care se pot confrunta femeile\u201d, potrivit indica\u021biilor pe care grupul a trebuit s\u0103 le urm\u0103reasc\u0103.<\/p>\n<p><strong>Un anumit tip de document<\/strong><\/p>\n<p>Conduc\u0103torii Bisericii au subliniat faptul c\u0103 documentul discutat \u0219i votat \u00een aceast\u0103 s\u0103pt\u0103m\u00e2n\u0103 este o declara\u021bie oficial\u0103, \u0219i nu un ghid de bune practici pentru credincio\u0219i sau organiza\u021biile bisericii. Potrivit practicii Bisericii, o declara\u021bie votat\u0103 prezint\u0103 pozi\u021bia oficial\u0103 a Bisericii Adventiste de Ziua a \u0218aptea cu privire la o anumit\u0103 problem\u0103, \u00een timp ce ghidurile ofer\u0103 o direc\u021bie \u00een abordarea practic\u0103 a unui anumit subiect.<\/p>\n<p>\u00cenaintea propunerii votate s\u0103pt\u0103m\u00e2na trecut\u0103, nu a existat nicio declara\u021bie referitoare la sfin\u021benia vie\u021bii \u00eenainte de na\u0219tere. \u00a0Ultimul ghid cu privire la avort a fost publicat de Biseric\u0103 \u00een anul 1992. Dar, potrivit Pre\u0219edintelui Bisericii Adventiste mondiale, Ted N.C. Wilson, ghidul din anul 1992 avea \u201eo abordare mult mai limitat\u0103 \u00een ceea ce prive\u0219te perspectiva biblic\u0103 cu privire la acest subiect at\u00e2t de important.\u201d<\/p>\n<p>Wilson a continuat, clarific\u00e2nd rolul unei declara\u021bii oficiale \u00een via\u021ba bisericii de 21 de milioane de membri. \u201eAceasta [urmeaz\u0103 s\u0103 fie] o declara\u021bie. Nu face parte din <em>Manualul Bisericii.<\/em> Nu va constitui un standard pe baza c\u0103ruia comitetele \u0219i membrii bisericii \u00eei vor judeca pe al\u021bii.\u201d Adres\u00e2ndu\u2014li-se conduc\u0103torilor Bisericii, el a ad\u0103ugat: \u201eV\u0103 rog s\u0103 le oferi\u021bi indica\u021bii \u0219i s\u0103 \u00eei \u00eencuraja\u021bi pe membrii bisericii s\u0103 nu fac\u0103 acest lucru. Este\u00a0 declara\u021bie biblic\u0103 pentru a informa nu numai lumea, ci \u0219i pe noi \u00een\u0219ine, cu privire la modul \u00een care Biblia abordeaz\u0103 via\u021ba.\u201d<\/p>\n<p>\u201eDup\u0103 cum \u0219ti\u021bi, [caracterul sacru a vie\u021bii \u00eenainte de na\u0219tere] este un subiect foarte sensibil, dar \u00een acela\u0219i timp am avut privilegiul de a-l studia\u201d, a spus Artur Stele, Vicepre\u0219edinte al Bisericii Adventiste mondiale care a slujit \u00een calitate de pre\u0219edinte al comitetului care a redactat declara\u021bia.<\/p>\n<p>Stele a descris procesul de realizare a documentului, un demers care a \u00eenceput cu Comitetul de etic\u0103 al Institutului de Cercetare Biblic\u0103, dup\u0103 care s-a extins pentru a include Comitetul de Bioetic\u0103 al Conferin\u021bei Generale, grupul de lucru format din 26 de persoane, reprezentan\u021bi ai diferitelor re\u021bele adventiste de s\u0103n\u0103tate \u0219i c\u00e2teva comitete administrative ale Conferin\u021bei Generale. De-a lungul acestui proces au existat 27 de versiuni ale declara\u021biei propuse, a observat Stele.<\/p>\n<p>Peter Landless, medic \u0219i Director al Departamentului S\u0103n\u0103tate al Bisericii Adventiste mondiale, le-a r\u0103spuns celor care se tem c\u0103 declala\u021bia este \u201eo arm\u0103 nuclear\u0103 folosit\u0103 \u00eempotriva institu\u021biilor adventiste de s\u0103n\u0103tate\u201d printr-un \u201enu\u201d hot\u0103r\u00e2t. \u00cen timpul prezent\u0103rii sale, Landless a prezentat \u0219i un grafic reprezent\u00e2nd num\u0103rul total de avorturi realizate anul trecut \u00een cadrul institu\u021biilor adventiste de s\u0103n\u0103tate. Potrivit datelor statistice, num\u0103rul acestora este foarte mic, aproape toate fiind urmarea unor anormalit\u0103\u021bi dramatice ale f\u0103tului care ar face imposibil\u0103 via\u021ba \u00een afara uterului.<\/p>\n<p>De\u0219i a recunoscut c\u0103 institu\u021biile noastre de s\u0103n\u0103tate nu au un trecut imaculat \u00een ceea ce prive\u0219te avortul, Landless a raportat o sc\u0103dere dramatic\u0103 a num\u0103rului acestora dup\u0103 votarea ghidului de bune practici \u00een anul 1992. \u201eO declar \u00een mod clar: \u021binta este s\u0103 ne apropiem de zero at\u00e2t c\u00e2t o permite na\u0219terea \u00een siguran\u021b\u0103.\u201d<\/p>\n<p>Stele l-a \u00eentrebat pe Directorul Institutului de Cercetare Biblic\u0103 Elias Brasil de Souza ce implic\u0103 decizia de a nu include declara\u021bia \u00een <em>Manualul Bisericii<\/em>. \u201eDeclara\u021bia nu a fost redactat\u0103 pentru a fi inclus\u0103 \u00een <em>Manualul Bisericii<\/em> sau printre <em>Convingerile fudamentale<\/em>\u201d, a spus de Souza. \u201eDocumentul este un instrument prin care biserica le spune membrilor, spune lumii, care este pozi\u021bia noastr\u0103 cu privire la aceast\u0103 problem\u0103 important\u0103.\u201d<\/p>\n<p>De Souza a subliniat, de asemenea, modul \u00een care membrii bisericii sunt \u00eencuraja\u021bi s\u0103 se raporteze la declara\u021bie. \u201eNu ar trebui s\u0103 folosim acest document ca pe o arm\u0103 cu ajutorul c\u0103reia s\u0103 \u00eei \u00eendep\u0103rt\u0103m pe oameni\u201d, a spus el. \u201eNu ar trebui s\u0103 \u00eel folosim pentru a-i pedepsi pe oameni. Este un document cu un caracter r\u0103scump\u0103r\u0103tor. Dac\u0103 \u00eel citi\u021bi cu grij\u0103 ve\u021bi observa c\u0103 este plin de har \u0219i c\u0103 recuno\u0219te faptul c\u0103 uneori oamenii se g\u0103sesc \u00een situa\u021bii dificile. Documentul este \u0219i un apel la compasiune.\u201d<\/p>\n<p>Stele a specificat faptul c\u0103 vor fi redactate protocoale mai clare, un proces care va fi coordonat de conduc\u0103torii Departamentului S\u0103n\u0103tate al Bisericii mondiale, \u00eens\u0103 va include \u0219i ghiduri de bune practici pentru pastori \u0219i bisericile locale. \u201eVom lucra cu grij\u0103, colabor\u00e2nd cu speciali\u0219ti \u00een bio-etic\u0103 \u0219i cu reprezentan\u021bi ai spitalelor\u201d, a spus Landless. \u201eP\u00e2n\u0103 la finalul anului vom \u00eencepe s\u0103 formul\u0103m protocoale care le vor fi utile celor care lucreaz\u0103 \u00een institu\u021biile de s\u0103n\u0103tate.\u201d<\/p>\n<p><em>Declara\u021bia cu privire la perspectiva biblic\u0103 asupra vie\u021bii \u00eenainte de na\u0219tere \u0219i implica\u021biile ei asupra avortului<\/em> a fost votat\u0103 pentru a fi propus\u0103 delega\u021bilor la Sesiunea Conferin\u021bei Generale ce va avea loc \u00een vara anului viitor \u00een Indianapolis, Statele Unite.<\/p>\n<p>Sursa: <a href=\"https:\/\/www.adventistreview.org\/church-news\/story14145-world-church-executive-committee-considers-statement-on-abortion\"><em>Adventist Review<\/em><\/a><\/p>\n<\/div>\n<p class=\"wpematico_credit\"><small>Powered by <a href=\"http:\/\/www.wpematico.com\" target=\"_blank\" rel=\"noopener noreferrer\">WPeMatico<\/a><\/small><\/p>\n ","protected":false},"excerpt":{"rendered":"<p>Membrii forului decizional al Bisericii Adventiste mondiale \u00eentre sesiunile Conferin\u021bei Generale a deliberat timp de dou\u0103 zile asupra unei propuneri referitoare la Declara\u021bia cu privire la perspectiva biblic\u0103 asupra vie\u021bii \u00eenainte de na\u0219tere \u0219i implica\u021biile ei asupra avortului. Documentul a fost redactat \u00een luna septembrie, \u00een urma unei perioade mai lungi de studiere \u0219i discutare &hellip; <a href=\"https:\/\/adventistoltenia.ro\/site\/comitetul-executiv-al-bisericii-adventiste-mondiale-propune-prima-declaratie-oficiala-cu-privire-la-avort\/\">Continued<\/a><\/p>\n","protected":false},"author":2,"featured_media":0,"comment_status":"open","ping_status":"closed","sticky":false,"template":"","format":"standard","meta":[],"categories":[71],"tags":[],"yoast_head":"<!-- This site is optimized with the Yoast SEO plugin v20.3 - https:\/\/yoast.com\/wordpress\/plugins\/seo\/ -->\n<title>Comitetul Executiv al Bisericii Adventiste mondiale propune prima declara\u021bie oficial\u0103 cu privire la avort - Conferinta Oltenia<\/title>\n<meta name=\"robots\" content=\"index, follow, max-snippet:-1, max-image-preview:large, max-video-preview:-1\" \/>\n<link rel=\"canonical\" href=\"https:\/\/adventistoltenia.ro\/site\/comitetul-executiv-al-bisericii-adventiste-mondiale-propune-prima-declaratie-oficiala-cu-privire-la-avort\/\" \/>\n<meta property=\"og:locale\" content=\"en_US\" \/>\n<meta property=\"og:type\" content=\"article\" \/>\n<meta property=\"og:title\" content=\"Comitetul Executiv al Bisericii Adventiste mondiale propune prima declara\u021bie oficial\u0103 cu privire la avort - Conferinta Oltenia\" \/>\n<meta property=\"og:description\" content=\"Membrii forului decizional al Bisericii Adventiste mondiale \u00eentre sesiunile Conferin\u021bei Generale a deliberat timp de dou\u0103 zile asupra unei propuneri referitoare la Declara\u021bia cu privire la perspectiva biblic\u0103 asupra vie\u021bii \u00eenainte de na\u0219tere \u0219i implica\u021biile ei asupra avortului. Documentul a fost redactat \u00een luna septembrie, \u00een urma unei perioade mai lungi de studiere \u0219i discutare &hellip; Continued\" \/>\n<meta property=\"og:url\" content=\"https:\/\/adventistoltenia.ro\/site\/comitetul-executiv-al-bisericii-adventiste-mondiale-propune-prima-declaratie-oficiala-cu-privire-la-avort\/\" \/>\n<meta property=\"og:site_name\" content=\"Conferinta Oltenia\" \/>\n<meta property=\"article:published_time\" content=\"2019-10-28T01:11:42+00:00\" \/>\n<meta name=\"author\" content=\"Conferinta Oltenia\" \/>\n<meta name=\"twitter:card\" content=\"summary_large_image\" \/>\n<meta name=\"twitter:label1\" content=\"Written by\" \/>\n\t<meta name=\"twitter:data1\" content=\"Conferinta Oltenia\" \/>\n\t<meta name=\"twitter:label2\" content=\"Est. reading time\" \/>\n\t<meta name=\"twitter:data2\" content=\"5 minutes\" \/>\n<script type=\"application\/ld+json\" class=\"yoast-schema-graph\">{\"@context\":\"https:\/\/schema.org\",\"@graph\":[{\"@type\":\"WebPage\",\"@id\":\"https:\/\/adventistoltenia.ro\/site\/comitetul-executiv-al-bisericii-adventiste-mondiale-propune-prima-declaratie-oficiala-cu-privire-la-avort\/\",\"url\":\"https:\/\/adventistoltenia.ro\/site\/comitetul-executiv-al-bisericii-adventiste-mondiale-propune-prima-declaratie-oficiala-cu-privire-la-avort\/\",\"name\":\"Comitetul Executiv al Bisericii Adventiste mondiale propune prima declara\u021bie oficial\u0103 cu privire la avort - Conferinta Oltenia\",\"isPartOf\":{\"@id\":\"https:\/\/adventistoltenia.ro\/site\/#website\"},\"datePublished\":\"2019-10-28T01:11:42+00:00\",\"dateModified\":\"2019-10-28T01:11:42+00:00\",\"author\":{\"@id\":\"https:\/\/adventistoltenia.ro\/site\/#\/schema\/person\/81972d6ddcec064fcb37a129240ef9d7\"},\"breadcrumb\":{\"@id\":\"https:\/\/adventistoltenia.ro\/site\/comitetul-executiv-al-bisericii-adventiste-mondiale-propune-prima-declaratie-oficiala-cu-privire-la-avort\/#breadcrumb\"},\"inLanguage\":\"en-US\",\"potentialAction\":[{\"@type\":\"ReadAction\",\"target\":[\"https:\/\/adventistoltenia.ro\/site\/comitetul-executiv-al-bisericii-adventiste-mondiale-propune-prima-declaratie-oficiala-cu-privire-la-avort\/\"]}]},{\"@type\":\"BreadcrumbList\",\"@id\":\"https:\/\/adventistoltenia.ro\/site\/comitetul-executiv-al-bisericii-adventiste-mondiale-propune-prima-declaratie-oficiala-cu-privire-la-avort\/#breadcrumb\",\"itemListElement\":[{\"@type\":\"ListItem\",\"position\":1,\"name\":\"Home\",\"item\":\"https:\/\/adventistoltenia.ro\/site\/\"},{\"@type\":\"ListItem\",\"position\":2,\"name\":\"Comitetul Executiv al Bisericii Adventiste mondiale propune prima declara\u021bie oficial\u0103 cu privire la avort\"}]},{\"@type\":\"WebSite\",\"@id\":\"https:\/\/adventistoltenia.ro\/site\/#website\",\"url\":\"https:\/\/adventistoltenia.ro\/site\/\",\"name\":\"Conferinta Oltenia\",\"description\":\"Biserica Adventista de Ziua a Saptea\",\"potentialAction\":[{\"@type\":\"SearchAction\",\"target\":{\"@type\":\"EntryPoint\",\"urlTemplate\":\"https:\/\/adventistoltenia.ro\/site\/?s={search_term_string}\"},\"query-input\":\"required name=search_term_string\"}],\"inLanguage\":\"en-US\"},{\"@type\":\"Person\",\"@id\":\"https:\/\/adventistoltenia.ro\/site\/#\/schema\/person\/81972d6ddcec064fcb37a129240ef9d7\",\"name\":\"Conferinta Oltenia\",\"image\":{\"@type\":\"ImageObject\",\"inLanguage\":\"en-US\",\"@id\":\"https:\/\/adventistoltenia.ro\/site\/#\/schema\/person\/image\/\",\"url\":\"https:\/\/secure.gravatar.com\/avatar\/ebe92ec22e2e53a8eb79d6b52b724e27?s=96&d=mm&r=g\",\"contentUrl\":\"https:\/\/secure.gravatar.com\/avatar\/ebe92ec22e2e53a8eb79d6b52b724e27?s=96&d=mm&r=g\",\"caption\":\"Conferinta Oltenia\"},\"url\":\"https:\/\/adventistoltenia.ro\/site\/author\/adm1n\/\"}]}<\/script>\n<!-- \/ Yoast SEO plugin. -->","yoast_head_json":{"title":"Comitetul Executiv al Bisericii Adventiste mondiale propune prima declara\u021bie oficial\u0103 cu privire la avort - Conferinta Oltenia","robots":{"index":"index","follow":"follow","max-snippet":"max-snippet:-1","max-image-preview":"max-image-preview:large","max-video-preview":"max-video-preview:-1"},"canonical":"https:\/\/adventistoltenia.ro\/site\/comitetul-executiv-al-bisericii-adventiste-mondiale-propune-prima-declaratie-oficiala-cu-privire-la-avort\/","og_locale":"en_US","og_type":"article","og_title":"Comitetul Executiv al Bisericii Adventiste mondiale propune prima declara\u021bie oficial\u0103 cu privire la avort - Conferinta Oltenia","og_description":"Membrii forului decizional al Bisericii Adventiste mondiale \u00eentre sesiunile Conferin\u021bei Generale a deliberat timp de dou\u0103 zile asupra unei propuneri referitoare la Declara\u021bia cu privire la perspectiva biblic\u0103 asupra vie\u021bii \u00eenainte de na\u0219tere \u0219i implica\u021biile ei asupra avortului. Documentul a fost redactat \u00een luna septembrie, \u00een urma unei perioade mai lungi de studiere \u0219i discutare &hellip; Continued","og_url":"https:\/\/adventistoltenia.ro\/site\/comitetul-executiv-al-bisericii-adventiste-mondiale-propune-prima-declaratie-oficiala-cu-privire-la-avort\/","og_site_name":"Conferinta Oltenia","article_published_time":"2019-10-28T01:11:42+00:00","author":"Conferinta Oltenia","twitter_card":"summary_large_image","twitter_misc":{"Written by":"Conferinta Oltenia","Est. reading time":"5 minutes"},"schema":{"@context":"https:\/\/schema.org","@graph":[{"@type":"WebPage","@id":"https:\/\/adventistoltenia.ro\/site\/comitetul-executiv-al-bisericii-adventiste-mondiale-propune-prima-declaratie-oficiala-cu-privire-la-avort\/","url":"https:\/\/adventistoltenia.ro\/site\/comitetul-executiv-al-bisericii-adventiste-mondiale-propune-prima-declaratie-oficiala-cu-privire-la-avort\/","name":"Comitetul Executiv al Bisericii Adventiste mondiale propune prima declara\u021bie oficial\u0103 cu privire la avort - Conferinta Oltenia","isPartOf":{"@id":"https:\/\/adventistoltenia.ro\/site\/#website"},"datePublished":"2019-10-28T01:11:42+00:00","dateModified":"2019-10-28T01:11:42+00:00","author":{"@id":"https:\/\/adventistoltenia.ro\/site\/#\/schema\/person\/81972d6ddcec064fcb37a129240ef9d7"},"breadcrumb":{"@id":"https:\/\/adventistoltenia.ro\/site\/comitetul-executiv-al-bisericii-adventiste-mondiale-propune-prima-declaratie-oficiala-cu-privire-la-avort\/#breadcrumb"},"inLanguage":"en-US","potentialAction":[{"@type":"ReadAction","target":["https:\/\/adventistoltenia.ro\/site\/comitetul-executiv-al-bisericii-adventiste-mondiale-propune-prima-declaratie-oficiala-cu-privire-la-avort\/"]}]},{"@type":"BreadcrumbList","@id":"https:\/\/adventistoltenia.ro\/site\/comitetul-executiv-al-bisericii-adventiste-mondiale-propune-prima-declaratie-oficiala-cu-privire-la-avort\/#breadcrumb","itemListElement":[{"@type":"ListItem","position":1,"name":"Home","item":"https:\/\/adventistoltenia.ro\/site\/"},{"@type":"ListItem","position":2,"name":"Comitetul Executiv al Bisericii Adventiste mondiale propune prima declara\u021bie oficial\u0103 cu privire la avort"}]},{"@type":"WebSite","@id":"https:\/\/adventistoltenia.ro\/site\/#website","url":"https:\/\/adventistoltenia.ro\/site\/","name":"Conferinta Oltenia","description":"Biserica Adventista de Ziua a Saptea","potentialAction":[{"@type":"SearchAction","target":{"@type":"EntryPoint","urlTemplate":"https:\/\/adventistoltenia.ro\/site\/?s={search_term_string}"},"query-input":"required name=search_term_string"}],"inLanguage":"en-US"},{"@type":"Person","@id":"https:\/\/adventistoltenia.ro\/site\/#\/schema\/person\/81972d6ddcec064fcb37a129240ef9d7","name":"Conferinta Oltenia","image":{"@type":"ImageObject","inLanguage":"en-US","@id":"https:\/\/adventistoltenia.ro\/site\/#\/schema\/person\/image\/","url":"https:\/\/secure.gravatar.com\/avatar\/ebe92ec22e2e53a8eb79d6b52b724e27?s=96&d=mm&r=g","contentUrl":"https:\/\/secure.gravatar.com\/avatar\/ebe92ec22e2e53a8eb79d6b52b724e27?s=96&d=mm&r=g","caption":"Conferinta Oltenia"},"url":"https:\/\/adventistoltenia.ro\/site\/author\/adm1n\/"}]}},"_links":{"self":[{"href":"https:\/\/adventistoltenia.ro\/site\/wp-json\/wp\/v2\/posts\/3036"}],"collection":[{"href":"https:\/\/adventistoltenia.ro\/site\/wp-json\/wp\/v2\/posts"}],"about":[{"href":"https:\/\/adventistoltenia.ro\/site\/wp-json\/wp\/v2\/types\/post"}],"author":[{"embeddable":true,"href":"https:\/\/adventistoltenia.ro\/site\/wp-json\/wp\/v2\/users\/2"}],"replies":[{"embeddable":true,"href":"https:\/\/adventistoltenia.ro\/site\/wp-json\/wp\/v2\/comments?post=3036"}],"version-history":[{"count":0,"href":"https:\/\/adventistoltenia.ro\/site\/wp-json\/wp\/v2\/posts\/3036\/revisions"}],"wp:attachment":[{"href":"https:\/\/adventistoltenia.ro\/site\/wp-json\/wp\/v2\/media?parent=3036"}],"wp:term":[{"taxonomy":"category","embeddable":true,"href":"https:\/\/adventistoltenia.ro\/site\/wp-json\/wp\/v2\/categories?post=3036"},{"taxonomy":"post_tag","embeddable":true,"href":"https:\/\/adventistoltenia.ro\/site\/wp-json\/wp\/v2\/tags?post=3036"}],"curies":[{"name":"wp","href":"https:\/\/api.w.org\/{rel}","templated":true}]}}