{"id":3038,"date":"2019-11-09T01:14:02","date_gmt":"2019-11-09T01:14:02","guid":{"rendered":"http:\/\/adventistoltenia.ro\/site\/biserica-adventista-initiaza-campania-globala-pray4burundi\/"},"modified":"2019-11-09T01:14:02","modified_gmt":"2019-11-09T01:14:02","slug":"biserica-adventista-initiaza-campania-globala-pray4burundi","status":"publish","type":"post","link":"https:\/\/adventistoltenia.ro\/site\/biserica-adventista-initiaza-campania-globala-pray4burundi\/","title":{"rendered":"Biserica Adventist\u0103 ini\u021biaz\u0103 campania global\u0103 #Pray4Burundi"},"content":{"rendered":"<div>\n<p>Joi, 24 octombrie, Pre\u0219edintele Uniunii Burundi, Lamec Barishinga, a fost arestat pe c\u00e2nd se afla pe drum spre \u0219edin\u021ba anual\u0103 a Diviziunii Africa Central\u0103 \u0219i de Est din Nairobi, Kenya. Arestarea acestuia reprezint\u0103 ultima dintr-o serie de ac\u021biuni \u00eentreprinse de autorit\u0103\u021bile din Burundi \u00eempotriva Bisericii Adventiste de Ziua a \u0218aptea.<\/p>\n<p>\u00cen luna mai, prin intermediul Adventist News Network, \u0219i al <em>Adventist Review, <\/em>Pre\u0219edintele Bisericii Adventiste mondiale, Ted Wilson, a f\u0103cut apel la rug\u0103ciune pentru credincio\u0219ii adventi\u0219ti din Burundi. Cererea a fost f\u0103cut\u0103 dup\u0103 ce 22 de conduc\u0103tori \u0219i membri ai Bisericii Adventiste din \u021bara central-african\u0103 au fost aresta\u021bi. Arestarea a avut loc la ordinul guvernului, dup\u0103 luni \u00eentregi \u00een care autorit\u0103\u021bile din Burundi s-au amestecat \u00een mod abuziv \u00een probleme de natur\u0103 administrativ\u0103 ale Bisericii Adventiste din \u021bar\u0103.<\/p>\n<p>\u00cen plus, cu sus\u021binere din partea guvernului, un grup care \u00eel sus\u021binea pe fostul pre\u0219edinte al uniunii a preluat controlul asupra cl\u0103dirilor bisericii, interzic\u00e2ndu-le accesul actualilor administratori ai acesteia. Intimidarea \u0219i agresarea credincio\u0219ilor adventi\u0219ti de c\u0103tre poli\u021bi\u0219ti a fost <a href=\"https:\/\/www.adventist.org\/en\/pray4burundi\/\">filmat\u0103<\/a> \u0219i distribuit\u0103 pe re\u021belele de socializare. \u00cen ciuda lunilor de rug\u0103ciune \u0219i \u00eencerc\u0103rilor de a negocia cu reprezentan\u021bii guvernului restituirea cl\u0103dirilor \u0219i \u00eencetarea abuzurilor, s-au \u00eenregistrat pu\u021bine progrese.<\/p>\n<p>Din aceste motive, Biserica Adventist\u0103 de Ziua a \u0218aptea le adreseaz\u0103 tuturor credincio\u0219ilor un apel la rug\u0103ciune pentru Burundi (#Pray4Burundy). V\u0103 cerem ca, pe l\u00e2ng\u0103 rug\u0103ciunile pentru ca liderii \u0219i credincio\u0219ii adventi\u0219ti s\u0103 reziste \u00een fa\u021ba violen\u021belor \u0219i a persecu\u021biei, s\u0103 v\u0103 ruga\u021bi pentru trei lucruri specifice:<\/p>\n<ol>\n<li>eliberarea pastorului Barishinga din \u00eenchisoare;<\/li>\n<li>protejarea membrilor no\u0219tri de abuz fizic \u0219i emo\u021bional \u0219i pentru ca practica arest\u0103rii pastorilor \u0219i membrilor no\u0219tri ca form\u0103 de intimidare s\u0103 ia sf\u00e2r\u0219it.<\/li>\n<li>pentru ca guvernul din Burundi s\u0103 pre\u021buiasc\u0103 libertatea religioas\u0103 \u0219i s\u0103 nu se mai amestece \u00een deciziile de natur\u0103 administrativ\u0103 ale Bisericii Adventiste de Ziua a \u0218aptea, permi\u021b\u00e2ndu-le membrilor no\u0219tri s\u0103 se \u00eenchine \u00een conformitate cu propria con\u0219tiin\u021b\u0103, f\u0103r\u0103 amestecul autorit\u0103\u021bilor sau al vreunei alte entit\u0103\u021bi.<\/li>\n<\/ol>\n<p>\u00cen timpul Consiliului anual al Bisericii Adventiste mondiale, desf\u0103\u0219urat la sediul Conferin\u021bei Generale \u00een luna octombrie, pastorul Ted Wilson, Pre\u0219edintele Bisericii Adventiste mondiale, a chemat pe podium delega\u021bia Diviziunii Africa Central\u0103 \u0219i de Est.<\/p>\n<p>Pastorul Barashinga nu a putut ob\u021bine viza pentru a participa la Consiliul anual, a\u0219a c\u0103 li s-a adresat delega\u021bilor din toat\u0103 lumea prin intermediul unui mesaj video.<\/p>\n<p>\u201eDoresc s\u0103 exprim sincer recuno\u0219tin\u021ba mea \u0219i a tuturor membrilor Bisericii Adventiste din Burundi pentru c\u0103 ne sus\u021bine\u021bi prin rug\u0103ciunile voastre\u201d, a \u00eenceput Barashinga. \u201eF\u0103r\u0103 ele, to\u021bi pastorii \u0219i administratorii no\u0219tri s-ar afla \u00een \u00eenchisoare, iar unii dintre ei ar fi chiar mor\u021bi. M\u00e2na Dumnezeului nostru a fost mai puternic\u0103 dec\u00e2t a diavolului.\u201d<\/p>\n<p>Biserica Adventist\u0103 din Burundi \u2013 o \u021bar\u0103 de mai pu\u021bin de 28.000 km<sup>2<\/sup> \u2013 num\u0103r\u0103 aproximativ 186.000 de membri \u0219i administreaz\u0103 23 de \u0219coli \u0219i cinci clinici.<\/p>\n<p>Pentru mai multe informa\u021bii, materiale video \u0219i fotografii, vizita\u021bi pagina <a href=\"https:\/\/www.adventist.org\/en\/pray4burundi\/\">Adventist.org\/Pray4Burundi<\/a> \u0219i folosi\u021bi hashtag-ul #Pray4Burundi \u00een media social\u0103.<\/p>\n<p>Sursa: <a href=\"https:\/\/www.adventistreview.org\/church-news\/story14204-seventh-day-adventist-church-initiates-global-prayer-campaign-pray4burundi\">Biserica Adventist\u0103 mondial\u0103\/ Adventist Review<\/a><\/p>\n<\/div>\n<p class=\"wpematico_credit\"><small>Powered by <a href=\"http:\/\/www.wpematico.com\" target=\"_blank\" rel=\"noopener noreferrer\">WPeMatico<\/a><\/small><\/p>\n ","protected":false},"excerpt":{"rendered":"<p>Joi, 24 octombrie, Pre\u0219edintele Uniunii Burundi, Lamec Barishinga, a fost arestat pe c\u00e2nd se afla pe drum spre \u0219edin\u021ba anual\u0103 a Diviziunii Africa Central\u0103 \u0219i de Est din Nairobi, Kenya. Arestarea acestuia reprezint\u0103 ultima dintr-o serie de ac\u021biuni \u00eentreprinse de autorit\u0103\u021bile din Burundi \u00eempotriva Bisericii Adventiste de Ziua a \u0218aptea. \u00cen luna mai, prin intermediul &hellip; <a href=\"https:\/\/adventistoltenia.ro\/site\/biserica-adventista-initiaza-campania-globala-pray4burundi\/\">Continued<\/a><\/p>\n","protected":false},"author":2,"featured_media":0,"comment_status":"open","ping_status":"closed","sticky":false,"template":"","format":"standard","meta":[],"categories":[71],"tags":[],"yoast_head":"<!-- This site is optimized with the Yoast SEO plugin v20.3 - https:\/\/yoast.com\/wordpress\/plugins\/seo\/ -->\n<title>Biserica Adventist\u0103 ini\u021biaz\u0103 campania global\u0103 #Pray4Burundi - Conferinta Oltenia<\/title>\n<meta name=\"robots\" content=\"index, follow, max-snippet:-1, max-image-preview:large, max-video-preview:-1\" \/>\n<link rel=\"canonical\" href=\"https:\/\/adventistoltenia.ro\/site\/biserica-adventista-initiaza-campania-globala-pray4burundi\/\" \/>\n<meta property=\"og:locale\" content=\"en_US\" \/>\n<meta property=\"og:type\" content=\"article\" \/>\n<meta property=\"og:title\" content=\"Biserica Adventist\u0103 ini\u021biaz\u0103 campania global\u0103 #Pray4Burundi - Conferinta Oltenia\" \/>\n<meta property=\"og:description\" content=\"Joi, 24 octombrie, Pre\u0219edintele Uniunii Burundi, Lamec Barishinga, a fost arestat pe c\u00e2nd se afla pe drum spre \u0219edin\u021ba anual\u0103 a Diviziunii Africa Central\u0103 \u0219i de Est din Nairobi, Kenya. Arestarea acestuia reprezint\u0103 ultima dintr-o serie de ac\u021biuni \u00eentreprinse de autorit\u0103\u021bile din Burundi \u00eempotriva Bisericii Adventiste de Ziua a \u0218aptea. \u00cen luna mai, prin intermediul &hellip; Continued\" \/>\n<meta property=\"og:url\" content=\"https:\/\/adventistoltenia.ro\/site\/biserica-adventista-initiaza-campania-globala-pray4burundi\/\" \/>\n<meta property=\"og:site_name\" content=\"Conferinta Oltenia\" \/>\n<meta property=\"article:published_time\" content=\"2019-11-09T01:14:02+00:00\" \/>\n<meta name=\"author\" content=\"Conferinta Oltenia\" \/>\n<meta name=\"twitter:card\" content=\"summary_large_image\" \/>\n<meta name=\"twitter:label1\" content=\"Written by\" \/>\n\t<meta name=\"twitter:data1\" content=\"Conferinta Oltenia\" \/>\n\t<meta name=\"twitter:label2\" content=\"Est. reading time\" \/>\n\t<meta name=\"twitter:data2\" content=\"3 minutes\" \/>\n<script type=\"application\/ld+json\" class=\"yoast-schema-graph\">{\"@context\":\"https:\/\/schema.org\",\"@graph\":[{\"@type\":\"WebPage\",\"@id\":\"https:\/\/adventistoltenia.ro\/site\/biserica-adventista-initiaza-campania-globala-pray4burundi\/\",\"url\":\"https:\/\/adventistoltenia.ro\/site\/biserica-adventista-initiaza-campania-globala-pray4burundi\/\",\"name\":\"Biserica Adventist\u0103 ini\u021biaz\u0103 campania global\u0103 #Pray4Burundi - Conferinta Oltenia\",\"isPartOf\":{\"@id\":\"https:\/\/adventistoltenia.ro\/site\/#website\"},\"datePublished\":\"2019-11-09T01:14:02+00:00\",\"dateModified\":\"2019-11-09T01:14:02+00:00\",\"author\":{\"@id\":\"https:\/\/adventistoltenia.ro\/site\/#\/schema\/person\/81972d6ddcec064fcb37a129240ef9d7\"},\"breadcrumb\":{\"@id\":\"https:\/\/adventistoltenia.ro\/site\/biserica-adventista-initiaza-campania-globala-pray4burundi\/#breadcrumb\"},\"inLanguage\":\"en-US\",\"potentialAction\":[{\"@type\":\"ReadAction\",\"target\":[\"https:\/\/adventistoltenia.ro\/site\/biserica-adventista-initiaza-campania-globala-pray4burundi\/\"]}]},{\"@type\":\"BreadcrumbList\",\"@id\":\"https:\/\/adventistoltenia.ro\/site\/biserica-adventista-initiaza-campania-globala-pray4burundi\/#breadcrumb\",\"itemListElement\":[{\"@type\":\"ListItem\",\"position\":1,\"name\":\"Home\",\"item\":\"https:\/\/adventistoltenia.ro\/site\/\"},{\"@type\":\"ListItem\",\"position\":2,\"name\":\"Biserica Adventist\u0103 ini\u021biaz\u0103 campania global\u0103 #Pray4Burundi\"}]},{\"@type\":\"WebSite\",\"@id\":\"https:\/\/adventistoltenia.ro\/site\/#website\",\"url\":\"https:\/\/adventistoltenia.ro\/site\/\",\"name\":\"Conferinta Oltenia\",\"description\":\"Biserica Adventista de Ziua a Saptea\",\"potentialAction\":[{\"@type\":\"SearchAction\",\"target\":{\"@type\":\"EntryPoint\",\"urlTemplate\":\"https:\/\/adventistoltenia.ro\/site\/?s={search_term_string}\"},\"query-input\":\"required name=search_term_string\"}],\"inLanguage\":\"en-US\"},{\"@type\":\"Person\",\"@id\":\"https:\/\/adventistoltenia.ro\/site\/#\/schema\/person\/81972d6ddcec064fcb37a129240ef9d7\",\"name\":\"Conferinta Oltenia\",\"image\":{\"@type\":\"ImageObject\",\"inLanguage\":\"en-US\",\"@id\":\"https:\/\/adventistoltenia.ro\/site\/#\/schema\/person\/image\/\",\"url\":\"https:\/\/secure.gravatar.com\/avatar\/ebe92ec22e2e53a8eb79d6b52b724e27?s=96&d=mm&r=g\",\"contentUrl\":\"https:\/\/secure.gravatar.com\/avatar\/ebe92ec22e2e53a8eb79d6b52b724e27?s=96&d=mm&r=g\",\"caption\":\"Conferinta Oltenia\"},\"url\":\"https:\/\/adventistoltenia.ro\/site\/author\/adm1n\/\"}]}<\/script>\n<!-- \/ Yoast SEO plugin. -->","yoast_head_json":{"title":"Biserica Adventist\u0103 ini\u021biaz\u0103 campania global\u0103 #Pray4Burundi - Conferinta Oltenia","robots":{"index":"index","follow":"follow","max-snippet":"max-snippet:-1","max-image-preview":"max-image-preview:large","max-video-preview":"max-video-preview:-1"},"canonical":"https:\/\/adventistoltenia.ro\/site\/biserica-adventista-initiaza-campania-globala-pray4burundi\/","og_locale":"en_US","og_type":"article","og_title":"Biserica Adventist\u0103 ini\u021biaz\u0103 campania global\u0103 #Pray4Burundi - Conferinta Oltenia","og_description":"Joi, 24 octombrie, Pre\u0219edintele Uniunii Burundi, Lamec Barishinga, a fost arestat pe c\u00e2nd se afla pe drum spre \u0219edin\u021ba anual\u0103 a Diviziunii Africa Central\u0103 \u0219i de Est din Nairobi, Kenya. Arestarea acestuia reprezint\u0103 ultima dintr-o serie de ac\u021biuni \u00eentreprinse de autorit\u0103\u021bile din Burundi \u00eempotriva Bisericii Adventiste de Ziua a \u0218aptea. \u00cen luna mai, prin intermediul &hellip; Continued","og_url":"https:\/\/adventistoltenia.ro\/site\/biserica-adventista-initiaza-campania-globala-pray4burundi\/","og_site_name":"Conferinta Oltenia","article_published_time":"2019-11-09T01:14:02+00:00","author":"Conferinta Oltenia","twitter_card":"summary_large_image","twitter_misc":{"Written by":"Conferinta Oltenia","Est. reading time":"3 minutes"},"schema":{"@context":"https:\/\/schema.org","@graph":[{"@type":"WebPage","@id":"https:\/\/adventistoltenia.ro\/site\/biserica-adventista-initiaza-campania-globala-pray4burundi\/","url":"https:\/\/adventistoltenia.ro\/site\/biserica-adventista-initiaza-campania-globala-pray4burundi\/","name":"Biserica Adventist\u0103 ini\u021biaz\u0103 campania global\u0103 #Pray4Burundi - Conferinta Oltenia","isPartOf":{"@id":"https:\/\/adventistoltenia.ro\/site\/#website"},"datePublished":"2019-11-09T01:14:02+00:00","dateModified":"2019-11-09T01:14:02+00:00","author":{"@id":"https:\/\/adventistoltenia.ro\/site\/#\/schema\/person\/81972d6ddcec064fcb37a129240ef9d7"},"breadcrumb":{"@id":"https:\/\/adventistoltenia.ro\/site\/biserica-adventista-initiaza-campania-globala-pray4burundi\/#breadcrumb"},"inLanguage":"en-US","potentialAction":[{"@type":"ReadAction","target":["https:\/\/adventistoltenia.ro\/site\/biserica-adventista-initiaza-campania-globala-pray4burundi\/"]}]},{"@type":"BreadcrumbList","@id":"https:\/\/adventistoltenia.ro\/site\/biserica-adventista-initiaza-campania-globala-pray4burundi\/#breadcrumb","itemListElement":[{"@type":"ListItem","position":1,"name":"Home","item":"https:\/\/adventistoltenia.ro\/site\/"},{"@type":"ListItem","position":2,"name":"Biserica Adventist\u0103 ini\u021biaz\u0103 campania global\u0103 #Pray4Burundi"}]},{"@type":"WebSite","@id":"https:\/\/adventistoltenia.ro\/site\/#website","url":"https:\/\/adventistoltenia.ro\/site\/","name":"Conferinta Oltenia","description":"Biserica Adventista de Ziua a Saptea","potentialAction":[{"@type":"SearchAction","target":{"@type":"EntryPoint","urlTemplate":"https:\/\/adventistoltenia.ro\/site\/?s={search_term_string}"},"query-input":"required name=search_term_string"}],"inLanguage":"en-US"},{"@type":"Person","@id":"https:\/\/adventistoltenia.ro\/site\/#\/schema\/person\/81972d6ddcec064fcb37a129240ef9d7","name":"Conferinta Oltenia","image":{"@type":"ImageObject","inLanguage":"en-US","@id":"https:\/\/adventistoltenia.ro\/site\/#\/schema\/person\/image\/","url":"https:\/\/secure.gravatar.com\/avatar\/ebe92ec22e2e53a8eb79d6b52b724e27?s=96&d=mm&r=g","contentUrl":"https:\/\/secure.gravatar.com\/avatar\/ebe92ec22e2e53a8eb79d6b52b724e27?s=96&d=mm&r=g","caption":"Conferinta Oltenia"},"url":"https:\/\/adventistoltenia.ro\/site\/author\/adm1n\/"}]}},"_links":{"self":[{"href":"https:\/\/adventistoltenia.ro\/site\/wp-json\/wp\/v2\/posts\/3038"}],"collection":[{"href":"https:\/\/adventistoltenia.ro\/site\/wp-json\/wp\/v2\/posts"}],"about":[{"href":"https:\/\/adventistoltenia.ro\/site\/wp-json\/wp\/v2\/types\/post"}],"author":[{"embeddable":true,"href":"https:\/\/adventistoltenia.ro\/site\/wp-json\/wp\/v2\/users\/2"}],"replies":[{"embeddable":true,"href":"https:\/\/adventistoltenia.ro\/site\/wp-json\/wp\/v2\/comments?post=3038"}],"version-history":[{"count":0,"href":"https:\/\/adventistoltenia.ro\/site\/wp-json\/wp\/v2\/posts\/3038\/revisions"}],"wp:attachment":[{"href":"https:\/\/adventistoltenia.ro\/site\/wp-json\/wp\/v2\/media?parent=3038"}],"wp:term":[{"taxonomy":"category","embeddable":true,"href":"https:\/\/adventistoltenia.ro\/site\/wp-json\/wp\/v2\/categories?post=3038"},{"taxonomy":"post_tag","embeddable":true,"href":"https:\/\/adventistoltenia.ro\/site\/wp-json\/wp\/v2\/tags?post=3038"}],"curies":[{"name":"wp","href":"https:\/\/api.w.org\/{rel}","templated":true}]}}