{"id":3039,"date":"2019-11-09T01:14:02","date_gmt":"2019-11-09T01:14:02","guid":{"rendered":"http:\/\/adventistoltenia.ro\/site\/speranta-si-dorul-marcheaza-comemorarea-marii-dezamagiri-dupa-175-de-ani\/"},"modified":"2019-11-09T01:14:02","modified_gmt":"2019-11-09T01:14:02","slug":"speranta-si-dorul-marcheaza-comemorarea-marii-dezamagiri-dupa-175-de-ani","status":"publish","type":"post","link":"https:\/\/adventistoltenia.ro\/site\/speranta-si-dorul-marcheaza-comemorarea-marii-dezamagiri-dupa-175-de-ani\/","title":{"rendered":"Speran\u021ba \u0219i dorul marcheaz\u0103 comemorarea \u201eMarii Dezam\u0103giri\u201d, dup\u0103 175 de ani"},"content":{"rendered":"<div>\n<p>O comemorare, nu o s\u0103rb\u0103toare.<\/p>\n<p>Organizatorii au subliniat \u00een repetate r\u00e2nduri diferen\u021ba dintre cele dou\u0103 cuvinte \u00een cadrul ceremoniei care a marcat \u00eemplinirea a 175 de ani de la 22 octombrie 1844. Mai mult de o mie de credincio\u0219i \u0219i conduc\u0103tori adventi\u0219ti au c\u0103l\u0103torit la jum\u0103tatea lunii octombrie \u00een apropiere de Whitehall, \u00een statul american New York, pentru a participa la ea.<\/p>\n<p>Evenimentul din perioada 17-19 octombrie 2019, care a avut loc la ferma \u0219i capela lui William Miller \u0219i \u00een \u00eemprejurimi, a c\u0103utat s\u0103 recreeze c\u00e2t mai fidel aspecte ale experien\u021bei originale. Acesta a avut \u0219i rolul de a-i \u00eencuraja pe adventi\u0219tii contemporani s\u0103 continue r\u0103sp\u00e2ndirea evangheliei a\u0219a cum au f\u0103cut pionierii bisericii, \u00een urm\u0103 cu 175 de ani.<\/p>\n<p>\u201eDe la acea mare dezam\u0103gire, ne \u00eendrept\u0103m acum spre marea trimitere\u201d, a spus Pre\u0219edintele Bisericii Adventiste mondiale Ted Wilson, f\u0103c\u00e2nd ca punctul central sf\u00e2r\u0219itului de s\u0103pt\u0103m\u00e2n\u0103 de aducere aminte s\u0103 fie misiunea. William Miller, fermierul devenit predicator, \u0219i al\u021bii care au studiat profe\u021biile biblice au crezut c\u0103 Isus urma s\u0103 revin\u0103 pe P\u0103m\u00e2nt \u00een data de 22 octombrie 1844. Acea zi \u2013 cunoscut\u0103 \u00een istoria adventist\u0103 ca Marea Dezam\u0103gire, deoarece Isus nu a revenit \u2013 a devenit mai t\u00e2rziu un catalizator pentru biserica din care acum fac parte 21 de milioane de persoane din toat\u0103 lumea. Aceasta i-a impulsionat pe credincio\u0219i s\u0103 duc\u0103 mesajul revenirii lui Isus \u00een toat\u0103 lumea, o misiune care este \u00eenc\u0103 neterminat\u0103, le-a amintit pastorul Wilson celor prezen\u021bi.<\/p>\n<p>\u201eS\u0103 ne amintim c\u0103 niciun membru al acestei biserici nu este prea simplu, prea needucat sau prea umil pentru a fi folosit de Dumnezeu\u201d, le-a spus pastorul Wilson participan\u021bilor. \u201eMisiunea noastr\u0103 este s\u0103 facem to\u021bi ceva pentru Isus\u201d, a ad\u0103ugat acesta.<\/p>\n<p><strong>Nimeni nu c\u00e2nta ca a\u0219tept\u0103torii<\/strong><\/p>\n<p>Cei reuni\u021bi la ferma lui Miller \u00een 17 \u0219i 18 octombrie au c\u00e2ntat \u201eimnuri millerite\u201d, imnurile pe care primul grup de a\u0219tept\u0103tori le-au c\u00e2ntat la \u00eenceputul anilor 1840. Jim Nix, Directorul White Estate (entitatea care administreaz\u0103 patrimoniul lui Ellen White), a povestit cum au fost create unele dintre imnurile adventiste devenite \u201eclasice\u201d.<\/p>\n<p>Nix l-a citat pe pionierul adventist James White care, la sf\u00e2r\u0219itul anilor 1860, a scris c\u0103 \u00een acele timpuri (\u00een jurul anului 1844) \u201enimeni nu c\u00e2nta ca a\u0219tept\u0103torii\u201d. Tot el a subliniat \u0219i faptul c\u0103 pionierii bisericii au f\u0103cut eforturi pentru a se asigura c\u0103 oamenii au c\u00e2ntat la primele reuniuni ale bisericii.<\/p>\n<p>\u201ePrimii credincio\u0219i adventi\u0219ti au insistat at\u00e2t de mult ca oamenii s\u0103 c\u00e2nte imnuri \u00eenc\u00e2t au folosit chiar \u0219i melodii cunoscute ale vremii \u00een cadrul \u00eent\u00e2lnirilor de \u00eenchinare, schimb\u00e2ndu-le versurile\u201d, a explicat Nix. Un astfel de exemplu timpuriu este imnul <em>O Brother, Be Faithful <\/em>(\u00een limba rom\u00e2n\u0103: <em>Stai tare-n credin\u021b\u0103<\/em>), compus pe o melodie popular\u0103 din acele timpuri. Imnul \u00eenc\u0103 se mai c\u00e2nt\u0103 \u00een bisericile adventiste, a spus el.<\/p>\n<p><em>\u00a0<\/em>\u00cen timpul celor trei zile, participan\u021bii vizitat locuri importante \u00een istoria timpurie a a\u0219tept\u0103torilor lui Isus. Printre acestea s-au num\u0103rat c\u00e2teva dintre bisericile cre\u0219tine \u00een care Miller a fost invitat s\u0103 predice la \u00eenceputul anilor 1840 \u0219i cimitirul \u00een care se odihnesc el \u0219i al\u021bi pionieri.<\/p>\n<p><strong>Un Dumnezeu care nu renun\u021b\u0103<\/strong><\/p>\n<p>\u00cen cadrul serviciului divin de vineri seara, pre\u0219edintele Diviziunii Nord-americane Daniel Jackson a recunoscut c\u0103 ne este greu s\u0103 ne imagin\u0103m ceea ce sim\u021beau acei oameni anticip\u00e2nd revenirea lui Isus, \u00eens\u0103 ne este, de asemenea, dificil s\u0103 ne imagin\u0103m dezam\u0103girea lor. Cu toate acestea, a subliniat Jackson, oamenii aduna\u021bi la ferma lui Miller \u00een anul 1844 au fost inclu\u0219i \u00een planul lui Dumnezeu pentru lume.<\/p>\n<p>\u201eCeea ce s-a \u00eent\u00e2mplat aici \u00een urm\u0103 cu 175 de ani a f\u0103cut parte din planul lui Dumnezeu de a duce solia [cu privire la revenirea lui Isus] \u00een toat\u0103 lumea\u201d, a spus Jackson. \u201eDezam\u0103girea nu a fost sf\u00e2r\u0219itul, ci un \u00eenceput. Dumnezeu \u00eei chema [pe primii adventi\u0219ti] s\u0103 continue.\u201d<\/p>\n<p>Pastorul Jackson a explicat c\u0103 aceast\u0103 realitate are la baz\u0103 caracterul lui Dumnezeu. \u201eDumnezeul \u00een care cred nu renun\u021b\u0103; El nu se opre\u0219te\u201d, a spus el. \u201eVoia \u0219i planurile lui Dumnezeu nu ar fi z\u0103d\u0103rnicite de \u00eenfr\u00e2ngeri, ridicularizare sau dezam\u0103giri.\u201d<\/p>\n<p>Este un motiv de speran\u021b\u0103, a subliniat pastorul Jackson.<\/p>\n<p>\u201eDumnezeul nostru nu renun\u021b\u0103 la dumneavoastr\u0103 sau la biseric\u0103\u201d, a spus el. \u201eDumnezeu va continua s\u0103 lucreze prin intermediul bisericii Sale.\u201d<\/p>\n<p>Jackson le-a reamintit, de asemenea, ascult\u0103torilor c\u0103 de\u0219i lucrarea timpurie a credincio\u0219ilor adventi\u0219ti a fost at\u00e2t robust\u0103 c\u00e2t \u0219i fragil\u0103, Dumnezeu a continuat s\u0103 le poarte de grij\u0103 deoarece avea un plan, iar noi, \u00een credincio\u0219ii din zilele noastre, facem \u0219i noi parte din panul S\u0103u.<\/p>\n<p>\u201eAcum, Dumnezeu ne trimite Duhul Sf\u00e2nt \u0219i ne face ambasadorii S\u0103i\u201d, a spus Jackson. \u201eAdev\u0103rul este c\u0103 Isus revine \u00een cur\u00e2nd, iar acesta este motivul pentru care vrea ambasadori, nu oameni care s\u0103 \u00eenc\u0103lzeasc\u0103 scaunele \u00een biseric\u0103\u201d, a ad\u0103ugat el. \u201eEste planul lui Dumnezeu ca biserica Sa de acum s\u0103 se ridice\u201d, a spus pastorul Jackson.<\/p>\n<p><strong>C\u00e2nd Dumnezeu dezam\u0103ge\u0219te<\/strong><\/p>\n<p>\u00cen mesajul s\u0103u de s\u00e2mb\u0103t\u0103 diminea\u021ba, directorul adjunct al White Estate Dwain Esmond a vorbit despre primii adventi\u0219ti \u0219i dorin\u021ba lor de a vedea \u00eemp\u0103r\u0103\u021bia lui Dumnezeu. Dup\u0103 ce a prezentat pe scurt starea actual\u0103 a lumii, Esmond a spus: \u201eDoar un nebun nu \u0219i-ar dori \u00eemp\u0103r\u0103\u021bia care va veni!\u201d<\/p>\n<p>Esmond a spus c\u0103 Miller \u0219i-a dorit revenirea lui Isus deoarece \u0219tia c\u0103 \u00eemp\u0103r\u0103\u021bia lui Dumnezeu este etern\u0103. \u201eEste f\u0103g\u0103duin\u021ba care ne-a fost f\u0103cut\u0103\u201d, a spus Esmond. \u201ePrin harul lui Dumnezeu vom p\u0103r\u0103si P\u0103m\u00e2ntul, iar Dumnezeu va face toate lucrurile noi.\u201d<\/p>\n<p>Vorbind despre experien\u021ba celor dezam\u0103gi\u021bi, Esmond a spus c\u0103, asemenea lor, nici noi nu vom ajunge vreodat\u0103 \u00eentr-o situa\u021bie pentru care Dumnezeu s\u0103 nu aib\u0103 un plan.<\/p>\n<p>\u201eAminti\u021bi-v\u0103 c\u0103 atunci c\u00e2nd Dumnezeu dezam\u0103ge\u0219te, o face \u00eentotdeauna pentru a realiza ceva mai m\u0103re\u021b\u201d, a subliniat Esmond.<\/p>\n<p>Dup\u0103 ce a dat c\u00e2teva exemple de personaje biblice care au fost dezam\u0103gite iar \u00een cele din urm\u0103 au primit ceva mai bun \u2013Moise, David, Maria \u0219i Marta sunt doar c\u00e2teva exemple \u2013 Esmond s-a \u00eendreptat spre experien\u021bele din jurul dezam\u0103girii din 1844. El s-a concentrat \u00een mod deosebit asupra experien\u021bei lui Hiram Edson, unul dintre primii credincio\u0219i, care a \u00een\u021beles primul semnifica\u021bia teologic\u0103 a ceea ce se \u00eent\u00e2mplase \u00een 22 octombrie 1844.<\/p>\n<p>Potrivit relat\u0103rilor p\u0103strate de istoricii adventi\u0219ti, \u00een ziua de 23 octombrie, \u00een timp ce Edson traversa un lan de porumb pentru a vizita c\u00e2\u021biva credincio\u0219i care trecuser\u0103 prin dezam\u0103gire, acesta a \u00een\u021beles c\u0103 acea \u201ecur\u0103\u021bare a sanctuarului\u201d la care se f\u0103cea referire \u00een cartea lui Daniel era, \u00eentr-adev\u0103r, un eveniment care \u00eencepea \u00een data de 22 octombrie, \u00eens\u0103 nu se referea la P\u0103m\u00e2ntul acesta, ci la Cer \u0219i la lucrarea de mijlocire a lui Isus de acolo.<\/p>\n<p>Aceast\u0103 \u00een\u021belegere a schimbat perspectiva pionierilor, a spus Esmond, \u0219i ar trebui s\u0103 schimbe \u0219i perspectiva noastr\u0103.<\/p>\n<p>\u201ePionierii nu erau oameni educa\u021bi, boga\u021bi, sau cu mijloace de comunicare, \u00eens\u0103 Dumnezeu i-a folosit pentru c\u0103 erau credincio\u0219i\u201d, a spus el. \u201eDac\u0103 ar fi fost aici \u0219i ar fi v\u0103zut c\u00e2teva dintre lucrurile cu privire la care ne \u00eengrijor\u0103m, probabil ne-ar spune: \u00abCe problem\u0103 ave\u021bi?!\u00bb\u201d, a subliniat Esmond. \u201eAminti\u021bi-v\u0103 c\u0103 din acea dezam\u0103gire a luat na\u0219tere \u00eens\u0103rcinarea de a termina lucrarea.\u201d<\/p>\n<p><strong>Dincolo de dezam\u0103gire<\/strong><\/p>\n<p>S\u00e2mb\u0103t\u0103 dup\u0103-amiaz\u0103, Bill Knott, directorul revistelor <em>Adventist Review \u0219i Adventist World<\/em> \u0219i specialist \u00een istoria bisericii, a vorbit despre cum a fost pentru cei care au trecut prin dezam\u0103girea din 22 octombrie, iar \u00een mod deosebit despre cum au fost zilele \u0219i s\u0103pt\u0103m\u00e2nile care au urmat. Cei care nu au renun\u021bat la credin\u021b\u0103 \u0219i cei care nu s-au \u00eentors \u00een bisericile din care proveneau erau ridiculiza\u021bi, a povestit el.<\/p>\n<p>Pentru Wilson, care a \u00eencheiat ceremonia de aducere-aminte dup\u0103 scurta prezentare a lui Knott, situa\u021bia disperat\u0103 a primilor credincio\u0219i anticipeaz\u0103 experien\u021ba credincio\u0219ilor adventi\u0219ti de la sf\u00e2r\u0219itul timpului.<\/p>\n<p>\u201eCei care doresc s\u0103 r\u0103m\u00e2n\u0103 credincio\u0219i Cuv\u00e2ntului lui Dumnezeu vor fi, de asemenea, ridiculiza\u021bi \u0219i lua\u021bi \u00een der\u00e2dere\u201d, a spus pastorul Wilson. \u201e\u00cens\u0103 nu avem de ce s\u0103 ne temem; Dumnezeu va fi cu noi p\u00e2n\u0103 la cap\u0103t.\u201d \u00cen acest context, at\u00e2t Ted Wilson, c\u00e2t \u0219i al\u021bi vorbitori, au subliniat faptul c\u0103 biserica din zilele noastre ar trebui s\u0103 fie la fel de tenace \u0219i de perseverent\u0103 ca acei pionieri.<\/p>\n<p>Esmond a spus c\u0103 este important ca adventi\u0219tii de azi s\u0103 \u00ee\u0219i aminteasc\u0103 faptul c\u0103 nu este important ce \u0219tim, ci ce facem cu ceea ce \u0219tim.<\/p>\n<p>\u201ePionierii no\u0219tri ne-au dat adev\u0103rul, \u00eens\u0103 nu ne-au putut da \u0219i credincio\u0219ia lor\u201d, a spus Esmond. \u201eAst\u0103zi, Dumnezeu conteaz\u0103 pe dumneavoastr\u0103 \u0219i pe mine. El ne invit\u0103 s\u0103 facem parte dintre cei care vor transmite lumii ultimul avertisment \u00eenaintea revenirii Sale.\u201d<\/p>\n<p>Esmond a repetat apelul adresat credincio\u0219ilor \u0219i conduc\u0103torilor adventi\u0219ti de a-\u0219i aminti c\u0103 atunci c\u00e2nd Dumnezeu dezam\u0103ge\u0219te o face \u00eentotdeauna av\u00e2nd \u00een vedere ceva mai m\u0103re\u021b. \u00centrebarea este, a spus el, care va fi rolul nostru.<\/p>\n<p>\u201eVe\u021bi fi acel lucru m\u0103re\u021b care a urmat dezam\u0103girii?\u201d a \u00eentrebat el.<\/p>\n<p><a href=\"https:\/\/www.adventist.ro\/index\/speranta-si-dorul-marcheaza-comemorarea-marii-dezamagiri-dupa-175-de-ani\/d10\/\"><img decoding=\"async\" loading=\"lazy\" width=\"150\" height=\"150\" src=\"http:\/\/adventistoltenia.ro\/site\/wp-content\/uploads\/2019\/11\/d10-150x150.jpg\" class=\"attachment-thumbnail size-thumbnail\" alt=\"\" srcset=\"http:\/\/adventistoltenia.ro\/site\/wp-content\/uploads\/2019\/11\/d10-150x150.jpg 150w, https:\/\/www.adventist.ro\/index\/wp-content\/uploads\/2019\/11\/d10-250x250.jpg 250w, https:\/\/www.adventist.ro\/index\/wp-content\/uploads\/2019\/11\/d10-400x400.jpg 400w, https:\/\/www.adventist.ro\/index\/wp-content\/uploads\/2019\/11\/d10-96x96.jpg 96w\" sizes=\"(max-width: 150px) 100vw, 150px\"><\/a><br \/>\n<a href=\"https:\/\/www.adventist.ro\/index\/speranta-si-dorul-marcheaza-comemorarea-marii-dezamagiri-dupa-175-de-ani\/d01\/\"><img decoding=\"async\" loading=\"lazy\" width=\"150\" height=\"150\" src=\"http:\/\/adventistoltenia.ro\/site\/wp-content\/uploads\/2019\/11\/d01-150x150.jpeg\" class=\"attachment-thumbnail size-thumbnail\" alt=\"\" srcset=\"http:\/\/adventistoltenia.ro\/site\/wp-content\/uploads\/2019\/11\/d01-150x150.jpeg 150w, https:\/\/www.adventist.ro\/index\/wp-content\/uploads\/2019\/11\/d01-250x250.jpeg 250w, https:\/\/www.adventist.ro\/index\/wp-content\/uploads\/2019\/11\/d01-400x400.jpeg 400w, https:\/\/www.adventist.ro\/index\/wp-content\/uploads\/2019\/11\/d01-96x96.jpeg 96w\" sizes=\"(max-width: 150px) 100vw, 150px\"><\/a><br \/>\n<a href=\"https:\/\/www.adventist.ro\/index\/speranta-si-dorul-marcheaza-comemorarea-marii-dezamagiri-dupa-175-de-ani\/d02\/\"><img decoding=\"async\" loading=\"lazy\" width=\"150\" height=\"150\" src=\"http:\/\/adventistoltenia.ro\/site\/wp-content\/uploads\/2019\/11\/d02-150x150.jpg\" class=\"attachment-thumbnail size-thumbnail\" alt=\"\" srcset=\"http:\/\/adventistoltenia.ro\/site\/wp-content\/uploads\/2019\/11\/d02-150x150.jpg 150w, https:\/\/www.adventist.ro\/index\/wp-content\/uploads\/2019\/11\/d02-250x250.jpg 250w, https:\/\/www.adventist.ro\/index\/wp-content\/uploads\/2019\/11\/d02-400x400.jpg 400w, https:\/\/www.adventist.ro\/index\/wp-content\/uploads\/2019\/11\/d02-96x96.jpg 96w\" sizes=\"(max-width: 150px) 100vw, 150px\"><\/a><br \/>\n<a href=\"https:\/\/www.adventist.ro\/index\/speranta-si-dorul-marcheaza-comemorarea-marii-dezamagiri-dupa-175-de-ani\/d03\/\"><img decoding=\"async\" loading=\"lazy\" width=\"150\" height=\"150\" src=\"http:\/\/adventistoltenia.ro\/site\/wp-content\/uploads\/2019\/11\/d03-150x150.jpg\" class=\"attachment-thumbnail size-thumbnail\" alt=\"\" srcset=\"http:\/\/adventistoltenia.ro\/site\/wp-content\/uploads\/2019\/11\/d03-150x150.jpg 150w, https:\/\/www.adventist.ro\/index\/wp-content\/uploads\/2019\/11\/d03-250x250.jpg 250w, https:\/\/www.adventist.ro\/index\/wp-content\/uploads\/2019\/11\/d03-400x400.jpg 400w, https:\/\/www.adventist.ro\/index\/wp-content\/uploads\/2019\/11\/d03-96x96.jpg 96w\" sizes=\"(max-width: 150px) 100vw, 150px\"><\/a><br \/>\n<a href=\"https:\/\/www.adventist.ro\/index\/speranta-si-dorul-marcheaza-comemorarea-marii-dezamagiri-dupa-175-de-ani\/d04\/\"><img decoding=\"async\" loading=\"lazy\" width=\"150\" height=\"150\" src=\"http:\/\/adventistoltenia.ro\/site\/wp-content\/uploads\/2019\/11\/d04-150x150.jpg\" class=\"attachment-thumbnail size-thumbnail\" alt=\"\" srcset=\"http:\/\/adventistoltenia.ro\/site\/wp-content\/uploads\/2019\/11\/d04-150x150.jpg 150w, https:\/\/www.adventist.ro\/index\/wp-content\/uploads\/2019\/11\/d04-250x250.jpg 250w, https:\/\/www.adventist.ro\/index\/wp-content\/uploads\/2019\/11\/d04-400x400.jpg 400w, https:\/\/www.adventist.ro\/index\/wp-content\/uploads\/2019\/11\/d04-96x96.jpg 96w\" sizes=\"(max-width: 150px) 100vw, 150px\"><\/a><br \/>\n<a href=\"https:\/\/www.adventist.ro\/index\/speranta-si-dorul-marcheaza-comemorarea-marii-dezamagiri-dupa-175-de-ani\/d05\/\"><img decoding=\"async\" loading=\"lazy\" width=\"150\" height=\"150\" src=\"http:\/\/adventistoltenia.ro\/site\/wp-content\/uploads\/2019\/11\/d05-150x150.jpg\" class=\"attachment-thumbnail size-thumbnail\" alt=\"\" srcset=\"http:\/\/adventistoltenia.ro\/site\/wp-content\/uploads\/2019\/11\/d05-150x150.jpg 150w, https:\/\/www.adventist.ro\/index\/wp-content\/uploads\/2019\/11\/d05-250x250.jpg 250w, https:\/\/www.adventist.ro\/index\/wp-content\/uploads\/2019\/11\/d05-400x400.jpg 400w, https:\/\/www.adventist.ro\/index\/wp-content\/uploads\/2019\/11\/d05-96x96.jpg 96w\" sizes=\"(max-width: 150px) 100vw, 150px\"><\/a><br \/>\n<a href=\"https:\/\/www.adventist.ro\/index\/speranta-si-dorul-marcheaza-comemorarea-marii-dezamagiri-dupa-175-de-ani\/d06\/\"><img decoding=\"async\" loading=\"lazy\" width=\"150\" height=\"150\" src=\"http:\/\/adventistoltenia.ro\/site\/wp-content\/uploads\/2019\/11\/d06-150x150.jpg\" class=\"attachment-thumbnail size-thumbnail\" alt=\"\" srcset=\"http:\/\/adventistoltenia.ro\/site\/wp-content\/uploads\/2019\/11\/d06-150x150.jpg 150w, https:\/\/www.adventist.ro\/index\/wp-content\/uploads\/2019\/11\/d06-250x250.jpg 250w, https:\/\/www.adventist.ro\/index\/wp-content\/uploads\/2019\/11\/d06-400x400.jpg 400w, https:\/\/www.adventist.ro\/index\/wp-content\/uploads\/2019\/11\/d06-700x700.jpg 700w, https:\/\/www.adventist.ro\/index\/wp-content\/uploads\/2019\/11\/d06-96x96.jpg 96w\" sizes=\"(max-width: 150px) 100vw, 150px\"><\/a><br \/>\n<a href=\"https:\/\/www.adventist.ro\/index\/speranta-si-dorul-marcheaza-comemorarea-marii-dezamagiri-dupa-175-de-ani\/d07\/\"><img decoding=\"async\" loading=\"lazy\" width=\"150\" height=\"150\" src=\"http:\/\/adventistoltenia.ro\/site\/wp-content\/uploads\/2019\/11\/d07-150x150.jpg\" class=\"attachment-thumbnail size-thumbnail\" alt=\"\" srcset=\"http:\/\/adventistoltenia.ro\/site\/wp-content\/uploads\/2019\/11\/d07-150x150.jpg 150w, https:\/\/www.adventist.ro\/index\/wp-content\/uploads\/2019\/11\/d07-250x250.jpg 250w, https:\/\/www.adventist.ro\/index\/wp-content\/uploads\/2019\/11\/d07-400x400.jpg 400w, https:\/\/www.adventist.ro\/index\/wp-content\/uploads\/2019\/11\/d07-700x700.jpg 700w, https:\/\/www.adventist.ro\/index\/wp-content\/uploads\/2019\/11\/d07-96x96.jpg 96w\" sizes=\"(max-width: 150px) 100vw, 150px\"><\/a><br \/>\n<a href=\"https:\/\/www.adventist.ro\/index\/speranta-si-dorul-marcheaza-comemorarea-marii-dezamagiri-dupa-175-de-ani\/d08\/\"><img decoding=\"async\" loading=\"lazy\" width=\"150\" height=\"150\" src=\"http:\/\/adventistoltenia.ro\/site\/wp-content\/uploads\/2019\/11\/d08-150x150.jpg\" class=\"attachment-thumbnail size-thumbnail\" alt=\"\" srcset=\"http:\/\/adventistoltenia.ro\/site\/wp-content\/uploads\/2019\/11\/d08-150x150.jpg 150w, https:\/\/www.adventist.ro\/index\/wp-content\/uploads\/2019\/11\/d08-250x250.jpg 250w, https:\/\/www.adventist.ro\/index\/wp-content\/uploads\/2019\/11\/d08-400x400.jpg 400w, https:\/\/www.adventist.ro\/index\/wp-content\/uploads\/2019\/11\/d08-700x700.jpg 700w, https:\/\/www.adventist.ro\/index\/wp-content\/uploads\/2019\/11\/d08-96x96.jpg 96w\" sizes=\"(max-width: 150px) 100vw, 150px\"><\/a><br \/>\n<a href=\"https:\/\/www.adventist.ro\/index\/speranta-si-dorul-marcheaza-comemorarea-marii-dezamagiri-dupa-175-de-ani\/d09\/\"><img decoding=\"async\" loading=\"lazy\" width=\"150\" height=\"150\" src=\"http:\/\/adventistoltenia.ro\/site\/wp-content\/uploads\/2019\/11\/d09-150x150.jpg\" class=\"attachment-thumbnail size-thumbnail\" alt=\"\" srcset=\"http:\/\/adventistoltenia.ro\/site\/wp-content\/uploads\/2019\/11\/d09-150x150.jpg 150w, https:\/\/www.adventist.ro\/index\/wp-content\/uploads\/2019\/11\/d09-250x250.jpg 250w, https:\/\/www.adventist.ro\/index\/wp-content\/uploads\/2019\/11\/d09-400x400.jpg 400w, https:\/\/www.adventist.ro\/index\/wp-content\/uploads\/2019\/11\/d09-96x96.jpg 96w\" sizes=\"(max-width: 150px) 100vw, 150px\"><\/a><\/p>\n<p>Sursa: <a href=\"https:\/\/www.adventistreview.org\/church-news\/story14196-hope-and-longing-mark-remembrance-of-the-great-disappointment-after-175-years\" target=\"_blank\" rel=\"noopener noreferrer\">Biserica Adventist\u0103 mondial\u0103\/ Adventist Review<\/a><\/p>\n<\/div>\n<p class=\"wpematico_credit\"><small>Powered by <a href=\"http:\/\/www.wpematico.com\" target=\"_blank\" rel=\"noopener noreferrer\">WPeMatico<\/a><\/small><\/p>\n ","protected":false},"excerpt":{"rendered":"<p>O comemorare, nu o s\u0103rb\u0103toare. Organizatorii au subliniat \u00een repetate r\u00e2nduri diferen\u021ba dintre cele dou\u0103 cuvinte \u00een cadrul ceremoniei care a marcat \u00eemplinirea a 175 de ani de la 22 octombrie 1844. Mai mult de o mie de credincio\u0219i \u0219i conduc\u0103tori adventi\u0219ti au c\u0103l\u0103torit la jum\u0103tatea lunii octombrie \u00een apropiere de Whitehall, \u00een statul american &hellip; <a href=\"https:\/\/adventistoltenia.ro\/site\/speranta-si-dorul-marcheaza-comemorarea-marii-dezamagiri-dupa-175-de-ani\/\">Continued<\/a><\/p>\n","protected":false},"author":2,"featured_media":3040,"comment_status":"open","ping_status":"closed","sticky":false,"template":"","format":"standard","meta":[],"categories":[71],"tags":[],"yoast_head":"<!-- This site is optimized with the Yoast SEO plugin v20.3 - https:\/\/yoast.com\/wordpress\/plugins\/seo\/ -->\n<title>Speran\u021ba \u0219i dorul marcheaz\u0103 comemorarea \u201eMarii Dezam\u0103giri\u201d, dup\u0103 175 de ani - Conferinta Oltenia<\/title>\n<meta name=\"robots\" content=\"index, follow, max-snippet:-1, max-image-preview:large, max-video-preview:-1\" \/>\n<link rel=\"canonical\" href=\"https:\/\/adventistoltenia.ro\/site\/speranta-si-dorul-marcheaza-comemorarea-marii-dezamagiri-dupa-175-de-ani\/\" \/>\n<meta property=\"og:locale\" content=\"en_US\" \/>\n<meta property=\"og:type\" content=\"article\" \/>\n<meta property=\"og:title\" content=\"Speran\u021ba \u0219i dorul marcheaz\u0103 comemorarea \u201eMarii Dezam\u0103giri\u201d, dup\u0103 175 de ani - Conferinta Oltenia\" \/>\n<meta property=\"og:description\" content=\"O comemorare, nu o s\u0103rb\u0103toare. Organizatorii au subliniat \u00een repetate r\u00e2nduri diferen\u021ba dintre cele dou\u0103 cuvinte \u00een cadrul ceremoniei care a marcat \u00eemplinirea a 175 de ani de la 22 octombrie 1844. Mai mult de o mie de credincio\u0219i \u0219i conduc\u0103tori adventi\u0219ti au c\u0103l\u0103torit la jum\u0103tatea lunii octombrie \u00een apropiere de Whitehall, \u00een statul american &hellip; Continued\" \/>\n<meta property=\"og:url\" content=\"https:\/\/adventistoltenia.ro\/site\/speranta-si-dorul-marcheaza-comemorarea-marii-dezamagiri-dupa-175-de-ani\/\" \/>\n<meta property=\"og:site_name\" content=\"Conferinta Oltenia\" \/>\n<meta property=\"article:published_time\" content=\"2019-11-09T01:14:02+00:00\" \/>\n<meta property=\"og:image\" content=\"https:\/\/adventistoltenia.ro\/site\/wp-content\/uploads\/2019\/11\/d10-150x150.jpg\" \/>\n\t<meta property=\"og:image:width\" content=\"150\" \/>\n\t<meta property=\"og:image:height\" content=\"150\" \/>\n\t<meta property=\"og:image:type\" content=\"image\/jpeg\" \/>\n<meta name=\"author\" content=\"Conferinta Oltenia\" \/>\n<meta name=\"twitter:card\" content=\"summary_large_image\" \/>\n<meta name=\"twitter:label1\" content=\"Written by\" \/>\n\t<meta name=\"twitter:data1\" content=\"Conferinta Oltenia\" \/>\n\t<meta name=\"twitter:label2\" content=\"Est. reading time\" \/>\n\t<meta name=\"twitter:data2\" content=\"8 minutes\" \/>\n<script type=\"application\/ld+json\" class=\"yoast-schema-graph\">{\"@context\":\"https:\/\/schema.org\",\"@graph\":[{\"@type\":\"WebPage\",\"@id\":\"https:\/\/adventistoltenia.ro\/site\/speranta-si-dorul-marcheaza-comemorarea-marii-dezamagiri-dupa-175-de-ani\/\",\"url\":\"https:\/\/adventistoltenia.ro\/site\/speranta-si-dorul-marcheaza-comemorarea-marii-dezamagiri-dupa-175-de-ani\/\",\"name\":\"Speran\u021ba \u0219i dorul marcheaz\u0103 comemorarea \u201eMarii Dezam\u0103giri\u201d, dup\u0103 175 de ani - Conferinta Oltenia\",\"isPartOf\":{\"@id\":\"https:\/\/adventistoltenia.ro\/site\/#website\"},\"datePublished\":\"2019-11-09T01:14:02+00:00\",\"dateModified\":\"2019-11-09T01:14:02+00:00\",\"author\":{\"@id\":\"https:\/\/adventistoltenia.ro\/site\/#\/schema\/person\/81972d6ddcec064fcb37a129240ef9d7\"},\"breadcrumb\":{\"@id\":\"https:\/\/adventistoltenia.ro\/site\/speranta-si-dorul-marcheaza-comemorarea-marii-dezamagiri-dupa-175-de-ani\/#breadcrumb\"},\"inLanguage\":\"en-US\",\"potentialAction\":[{\"@type\":\"ReadAction\",\"target\":[\"https:\/\/adventistoltenia.ro\/site\/speranta-si-dorul-marcheaza-comemorarea-marii-dezamagiri-dupa-175-de-ani\/\"]}]},{\"@type\":\"BreadcrumbList\",\"@id\":\"https:\/\/adventistoltenia.ro\/site\/speranta-si-dorul-marcheaza-comemorarea-marii-dezamagiri-dupa-175-de-ani\/#breadcrumb\",\"itemListElement\":[{\"@type\":\"ListItem\",\"position\":1,\"name\":\"Home\",\"item\":\"https:\/\/adventistoltenia.ro\/site\/\"},{\"@type\":\"ListItem\",\"position\":2,\"name\":\"Speran\u021ba \u0219i dorul marcheaz\u0103 comemorarea \u201eMarii Dezam\u0103giri\u201d, dup\u0103 175 de ani\"}]},{\"@type\":\"WebSite\",\"@id\":\"https:\/\/adventistoltenia.ro\/site\/#website\",\"url\":\"https:\/\/adventistoltenia.ro\/site\/\",\"name\":\"Conferinta Oltenia\",\"description\":\"Biserica Adventista de Ziua a Saptea\",\"potentialAction\":[{\"@type\":\"SearchAction\",\"target\":{\"@type\":\"EntryPoint\",\"urlTemplate\":\"https:\/\/adventistoltenia.ro\/site\/?s={search_term_string}\"},\"query-input\":\"required name=search_term_string\"}],\"inLanguage\":\"en-US\"},{\"@type\":\"Person\",\"@id\":\"https:\/\/adventistoltenia.ro\/site\/#\/schema\/person\/81972d6ddcec064fcb37a129240ef9d7\",\"name\":\"Conferinta Oltenia\",\"image\":{\"@type\":\"ImageObject\",\"inLanguage\":\"en-US\",\"@id\":\"https:\/\/adventistoltenia.ro\/site\/#\/schema\/person\/image\/\",\"url\":\"https:\/\/secure.gravatar.com\/avatar\/ebe92ec22e2e53a8eb79d6b52b724e27?s=96&d=mm&r=g\",\"contentUrl\":\"https:\/\/secure.gravatar.com\/avatar\/ebe92ec22e2e53a8eb79d6b52b724e27?s=96&d=mm&r=g\",\"caption\":\"Conferinta Oltenia\"},\"url\":\"https:\/\/adventistoltenia.ro\/site\/author\/adm1n\/\"}]}<\/script>\n<!-- \/ Yoast SEO plugin. -->","yoast_head_json":{"title":"Speran\u021ba \u0219i dorul marcheaz\u0103 comemorarea \u201eMarii Dezam\u0103giri\u201d, dup\u0103 175 de ani - Conferinta Oltenia","robots":{"index":"index","follow":"follow","max-snippet":"max-snippet:-1","max-image-preview":"max-image-preview:large","max-video-preview":"max-video-preview:-1"},"canonical":"https:\/\/adventistoltenia.ro\/site\/speranta-si-dorul-marcheaza-comemorarea-marii-dezamagiri-dupa-175-de-ani\/","og_locale":"en_US","og_type":"article","og_title":"Speran\u021ba \u0219i dorul marcheaz\u0103 comemorarea \u201eMarii Dezam\u0103giri\u201d, dup\u0103 175 de ani - Conferinta Oltenia","og_description":"O comemorare, nu o s\u0103rb\u0103toare. Organizatorii au subliniat \u00een repetate r\u00e2nduri diferen\u021ba dintre cele dou\u0103 cuvinte \u00een cadrul ceremoniei care a marcat \u00eemplinirea a 175 de ani de la 22 octombrie 1844. Mai mult de o mie de credincio\u0219i \u0219i conduc\u0103tori adventi\u0219ti au c\u0103l\u0103torit la jum\u0103tatea lunii octombrie \u00een apropiere de Whitehall, \u00een statul american &hellip; Continued","og_url":"https:\/\/adventistoltenia.ro\/site\/speranta-si-dorul-marcheaza-comemorarea-marii-dezamagiri-dupa-175-de-ani\/","og_site_name":"Conferinta Oltenia","article_published_time":"2019-11-09T01:14:02+00:00","og_image":[{"width":150,"height":150,"url":"https:\/\/adventistoltenia.ro\/site\/wp-content\/uploads\/2019\/11\/d10-150x150.jpg","type":"image\/jpeg"}],"author":"Conferinta Oltenia","twitter_card":"summary_large_image","twitter_misc":{"Written by":"Conferinta Oltenia","Est. reading time":"8 minutes"},"schema":{"@context":"https:\/\/schema.org","@graph":[{"@type":"WebPage","@id":"https:\/\/adventistoltenia.ro\/site\/speranta-si-dorul-marcheaza-comemorarea-marii-dezamagiri-dupa-175-de-ani\/","url":"https:\/\/adventistoltenia.ro\/site\/speranta-si-dorul-marcheaza-comemorarea-marii-dezamagiri-dupa-175-de-ani\/","name":"Speran\u021ba \u0219i dorul marcheaz\u0103 comemorarea \u201eMarii Dezam\u0103giri\u201d, dup\u0103 175 de ani - Conferinta Oltenia","isPartOf":{"@id":"https:\/\/adventistoltenia.ro\/site\/#website"},"datePublished":"2019-11-09T01:14:02+00:00","dateModified":"2019-11-09T01:14:02+00:00","author":{"@id":"https:\/\/adventistoltenia.ro\/site\/#\/schema\/person\/81972d6ddcec064fcb37a129240ef9d7"},"breadcrumb":{"@id":"https:\/\/adventistoltenia.ro\/site\/speranta-si-dorul-marcheaza-comemorarea-marii-dezamagiri-dupa-175-de-ani\/#breadcrumb"},"inLanguage":"en-US","potentialAction":[{"@type":"ReadAction","target":["https:\/\/adventistoltenia.ro\/site\/speranta-si-dorul-marcheaza-comemorarea-marii-dezamagiri-dupa-175-de-ani\/"]}]},{"@type":"BreadcrumbList","@id":"https:\/\/adventistoltenia.ro\/site\/speranta-si-dorul-marcheaza-comemorarea-marii-dezamagiri-dupa-175-de-ani\/#breadcrumb","itemListElement":[{"@type":"ListItem","position":1,"name":"Home","item":"https:\/\/adventistoltenia.ro\/site\/"},{"@type":"ListItem","position":2,"name":"Speran\u021ba \u0219i dorul marcheaz\u0103 comemorarea \u201eMarii Dezam\u0103giri\u201d, dup\u0103 175 de ani"}]},{"@type":"WebSite","@id":"https:\/\/adventistoltenia.ro\/site\/#website","url":"https:\/\/adventistoltenia.ro\/site\/","name":"Conferinta Oltenia","description":"Biserica Adventista de Ziua a Saptea","potentialAction":[{"@type":"SearchAction","target":{"@type":"EntryPoint","urlTemplate":"https:\/\/adventistoltenia.ro\/site\/?s={search_term_string}"},"query-input":"required name=search_term_string"}],"inLanguage":"en-US"},{"@type":"Person","@id":"https:\/\/adventistoltenia.ro\/site\/#\/schema\/person\/81972d6ddcec064fcb37a129240ef9d7","name":"Conferinta Oltenia","image":{"@type":"ImageObject","inLanguage":"en-US","@id":"https:\/\/adventistoltenia.ro\/site\/#\/schema\/person\/image\/","url":"https:\/\/secure.gravatar.com\/avatar\/ebe92ec22e2e53a8eb79d6b52b724e27?s=96&d=mm&r=g","contentUrl":"https:\/\/secure.gravatar.com\/avatar\/ebe92ec22e2e53a8eb79d6b52b724e27?s=96&d=mm&r=g","caption":"Conferinta Oltenia"},"url":"https:\/\/adventistoltenia.ro\/site\/author\/adm1n\/"}]}},"_links":{"self":[{"href":"https:\/\/adventistoltenia.ro\/site\/wp-json\/wp\/v2\/posts\/3039"}],"collection":[{"href":"https:\/\/adventistoltenia.ro\/site\/wp-json\/wp\/v2\/posts"}],"about":[{"href":"https:\/\/adventistoltenia.ro\/site\/wp-json\/wp\/v2\/types\/post"}],"author":[{"embeddable":true,"href":"https:\/\/adventistoltenia.ro\/site\/wp-json\/wp\/v2\/users\/2"}],"replies":[{"embeddable":true,"href":"https:\/\/adventistoltenia.ro\/site\/wp-json\/wp\/v2\/comments?post=3039"}],"version-history":[{"count":0,"href":"https:\/\/adventistoltenia.ro\/site\/wp-json\/wp\/v2\/posts\/3039\/revisions"}],"wp:featuredmedia":[{"embeddable":true,"href":"https:\/\/adventistoltenia.ro\/site\/wp-json\/wp\/v2\/media\/3040"}],"wp:attachment":[{"href":"https:\/\/adventistoltenia.ro\/site\/wp-json\/wp\/v2\/media?parent=3039"}],"wp:term":[{"taxonomy":"category","embeddable":true,"href":"https:\/\/adventistoltenia.ro\/site\/wp-json\/wp\/v2\/categories?post=3039"},{"taxonomy":"post_tag","embeddable":true,"href":"https:\/\/adventistoltenia.ro\/site\/wp-json\/wp\/v2\/tags?post=3039"}],"curies":[{"name":"wp","href":"https:\/\/api.w.org\/{rel}","templated":true}]}}