{"id":3050,"date":"2019-11-11T01:12:36","date_gmt":"2019-11-11T01:12:36","guid":{"rendered":"http:\/\/adventistoltenia.ro\/site\/sugestii-de-lectura-tratat-de-istorie-a-religiilor\/"},"modified":"2019-11-11T01:12:36","modified_gmt":"2019-11-11T01:12:36","slug":"sugestii-de-lectura-tratat-de-istorie-a-religiilor","status":"publish","type":"post","link":"https:\/\/adventistoltenia.ro\/site\/sugestii-de-lectura-tratat-de-istorie-a-religiilor\/","title":{"rendered":"Sugestii de lectur\u0103 \u2013 Tratat de istorie a religiilor"},"content":{"rendered":"<div>\n<p>Istoria religiilor este un studiu fascinant fiindc\u0103 reflect\u0103 \u00eentr-un mod foarte relevant dou\u0103 tipuri de g\u00e2ndiri care str\u0103bat veacurile\u2026<\/p>\n<p>TRATAT DE ISTORIE A RELIGIILOR, de Mircea Eliade, Edi\u021bia a VI-a, Editura Humanitas, 2017\u2026<\/p>\n<p>\u00cen mod normal Mircea Eliade n-ar avea nevoie de nici o prezentare, dar, av\u00e2nd \u00een vedere modul ciudat \u00een care noi rom\u00e2nii ne trat\u0103m valorile, spun c\u00e2teva vorbe totu\u0219i\u2026<\/p>\n<p><strong>Mircea Eliade<\/strong> (n. 9 martie1907, Bucure\u0219ti, \u00a0\u2013 d. 22 aprilie 1986, Chicago, SUA) a fost istoric al religiilor, scriitor de fic\u021biune, filosof \u0219i profesor rom\u00e2n la <em>Universitatea din Chicago<\/em>, din 1957, titular al <em>catedrei de istoria religiilor Sewell L. Avery<\/em> din 1962, naturalizat cet\u0103\u021bean american \u00een 1966, onorat cu titlul de <em>Distinguished Service Professor<\/em>. Autor a 30 de volume \u0219tiin\u021bifice, opere literare \u0219i eseuri filozofice traduse \u00een 18 limbi \u0219i a circa 1200 de articole \u0219i recenzii cu o tematic\u0103 variat\u0103. Opera complet\u0103 a lui Mircea Eliade ar ocupa peste 80 de volume, f\u0103r\u0103 a lua \u00een calcul jurnalele sale intime \u0219i manuscrisele inedite. Este membru post-mortem al <em>Academiei Rom\u00e2ne<\/em> (din 1990).<\/p>\n<p>Cele mai importante opere ale lui Mircea Eliade sunt : <em>Traite d\u2019histoire des religion <\/em>(Tratat de istoria religiilor)(1949); <em>Images et symboles <\/em>(Imagini \u0219i simboluri)(1952); <em>Das Heilige und das Profane<\/em>(1957)(<em>Le Sacre et le profane<\/em>,1965); <em>Histoire des croyances et des idees religieuse I-III<\/em>(1076-1983) (Istoria credin\u021belor \u0219i ideilor religioase); etc\u2026Nu trebuie uitat romanul <em>Maytrei<\/em>, o capodoper\u0103 a literaturii universale\u2026<\/p>\n<p>\u00cen <em>Prefa\u021ba<\/em> <em>Tratatului<\/em>, Georges Dumezil vorbe\u0219te despre meritele \u00eentreprinderii lui Mircea Eliade \u00een alc\u0103tuirea prezentului volum: \u201eLa aceasta va servi, \u00een primul r\u00e2nd, <em>Tratatul <\/em>pe care \u00eel public\u0103 acum Mircea Eliade. Profesor de istorie a religiilor la <em>Universitatea din Bucure\u0219ti<\/em>, autorul a resim\u021bit prompt necesitatea unui \u201ecurs de ini\u021biere\u201d \u00een aceste probleme, \u00een care fiecare se consider\u0103 maestru \u0219i care sunt, de fapt, dificile. Continuat timp de \u0219apte ani, cursul a avut ca rezultat cartea. Pasionat, \u00eendr\u0103zne\u021b, \u00eenarmat cu imense lecturi \u0219i cu o forma\u021bie precis\u0103 de indianist, Mircea Eliade a f\u0103cut deja mult pentru studiile noastre: m\u0103 g\u00e2ndesc la <em>Yoga<\/em>, la cele trei frumoase volume ale revistei rom\u00e2ne de istorie a religiilor, <em>Zalmoxis<\/em>, \u0219i, mai recent, la magistrala punere la punct a problemelor \u0219amanismului, oferit\u0103 de publica\u021bia noastr\u0103 <em>Revue de l\u2019Histoire des Religion.<\/em>\u201d(p.12-13).<\/p>\n<p>Explic\u00e2nd metoda aleas\u0103 pentru a aborda subiectul <em>Tratatului<\/em>, Mircea Eliade spune: \u201eO dubl\u0103 problem\u0103 face obiectul acestei lucr\u0103ri: 1) <em>ce este<\/em> religia ? 2) \u00een ce m\u0103sur\u0103 se poate vorbi de o <em>istorie <\/em>a religiilor ? \u00cendoindu-ne de utilitatea unei defini\u021bii preliminare a fenomenului religios, ne-am mul\u021bumit s\u0103 discut\u0103m hierofaniile \u00een accep\u021biunea cea mai larg\u0103 a termenului (<em>ceva<\/em> care manifest\u0103 sacrul). \u00cen consecin\u021b\u0103, nu ne vom putea pune problema <em>istoriei<\/em> formelor religioase, dec\u00e2t dup\u0103 examinarea unui num\u0103r considerabil de asemenea forme.\u201d(p.16).<\/p>\n<p>Cartea \u00eencepe, a\u0219a cum ne-am a\u0219tepta, cu sacrul. Iat\u0103 ce zice autorul: \u201eToate defini\u021biile date p\u00e2n\u0103 \u00een prezent fenomenului religios prezint\u0103 o tr\u0103s\u0103tur\u0103 comun\u0103: fiecare defini\u021bie opune, \u00een felul s\u0103u, <em>sacrul<\/em> \u0219i via\u021ba religioas\u0103 <em>profanului <\/em>\u0219i vie\u021bii laice. Dar dificult\u0103\u021bile apar c\u00e2nd trebuie delimitat\u0103 sfera no\u021biunii de \u201esacru\u201d.(p.21)<\/p>\n<p>Volumul este amplu(471 pagini) \u0219i este structurat \u00een 13 capitole:<\/p>\n<ul>\n<li><em>1 \u2013 Aproxim\u0103ri: Structura \u0219i morfologia sacrului;<\/em><\/li>\n<li><em>2 \u2013 Cerul: zei uranieni, rituri \u0219i simboluri cere\u0219ti;<\/em><\/li>\n<li><em>3 \u2013 Soarele \u0219i cultele solare;<\/em><\/li>\n<li><em>4 \u2013 Luna \u0219i mistica lunar\u0103;<\/em><\/li>\n<li><em>5 \u2013 Apele \u0219i simbolul acvatic;<\/em><\/li>\n<li><em>6 \u2013 Pietrele sacre: epifanii, semne \u0219i forme;<\/em><\/li>\n<li><em>7 \u2013 P\u0103m\u00e2ntul, femeia \u0219i fecunditatea; <\/em><\/li>\n<li><em>8 \u2013 Vegeta\u021bia. Simboluri \u0219i rituri ale re\u00eennoirii;<\/em><\/li>\n<li><em>9 \u2013 Agricultura \u0219i cultele fecundit\u0103\u021bii; <\/em><\/li>\n<li><em>10 \u2013 Spa\u021biul sacru: templu, palat, \u201ecentrul lumii\u201d;<\/em><\/li>\n<li><em>11 \u2013 Timpul sacru \u0219i mitul ve\u0219nicului re\u00eenceput;<\/em><\/li>\n<li><em>12 \u2013 Morfologia \u0219i func\u021bia miturilor;<\/em><\/li>\n<li><em>13 \u2013 Structura simbolurilor.<\/em><\/li>\n<\/ul>\n<p>Precum se vede, o abordare cuprinz\u0103toare, complex\u0103 \u0219i care merit\u0103 discu\u021bii. Documentarea lui Mircea Eliade este una profund\u0103, baz\u00e2ndu-se pe o baz\u0103 de cunoa\u0219tere cuprinz\u0103toare a domeniului. De\u0219i au trecut peste 70 de ani de la apari\u021bia <em>Tratatului<\/em>, acesta r\u0103m\u00e2ne o lucrare de baz\u0103 \u00een studiul religiilor, bucur\u00e2ndu-se de un prestigiu unanim.<\/p>\n<p>O lectur\u0103 pentru cei care vor s\u0103 \u0219tie mai mult pentru a \u00een\u021belege c\u00e2t de complex\u0103 este lumea \u00een care venim la existen\u021b\u0103 \u0219i c\u00e2t de simplu este Paradisul\u2026<\/p>\n<p>Studiu cu folos\u2026<\/p>\n<p><a href=\"https:\/\/www.facebook.com\/valeriu.petrescu.3\">Dr. Valeriu Petrescu<\/a><\/p>\n<\/div>\n<p class=\"wpematico_credit\"><small>Powered by <a href=\"http:\/\/www.wpematico.com\" target=\"_blank\" rel=\"noopener noreferrer\">WPeMatico<\/a><\/small><\/p>\n ","protected":false},"excerpt":{"rendered":"<p>Istoria religiilor este un studiu fascinant fiindc\u0103 reflect\u0103 \u00eentr-un mod foarte relevant dou\u0103 tipuri de g\u00e2ndiri care str\u0103bat veacurile\u2026 TRATAT DE ISTORIE A RELIGIILOR, de Mircea Eliade, Edi\u021bia a VI-a, Editura Humanitas, 2017\u2026 \u00cen mod normal Mircea Eliade n-ar avea nevoie de nici o prezentare, dar, av\u00e2nd \u00een vedere modul ciudat \u00een care noi rom\u00e2nii &hellip; <a href=\"https:\/\/adventistoltenia.ro\/site\/sugestii-de-lectura-tratat-de-istorie-a-religiilor\/\">Continued<\/a><\/p>\n","protected":false},"author":2,"featured_media":0,"comment_status":"open","ping_status":"closed","sticky":false,"template":"","format":"standard","meta":[],"categories":[71],"tags":[],"yoast_head":"<!-- This site is optimized with the Yoast SEO plugin v20.3 - https:\/\/yoast.com\/wordpress\/plugins\/seo\/ -->\n<title>Sugestii de lectur\u0103 \u2013 Tratat de istorie a religiilor - Conferinta Oltenia<\/title>\n<meta name=\"robots\" content=\"index, follow, max-snippet:-1, max-image-preview:large, max-video-preview:-1\" \/>\n<link rel=\"canonical\" href=\"https:\/\/adventistoltenia.ro\/site\/sugestii-de-lectura-tratat-de-istorie-a-religiilor\/\" \/>\n<meta property=\"og:locale\" content=\"en_US\" \/>\n<meta property=\"og:type\" content=\"article\" \/>\n<meta property=\"og:title\" content=\"Sugestii de lectur\u0103 \u2013 Tratat de istorie a religiilor - Conferinta Oltenia\" \/>\n<meta property=\"og:description\" content=\"Istoria religiilor este un studiu fascinant fiindc\u0103 reflect\u0103 \u00eentr-un mod foarte relevant dou\u0103 tipuri de g\u00e2ndiri care str\u0103bat veacurile\u2026 TRATAT DE ISTORIE A RELIGIILOR, de Mircea Eliade, Edi\u021bia a VI-a, Editura Humanitas, 2017\u2026 \u00cen mod normal Mircea Eliade n-ar avea nevoie de nici o prezentare, dar, av\u00e2nd \u00een vedere modul ciudat \u00een care noi rom\u00e2nii &hellip; Continued\" \/>\n<meta property=\"og:url\" content=\"https:\/\/adventistoltenia.ro\/site\/sugestii-de-lectura-tratat-de-istorie-a-religiilor\/\" \/>\n<meta property=\"og:site_name\" content=\"Conferinta Oltenia\" \/>\n<meta property=\"article:published_time\" content=\"2019-11-11T01:12:36+00:00\" \/>\n<meta name=\"author\" content=\"Conferinta Oltenia\" \/>\n<meta name=\"twitter:card\" content=\"summary_large_image\" \/>\n<meta name=\"twitter:label1\" content=\"Written by\" \/>\n\t<meta name=\"twitter:data1\" content=\"Conferinta Oltenia\" \/>\n\t<meta name=\"twitter:label2\" content=\"Est. reading time\" \/>\n\t<meta name=\"twitter:data2\" content=\"4 minutes\" \/>\n<script type=\"application\/ld+json\" class=\"yoast-schema-graph\">{\"@context\":\"https:\/\/schema.org\",\"@graph\":[{\"@type\":\"WebPage\",\"@id\":\"https:\/\/adventistoltenia.ro\/site\/sugestii-de-lectura-tratat-de-istorie-a-religiilor\/\",\"url\":\"https:\/\/adventistoltenia.ro\/site\/sugestii-de-lectura-tratat-de-istorie-a-religiilor\/\",\"name\":\"Sugestii de lectur\u0103 \u2013 Tratat de istorie a religiilor - Conferinta Oltenia\",\"isPartOf\":{\"@id\":\"https:\/\/adventistoltenia.ro\/site\/#website\"},\"datePublished\":\"2019-11-11T01:12:36+00:00\",\"dateModified\":\"2019-11-11T01:12:36+00:00\",\"author\":{\"@id\":\"https:\/\/adventistoltenia.ro\/site\/#\/schema\/person\/81972d6ddcec064fcb37a129240ef9d7\"},\"breadcrumb\":{\"@id\":\"https:\/\/adventistoltenia.ro\/site\/sugestii-de-lectura-tratat-de-istorie-a-religiilor\/#breadcrumb\"},\"inLanguage\":\"en-US\",\"potentialAction\":[{\"@type\":\"ReadAction\",\"target\":[\"https:\/\/adventistoltenia.ro\/site\/sugestii-de-lectura-tratat-de-istorie-a-religiilor\/\"]}]},{\"@type\":\"BreadcrumbList\",\"@id\":\"https:\/\/adventistoltenia.ro\/site\/sugestii-de-lectura-tratat-de-istorie-a-religiilor\/#breadcrumb\",\"itemListElement\":[{\"@type\":\"ListItem\",\"position\":1,\"name\":\"Home\",\"item\":\"https:\/\/adventistoltenia.ro\/site\/\"},{\"@type\":\"ListItem\",\"position\":2,\"name\":\"Sugestii de lectur\u0103 \u2013 Tratat de istorie a religiilor\"}]},{\"@type\":\"WebSite\",\"@id\":\"https:\/\/adventistoltenia.ro\/site\/#website\",\"url\":\"https:\/\/adventistoltenia.ro\/site\/\",\"name\":\"Conferinta Oltenia\",\"description\":\"Biserica Adventista de Ziua a Saptea\",\"potentialAction\":[{\"@type\":\"SearchAction\",\"target\":{\"@type\":\"EntryPoint\",\"urlTemplate\":\"https:\/\/adventistoltenia.ro\/site\/?s={search_term_string}\"},\"query-input\":\"required name=search_term_string\"}],\"inLanguage\":\"en-US\"},{\"@type\":\"Person\",\"@id\":\"https:\/\/adventistoltenia.ro\/site\/#\/schema\/person\/81972d6ddcec064fcb37a129240ef9d7\",\"name\":\"Conferinta Oltenia\",\"image\":{\"@type\":\"ImageObject\",\"inLanguage\":\"en-US\",\"@id\":\"https:\/\/adventistoltenia.ro\/site\/#\/schema\/person\/image\/\",\"url\":\"https:\/\/secure.gravatar.com\/avatar\/ebe92ec22e2e53a8eb79d6b52b724e27?s=96&d=mm&r=g\",\"contentUrl\":\"https:\/\/secure.gravatar.com\/avatar\/ebe92ec22e2e53a8eb79d6b52b724e27?s=96&d=mm&r=g\",\"caption\":\"Conferinta Oltenia\"},\"url\":\"https:\/\/adventistoltenia.ro\/site\/author\/adm1n\/\"}]}<\/script>\n<!-- \/ Yoast SEO plugin. -->","yoast_head_json":{"title":"Sugestii de lectur\u0103 \u2013 Tratat de istorie a religiilor - Conferinta Oltenia","robots":{"index":"index","follow":"follow","max-snippet":"max-snippet:-1","max-image-preview":"max-image-preview:large","max-video-preview":"max-video-preview:-1"},"canonical":"https:\/\/adventistoltenia.ro\/site\/sugestii-de-lectura-tratat-de-istorie-a-religiilor\/","og_locale":"en_US","og_type":"article","og_title":"Sugestii de lectur\u0103 \u2013 Tratat de istorie a religiilor - Conferinta Oltenia","og_description":"Istoria religiilor este un studiu fascinant fiindc\u0103 reflect\u0103 \u00eentr-un mod foarte relevant dou\u0103 tipuri de g\u00e2ndiri care str\u0103bat veacurile\u2026 TRATAT DE ISTORIE A RELIGIILOR, de Mircea Eliade, Edi\u021bia a VI-a, Editura Humanitas, 2017\u2026 \u00cen mod normal Mircea Eliade n-ar avea nevoie de nici o prezentare, dar, av\u00e2nd \u00een vedere modul ciudat \u00een care noi rom\u00e2nii &hellip; Continued","og_url":"https:\/\/adventistoltenia.ro\/site\/sugestii-de-lectura-tratat-de-istorie-a-religiilor\/","og_site_name":"Conferinta Oltenia","article_published_time":"2019-11-11T01:12:36+00:00","author":"Conferinta Oltenia","twitter_card":"summary_large_image","twitter_misc":{"Written by":"Conferinta Oltenia","Est. reading time":"4 minutes"},"schema":{"@context":"https:\/\/schema.org","@graph":[{"@type":"WebPage","@id":"https:\/\/adventistoltenia.ro\/site\/sugestii-de-lectura-tratat-de-istorie-a-religiilor\/","url":"https:\/\/adventistoltenia.ro\/site\/sugestii-de-lectura-tratat-de-istorie-a-religiilor\/","name":"Sugestii de lectur\u0103 \u2013 Tratat de istorie a religiilor - Conferinta Oltenia","isPartOf":{"@id":"https:\/\/adventistoltenia.ro\/site\/#website"},"datePublished":"2019-11-11T01:12:36+00:00","dateModified":"2019-11-11T01:12:36+00:00","author":{"@id":"https:\/\/adventistoltenia.ro\/site\/#\/schema\/person\/81972d6ddcec064fcb37a129240ef9d7"},"breadcrumb":{"@id":"https:\/\/adventistoltenia.ro\/site\/sugestii-de-lectura-tratat-de-istorie-a-religiilor\/#breadcrumb"},"inLanguage":"en-US","potentialAction":[{"@type":"ReadAction","target":["https:\/\/adventistoltenia.ro\/site\/sugestii-de-lectura-tratat-de-istorie-a-religiilor\/"]}]},{"@type":"BreadcrumbList","@id":"https:\/\/adventistoltenia.ro\/site\/sugestii-de-lectura-tratat-de-istorie-a-religiilor\/#breadcrumb","itemListElement":[{"@type":"ListItem","position":1,"name":"Home","item":"https:\/\/adventistoltenia.ro\/site\/"},{"@type":"ListItem","position":2,"name":"Sugestii de lectur\u0103 \u2013 Tratat de istorie a religiilor"}]},{"@type":"WebSite","@id":"https:\/\/adventistoltenia.ro\/site\/#website","url":"https:\/\/adventistoltenia.ro\/site\/","name":"Conferinta Oltenia","description":"Biserica Adventista de Ziua a Saptea","potentialAction":[{"@type":"SearchAction","target":{"@type":"EntryPoint","urlTemplate":"https:\/\/adventistoltenia.ro\/site\/?s={search_term_string}"},"query-input":"required name=search_term_string"}],"inLanguage":"en-US"},{"@type":"Person","@id":"https:\/\/adventistoltenia.ro\/site\/#\/schema\/person\/81972d6ddcec064fcb37a129240ef9d7","name":"Conferinta Oltenia","image":{"@type":"ImageObject","inLanguage":"en-US","@id":"https:\/\/adventistoltenia.ro\/site\/#\/schema\/person\/image\/","url":"https:\/\/secure.gravatar.com\/avatar\/ebe92ec22e2e53a8eb79d6b52b724e27?s=96&d=mm&r=g","contentUrl":"https:\/\/secure.gravatar.com\/avatar\/ebe92ec22e2e53a8eb79d6b52b724e27?s=96&d=mm&r=g","caption":"Conferinta Oltenia"},"url":"https:\/\/adventistoltenia.ro\/site\/author\/adm1n\/"}]}},"_links":{"self":[{"href":"https:\/\/adventistoltenia.ro\/site\/wp-json\/wp\/v2\/posts\/3050"}],"collection":[{"href":"https:\/\/adventistoltenia.ro\/site\/wp-json\/wp\/v2\/posts"}],"about":[{"href":"https:\/\/adventistoltenia.ro\/site\/wp-json\/wp\/v2\/types\/post"}],"author":[{"embeddable":true,"href":"https:\/\/adventistoltenia.ro\/site\/wp-json\/wp\/v2\/users\/2"}],"replies":[{"embeddable":true,"href":"https:\/\/adventistoltenia.ro\/site\/wp-json\/wp\/v2\/comments?post=3050"}],"version-history":[{"count":0,"href":"https:\/\/adventistoltenia.ro\/site\/wp-json\/wp\/v2\/posts\/3050\/revisions"}],"wp:attachment":[{"href":"https:\/\/adventistoltenia.ro\/site\/wp-json\/wp\/v2\/media?parent=3050"}],"wp:term":[{"taxonomy":"category","embeddable":true,"href":"https:\/\/adventistoltenia.ro\/site\/wp-json\/wp\/v2\/categories?post=3050"},{"taxonomy":"post_tag","embeddable":true,"href":"https:\/\/adventistoltenia.ro\/site\/wp-json\/wp\/v2\/tags?post=3050"}],"curies":[{"name":"wp","href":"https:\/\/api.w.org\/{rel}","templated":true}]}}