{"id":3053,"date":"2019-11-16T01:10:13","date_gmt":"2019-11-16T01:10:13","guid":{"rendered":"http:\/\/adventistoltenia.ro\/site\/nu-sunt-de-vanzare\/"},"modified":"2019-11-16T01:10:13","modified_gmt":"2019-11-16T01:10:13","slug":"nu-sunt-de-vanzare","status":"publish","type":"post","link":"https:\/\/adventistoltenia.ro\/site\/nu-sunt-de-vanzare\/","title":{"rendered":"Nu sunt de v\u00e2nzare"},"content":{"rendered":"<div>\n<p>Audien\u021ba anticipa interven\u021bia lui G.T. Ng, secretarul general al Bisericii Adventiste de Ziua a \u0218aptea. Acesta a \u00eenceput, a\u0219a cum to\u021bi se a\u0219teptau, cu o glum\u0103. Dup\u0103 ce r\u00e2setele s-au lini\u0219tit, secretarul a \u00eentrebat: \u201eA\u021bi fost vreodat\u0103 dezam\u0103gi\u021bi de rezultatele alegerilor?\u201d<\/p>\n<p>Apoi Ng a \u00eemp\u0103rt\u0103\u0219it unele dintre \u00eentreb\u0103rile care i-au fost adresate de-a lungul timpului:<\/p>\n<p>\u201eEste adev\u0103rat c\u0103 Dumnezeu nume\u0219te, dar comitetul de numiri dezam\u0103ge\u0219te?\u201d<\/p>\n<p>\u201eDe ce nu sunt ales \u00eentr-o pozi\u021bie mai \u00eenalt\u0103?\u201d<\/p>\n<p>\u201eBiserica nu \u00eemi folose\u0219te pe deplin abilit\u0103\u021bile; c\u00e2nd \u00eemi va veni r\u00e2ndul s\u0103 slujesc \u00eentr-o pozi\u021bie mai \u00eenalt\u0103?\u201d<\/p>\n<p>\u201eDe ce am nevoie pentru a fi ales?\u201d<\/p>\n<p>\u201eDe ce nu e Dumnezeu drept cu mine?\u201d<\/p>\n<p>Apoi Ng s-a a\u0219ezat l\u00e2ng\u0103 scaunul de pe podium.<\/p>\n<p>\u201eAcest scaun reprezint\u0103 pozi\u021biile pe care le ocup\u0103m \u00een cadrul bisericii\u201d, a explicat el. \u201eEste asemenea unui magnet, creeaz\u0103 dependen\u021b\u0103 \u0219i \u00ee\u021bi vorbe\u0219te.\u201d<\/p>\n<p>Scaunul, a explicat Ng, este asemenea unui magnet pentru c\u0103 te urmeaz\u0103 peste tot. Creeaz\u0103 dependen\u021b\u0103 deoarece cu c\u00e2t stai mai mult pe el, cu at\u00e2t \u00ee\u021bi place mai mult. \u00ce\u021bi vorbe\u0219te deoarece cu c\u00e2t stai mai mult pe el, cu at\u00e2t este mai bun\u0103 rela\u021bia pe care o ai cu el \u0219i \u00eencepe s\u0103 \u00ee\u021bi vorbeasc\u0103.<\/p>\n<p>\u201eScaunul meu spune: \u00abG.T. Ng, te iubesc\u00bb\u201d, a spus Ng. \u201eIar eu \u00eei r\u0103spund: \u00ab\u0218i eu te iubesc\u00bb.<\/p>\n<p><strong>S\u0103 \u00een\u021belegem alegerile<\/strong><\/p>\n<p>Ng a continuat: \u201eDac\u0103 \u00een\u021belegem despre ce sunt alegerile, nu \u00eei vom permite scaunului s\u0103 ne vorbeasc\u0103 sau s\u0103 \u00ee\u021bi exercite puterea de atrac\u021bie \u0219i vom sc\u0103pa de dependen\u021ba care vine odat\u0103 cu ocuparea lui.\u201d<\/p>\n<p>\u00cen Biserica Adventist\u0103, alegerile sunt definite ca fiind un proces prin intermediul c\u0103ruia comitete formate conform regulamentului aleg conduc\u0103tori care s\u0103 slujeasc\u0103 \u00een pozi\u021bii de \u00eencredere \u00een calitate de administratori pe o perioad\u0103 determinat\u0103. La finalul perioadei de slujire, conduc\u0103torii ale\u0219i elibereaz\u0103 pozi\u021biile \u00een care au slujit. Ace\u0219tia sunt gata s\u0103 fie trimi\u0219i s\u0103 slujeasc\u0103 dintr-o alt\u0103 pozi\u021bie, contribuind la \u00eendeplinirea misiunii Bisericii \u0219i la \u00eenaintarea \u00eemp\u0103r\u0103\u021biei lui Dumnezeu.<\/p>\n<p>\u201eNu sunt proprietarul scaunului\u201d, a declarat Ng. \u201eScaunul mi-a fost \u00eencredin\u021bat pentru o anumit\u0103 perioad\u0103. Dac\u0103 m\u0103 cred proprietarul scaunului, pozi\u021bia m\u0103 domin\u0103 \u0219i devenim inseparabili.\u201d<\/p>\n<p>A fi proprietarii scaunului, a explicat Ng, \u00eenseamn\u0103 c\u0103 pozi\u021bia ne define\u0219te. Pozi\u021bia ne ofer\u0103 o identitate, iar valoarea noastr\u0103 este definit\u0103 de pozi\u021bia pe care o ocup\u0103m. Oamenii ne respect\u0103 pentru pozi\u021bia noastr\u0103, nu pentru ce sau cine suntem.<\/p>\n<p>Dar dac\u0103 \u0219tim c\u0103 suntem simpli administratori, pozi\u021bia pe care o ocup\u0103m nu ne define\u0219te. Mandatul este pentru o perioad\u0103 determinat\u0103 \u0219i refuz\u0103m s\u0103 vorbim cu scaunul, eliber\u00e2ndu-l la finalul acestuia, fiind dispu\u0219i s\u0103 slujim dintr-o alt\u0103 pozi\u021bie.<\/p>\n<p>\u201e\u00cen calitate de simplu administrator\u201d, a spus Ng, \u201esunt lini\u0219tit. Nu voi pl\u00e2nge \u0219i nu voi fi dezam\u0103git c\u00e2nd vom fi desp\u0103r\u021bi\u021bi, iar noaptea dorm ca un prunc\u201d.<\/p>\n<p><strong>Nu exist\u0103 \u201erealegere\u201d<\/strong><\/p>\n<p>\u00cen Biserica Adventist\u0103 nu exist\u0103 o defini\u021bie pentru \u201erealegere\u201d, a observat Ng, dup\u0103 care a explicat c\u0103 sarcina comitetului de numiri este de a alege o persoan\u0103 pentru un mandat care are o durat\u0103 limitat\u0103. Este o simpl\u0103 alegere.<\/p>\n<p>\u201eDeci, cum ne preg\u0103tim pentru sesiunea Conferin\u021bei Generale de anul viitor din Indianapolis?\u201d a \u00eentrebat apoi Ng. \u201eFacem un singur lucru: ne rug\u0103m ca Duhul Sf\u00e2nt s\u0103 o conduc\u0103.\u201d<\/p>\n<p>Apoi Ng a \u00eemp\u0103rt\u0103\u0219it modul \u00een care se preg\u0103te\u0219te el pentru sesiunea Conferin\u021bei Generale. \u00cen ultima zi de lucru dinaintea sesiunii, \u00ee\u0219i ia toate lucrurile din birou, le pune \u00eentr-o cutie \u0219i \u00ee\u0219i ia r\u0103mas bun de la colegi.<\/p>\n<p>\u201ePlec cu cutia, \u0219i ies lini\u0219tit, l\u0103ud\u00e2ndu-L pe Dumnezeu\u201d, a spus Ng. \u201eEl m-a binecuv\u00e2ntat \u00een ultimii 5 ani, \u0219i va continua s\u0103 o fac\u0103 \u00een urm\u0103torii cinci, deoarece sunt slujitorul S\u0103u \u0219i voi merge oriunde m\u0103 va chema.\u201d<\/p>\n<p><strong>Loiali datoriei<\/strong><\/p>\n<p>Apoi, Ng a citat-o pe Ellen White: \u201eNevoia cea mai mare pe care o are lumea este aceea de b\u0103rba\u021bi \u2014 b\u0103rba\u021bi care s\u0103 nu se lase cump\u0103ra\u021bi sau v\u00e2ndu\u021bi, b\u0103rba\u021bi care s\u0103 fie cinsti\u021bi \u0219i credincio\u0219i \u00een ad\u00e2ncul sufletului lor, b\u0103rba\u021bi care s\u0103 nu se team\u0103 s\u0103 spun\u0103 p\u0103catului pe nume, b\u0103rba\u021bi a c\u0103ror con\u0219tiin\u021b\u0103 este la fel de bine orientat\u0103 c\u0103tre datorie, precum este acul busolei c\u0103tre pol, b\u0103rba\u021bi care vor lua pozi\u021bie neclintit\u0103 pentru adev\u0103r, chiar dac\u0103 s-ar pr\u0103bu\u0219i cerurile\u201d (Educa\u021bie, p. 57).<\/p>\n<p>\u00cen <em>Hristos, Lumina lumii<\/em>, Ellen White a scris, de asemenea: \u201e\u00cenainte de onoare este umilin\u021ba\u2026 Dar, c\u00e2nd oamenii se \u00eenal\u021b\u0103, g\u00e2ndind c\u0103 ei sunt necesari pentru ca marele plan al lui Dumnezeu s\u0103 aib\u0103 succes, Domnul face s\u0103 fie \u00eenl\u0103tura\u021bi. Astfel se arat\u0103 c\u0103 Dumnezeu nu este dependent de ei. Lucrarea nu \u00eenceteaz\u0103 din cauza \u00eendep\u0103rt\u0103rii lor, ci merge mai departe cu putere \u0219i mai mare\u201d (p. 436).<\/p>\n<p>\u201eIsus este adev\u0103ratul conduc\u0103tor\u201d, a proclamat Ng. \u201eEl nu gre\u0219e\u0219te niciodat\u0103 \u0219i e \u00eentotdeauna conduc\u0103torul nostru. Pe El trebuie s\u0103 \u00cel urm\u0103m. Sunte\u021bi de v\u00e2nzare? Un adev\u0103rat conduc\u0103tor nu refuz\u0103 s\u0103 se lase cump\u0103rat sau v\u00e2ndut. Integritatea mea nu e de v\u00e2nzare. Principiile mele nu sunt de v\u00e2nzare. Conducerea mea nu e de v\u00e2nzare. Loialitatea mea fa\u021b\u0103 de Dumnezeu nu este de v\u00e2nzare. Nu pot face compromisuri.\u201d<\/p>\n<p><strong>Angajamentul<\/strong><\/p>\n<p>\u00cen \u00eencheiere, Ng a f\u0103cut apel la to\u021bi delega\u021bii prezen\u021bi s\u0103 semneze urm\u0103torul angajament:<\/p>\n<p>\u201eM\u0103 preg\u0103tesc pentru sesiunea Conferin\u021bei Generale din anul 2020, pred\u00e2ndu-m\u0103 lui Isus, adev\u0103ratul conduc\u0103tor. Prin harul lui Dumnezeu, \u00eemi iau angajamentul (1) s\u0103 votez \u00een conformitate cu propria con\u0219tiin\u021b\u0103, \u0219i nu pentru a ob\u021bine avantaje; (2) s\u0103 lucrez transparent \u0219i s\u0103 nu conspir \u00een timpul alegerilor; (3) s\u0103 nu fiu motivat de posibile pozi\u021bii; (4) s\u0103 \u00eemi exprim votul personal, \u0219i nu pozi\u021bia unei alian\u021be; (5) s\u0103 fiu un slujitor credincios \u0219i nu unul care \u00eencearc\u0103 s\u0103 intre \u00een gra\u021biile altora pentru a fi ales pentru \u00eenc\u0103 un mandat; (6) s\u0103 \u00eemi bazez evalu\u0103rile pe principiul competen\u021bei, nu doar pe cel al reprezentativit\u0103\u021bii; (7) s\u0103 fiu mul\u021bumit acolo unde sunt trimis, f\u0103r\u0103 a dori pozi\u021biile altora; (8) s\u0103 privesc la adev\u0103ratul conduc\u0103tor, Isus Hristos, \u0219i s\u0103 nu fiu cump\u0103rat sau v\u00e2ndut; (9) s\u0103 eliberez onorabil pozi\u021bia actual\u0103 la finalul mandatului; \u0219i (10) s\u0103 c\u00e2nd imnul <em>Este bine cu sufletul meu<\/em> \u00een loc de <em>I Shall Not Be Moved <\/em>[Nu voi fi mutat]!<\/p>\n<p>\u201eFiecare sesiune a Conferin\u021bei Generale ar trebui s\u0103 aib\u0103 un serviciu de terapie intensiv\u0103 pentru cei care nu sunt ale\u0219i la \u00eencheierea unui mandat\u201d, a sugerat Ng. \u201eConduc\u0103torii care la \u00eencheierea unui mandat nu sunt ale\u0219i \u00een acelea\u0219i pozi\u021bii au nevoie de consolare, \u00eencurajare \u0219i rug\u0103ciuni. Trebuie s\u0103 \u00een\u021belegem c\u0103 nu este vorba despre noi, ci despre alegerea conduc\u0103torilor potrivi\u021bi \u00een locurile potrivite la fiecare cinci ani; Dumnezeu ne va \u00eencredin\u021ba o alt\u0103 pozi\u021bie de slujire, \u00een func\u021bie de darurile noastre spirituale. \u0218i asta e tot ce trebuie s\u0103 \u0219tiu.\u201d<\/p>\n<p>Sursa: <a href=\"https:\/\/www.adventistreview.org\/not-for-sale\" target=\"_blank\" rel=\"noopener noreferrer\">Adventist Review<\/a><\/p>\n<\/div>\n<p class=\"wpematico_credit\"><small>Powered by <a href=\"http:\/\/www.wpematico.com\" target=\"_blank\" rel=\"noopener noreferrer\">WPeMatico<\/a><\/small><\/p>\n ","protected":false},"excerpt":{"rendered":"<p>Audien\u021ba anticipa interven\u021bia lui G.T. Ng, secretarul general al Bisericii Adventiste de Ziua a \u0218aptea. Acesta a \u00eenceput, a\u0219a cum to\u021bi se a\u0219teptau, cu o glum\u0103. Dup\u0103 ce r\u00e2setele s-au lini\u0219tit, secretarul a \u00eentrebat: \u201eA\u021bi fost vreodat\u0103 dezam\u0103gi\u021bi de rezultatele alegerilor?\u201d Apoi Ng a \u00eemp\u0103rt\u0103\u0219it unele dintre \u00eentreb\u0103rile care i-au fost adresate de-a lungul timpului: &hellip; <a href=\"https:\/\/adventistoltenia.ro\/site\/nu-sunt-de-vanzare\/\">Continued<\/a><\/p>\n","protected":false},"author":2,"featured_media":0,"comment_status":"open","ping_status":"closed","sticky":false,"template":"","format":"standard","meta":[],"categories":[71],"tags":[],"yoast_head":"<!-- This site is optimized with the Yoast SEO plugin v20.3 - https:\/\/yoast.com\/wordpress\/plugins\/seo\/ -->\n<title>Nu sunt de v\u00e2nzare - Conferinta Oltenia<\/title>\n<meta name=\"robots\" content=\"index, follow, max-snippet:-1, max-image-preview:large, max-video-preview:-1\" \/>\n<link rel=\"canonical\" href=\"https:\/\/adventistoltenia.ro\/site\/nu-sunt-de-vanzare\/\" \/>\n<meta property=\"og:locale\" content=\"en_US\" \/>\n<meta property=\"og:type\" content=\"article\" \/>\n<meta property=\"og:title\" content=\"Nu sunt de v\u00e2nzare - Conferinta Oltenia\" \/>\n<meta property=\"og:description\" content=\"Audien\u021ba anticipa interven\u021bia lui G.T. Ng, secretarul general al Bisericii Adventiste de Ziua a \u0218aptea. Acesta a \u00eenceput, a\u0219a cum to\u021bi se a\u0219teptau, cu o glum\u0103. Dup\u0103 ce r\u00e2setele s-au lini\u0219tit, secretarul a \u00eentrebat: \u201eA\u021bi fost vreodat\u0103 dezam\u0103gi\u021bi de rezultatele alegerilor?\u201d Apoi Ng a \u00eemp\u0103rt\u0103\u0219it unele dintre \u00eentreb\u0103rile care i-au fost adresate de-a lungul timpului: &hellip; Continued\" \/>\n<meta property=\"og:url\" content=\"https:\/\/adventistoltenia.ro\/site\/nu-sunt-de-vanzare\/\" \/>\n<meta property=\"og:site_name\" content=\"Conferinta Oltenia\" \/>\n<meta property=\"article:published_time\" content=\"2019-11-16T01:10:13+00:00\" \/>\n<meta name=\"author\" content=\"Conferinta Oltenia\" \/>\n<meta name=\"twitter:card\" content=\"summary_large_image\" \/>\n<meta name=\"twitter:label1\" content=\"Written by\" \/>\n\t<meta name=\"twitter:data1\" content=\"Conferinta Oltenia\" \/>\n\t<meta name=\"twitter:label2\" content=\"Est. reading time\" \/>\n\t<meta name=\"twitter:data2\" content=\"6 minutes\" \/>\n<script type=\"application\/ld+json\" class=\"yoast-schema-graph\">{\"@context\":\"https:\/\/schema.org\",\"@graph\":[{\"@type\":\"WebPage\",\"@id\":\"https:\/\/adventistoltenia.ro\/site\/nu-sunt-de-vanzare\/\",\"url\":\"https:\/\/adventistoltenia.ro\/site\/nu-sunt-de-vanzare\/\",\"name\":\"Nu sunt de v\u00e2nzare - Conferinta Oltenia\",\"isPartOf\":{\"@id\":\"https:\/\/adventistoltenia.ro\/site\/#website\"},\"datePublished\":\"2019-11-16T01:10:13+00:00\",\"dateModified\":\"2019-11-16T01:10:13+00:00\",\"author\":{\"@id\":\"https:\/\/adventistoltenia.ro\/site\/#\/schema\/person\/81972d6ddcec064fcb37a129240ef9d7\"},\"breadcrumb\":{\"@id\":\"https:\/\/adventistoltenia.ro\/site\/nu-sunt-de-vanzare\/#breadcrumb\"},\"inLanguage\":\"en-US\",\"potentialAction\":[{\"@type\":\"ReadAction\",\"target\":[\"https:\/\/adventistoltenia.ro\/site\/nu-sunt-de-vanzare\/\"]}]},{\"@type\":\"BreadcrumbList\",\"@id\":\"https:\/\/adventistoltenia.ro\/site\/nu-sunt-de-vanzare\/#breadcrumb\",\"itemListElement\":[{\"@type\":\"ListItem\",\"position\":1,\"name\":\"Home\",\"item\":\"https:\/\/adventistoltenia.ro\/site\/\"},{\"@type\":\"ListItem\",\"position\":2,\"name\":\"Nu sunt de v\u00e2nzare\"}]},{\"@type\":\"WebSite\",\"@id\":\"https:\/\/adventistoltenia.ro\/site\/#website\",\"url\":\"https:\/\/adventistoltenia.ro\/site\/\",\"name\":\"Conferinta Oltenia\",\"description\":\"Biserica Adventista de Ziua a Saptea\",\"potentialAction\":[{\"@type\":\"SearchAction\",\"target\":{\"@type\":\"EntryPoint\",\"urlTemplate\":\"https:\/\/adventistoltenia.ro\/site\/?s={search_term_string}\"},\"query-input\":\"required name=search_term_string\"}],\"inLanguage\":\"en-US\"},{\"@type\":\"Person\",\"@id\":\"https:\/\/adventistoltenia.ro\/site\/#\/schema\/person\/81972d6ddcec064fcb37a129240ef9d7\",\"name\":\"Conferinta Oltenia\",\"image\":{\"@type\":\"ImageObject\",\"inLanguage\":\"en-US\",\"@id\":\"https:\/\/adventistoltenia.ro\/site\/#\/schema\/person\/image\/\",\"url\":\"https:\/\/secure.gravatar.com\/avatar\/ebe92ec22e2e53a8eb79d6b52b724e27?s=96&d=mm&r=g\",\"contentUrl\":\"https:\/\/secure.gravatar.com\/avatar\/ebe92ec22e2e53a8eb79d6b52b724e27?s=96&d=mm&r=g\",\"caption\":\"Conferinta Oltenia\"},\"url\":\"https:\/\/adventistoltenia.ro\/site\/author\/adm1n\/\"}]}<\/script>\n<!-- \/ Yoast SEO plugin. -->","yoast_head_json":{"title":"Nu sunt de v\u00e2nzare - Conferinta Oltenia","robots":{"index":"index","follow":"follow","max-snippet":"max-snippet:-1","max-image-preview":"max-image-preview:large","max-video-preview":"max-video-preview:-1"},"canonical":"https:\/\/adventistoltenia.ro\/site\/nu-sunt-de-vanzare\/","og_locale":"en_US","og_type":"article","og_title":"Nu sunt de v\u00e2nzare - Conferinta Oltenia","og_description":"Audien\u021ba anticipa interven\u021bia lui G.T. Ng, secretarul general al Bisericii Adventiste de Ziua a \u0218aptea. Acesta a \u00eenceput, a\u0219a cum to\u021bi se a\u0219teptau, cu o glum\u0103. Dup\u0103 ce r\u00e2setele s-au lini\u0219tit, secretarul a \u00eentrebat: \u201eA\u021bi fost vreodat\u0103 dezam\u0103gi\u021bi de rezultatele alegerilor?\u201d Apoi Ng a \u00eemp\u0103rt\u0103\u0219it unele dintre \u00eentreb\u0103rile care i-au fost adresate de-a lungul timpului: &hellip; Continued","og_url":"https:\/\/adventistoltenia.ro\/site\/nu-sunt-de-vanzare\/","og_site_name":"Conferinta Oltenia","article_published_time":"2019-11-16T01:10:13+00:00","author":"Conferinta Oltenia","twitter_card":"summary_large_image","twitter_misc":{"Written by":"Conferinta Oltenia","Est. reading time":"6 minutes"},"schema":{"@context":"https:\/\/schema.org","@graph":[{"@type":"WebPage","@id":"https:\/\/adventistoltenia.ro\/site\/nu-sunt-de-vanzare\/","url":"https:\/\/adventistoltenia.ro\/site\/nu-sunt-de-vanzare\/","name":"Nu sunt de v\u00e2nzare - Conferinta Oltenia","isPartOf":{"@id":"https:\/\/adventistoltenia.ro\/site\/#website"},"datePublished":"2019-11-16T01:10:13+00:00","dateModified":"2019-11-16T01:10:13+00:00","author":{"@id":"https:\/\/adventistoltenia.ro\/site\/#\/schema\/person\/81972d6ddcec064fcb37a129240ef9d7"},"breadcrumb":{"@id":"https:\/\/adventistoltenia.ro\/site\/nu-sunt-de-vanzare\/#breadcrumb"},"inLanguage":"en-US","potentialAction":[{"@type":"ReadAction","target":["https:\/\/adventistoltenia.ro\/site\/nu-sunt-de-vanzare\/"]}]},{"@type":"BreadcrumbList","@id":"https:\/\/adventistoltenia.ro\/site\/nu-sunt-de-vanzare\/#breadcrumb","itemListElement":[{"@type":"ListItem","position":1,"name":"Home","item":"https:\/\/adventistoltenia.ro\/site\/"},{"@type":"ListItem","position":2,"name":"Nu sunt de v\u00e2nzare"}]},{"@type":"WebSite","@id":"https:\/\/adventistoltenia.ro\/site\/#website","url":"https:\/\/adventistoltenia.ro\/site\/","name":"Conferinta Oltenia","description":"Biserica Adventista de Ziua a Saptea","potentialAction":[{"@type":"SearchAction","target":{"@type":"EntryPoint","urlTemplate":"https:\/\/adventistoltenia.ro\/site\/?s={search_term_string}"},"query-input":"required name=search_term_string"}],"inLanguage":"en-US"},{"@type":"Person","@id":"https:\/\/adventistoltenia.ro\/site\/#\/schema\/person\/81972d6ddcec064fcb37a129240ef9d7","name":"Conferinta Oltenia","image":{"@type":"ImageObject","inLanguage":"en-US","@id":"https:\/\/adventistoltenia.ro\/site\/#\/schema\/person\/image\/","url":"https:\/\/secure.gravatar.com\/avatar\/ebe92ec22e2e53a8eb79d6b52b724e27?s=96&d=mm&r=g","contentUrl":"https:\/\/secure.gravatar.com\/avatar\/ebe92ec22e2e53a8eb79d6b52b724e27?s=96&d=mm&r=g","caption":"Conferinta Oltenia"},"url":"https:\/\/adventistoltenia.ro\/site\/author\/adm1n\/"}]}},"_links":{"self":[{"href":"https:\/\/adventistoltenia.ro\/site\/wp-json\/wp\/v2\/posts\/3053"}],"collection":[{"href":"https:\/\/adventistoltenia.ro\/site\/wp-json\/wp\/v2\/posts"}],"about":[{"href":"https:\/\/adventistoltenia.ro\/site\/wp-json\/wp\/v2\/types\/post"}],"author":[{"embeddable":true,"href":"https:\/\/adventistoltenia.ro\/site\/wp-json\/wp\/v2\/users\/2"}],"replies":[{"embeddable":true,"href":"https:\/\/adventistoltenia.ro\/site\/wp-json\/wp\/v2\/comments?post=3053"}],"version-history":[{"count":0,"href":"https:\/\/adventistoltenia.ro\/site\/wp-json\/wp\/v2\/posts\/3053\/revisions"}],"wp:attachment":[{"href":"https:\/\/adventistoltenia.ro\/site\/wp-json\/wp\/v2\/media?parent=3053"}],"wp:term":[{"taxonomy":"category","embeddable":true,"href":"https:\/\/adventistoltenia.ro\/site\/wp-json\/wp\/v2\/categories?post=3053"},{"taxonomy":"post_tag","embeddable":true,"href":"https:\/\/adventistoltenia.ro\/site\/wp-json\/wp\/v2\/tags?post=3053"}],"curies":[{"name":"wp","href":"https:\/\/api.w.org\/{rel}","templated":true}]}}