{"id":3054,"date":"2019-11-18T01:08:35","date_gmt":"2019-11-18T01:08:35","guid":{"rendered":"http:\/\/adventistoltenia.ro\/site\/sugestii-de-lectura-ascensiunea-omului\/"},"modified":"2019-11-18T01:08:35","modified_gmt":"2019-11-18T01:08:35","slug":"sugestii-de-lectura-ascensiunea-omului","status":"publish","type":"post","link":"https:\/\/adventistoltenia.ro\/site\/sugestii-de-lectura-ascensiunea-omului\/","title":{"rendered":"Sugestii de lectur\u0103 \u2013 Ascensiunea omului"},"content":{"rendered":"<div>\n<p>Istoria omului, nu neap\u0103rat cea a omenirii, este fascinant\u0103. Aici exist\u0103 dou\u0103 perspective antagonice: una crea\u021bionist\u0103 \u0219i alta, \u00een diversele ei variante, evolu\u021bionist\u0103\u2026<\/p>\n<p>ASCENSIUNEA OMULUI, de Jacob Bronowski, Editura Humanitas, 2018\u2026<\/p>\n<p><strong>Jacob Bronowski<\/strong>(1908-1974) s-a remarcat nu numai ca om de \u0219tiin\u021b\u0103, matematician sau istoric al \u0219tiin\u021belor, dar \u0219i ca dramaturg, poet \u0219i inventator. Este foarte bine cunoscut pentru apropierea \u00a0sa umanist\u0103 de \u0219tiin\u021b\u0103. A conceput \u0219i prezentat seria documentar\u0103 pentru <em>BBC<\/em> \u0219i, apoi, a publicat cartea aferent\u0103 acestui documentar, <em>The Ascent of Man<\/em>( adic\u0103 prezenta carte), care l-au f\u0103cut cunoscut ca unul dintre cei mai recunoscu\u021bi intelectuali ai lumii.<\/p>\n<p>S-a n\u0103scut \u00een Germania, apoi familia s-a mutat \u00een Anglia. A studiat la <em>University of Cambridge<\/em>. \u00cenc\u0103 de t\u00e2n\u0103r a manifestat un interes foarte diversificat, foarte cuprinz\u0103tor : \u201ede la biologie la poezie \u0219i de la \u0219ah la Umanism\u201d. A predat\u00a0 matematica la <em>University College Hull<\/em> \u00een perioada 1934-1942. A contribuit la efortul de r\u0103zboi al Angliei lucr\u00e2nd \u00een domeniul cercet\u0103rii opera\u021bionale aplicat pe cre\u0219terea eficien\u021bei bombardamentelor. Dup\u0103 r\u0103zboi a condus diverse proiecte <em>UNESCO.<\/em> A scris poezie \u0219i era foarte apropiat ca g\u00e2ndire de poetul <em>William Blake<\/em>. \u00centre 1950 \u0219i 1963 a lucrat pentru <em>National Coal Board<\/em> \u00een Anglia. Din 1963 \u0219i p\u00e2n\u0103 la moartea sa \u00een 1974 a fost <em>profesor invitat<\/em> la <em>Salk Institute for Biological Study<\/em> \u00een San Diego. A murit la doar un an dup\u0103 difuzarea de c\u0103tre <em>BBC <\/em>a serialului <em>Ascent of Man<\/em>.<\/p>\n<p>A publicat masiv, dintre c\u0103r\u021bile sale amintesc: <em>The Poet\u2019s Defence<\/em>(1939), <em>William Blake: A Man Without a Mask<\/em>(1943); <em>The Common Sense of Science<\/em>(1951); <em>The Face of Violence<\/em>(1954); <em>Science and Human Values<\/em>(1958); <em>William Blake: The Penguin Poet Series(<\/em>1959); <em>The Western Intellectual Tradition, From Leonardo to Hegel<\/em>(1960); <em>Biography of an Atom<\/em>(1963); <em>Insight<\/em>(1964); <em>The Identity of Man<\/em>(1965 \u0219i 1972); <em>Nature and Knowledge: The Philosophy of Contemporary Science<\/em>(1969).<\/p>\n<p>ASCENSIUNEA OMULUI este o \u00eencercare ambi\u021bioas\u0103 de a prezenta istoria omului din perspectiva \u00eempletirii \u0219tiin\u021bei \u0219i artei. Elementele care au pondere \u00een prezent\u0103rile istorice clasice( r\u0103zboaie, condi\u021bion\u0103ri sociale \u0219i economice, personalit\u0103\u021bi politice proeminente) trec \u00een planul doi \u00een cartea lui Bronowski.<\/p>\n<p>\u201eO carte minunat\u0103\u2026care m-a \u00eenv\u0103\u021bat foarte multe lucruri despre rela\u021bia dintre istorie \u0219i\u00a0 \u0219tiin\u021b\u0103 .\u201d \u2013 <em>Simon Singh<\/em>.<\/p>\n<p>\u201eAceasta nu este doar o carte despre \u0219tiin\u021b\u0103, ci \u0219i o carte care ne spune de ce \u0219tiin\u021ba conteaz\u0103 \u0219i care este mesajul pe care aceasta ni-l transmite.\u201d \u2013 <em>Tim Radford, The Guardian<\/em>.<\/p>\n<p>\u00cen <em>Cuv\u00e2nt \u00eenainte<\/em> la acest volum, Richard Dawkins (pe care, apropo, nu-l simpatizez deloc) spune despre autor:<\/p>\n<p>\u201eSintagma \u201eultimul renascentist\u201d a devenit un cli\u0219eu, dar suntem gata s\u0103 iert\u0103m un cli\u0219eu \u00een rarele ocazii \u00een care acesta este adev\u0103rat. Cu siguran\u021b\u0103 este greu s\u0103 ne g\u00e2ndim la un candidat mai potrivit pentru aceast\u0103 distinc\u021bie dec\u00e2t Jacob Bronowski. Ve\u021bi mai g\u0103si savan\u021bi care se pot l\u0103uda, \u00een paralel, cu o cunoa\u0219tere profund\u0103 a artelor sau \u2013 \u00eentr-un astfel de caz \u2013 care combin\u0103 eminen\u021ba \u00een \u0219tiin\u021b\u0103 cu o cunoa\u0219tere superioar\u0103 a istoriei Chinei. Dar cine \u00een afar\u0103 de Bronowski mai poate \u00eembina f\u0103r\u0103 cusur g\u00e2ndirea \u0219tiin\u021bific\u0103 cu o cunoa\u0219tere profund\u0103 a istoriei, antropologiei culturale, literaturii \u0219i filosofiei ? Dar el o face cu dezinvoltur\u0103, f\u0103r\u0103 sfor\u021b\u0103ri, f\u0103r\u0103 s\u0103 dea vreodat\u0103 dovad\u0103 de cea mai mic\u0103 afectare. Bronowski se folose\u0219te de limba englez\u0103 \u2013 care nu este limba lui matern\u0103, fapt cu at\u00e2t mai remarcabil \u2013 la fel cum un pictor se folose\u0219te de pensul\u0103, ar\u0103t\u00e2ndu-\u0219i m\u0103iestria at\u00e2t pe p\u00e2nza \u00een ansamblu, c\u00e2t \u0219i \u00een ne\u00eentrecutele detalii miniaturale.\u201d(p.9).<\/p>\n<p>ASCENSIUNEA OMULUI urm\u0103re\u0219te, \u00eentr-un stil unic, dezvoltarea societ\u0103\u021bii umane prin prisma \u00een\u021belegerii \u0219tiin\u021bei. Cartea lui Jacob Bronowski, ce \u00eenso\u021be\u0219te renumitul documentar omonim BBC produs \u0219i prezentat de autor, a devenit un titlu de referin\u021b\u0103 datorit\u0103 perspectivei cuprinz\u0103toare asupra omului \u0219i datorit\u0103 felului \u00een care elucideaz\u0103 contextul social-istoric al dezvolt\u0103rii \u0219tiin\u021bei ca \u00eentreprindere pur uman\u0103. Discut\u00e2nd inventivitatea uman\u0103 de la uneltele de piatr\u0103 la geometrie, de la agricultur\u0103 la genetic\u0103 \u0219i de la alchimie la teoria relativit\u0103\u021bii, Bronowski arat\u0103 \u00een ce fel reprezint\u0103 acestea abilitatea noastr\u0103 de a \u00een\u021belege \u0219i controla natura.<\/p>\n<p>Cartea are 13 capitole:<\/p>\n<ul>\n<li><em>1 \u2013 Aproape de \u00eengeri;<\/em><\/li>\n<li><em>2 \u2013 Recolta anotimpurilor;<\/em><\/li>\n<li><em>3 \u2013 Gr\u0103untele din st\u00e2nc\u0103;<\/em><\/li>\n<li><em>4 \u2013 Structura ascuns\u0103;<\/em><\/li>\n<li><em>5 \u2013 Muzica sferelor;<\/em><\/li>\n<li><em>6 \u2013 Mesagerul stelelor;<\/em><\/li>\n<li><em>7 \u2013 Maiestuosul mecanism al lumii;<\/em><\/li>\n<li><em>8 \u2013 Dorin\u021ba de putere;<\/em><\/li>\n<li><em>9 \u2013 Scara crea\u021biei;<\/em><\/li>\n<li><em>10 \u2013 O lume \u00eenl\u0103untrul altei lumi;<\/em><\/li>\n<li><em>11 \u2013 Cunoa\u0219tere sau certitudine;<\/em><\/li>\n<li><em>12 \u2013 Genera\u021bie dup\u0103 genera\u021bie;<\/em><\/li>\n<li><em>13 \u2013 Copil\u0103ria \u00eendelungat\u0103<\/em>.<\/li>\n<\/ul>\n<p>O lectur\u0103 captivant\u0103, care \u00eembog\u0103\u021be\u0219te mintea. Dar nu uita\u021bi c\u0103 autorul este un evolu\u021bionist\u2026<\/p>\n<p>Spor la citit\u2026<\/p>\n<p><a href=\"https:\/\/www.facebook.com\/valeriu.petrescu.3\">Dr. Valeriu Petrescu<\/a><\/p>\n<\/div>\n<p class=\"wpematico_credit\"><small>Powered by <a href=\"http:\/\/www.wpematico.com\" target=\"_blank\" rel=\"noopener noreferrer\">WPeMatico<\/a><\/small><\/p>\n ","protected":false},"excerpt":{"rendered":"<p>Istoria omului, nu neap\u0103rat cea a omenirii, este fascinant\u0103. Aici exist\u0103 dou\u0103 perspective antagonice: una crea\u021bionist\u0103 \u0219i alta, \u00een diversele ei variante, evolu\u021bionist\u0103\u2026 ASCENSIUNEA OMULUI, de Jacob Bronowski, Editura Humanitas, 2018\u2026 Jacob Bronowski(1908-1974) s-a remarcat nu numai ca om de \u0219tiin\u021b\u0103, matematician sau istoric al \u0219tiin\u021belor, dar \u0219i ca dramaturg, poet \u0219i inventator. Este foarte &hellip; <a href=\"https:\/\/adventistoltenia.ro\/site\/sugestii-de-lectura-ascensiunea-omului\/\">Continued<\/a><\/p>\n","protected":false},"author":2,"featured_media":0,"comment_status":"open","ping_status":"closed","sticky":false,"template":"","format":"standard","meta":[],"categories":[71],"tags":[],"yoast_head":"<!-- This site is optimized with the Yoast SEO plugin v20.3 - https:\/\/yoast.com\/wordpress\/plugins\/seo\/ -->\n<title>Sugestii de lectur\u0103 \u2013 Ascensiunea omului - Conferinta Oltenia<\/title>\n<meta name=\"robots\" content=\"index, follow, max-snippet:-1, max-image-preview:large, max-video-preview:-1\" \/>\n<link rel=\"canonical\" href=\"https:\/\/adventistoltenia.ro\/site\/sugestii-de-lectura-ascensiunea-omului\/\" \/>\n<meta property=\"og:locale\" content=\"en_US\" \/>\n<meta property=\"og:type\" content=\"article\" \/>\n<meta property=\"og:title\" content=\"Sugestii de lectur\u0103 \u2013 Ascensiunea omului - Conferinta Oltenia\" \/>\n<meta property=\"og:description\" content=\"Istoria omului, nu neap\u0103rat cea a omenirii, este fascinant\u0103. Aici exist\u0103 dou\u0103 perspective antagonice: una crea\u021bionist\u0103 \u0219i alta, \u00een diversele ei variante, evolu\u021bionist\u0103\u2026 ASCENSIUNEA OMULUI, de Jacob Bronowski, Editura Humanitas, 2018\u2026 Jacob Bronowski(1908-1974) s-a remarcat nu numai ca om de \u0219tiin\u021b\u0103, matematician sau istoric al \u0219tiin\u021belor, dar \u0219i ca dramaturg, poet \u0219i inventator. Este foarte &hellip; Continued\" \/>\n<meta property=\"og:url\" content=\"https:\/\/adventistoltenia.ro\/site\/sugestii-de-lectura-ascensiunea-omului\/\" \/>\n<meta property=\"og:site_name\" content=\"Conferinta Oltenia\" \/>\n<meta property=\"article:published_time\" content=\"2019-11-18T01:08:35+00:00\" \/>\n<meta name=\"author\" content=\"Conferinta Oltenia\" \/>\n<meta name=\"twitter:card\" content=\"summary_large_image\" \/>\n<meta name=\"twitter:label1\" content=\"Written by\" \/>\n\t<meta name=\"twitter:data1\" content=\"Conferinta Oltenia\" \/>\n\t<meta name=\"twitter:label2\" content=\"Est. reading time\" \/>\n\t<meta name=\"twitter:data2\" content=\"4 minutes\" \/>\n<script type=\"application\/ld+json\" class=\"yoast-schema-graph\">{\"@context\":\"https:\/\/schema.org\",\"@graph\":[{\"@type\":\"WebPage\",\"@id\":\"https:\/\/adventistoltenia.ro\/site\/sugestii-de-lectura-ascensiunea-omului\/\",\"url\":\"https:\/\/adventistoltenia.ro\/site\/sugestii-de-lectura-ascensiunea-omului\/\",\"name\":\"Sugestii de lectur\u0103 \u2013 Ascensiunea omului - Conferinta Oltenia\",\"isPartOf\":{\"@id\":\"https:\/\/adventistoltenia.ro\/site\/#website\"},\"datePublished\":\"2019-11-18T01:08:35+00:00\",\"dateModified\":\"2019-11-18T01:08:35+00:00\",\"author\":{\"@id\":\"https:\/\/adventistoltenia.ro\/site\/#\/schema\/person\/81972d6ddcec064fcb37a129240ef9d7\"},\"breadcrumb\":{\"@id\":\"https:\/\/adventistoltenia.ro\/site\/sugestii-de-lectura-ascensiunea-omului\/#breadcrumb\"},\"inLanguage\":\"en-US\",\"potentialAction\":[{\"@type\":\"ReadAction\",\"target\":[\"https:\/\/adventistoltenia.ro\/site\/sugestii-de-lectura-ascensiunea-omului\/\"]}]},{\"@type\":\"BreadcrumbList\",\"@id\":\"https:\/\/adventistoltenia.ro\/site\/sugestii-de-lectura-ascensiunea-omului\/#breadcrumb\",\"itemListElement\":[{\"@type\":\"ListItem\",\"position\":1,\"name\":\"Home\",\"item\":\"https:\/\/adventistoltenia.ro\/site\/\"},{\"@type\":\"ListItem\",\"position\":2,\"name\":\"Sugestii de lectur\u0103 \u2013 Ascensiunea omului\"}]},{\"@type\":\"WebSite\",\"@id\":\"https:\/\/adventistoltenia.ro\/site\/#website\",\"url\":\"https:\/\/adventistoltenia.ro\/site\/\",\"name\":\"Conferinta Oltenia\",\"description\":\"Biserica Adventista de Ziua a Saptea\",\"potentialAction\":[{\"@type\":\"SearchAction\",\"target\":{\"@type\":\"EntryPoint\",\"urlTemplate\":\"https:\/\/adventistoltenia.ro\/site\/?s={search_term_string}\"},\"query-input\":\"required name=search_term_string\"}],\"inLanguage\":\"en-US\"},{\"@type\":\"Person\",\"@id\":\"https:\/\/adventistoltenia.ro\/site\/#\/schema\/person\/81972d6ddcec064fcb37a129240ef9d7\",\"name\":\"Conferinta Oltenia\",\"image\":{\"@type\":\"ImageObject\",\"inLanguage\":\"en-US\",\"@id\":\"https:\/\/adventistoltenia.ro\/site\/#\/schema\/person\/image\/\",\"url\":\"https:\/\/secure.gravatar.com\/avatar\/ebe92ec22e2e53a8eb79d6b52b724e27?s=96&d=mm&r=g\",\"contentUrl\":\"https:\/\/secure.gravatar.com\/avatar\/ebe92ec22e2e53a8eb79d6b52b724e27?s=96&d=mm&r=g\",\"caption\":\"Conferinta Oltenia\"},\"url\":\"https:\/\/adventistoltenia.ro\/site\/author\/adm1n\/\"}]}<\/script>\n<!-- \/ Yoast SEO plugin. -->","yoast_head_json":{"title":"Sugestii de lectur\u0103 \u2013 Ascensiunea omului - Conferinta Oltenia","robots":{"index":"index","follow":"follow","max-snippet":"max-snippet:-1","max-image-preview":"max-image-preview:large","max-video-preview":"max-video-preview:-1"},"canonical":"https:\/\/adventistoltenia.ro\/site\/sugestii-de-lectura-ascensiunea-omului\/","og_locale":"en_US","og_type":"article","og_title":"Sugestii de lectur\u0103 \u2013 Ascensiunea omului - Conferinta Oltenia","og_description":"Istoria omului, nu neap\u0103rat cea a omenirii, este fascinant\u0103. Aici exist\u0103 dou\u0103 perspective antagonice: una crea\u021bionist\u0103 \u0219i alta, \u00een diversele ei variante, evolu\u021bionist\u0103\u2026 ASCENSIUNEA OMULUI, de Jacob Bronowski, Editura Humanitas, 2018\u2026 Jacob Bronowski(1908-1974) s-a remarcat nu numai ca om de \u0219tiin\u021b\u0103, matematician sau istoric al \u0219tiin\u021belor, dar \u0219i ca dramaturg, poet \u0219i inventator. Este foarte &hellip; Continued","og_url":"https:\/\/adventistoltenia.ro\/site\/sugestii-de-lectura-ascensiunea-omului\/","og_site_name":"Conferinta Oltenia","article_published_time":"2019-11-18T01:08:35+00:00","author":"Conferinta Oltenia","twitter_card":"summary_large_image","twitter_misc":{"Written by":"Conferinta Oltenia","Est. reading time":"4 minutes"},"schema":{"@context":"https:\/\/schema.org","@graph":[{"@type":"WebPage","@id":"https:\/\/adventistoltenia.ro\/site\/sugestii-de-lectura-ascensiunea-omului\/","url":"https:\/\/adventistoltenia.ro\/site\/sugestii-de-lectura-ascensiunea-omului\/","name":"Sugestii de lectur\u0103 \u2013 Ascensiunea omului - Conferinta Oltenia","isPartOf":{"@id":"https:\/\/adventistoltenia.ro\/site\/#website"},"datePublished":"2019-11-18T01:08:35+00:00","dateModified":"2019-11-18T01:08:35+00:00","author":{"@id":"https:\/\/adventistoltenia.ro\/site\/#\/schema\/person\/81972d6ddcec064fcb37a129240ef9d7"},"breadcrumb":{"@id":"https:\/\/adventistoltenia.ro\/site\/sugestii-de-lectura-ascensiunea-omului\/#breadcrumb"},"inLanguage":"en-US","potentialAction":[{"@type":"ReadAction","target":["https:\/\/adventistoltenia.ro\/site\/sugestii-de-lectura-ascensiunea-omului\/"]}]},{"@type":"BreadcrumbList","@id":"https:\/\/adventistoltenia.ro\/site\/sugestii-de-lectura-ascensiunea-omului\/#breadcrumb","itemListElement":[{"@type":"ListItem","position":1,"name":"Home","item":"https:\/\/adventistoltenia.ro\/site\/"},{"@type":"ListItem","position":2,"name":"Sugestii de lectur\u0103 \u2013 Ascensiunea omului"}]},{"@type":"WebSite","@id":"https:\/\/adventistoltenia.ro\/site\/#website","url":"https:\/\/adventistoltenia.ro\/site\/","name":"Conferinta Oltenia","description":"Biserica Adventista de Ziua a Saptea","potentialAction":[{"@type":"SearchAction","target":{"@type":"EntryPoint","urlTemplate":"https:\/\/adventistoltenia.ro\/site\/?s={search_term_string}"},"query-input":"required name=search_term_string"}],"inLanguage":"en-US"},{"@type":"Person","@id":"https:\/\/adventistoltenia.ro\/site\/#\/schema\/person\/81972d6ddcec064fcb37a129240ef9d7","name":"Conferinta Oltenia","image":{"@type":"ImageObject","inLanguage":"en-US","@id":"https:\/\/adventistoltenia.ro\/site\/#\/schema\/person\/image\/","url":"https:\/\/secure.gravatar.com\/avatar\/ebe92ec22e2e53a8eb79d6b52b724e27?s=96&d=mm&r=g","contentUrl":"https:\/\/secure.gravatar.com\/avatar\/ebe92ec22e2e53a8eb79d6b52b724e27?s=96&d=mm&r=g","caption":"Conferinta Oltenia"},"url":"https:\/\/adventistoltenia.ro\/site\/author\/adm1n\/"}]}},"_links":{"self":[{"href":"https:\/\/adventistoltenia.ro\/site\/wp-json\/wp\/v2\/posts\/3054"}],"collection":[{"href":"https:\/\/adventistoltenia.ro\/site\/wp-json\/wp\/v2\/posts"}],"about":[{"href":"https:\/\/adventistoltenia.ro\/site\/wp-json\/wp\/v2\/types\/post"}],"author":[{"embeddable":true,"href":"https:\/\/adventistoltenia.ro\/site\/wp-json\/wp\/v2\/users\/2"}],"replies":[{"embeddable":true,"href":"https:\/\/adventistoltenia.ro\/site\/wp-json\/wp\/v2\/comments?post=3054"}],"version-history":[{"count":0,"href":"https:\/\/adventistoltenia.ro\/site\/wp-json\/wp\/v2\/posts\/3054\/revisions"}],"wp:attachment":[{"href":"https:\/\/adventistoltenia.ro\/site\/wp-json\/wp\/v2\/media?parent=3054"}],"wp:term":[{"taxonomy":"category","embeddable":true,"href":"https:\/\/adventistoltenia.ro\/site\/wp-json\/wp\/v2\/categories?post=3054"},{"taxonomy":"post_tag","embeddable":true,"href":"https:\/\/adventistoltenia.ro\/site\/wp-json\/wp\/v2\/tags?post=3054"}],"curies":[{"name":"wp","href":"https:\/\/api.w.org\/{rel}","templated":true}]}}