{"id":3055,"date":"2019-11-23T01:11:09","date_gmt":"2019-11-23T01:11:09","guid":{"rendered":"http:\/\/adventistoltenia.ro\/site\/dreptate-compasiune-dragoste-perspective-si-buget-adra-romania-2020\/"},"modified":"2019-11-23T01:11:09","modified_gmt":"2019-11-23T01:11:09","slug":"dreptate-compasiune-dragoste-perspective-si-buget-adra-romania-2020","status":"publish","type":"post","link":"https:\/\/adventistoltenia.ro\/site\/dreptate-compasiune-dragoste-perspective-si-buget-adra-romania-2020\/","title":{"rendered":"Dreptate. Compasiune. Dragoste: Perspective \u0219i buget ADRA Rom\u00e2nia 2020"},"content":{"rendered":"<div>\n<div>\n<p>Duminic\u0103, 17 noiembrie 2019, \u00een campusul <a rel=\"noreferrer noopener\" href=\"https:\/\/uadventus.ro\/\" target=\"_blank\">Universit\u0103\u021bii Adventus<\/a> din Cernica, Jude\u021bul Ilfov, a avut loc Adunarea General\u0103 a membrilor <strong>Agen\u021biei Adventiste pentru Dezvoltare, Refacere \u015fi Ajutor \u2013 ADRA Rom\u00e2nia<\/strong>, \u00een vederea evalu\u0103rii activit\u0103\u021bii organiza\u021biei pentru anul \u00een curs \u0219i a aprob\u0103rii bugetului de venituri \u0219i cheltuieli pentru anul 2020.<\/p>\n<p>\u00cen cadrul \u00eent\u00e2lnirii, s-au validat deciziile Consiliului Director, proiectele ADRA 2019 \u2013 2020, organigrama, grila \u0219i procentul de salarizare, raportul administratorului, bugetul de venituri \u0219i cheltuieli pentru anul 2020 \u0219i Cadrul Plan Strategic ADRA Rom\u00e2nia 2019 \u2013 2024, inclusiv rebrending ADRA: noul logo, noua declara\u021bie de viziune, noua declara\u021bie de misiune, noul motto, noile valori \u0219i noile principii opera\u021bionale ADRA Rom\u00e2nia.  <\/p>\n<figure class=\"wp-block-image\"><\/figure>\n<p>\u201dPrin schimb\u0103rile realizate \u00een anul 2019 \u00een ADRA Rom\u00e2nia (componen\u021ba \u0219i num\u0103rul membrilor BOARD \u2013 ului, elemente de identitate vizual\u0103 \u2013 rebrending, declara\u021bia de viziune, declara\u021bia de misiune, principiile opera\u021bionale, valorile \u0219i filosofia schimb\u0103rii) \u0219i prin adoptarea Cadrului Plan Strategic ADRA Rom\u00e2nia pe termen scurt \u0219i lung, recunoa\u0219tem faptul c\u0103 trebuie s\u0103 ne adapt\u0103m realit\u0103\u021bilor \u0219i s\u0103 eficientiz\u0103m resursele materiale \u0219i financiare \u00een vederea unui nou \u00eenceput pentru o finalitate bun\u0103. Apreciem \u0219i sus\u021binem echipa ADRA Rom\u00e2nia \u0219i tot ceea ce se \u00eent\u00e2mpl\u0103. Slujirea celor \u00een nevoie prin ADRA Rom\u00e2nia se dezvolt\u0103 de la an la an, strategia \u0219i eforturile fiind binecuv\u00e2ntate peste a\u0219tept\u0103ri prin resurse umane, materiale \u0219i financiare. Implicarea \u00een at\u00e2t de multe ac\u021biuni sociale reprezint\u0103 o recunoa\u0219tere a faptului c\u0103 locul nostru trebuie s\u0103 fie al\u0103turi de cei s\u0103rmani. ADRA face o lucrare foarte bun\u0103: este \u00een mijlocul oamenilor, descoper\u0103 nevoile lor \u0219i \u00eei ajut\u0103 \u00een \u00eemplinirea acestora. Aceasta este chemarea noastr\u0103! Ac\u021biunile ADRA, at\u00e2t de necesare \u00een contextual social actual, trebuie continuate \u0219i dezvoltate. Nu pot dec\u00e2t s\u0103-i felicit pe to\u021bi cei ce se al\u0103tur\u0103 acestor ini\u021biative \u0219i care doresc s\u0103 sus\u021bin\u0103 personal aceast\u0103 lucrare de slujire a semenilor \u0219i \u00een anul 2020\u201d a declarat Aurel Nea\u021bu, Pre\u0219edinte ADRA Rom\u00e2nia. <\/p>\n<figure class=\"wp-block-image\"><a href=\"http:\/\/adra.ro\/wp-content\/uploads\/2019\/11\/ADRA-Romania-motto-2019-1.jpg\" rel=\"lightbox[8102]\"><img decoding=\"async\" src=\"http:\/\/adventistoltenia.ro\/site\/wp-content\/uploads\/2019\/11\/ADRA-Romania-motto-2019-1-1013x1024.jpg\" alt=\"\" class=\"wp-image-8139\" srcset=\"http:\/\/adventistoltenia.ro\/site\/wp-content\/uploads\/2019\/11\/ADRA-Romania-motto-2019-1-1013x1024.jpg 1013w, http:\/\/adra.ro\/wp-content\/uploads\/2019\/11\/ADRA-Romania-motto-2019-1-247x250.jpg 247w, http:\/\/adra.ro\/wp-content\/uploads\/2019\/11\/ADRA-Romania-motto-2019-1-768x776.jpg 768w, http:\/\/adra.ro\/wp-content\/uploads\/2019\/11\/ADRA-Romania-motto-2019-1-50x50.jpg 50w, http:\/\/adra.ro\/wp-content\/uploads\/2019\/11\/ADRA-Romania-motto-2019-1.jpg 1200w\" sizes=\"(max-width: 1013px) 100vw, 1013px\"><\/a><figcaption>ADRA Romania motto<\/figcaption><\/figure>\n<p>\u201d\u00cen fiecare an, ADRA Rom\u00e2nia \u0219i-a dorit ca previziunile bugetare pentru anul urm\u0103tor s\u0103 fie dep\u0103\u0219ite, a\u0219a c\u0103 a \u00eencercat s\u0103 anticipeze reprezentativ \u0219i s\u0103 abordeze strategic viitorul. Situa\u021biile nea\u0219teptate de care suntem convin\u0219i c\u0103 nu vor ezita s\u0103 apar\u0103 nu ne vor \u00eensp\u0103im\u00e2nta, ci, ca de fiecare dat\u0103, ne vor da imboldul de a merge mai departe, mai \u00eencrez\u0103tori \u00een implementarea tuturor proiectelor mari \u0219i \u00eendr\u0103zne\u021be \u00een acord cu numele pe care \u00eel purt\u0103m: Agen\u021bia Adventist\u0103 pentru Dezvoltare, Refacere \u0219i Ajutor.\u00a0\u0218tim c\u0103 nu este u\u0219or, \u00eens\u0103 \u0219tim c\u0103 ADRA Rom\u00e2nia are o mul\u021bime de sponsori, parteneri \u0219i voluntari care fac ca lucrul acesta s\u0103 devin\u0103 o realitate. Dumnezeu r\u0103m\u00e2ne Partenerul nostru nev\u0103zut! Sunt at\u00e2\u021bia beneficiari care deja ne a\u0219teapt\u0103. V\u0103 mul\u021bumim pentru sus\u021binerea trecut\u0103, prezent\u0103 \u0219i viitoare!\u201d a declarat Robert Georgescu, Director Executiv ADRA Rom\u00e2nia.<\/p>\n<div class=\"wp-block-image\">\n<figure class=\"alignright\"><a href=\"http:\/\/adra.ro\/wp-content\/uploads\/2018\/05\/ADRA-Irak-child.jpg\" rel=\"lightbox[8102]\"><img decoding=\"async\" src=\"http:\/\/adventistoltenia.ro\/site\/wp-content\/uploads\/2019\/11\/ADRA-Irak-child-265x177.jpg\" alt=\"\" class=\"wp-image-6188\" srcset=\"http:\/\/adventistoltenia.ro\/site\/wp-content\/uploads\/2019\/11\/ADRA-Irak-child-265x177.jpg 265w, http:\/\/adra.ro\/wp-content\/uploads\/2018\/05\/ADRA-Irak-child-768x512.jpg 768w, http:\/\/adra.ro\/wp-content\/uploads\/2018\/05\/ADRA-Irak-child-1024x683.jpg 1024w\" sizes=\"(max-width: 265px) 100vw, 265px\"><\/a><figcaption>ADRA<\/figcaption><\/figure>\n<\/div>\n<p>Proiectele ADRA Rom\u00e2nia pentru anii 2019 \u2013 2020 se \u00eencadreaz\u0103 \u00een cele 5 direc\u021bii de ac\u021biune ale Agen\u021biei: Dezvoltare economic\u0103, Educa\u021bie \u0219i s\u0103n\u0103tate de baz\u0103, Lupta \u00eempotriva violen\u021bei \u00een familie, Asistarea victimelor dezastrelor naturale \u0219i Asistarea categoriilor sociale defavorizate.<\/p>\n<p>Dintre toate proiectele desf\u0103\u0219urate, proiectul ADRA <strong>\u201dVreau la \u0219coal\u0103!\u201d<\/strong> se remarc\u0103 printr-un num\u0103r mare de \u00eenscrieri de la an la an. Un num\u0103r de 362 de copii cu rezultate remarcabile la \u00eenv\u0103\u021b\u0103tur\u0103 au fost aproba\u021bi pentru a fi sus\u021binu\u021bi prin acest proiect \u00een anul \u0219colar 2019-2020. Proiectul ADRA<strong> \u201dVreau la \u0219coal\u0103!\u201d<\/strong> dore\u0219te s\u0103 sus\u021bin\u0103 la \u0219coal\u0103 copii cumin\u021bi, harnici, silitori, aprecia\u021bi de c\u0103tre autorit\u0103\u021bile locale \u0219i cu rezultate bune la \u00eenv\u0103\u021b\u0103tur\u0103, de\u0219i provin din familii vulnerabile.<\/p>\n<figure class=\"wp-block-image\"><a href=\"http:\/\/adra.ro\/wp-content\/uploads\/2019\/11\/ADRA-Horizontal-Logo.png\" rel=\"lightbox[8102]\"><img decoding=\"async\" src=\"http:\/\/adventistoltenia.ro\/site\/wp-content\/uploads\/2019\/11\/ADRA-Horizontal-Logo-1024x272.png\" alt=\"\" class=\"wp-image-8137\" srcset=\"http:\/\/adventistoltenia.ro\/site\/wp-content\/uploads\/2019\/11\/ADRA-Horizontal-Logo-1024x272.png 1024w, http:\/\/adra.ro\/wp-content\/uploads\/2019\/11\/ADRA-Horizontal-Logo-265x70.png 265w, http:\/\/adra.ro\/wp-content\/uploads\/2019\/11\/ADRA-Horizontal-Logo-768x204.png 768w, http:\/\/adra.ro\/wp-content\/uploads\/2019\/11\/ADRA-Horizontal-Logo.png 1200w\" sizes=\"(max-width: 1024px) 100vw, 1024px\"><\/a><\/figure>\n<p style=\"text-align:left\">\u201dCu ocazia adun\u0103rii generale a Consiliului Director ADRA Rom\u00e2nia din 17.11.2019 s-au studiat activitatea agen\u021biei din anul \u00een curs \u0219i perspectivele ce ne stau \u00een fa\u021b\u0103. Cre\u0219terea implic\u0103rii ADRA Rom\u00e2nia \u00een tot mai multe proiecte \u0219i nevoia de a ajunge la c\u00e2t mai multi oameni afla\u021bi \u00een nevoie a f\u0103cut necesar\u0103 m\u0103rirea num\u0103rului de membri ai BOARD-ului \u0219i o reevaluare a strategiei. Ne face pl\u0103cere \u00een continuare s\u0103 ne implic\u0103m c\u00e2t mai mult \u00een ajutorarea copiilor de a nu abandona \u0219coala, de\u0219i num\u0103rul \u0219colarilor sus\u021binu\u021bi este \u00eenc\u0103 mic fa\u021b\u0103 de nevoi. De asemenea, ADRA va men\u021bine tendin\u021ba de a schimba mentalit\u0103\u021bi \u0219i se va implica \u00een via\u021ba c\u00e2t mai multor persoane \u00een vederea dep\u0103\u0219irii s\u0103r\u0103ciei \u0219i nedrept\u0103\u021bii. Totu\u0219i doresc s\u0103 subliniez c\u0103 ADRA nu se va dezice de misiunea ei principal\u0103 \u0219i anume asisten\u021ba umanitar\u0103 \u00een caz de dezastre. Asigur\u0103m \u0219i de aceast\u0103 dat\u0103 c\u0103, de\u0219i suntem o organiza\u021bie adventist\u0103 de ziua a \u0219aptea, programele ADRA nu \u021bin \u0219i nu vor \u021bine cont de apartenen\u021ba religioas\u0103, at\u00e2t a partenerilor, c\u00e2t \u0219i a beneficiarilor\u201d a declarat Adrian Dragomir, Membru BOARD ADRA Rom\u00e2nia.<\/p>\n<div class=\"wp-block-image\">\n<figure class=\"alignleft is-resized\"><a href=\"http:\/\/adventistoltenia.ro\/site\/wp-content\/uploads\/2019\/11\/ADRA-Romania-Vertical-Logo-1.png\" rel=\"lightbox[8102]\"><img decoding=\"async\" loading=\"lazy\" src=\"http:\/\/adventistoltenia.ro\/site\/wp-content\/uploads\/2019\/11\/ADRA-Romania-Vertical-Logo-1.png\" alt=\"\" class=\"wp-image-8135\" width=\"227\" height=\"232\"><\/a><\/figure>\n<\/div>\n<p>\u00cencep\u00e2nd cu anul 1990, <strong>Agen\u0163ia Adventist\u0103 pentru Dezvoltare, Refacere \u015fi Ajutor \u2013 ADRA Rom\u00e2nia<\/strong> se implic\u0103 \u00een special \u00een proiecte de dezvoltare de care beneficiaz\u0103 \u00eentreaga popula\u021bie. Conduc\u00e2ndu-se \u00een proiectele asumate dup\u0103 motoul <strong>\u201dDreptate. Compasiune. Dragoste\u201d,<\/strong> ADRA Rom\u00e2nia aduce bucurie \u0219i speran\u021b\u0103 \u00een vie\u021bile beneficiarilor prin promovarea unui viitor mai bun, a valorilor \u0219i a demnit\u0103\u021bii umane. <strong>ADRA Rom\u00e2nia<\/strong> face parte din re\u021beaua <a rel=\"noreferrer noopener\" href=\"https:\/\/adra.org\/\" target=\"_blank\">ADRA Interna\u021bional<\/a>, una dintre cele mai r\u0103sp\u00e2ndite organiza\u021bii neguvernamentale din lume, fiind activ\u0103 \u00een peste 130 de \u021b\u0103ri \u0219i conduc\u00e2ndu-se dup\u0103 o filosofie care \u00eembin\u0103 compasiunea cu spiritul practic, adres\u00e2ndu-se oamenilor \u00een nevoie, f\u0103r\u0103 s\u0103 fac\u0103 deosebiri de ordin rasial, etnic, politic sau religios.<\/p>\n<figure class=\"wp-block-image\"><a href=\"http:\/\/adra.ro\/wp-content\/uploads\/2019\/11\/ADRA-Romania-BOARD-2019.jpg\" rel=\"lightbox[8102]\"><img decoding=\"async\" src=\"http:\/\/adventistoltenia.ro\/site\/wp-content\/uploads\/2019\/11\/ADRA-Romania-BOARD-2019-1024x768.jpg\" alt=\"\" class=\"wp-image-8125\" srcset=\"http:\/\/adventistoltenia.ro\/site\/wp-content\/uploads\/2019\/11\/ADRA-Romania-BOARD-2019-1024x768.jpg 1024w, http:\/\/adra.ro\/wp-content\/uploads\/2019\/11\/ADRA-Romania-BOARD-2019-265x199.jpg 265w, http:\/\/adra.ro\/wp-content\/uploads\/2019\/11\/ADRA-Romania-BOARD-2019-768x576.jpg 768w\" sizes=\"(max-width: 1024px) 100vw, 1024px\"><\/a><figcaption>BOARD ADRA ROMANIA<\/figcaption><\/figure>\n<figure class=\"wp-block-image\"><a href=\"http:\/\/adra.ro\/wp-content\/uploads\/2019\/11\/ADRA-Romania-echipa-regionala-2019.jpg\" rel=\"lightbox[8102]\"><img decoding=\"async\" src=\"http:\/\/adventistoltenia.ro\/site\/wp-content\/uploads\/2019\/11\/ADRA-Romania-echipa-regionala-2019-1024x768.jpg\" alt=\"\" class=\"wp-image-8127\" srcset=\"http:\/\/adventistoltenia.ro\/site\/wp-content\/uploads\/2019\/11\/ADRA-Romania-echipa-regionala-2019-1024x768.jpg 1024w, http:\/\/adra.ro\/wp-content\/uploads\/2019\/11\/ADRA-Romania-echipa-regionala-2019-265x199.jpg 265w, http:\/\/adra.ro\/wp-content\/uploads\/2019\/11\/ADRA-Romania-echipa-regionala-2019-768x576.jpg 768w\" sizes=\"(max-width: 1024px) 100vw, 1024px\"><\/a><figcaption>ECHIPA REGIONAL\u0102 ADRA ROM\u00c2NIA<\/figcaption><\/figure>\n<figure class=\"wp-block-image\"><a href=\"http:\/\/adra.ro\/wp-content\/uploads\/2019\/11\/ADRA-Romania-biroul-central-2019-1.jpg\" rel=\"lightbox[8102]\"><img decoding=\"async\" src=\"http:\/\/adventistoltenia.ro\/site\/wp-content\/uploads\/2019\/11\/ADRA-Romania-biroul-central-2019-1-1024x768.jpg\" alt=\"\" class=\"wp-image-8141\" srcset=\"http:\/\/adventistoltenia.ro\/site\/wp-content\/uploads\/2019\/11\/ADRA-Romania-biroul-central-2019-1-1024x768.jpg 1024w, http:\/\/adra.ro\/wp-content\/uploads\/2019\/11\/ADRA-Romania-biroul-central-2019-1-265x199.jpg 265w, http:\/\/adra.ro\/wp-content\/uploads\/2019\/11\/ADRA-Romania-biroul-central-2019-1-768x576.jpg 768w\" sizes=\"(max-width: 1024px) 100vw, 1024px\"><\/a><figcaption>BIROU CENTRAL ADRA ROM\u00c2NIA<\/figcaption><\/figure>\n<div class=\"wp-block-image\">\n<figure class=\"aligncenter is-resized\"><a href=\"http:\/\/adra.ro\/wp-content\/uploads\/2019\/11\/ADRA-Romania-moto-2019-verde.jpg\" rel=\"lightbox[8102]\"><img decoding=\"async\" loading=\"lazy\" src=\"http:\/\/adventistoltenia.ro\/site\/wp-content\/uploads\/2019\/11\/ADRA-Romania-moto-2019-verde-1024x768.jpg\" alt=\"\" class=\"wp-image-8133\" width=\"443\" height=\"333\" srcset=\"http:\/\/adventistoltenia.ro\/site\/wp-content\/uploads\/2019\/11\/ADRA-Romania-moto-2019-verde-1024x768.jpg 1024w, http:\/\/adra.ro\/wp-content\/uploads\/2019\/11\/ADRA-Romania-moto-2019-verde-265x199.jpg 265w, http:\/\/adra.ro\/wp-content\/uploads\/2019\/11\/ADRA-Romania-moto-2019-verde-768x576.jpg 768w\" sizes=\"(max-width: 443px) 100vw, 443px\"><\/a><\/figure>\n<\/div>\n<p>ADRA Rom\u00e2nia<\/p>\n<\/div>\n<p>Material preluat de pe  <a href=\"http:\/\/adra.ro\/stiri\/dreptate-compasiune-dragoste-perspective-si-buget-adra-romania-2020.html\" target=\"_blank\" rel=\"noopener noreferrer\">adra.ro\/stiri<\/a>.<\/p>\n<\/div>\n<p class=\"wpematico_credit\"><small>Powered by <a href=\"http:\/\/www.wpematico.com\" target=\"_blank\" rel=\"noopener noreferrer\">WPeMatico<\/a><\/small><\/p>\n ","protected":false},"excerpt":{"rendered":"<p>Duminic\u0103, 17 noiembrie 2019, \u00een campusul Universit\u0103\u021bii Adventus din Cernica, Jude\u021bul Ilfov, a avut loc Adunarea General\u0103 a membrilor Agen\u021biei Adventiste pentru Dezvoltare, Refacere \u015fi Ajutor \u2013 ADRA Rom\u00e2nia, \u00een vederea evalu\u0103rii activit\u0103\u021bii organiza\u021biei pentru anul \u00een curs \u0219i a aprob\u0103rii bugetului de venituri \u0219i cheltuieli pentru anul 2020. \u00cen cadrul \u00eent\u00e2lnirii, s-au validat deciziile &hellip; <a href=\"https:\/\/adventistoltenia.ro\/site\/dreptate-compasiune-dragoste-perspective-si-buget-adra-romania-2020\/\">Continued<\/a><\/p>\n","protected":false},"author":2,"featured_media":3056,"comment_status":"open","ping_status":"closed","sticky":false,"template":"","format":"standard","meta":[],"categories":[71],"tags":[],"yoast_head":"<!-- This site is optimized with the Yoast SEO plugin v20.3 - https:\/\/yoast.com\/wordpress\/plugins\/seo\/ -->\n<title>Dreptate. Compasiune. Dragoste: Perspective \u0219i buget ADRA Rom\u00e2nia 2020 - Conferinta Oltenia<\/title>\n<meta name=\"robots\" content=\"index, follow, max-snippet:-1, max-image-preview:large, max-video-preview:-1\" \/>\n<link rel=\"canonical\" href=\"https:\/\/adventistoltenia.ro\/site\/dreptate-compasiune-dragoste-perspective-si-buget-adra-romania-2020\/\" \/>\n<meta property=\"og:locale\" content=\"en_US\" \/>\n<meta property=\"og:type\" content=\"article\" \/>\n<meta property=\"og:title\" content=\"Dreptate. Compasiune. Dragoste: Perspective \u0219i buget ADRA Rom\u00e2nia 2020 - Conferinta Oltenia\" \/>\n<meta property=\"og:description\" content=\"Duminic\u0103, 17 noiembrie 2019, \u00een campusul Universit\u0103\u021bii Adventus din Cernica, Jude\u021bul Ilfov, a avut loc Adunarea General\u0103 a membrilor Agen\u021biei Adventiste pentru Dezvoltare, Refacere \u015fi Ajutor \u2013 ADRA Rom\u00e2nia, \u00een vederea evalu\u0103rii activit\u0103\u021bii organiza\u021biei pentru anul \u00een curs \u0219i a aprob\u0103rii bugetului de venituri \u0219i cheltuieli pentru anul 2020. \u00cen cadrul \u00eent\u00e2lnirii, s-au validat deciziile &hellip; Continued\" \/>\n<meta property=\"og:url\" content=\"https:\/\/adventistoltenia.ro\/site\/dreptate-compasiune-dragoste-perspective-si-buget-adra-romania-2020\/\" \/>\n<meta property=\"og:site_name\" content=\"Conferinta Oltenia\" \/>\n<meta property=\"article:published_time\" content=\"2019-11-23T01:11:09+00:00\" \/>\n<meta property=\"og:image\" content=\"https:\/\/adventistoltenia.ro\/site\/wp-content\/uploads\/2019\/11\/ADRA-Romania-motto-2019-1-1013x1024.jpg\" \/>\n\t<meta property=\"og:image:width\" content=\"1013\" \/>\n\t<meta property=\"og:image:height\" content=\"1024\" \/>\n\t<meta property=\"og:image:type\" content=\"image\/jpeg\" \/>\n<meta name=\"author\" content=\"Conferinta Oltenia\" \/>\n<meta name=\"twitter:card\" content=\"summary_large_image\" \/>\n<meta name=\"twitter:label1\" content=\"Written by\" \/>\n\t<meta name=\"twitter:data1\" content=\"Conferinta Oltenia\" \/>\n\t<meta name=\"twitter:label2\" content=\"Est. reading time\" \/>\n\t<meta name=\"twitter:data2\" content=\"5 minutes\" \/>\n<script type=\"application\/ld+json\" class=\"yoast-schema-graph\">{\"@context\":\"https:\/\/schema.org\",\"@graph\":[{\"@type\":\"WebPage\",\"@id\":\"https:\/\/adventistoltenia.ro\/site\/dreptate-compasiune-dragoste-perspective-si-buget-adra-romania-2020\/\",\"url\":\"https:\/\/adventistoltenia.ro\/site\/dreptate-compasiune-dragoste-perspective-si-buget-adra-romania-2020\/\",\"name\":\"Dreptate. Compasiune. Dragoste: Perspective \u0219i buget ADRA Rom\u00e2nia 2020 - Conferinta Oltenia\",\"isPartOf\":{\"@id\":\"https:\/\/adventistoltenia.ro\/site\/#website\"},\"datePublished\":\"2019-11-23T01:11:09+00:00\",\"dateModified\":\"2019-11-23T01:11:09+00:00\",\"author\":{\"@id\":\"https:\/\/adventistoltenia.ro\/site\/#\/schema\/person\/81972d6ddcec064fcb37a129240ef9d7\"},\"breadcrumb\":{\"@id\":\"https:\/\/adventistoltenia.ro\/site\/dreptate-compasiune-dragoste-perspective-si-buget-adra-romania-2020\/#breadcrumb\"},\"inLanguage\":\"en-US\",\"potentialAction\":[{\"@type\":\"ReadAction\",\"target\":[\"https:\/\/adventistoltenia.ro\/site\/dreptate-compasiune-dragoste-perspective-si-buget-adra-romania-2020\/\"]}]},{\"@type\":\"BreadcrumbList\",\"@id\":\"https:\/\/adventistoltenia.ro\/site\/dreptate-compasiune-dragoste-perspective-si-buget-adra-romania-2020\/#breadcrumb\",\"itemListElement\":[{\"@type\":\"ListItem\",\"position\":1,\"name\":\"Home\",\"item\":\"https:\/\/adventistoltenia.ro\/site\/\"},{\"@type\":\"ListItem\",\"position\":2,\"name\":\"Dreptate. Compasiune. Dragoste: Perspective \u0219i buget ADRA Rom\u00e2nia 2020\"}]},{\"@type\":\"WebSite\",\"@id\":\"https:\/\/adventistoltenia.ro\/site\/#website\",\"url\":\"https:\/\/adventistoltenia.ro\/site\/\",\"name\":\"Conferinta Oltenia\",\"description\":\"Biserica Adventista de Ziua a Saptea\",\"potentialAction\":[{\"@type\":\"SearchAction\",\"target\":{\"@type\":\"EntryPoint\",\"urlTemplate\":\"https:\/\/adventistoltenia.ro\/site\/?s={search_term_string}\"},\"query-input\":\"required name=search_term_string\"}],\"inLanguage\":\"en-US\"},{\"@type\":\"Person\",\"@id\":\"https:\/\/adventistoltenia.ro\/site\/#\/schema\/person\/81972d6ddcec064fcb37a129240ef9d7\",\"name\":\"Conferinta Oltenia\",\"image\":{\"@type\":\"ImageObject\",\"inLanguage\":\"en-US\",\"@id\":\"https:\/\/adventistoltenia.ro\/site\/#\/schema\/person\/image\/\",\"url\":\"https:\/\/secure.gravatar.com\/avatar\/ebe92ec22e2e53a8eb79d6b52b724e27?s=96&d=mm&r=g\",\"contentUrl\":\"https:\/\/secure.gravatar.com\/avatar\/ebe92ec22e2e53a8eb79d6b52b724e27?s=96&d=mm&r=g\",\"caption\":\"Conferinta Oltenia\"},\"url\":\"https:\/\/adventistoltenia.ro\/site\/author\/adm1n\/\"}]}<\/script>\n<!-- \/ Yoast SEO plugin. -->","yoast_head_json":{"title":"Dreptate. Compasiune. Dragoste: Perspective \u0219i buget ADRA Rom\u00e2nia 2020 - Conferinta Oltenia","robots":{"index":"index","follow":"follow","max-snippet":"max-snippet:-1","max-image-preview":"max-image-preview:large","max-video-preview":"max-video-preview:-1"},"canonical":"https:\/\/adventistoltenia.ro\/site\/dreptate-compasiune-dragoste-perspective-si-buget-adra-romania-2020\/","og_locale":"en_US","og_type":"article","og_title":"Dreptate. Compasiune. Dragoste: Perspective \u0219i buget ADRA Rom\u00e2nia 2020 - Conferinta Oltenia","og_description":"Duminic\u0103, 17 noiembrie 2019, \u00een campusul Universit\u0103\u021bii Adventus din Cernica, Jude\u021bul Ilfov, a avut loc Adunarea General\u0103 a membrilor Agen\u021biei Adventiste pentru Dezvoltare, Refacere \u015fi Ajutor \u2013 ADRA Rom\u00e2nia, \u00een vederea evalu\u0103rii activit\u0103\u021bii organiza\u021biei pentru anul \u00een curs \u0219i a aprob\u0103rii bugetului de venituri \u0219i cheltuieli pentru anul 2020. \u00cen cadrul \u00eent\u00e2lnirii, s-au validat deciziile &hellip; Continued","og_url":"https:\/\/adventistoltenia.ro\/site\/dreptate-compasiune-dragoste-perspective-si-buget-adra-romania-2020\/","og_site_name":"Conferinta Oltenia","article_published_time":"2019-11-23T01:11:09+00:00","og_image":[{"width":1013,"height":1024,"url":"https:\/\/adventistoltenia.ro\/site\/wp-content\/uploads\/2019\/11\/ADRA-Romania-motto-2019-1-1013x1024.jpg","type":"image\/jpeg"}],"author":"Conferinta Oltenia","twitter_card":"summary_large_image","twitter_misc":{"Written by":"Conferinta Oltenia","Est. reading time":"5 minutes"},"schema":{"@context":"https:\/\/schema.org","@graph":[{"@type":"WebPage","@id":"https:\/\/adventistoltenia.ro\/site\/dreptate-compasiune-dragoste-perspective-si-buget-adra-romania-2020\/","url":"https:\/\/adventistoltenia.ro\/site\/dreptate-compasiune-dragoste-perspective-si-buget-adra-romania-2020\/","name":"Dreptate. Compasiune. Dragoste: Perspective \u0219i buget ADRA Rom\u00e2nia 2020 - Conferinta Oltenia","isPartOf":{"@id":"https:\/\/adventistoltenia.ro\/site\/#website"},"datePublished":"2019-11-23T01:11:09+00:00","dateModified":"2019-11-23T01:11:09+00:00","author":{"@id":"https:\/\/adventistoltenia.ro\/site\/#\/schema\/person\/81972d6ddcec064fcb37a129240ef9d7"},"breadcrumb":{"@id":"https:\/\/adventistoltenia.ro\/site\/dreptate-compasiune-dragoste-perspective-si-buget-adra-romania-2020\/#breadcrumb"},"inLanguage":"en-US","potentialAction":[{"@type":"ReadAction","target":["https:\/\/adventistoltenia.ro\/site\/dreptate-compasiune-dragoste-perspective-si-buget-adra-romania-2020\/"]}]},{"@type":"BreadcrumbList","@id":"https:\/\/adventistoltenia.ro\/site\/dreptate-compasiune-dragoste-perspective-si-buget-adra-romania-2020\/#breadcrumb","itemListElement":[{"@type":"ListItem","position":1,"name":"Home","item":"https:\/\/adventistoltenia.ro\/site\/"},{"@type":"ListItem","position":2,"name":"Dreptate. Compasiune. Dragoste: Perspective \u0219i buget ADRA Rom\u00e2nia 2020"}]},{"@type":"WebSite","@id":"https:\/\/adventistoltenia.ro\/site\/#website","url":"https:\/\/adventistoltenia.ro\/site\/","name":"Conferinta Oltenia","description":"Biserica Adventista de Ziua a Saptea","potentialAction":[{"@type":"SearchAction","target":{"@type":"EntryPoint","urlTemplate":"https:\/\/adventistoltenia.ro\/site\/?s={search_term_string}"},"query-input":"required name=search_term_string"}],"inLanguage":"en-US"},{"@type":"Person","@id":"https:\/\/adventistoltenia.ro\/site\/#\/schema\/person\/81972d6ddcec064fcb37a129240ef9d7","name":"Conferinta Oltenia","image":{"@type":"ImageObject","inLanguage":"en-US","@id":"https:\/\/adventistoltenia.ro\/site\/#\/schema\/person\/image\/","url":"https:\/\/secure.gravatar.com\/avatar\/ebe92ec22e2e53a8eb79d6b52b724e27?s=96&d=mm&r=g","contentUrl":"https:\/\/secure.gravatar.com\/avatar\/ebe92ec22e2e53a8eb79d6b52b724e27?s=96&d=mm&r=g","caption":"Conferinta Oltenia"},"url":"https:\/\/adventistoltenia.ro\/site\/author\/adm1n\/"}]}},"_links":{"self":[{"href":"https:\/\/adventistoltenia.ro\/site\/wp-json\/wp\/v2\/posts\/3055"}],"collection":[{"href":"https:\/\/adventistoltenia.ro\/site\/wp-json\/wp\/v2\/posts"}],"about":[{"href":"https:\/\/adventistoltenia.ro\/site\/wp-json\/wp\/v2\/types\/post"}],"author":[{"embeddable":true,"href":"https:\/\/adventistoltenia.ro\/site\/wp-json\/wp\/v2\/users\/2"}],"replies":[{"embeddable":true,"href":"https:\/\/adventistoltenia.ro\/site\/wp-json\/wp\/v2\/comments?post=3055"}],"version-history":[{"count":0,"href":"https:\/\/adventistoltenia.ro\/site\/wp-json\/wp\/v2\/posts\/3055\/revisions"}],"wp:featuredmedia":[{"embeddable":true,"href":"https:\/\/adventistoltenia.ro\/site\/wp-json\/wp\/v2\/media\/3056"}],"wp:attachment":[{"href":"https:\/\/adventistoltenia.ro\/site\/wp-json\/wp\/v2\/media?parent=3055"}],"wp:term":[{"taxonomy":"category","embeddable":true,"href":"https:\/\/adventistoltenia.ro\/site\/wp-json\/wp\/v2\/categories?post=3055"},{"taxonomy":"post_tag","embeddable":true,"href":"https:\/\/adventistoltenia.ro\/site\/wp-json\/wp\/v2\/tags?post=3055"}],"curies":[{"name":"wp","href":"https:\/\/api.w.org\/{rel}","templated":true}]}}