{"id":3064,"date":"2019-11-25T01:24:10","date_gmt":"2019-11-25T01:24:10","guid":{"rendered":"http:\/\/adventistoltenia.ro\/site\/sugestii-de-lectura-istoria-conflictului-dintre-religie-si-stiinta\/"},"modified":"2019-11-25T01:24:10","modified_gmt":"2019-11-25T01:24:10","slug":"sugestii-de-lectura-istoria-conflictului-dintre-religie-si-stiinta","status":"publish","type":"post","link":"https:\/\/adventistoltenia.ro\/site\/sugestii-de-lectura-istoria-conflictului-dintre-religie-si-stiinta\/","title":{"rendered":"Sugestii de lectur\u0103 \u2013 Istoria conflictului dintre religie \u0219i \u0219tiin\u021b\u0103"},"content":{"rendered":"<div>\n<p>Presupusul conflict dintre \u0219tiin\u021b\u0103 \u0219i religie este un subiect peren. Doar c\u0103 el nu exist\u0103, \u00een schimb exist\u0103 un conflict \u00eentre religie \u0219i o anume filozofie a \u0219tiin\u021bei\u2026<\/p>\n<p>ISTORIA CONFLICTULUI DINTRE RELIGIE \u0218I \u0218TIIN\u021a\u0102, de John William Draper, Editura Herald, 2019\u2026<\/p>\n<p><strong>John William Draper<\/strong> ( 1811 \u20131882) a fost un om de \u0219tiin\u021b\u0103, filosof, chimist, istoric \u0219i fotograf, n\u0103scut \u00een Anglia \u0219i tr\u0103ind mult timp \u00een Statele Unite. Este primul care realizeaz\u0103 o fotografie portret \u0219i prima fotografie a lunii. A fost, de asemenea, primul pre\u0219edinte al <em>American Chemical Society<\/em> \u0219i unul dintre fondatorii <em>New York University School of Medicine.<\/em> A fost membru al\u00a0 <em>National Academy of Sciences<\/em>.<\/p>\n<p>Lucrarea sa, <em>The History of the Conflict between Religion and Science<\/em>(adic\u0103 prezenta lucrare) a devenit celebr\u0103 \u0219i a fost tradus\u0103 \u00eentr-o mul\u021bime de limbi. A tot fost reeditat\u0103 \u00een peste 50 de edi\u021bii numai \u00een Statele Unite.<\/p>\n<p>Tat\u0103l s\u0103u era pastor Wesleyan, astfel c\u0103 familia s-a tot mutat \u00een diferite locuri. Draper a studiat la <em>Woodhouse Grove School<\/em> \u0219i apoi la <em>University College London<\/em>.<\/p>\n<p>A publicat o mul\u021bime de c\u0103r\u021bi \u0219tiin\u021bifice \u0219i a abordat \u0219i alte domenii care l-au interesat. Dintre aceste lucr\u0103ri men\u021bionez: <em>The History of the Intellectual Development of Europe<\/em> (1862); <em>History of the American Civil War<\/em> (3 vol., 1867\u20131870); \u00a0<em>History of the Conflict between Religion and Science<\/em> (1874).<\/p>\n<p>ISTORIA CONFLICTULUI DINTRE RELIGIE \u0218I \u0218TIIN\u021a\u0102 examineaz\u0103 rela\u021bia dintre religie \u0219i \u0219tiin\u021b\u0103 din perspectiva tezei conflictului dintre cele dou\u0103. El neag\u0103 ideea armoniei celor dou\u0103 \u0219i prezint\u0103 istoria \u0219tiin\u021bei ca fiind: \u201enu ca relatarea unor descoperiri izolate, ci ca o nara\u021biune a conflictului \u00eentre dou\u0103 puteri opuse, for\u021ba expansiv\u0103 a intelectului uman de o parte, \u0219i constr\u00e2ngerea exercitat\u0103 de credin\u021ba tradi\u021bional\u0103 \u0219i de interesele omene\u0219ti ale altora\u201d. Dup\u0103 ce subliniaz\u0103 originea \u0219tiin\u021bei \u00een filosofia antic\u0103 greac\u0103, Draper prezint\u0103 dezvoltarea cre\u0219tinismului care, zice el, a condus la represiunea \u0219tiin\u021bei.<\/p>\n<p>\u00cen <em>Cuv\u00e2nt \u00eenainte<\/em>, Ovidiu Morar, el \u00eensu\u0219i autor al unei <em>Istorii a ateismului<\/em>, spune: \u201ePublicat\u0103 la New York \u00een 1874, cartea chimistului anglo-american John William Draper cu titlul provocator ISTORIA CONFLICTULUI DINTRE RELIGIE \u0218I \u0218TIIN\u021a\u0102 s-a bucurat de la bun \u00eenceput, dup\u0103 cum era \u0219i firesc, de un r\u0103sun\u0103tor ecou. De\u0219i erau de mult\u0103 vreme cunoscute persecu\u021biile religioase suferite de filosofi \u0219i de oameni de \u0219tiin\u021b\u0103 renumi\u021bi ca Giordano Bruno, Galileo Galilei sau Miguel Servet, iar preceptul \u201ecrede \u0219i nu cerceta\u201d era unul dintre fundamentele teologiei cre\u0219tine cvasi-unanim acceptate, ideea unui antagonism <em>per se<\/em> \u00eentre \u0219tiin\u021b\u0103 \u0219i religie, adic\u0103 \u00eentre dou\u0103 paradigme epistemiologice esen\u021bial diferite, nu fusese formulat\u0103 p\u00e2n\u0103 atunci at\u00e2t de peremptoriu \u0219i cu argumente at\u00e2t de bogate din \u00eentreaga istorie a Europei cre\u0219tine.\u201d(p.5).<\/p>\n<p>Iat\u0103 cum \u00ee\u0219i motiveaz\u0103 autorul \u00eensu\u0219i demersul: \u201eAntagonismul la care asist\u0103m a\u0219adar \u00eentre Religie \u0219i \u0218tiin\u021ba este continuarea unei lupte care a debutat atunci c\u00e2nd cre\u0219tinismul a \u00eenceput s\u0103 capete putere politic\u0103. O revela\u021bie divin\u0103 trebuie s\u0103 fie \u00een mod necesar intolerant\u0103 cu orice contradic\u021bie; ea trebuie s\u0103 resping\u0103 orice evolu\u021bie \u0219i s\u0103 priveasc\u0103 dispre\u021buitor rezultatul progresivei dezvolt\u0103ri intelectuale a omului. \u00cens\u0103 opiniile noastre despre orice subiect sunt \u00eencontinuu supuse modific\u0103rii ca urmare a progresului nest\u0103vilit al cunoa\u0219terii umane. Putem oare exagera importan\u021ba unei dispute la care orice fiin\u021b\u0103 g\u00e2nditoare trebuie s\u0103 ia parte, cu sau f\u0103r\u0103 voia sa ? \u00centr-o problem\u0103 at\u00e2t de serioas\u0103 cum e cea a religiei, to\u021bi oamenii ale c\u0103ror interese lume\u0219ti nu sunt legate de institu\u021biile existente doresc cu toat\u0103 onestitatea s\u0103 afle adev\u0103rul. Ei vor s\u0103 afle informa\u021bii at\u00e2t despre subiectele disputei, c\u00e2t \u0219i despre atitudinea celor afla\u021bi \u00een disput\u0103.\u201d(p.11-12).<\/p>\n<p>Se poate observa pozi\u021bionarea rigid\u0103 a autorului de partea \u0219tiin\u021bei, a\u0219a cum ar\u0103ta aceasta la vremea aceea. Tocmai aceast\u0103 perspectiv\u0103 face lectura interesant\u0103, fiindc\u0103 ne ofer\u0103 ocazia s\u0103 mergem c\u0103tre \u00eenceputul acestei dispute mai degrab\u0103 filosofic\u0103 dec\u00e2t \u0219tiin\u021bific\u0103.<\/p>\n<p>O trecere \u00een revist\u0103 a titlurilor celor 12 capitole care compun cartea este revelatoare:<\/p>\n<ul>\n<li><em>1 \u2013 Originile \u0219tiin\u021bei;<\/em><\/li>\n<li><em>2 \u2013 Originea cre\u0219tinismului. Transformarea lui dup\u0103 dob\u00e2ndirea puterii imperiale. Raporturile lui cu \u0219tiin\u021ba;<\/em><\/li>\n<li><em>3 \u2013 Conflictul referitor la dogma unit\u0103\u021bii lui Dumnezeu \u2013 Prima reform\u0103 sau reforma sudic\u0103;<\/em><\/li>\n<li><em>4 \u2013 Restaurarea \u0219tiin\u021bei \u00een sud;<\/em><\/li>\n<li><em>5 \u2013Conflictul referitor la natura sufletului. Teoria eman\u0103rii \u0219i a resorb\u021biei;<\/em><\/li>\n<li><em>6 \u2013 Conflictul referitor la natura lumii;<\/em><\/li>\n<li><em>7 \u2013 Controversa cu privire la v\u00e2rsta p\u0103m\u00e2ntului;<\/em><\/li>\n<li><em>8 \u2013 Conflictul referitor la criteriul adev\u0103rului;<\/em><\/li>\n<li><em>9 \u2013 Controversa cu privire la guvernarea universului;<\/em><\/li>\n<li><em>10 \u2013 Cre\u0219tinismul latin \u00een rela\u021bie cu civiliza\u021bia modern\u0103;<\/em><\/li>\n<li><em>11 \u2013 \u0218tiin\u021ba \u00een raport cu civiliza\u021bia modern\u0103;<\/em><\/li>\n<li><em>12 \u2013 Criza iminent\u0103.<\/em><\/li>\n<\/ul>\n<p>Cititorul avizat va constata c\u0103\u201emarile nout\u0103\u021bi\u201d pe care unii, nemul\u021bumi\u021bi de \u00a0ne\u00eemp\u0103carea cu propria lor con\u0219tiin\u021b\u0103, le propag\u0103 ca fiind descoperiri \u201ede ultim\u0103 or\u0103\u201d, sunt doar reluarea unor critici ap\u0103rute \u00eentr-o perioad\u0103 \u00een care se p\u0103rea c\u0103 \u0219tiin\u021ba are toate r\u0103spunsurile\u2026ceea ce s-a dovedit \u00eentre timp a fi iluzoriu.<\/p>\n<p>O lectur\u0103 util\u0103, tocmai fiindc\u0103 prive\u0219te o expunere polemic\u0103\u2026<\/p>\n<p><a href=\"https:\/\/www.facebook.com\/valeriu.petrescu.3\">Dr. Valeriu Petrescu<\/a><\/p>\n<\/div>\n<p class=\"wpematico_credit\"><small>Powered by <a href=\"http:\/\/www.wpematico.com\" target=\"_blank\" rel=\"noopener noreferrer\">WPeMatico<\/a><\/small><\/p>\n ","protected":false},"excerpt":{"rendered":"<p>Presupusul conflict dintre \u0219tiin\u021b\u0103 \u0219i religie este un subiect peren. Doar c\u0103 el nu exist\u0103, \u00een schimb exist\u0103 un conflict \u00eentre religie \u0219i o anume filozofie a \u0219tiin\u021bei\u2026 ISTORIA CONFLICTULUI DINTRE RELIGIE \u0218I \u0218TIIN\u021a\u0102, de John William Draper, Editura Herald, 2019\u2026 John William Draper ( 1811 \u20131882) a fost un om de \u0219tiin\u021b\u0103, filosof, chimist, &hellip; <a href=\"https:\/\/adventistoltenia.ro\/site\/sugestii-de-lectura-istoria-conflictului-dintre-religie-si-stiinta\/\">Continued<\/a><\/p>\n","protected":false},"author":2,"featured_media":0,"comment_status":"open","ping_status":"closed","sticky":false,"template":"","format":"standard","meta":[],"categories":[71],"tags":[],"yoast_head":"<!-- This site is optimized with the Yoast SEO plugin v20.3 - https:\/\/yoast.com\/wordpress\/plugins\/seo\/ -->\n<title>Sugestii de lectur\u0103 \u2013 Istoria conflictului dintre religie \u0219i \u0219tiin\u021b\u0103 - Conferinta Oltenia<\/title>\n<meta name=\"robots\" content=\"index, follow, max-snippet:-1, max-image-preview:large, max-video-preview:-1\" \/>\n<link rel=\"canonical\" href=\"https:\/\/adventistoltenia.ro\/site\/sugestii-de-lectura-istoria-conflictului-dintre-religie-si-stiinta\/\" \/>\n<meta property=\"og:locale\" content=\"en_US\" \/>\n<meta property=\"og:type\" content=\"article\" \/>\n<meta property=\"og:title\" content=\"Sugestii de lectur\u0103 \u2013 Istoria conflictului dintre religie \u0219i \u0219tiin\u021b\u0103 - Conferinta Oltenia\" \/>\n<meta property=\"og:description\" content=\"Presupusul conflict dintre \u0219tiin\u021b\u0103 \u0219i religie este un subiect peren. Doar c\u0103 el nu exist\u0103, \u00een schimb exist\u0103 un conflict \u00eentre religie \u0219i o anume filozofie a \u0219tiin\u021bei\u2026 ISTORIA CONFLICTULUI DINTRE RELIGIE \u0218I \u0218TIIN\u021a\u0102, de John William Draper, Editura Herald, 2019\u2026 John William Draper ( 1811 \u20131882) a fost un om de \u0219tiin\u021b\u0103, filosof, chimist, &hellip; Continued\" \/>\n<meta property=\"og:url\" content=\"https:\/\/adventistoltenia.ro\/site\/sugestii-de-lectura-istoria-conflictului-dintre-religie-si-stiinta\/\" \/>\n<meta property=\"og:site_name\" content=\"Conferinta Oltenia\" \/>\n<meta property=\"article:published_time\" content=\"2019-11-25T01:24:10+00:00\" \/>\n<meta name=\"author\" content=\"Conferinta Oltenia\" \/>\n<meta name=\"twitter:card\" content=\"summary_large_image\" \/>\n<meta name=\"twitter:label1\" content=\"Written by\" \/>\n\t<meta name=\"twitter:data1\" content=\"Conferinta Oltenia\" \/>\n\t<meta name=\"twitter:label2\" content=\"Est. reading time\" \/>\n\t<meta name=\"twitter:data2\" content=\"4 minutes\" \/>\n<script type=\"application\/ld+json\" class=\"yoast-schema-graph\">{\"@context\":\"https:\/\/schema.org\",\"@graph\":[{\"@type\":\"WebPage\",\"@id\":\"https:\/\/adventistoltenia.ro\/site\/sugestii-de-lectura-istoria-conflictului-dintre-religie-si-stiinta\/\",\"url\":\"https:\/\/adventistoltenia.ro\/site\/sugestii-de-lectura-istoria-conflictului-dintre-religie-si-stiinta\/\",\"name\":\"Sugestii de lectur\u0103 \u2013 Istoria conflictului dintre religie \u0219i \u0219tiin\u021b\u0103 - Conferinta Oltenia\",\"isPartOf\":{\"@id\":\"https:\/\/adventistoltenia.ro\/site\/#website\"},\"datePublished\":\"2019-11-25T01:24:10+00:00\",\"dateModified\":\"2019-11-25T01:24:10+00:00\",\"author\":{\"@id\":\"https:\/\/adventistoltenia.ro\/site\/#\/schema\/person\/81972d6ddcec064fcb37a129240ef9d7\"},\"breadcrumb\":{\"@id\":\"https:\/\/adventistoltenia.ro\/site\/sugestii-de-lectura-istoria-conflictului-dintre-religie-si-stiinta\/#breadcrumb\"},\"inLanguage\":\"en-US\",\"potentialAction\":[{\"@type\":\"ReadAction\",\"target\":[\"https:\/\/adventistoltenia.ro\/site\/sugestii-de-lectura-istoria-conflictului-dintre-religie-si-stiinta\/\"]}]},{\"@type\":\"BreadcrumbList\",\"@id\":\"https:\/\/adventistoltenia.ro\/site\/sugestii-de-lectura-istoria-conflictului-dintre-religie-si-stiinta\/#breadcrumb\",\"itemListElement\":[{\"@type\":\"ListItem\",\"position\":1,\"name\":\"Home\",\"item\":\"https:\/\/adventistoltenia.ro\/site\/\"},{\"@type\":\"ListItem\",\"position\":2,\"name\":\"Sugestii de lectur\u0103 \u2013 Istoria conflictului dintre religie \u0219i \u0219tiin\u021b\u0103\"}]},{\"@type\":\"WebSite\",\"@id\":\"https:\/\/adventistoltenia.ro\/site\/#website\",\"url\":\"https:\/\/adventistoltenia.ro\/site\/\",\"name\":\"Conferinta Oltenia\",\"description\":\"Biserica Adventista de Ziua a Saptea\",\"potentialAction\":[{\"@type\":\"SearchAction\",\"target\":{\"@type\":\"EntryPoint\",\"urlTemplate\":\"https:\/\/adventistoltenia.ro\/site\/?s={search_term_string}\"},\"query-input\":\"required name=search_term_string\"}],\"inLanguage\":\"en-US\"},{\"@type\":\"Person\",\"@id\":\"https:\/\/adventistoltenia.ro\/site\/#\/schema\/person\/81972d6ddcec064fcb37a129240ef9d7\",\"name\":\"Conferinta Oltenia\",\"image\":{\"@type\":\"ImageObject\",\"inLanguage\":\"en-US\",\"@id\":\"https:\/\/adventistoltenia.ro\/site\/#\/schema\/person\/image\/\",\"url\":\"https:\/\/secure.gravatar.com\/avatar\/ebe92ec22e2e53a8eb79d6b52b724e27?s=96&d=mm&r=g\",\"contentUrl\":\"https:\/\/secure.gravatar.com\/avatar\/ebe92ec22e2e53a8eb79d6b52b724e27?s=96&d=mm&r=g\",\"caption\":\"Conferinta Oltenia\"},\"url\":\"https:\/\/adventistoltenia.ro\/site\/author\/adm1n\/\"}]}<\/script>\n<!-- \/ Yoast SEO plugin. -->","yoast_head_json":{"title":"Sugestii de lectur\u0103 \u2013 Istoria conflictului dintre religie \u0219i \u0219tiin\u021b\u0103 - Conferinta Oltenia","robots":{"index":"index","follow":"follow","max-snippet":"max-snippet:-1","max-image-preview":"max-image-preview:large","max-video-preview":"max-video-preview:-1"},"canonical":"https:\/\/adventistoltenia.ro\/site\/sugestii-de-lectura-istoria-conflictului-dintre-religie-si-stiinta\/","og_locale":"en_US","og_type":"article","og_title":"Sugestii de lectur\u0103 \u2013 Istoria conflictului dintre religie \u0219i \u0219tiin\u021b\u0103 - Conferinta Oltenia","og_description":"Presupusul conflict dintre \u0219tiin\u021b\u0103 \u0219i religie este un subiect peren. Doar c\u0103 el nu exist\u0103, \u00een schimb exist\u0103 un conflict \u00eentre religie \u0219i o anume filozofie a \u0219tiin\u021bei\u2026 ISTORIA CONFLICTULUI DINTRE RELIGIE \u0218I \u0218TIIN\u021a\u0102, de John William Draper, Editura Herald, 2019\u2026 John William Draper ( 1811 \u20131882) a fost un om de \u0219tiin\u021b\u0103, filosof, chimist, &hellip; Continued","og_url":"https:\/\/adventistoltenia.ro\/site\/sugestii-de-lectura-istoria-conflictului-dintre-religie-si-stiinta\/","og_site_name":"Conferinta Oltenia","article_published_time":"2019-11-25T01:24:10+00:00","author":"Conferinta Oltenia","twitter_card":"summary_large_image","twitter_misc":{"Written by":"Conferinta Oltenia","Est. reading time":"4 minutes"},"schema":{"@context":"https:\/\/schema.org","@graph":[{"@type":"WebPage","@id":"https:\/\/adventistoltenia.ro\/site\/sugestii-de-lectura-istoria-conflictului-dintre-religie-si-stiinta\/","url":"https:\/\/adventistoltenia.ro\/site\/sugestii-de-lectura-istoria-conflictului-dintre-religie-si-stiinta\/","name":"Sugestii de lectur\u0103 \u2013 Istoria conflictului dintre religie \u0219i \u0219tiin\u021b\u0103 - Conferinta Oltenia","isPartOf":{"@id":"https:\/\/adventistoltenia.ro\/site\/#website"},"datePublished":"2019-11-25T01:24:10+00:00","dateModified":"2019-11-25T01:24:10+00:00","author":{"@id":"https:\/\/adventistoltenia.ro\/site\/#\/schema\/person\/81972d6ddcec064fcb37a129240ef9d7"},"breadcrumb":{"@id":"https:\/\/adventistoltenia.ro\/site\/sugestii-de-lectura-istoria-conflictului-dintre-religie-si-stiinta\/#breadcrumb"},"inLanguage":"en-US","potentialAction":[{"@type":"ReadAction","target":["https:\/\/adventistoltenia.ro\/site\/sugestii-de-lectura-istoria-conflictului-dintre-religie-si-stiinta\/"]}]},{"@type":"BreadcrumbList","@id":"https:\/\/adventistoltenia.ro\/site\/sugestii-de-lectura-istoria-conflictului-dintre-religie-si-stiinta\/#breadcrumb","itemListElement":[{"@type":"ListItem","position":1,"name":"Home","item":"https:\/\/adventistoltenia.ro\/site\/"},{"@type":"ListItem","position":2,"name":"Sugestii de lectur\u0103 \u2013 Istoria conflictului dintre religie \u0219i \u0219tiin\u021b\u0103"}]},{"@type":"WebSite","@id":"https:\/\/adventistoltenia.ro\/site\/#website","url":"https:\/\/adventistoltenia.ro\/site\/","name":"Conferinta Oltenia","description":"Biserica Adventista de Ziua a Saptea","potentialAction":[{"@type":"SearchAction","target":{"@type":"EntryPoint","urlTemplate":"https:\/\/adventistoltenia.ro\/site\/?s={search_term_string}"},"query-input":"required name=search_term_string"}],"inLanguage":"en-US"},{"@type":"Person","@id":"https:\/\/adventistoltenia.ro\/site\/#\/schema\/person\/81972d6ddcec064fcb37a129240ef9d7","name":"Conferinta Oltenia","image":{"@type":"ImageObject","inLanguage":"en-US","@id":"https:\/\/adventistoltenia.ro\/site\/#\/schema\/person\/image\/","url":"https:\/\/secure.gravatar.com\/avatar\/ebe92ec22e2e53a8eb79d6b52b724e27?s=96&d=mm&r=g","contentUrl":"https:\/\/secure.gravatar.com\/avatar\/ebe92ec22e2e53a8eb79d6b52b724e27?s=96&d=mm&r=g","caption":"Conferinta Oltenia"},"url":"https:\/\/adventistoltenia.ro\/site\/author\/adm1n\/"}]}},"_links":{"self":[{"href":"https:\/\/adventistoltenia.ro\/site\/wp-json\/wp\/v2\/posts\/3064"}],"collection":[{"href":"https:\/\/adventistoltenia.ro\/site\/wp-json\/wp\/v2\/posts"}],"about":[{"href":"https:\/\/adventistoltenia.ro\/site\/wp-json\/wp\/v2\/types\/post"}],"author":[{"embeddable":true,"href":"https:\/\/adventistoltenia.ro\/site\/wp-json\/wp\/v2\/users\/2"}],"replies":[{"embeddable":true,"href":"https:\/\/adventistoltenia.ro\/site\/wp-json\/wp\/v2\/comments?post=3064"}],"version-history":[{"count":0,"href":"https:\/\/adventistoltenia.ro\/site\/wp-json\/wp\/v2\/posts\/3064\/revisions"}],"wp:attachment":[{"href":"https:\/\/adventistoltenia.ro\/site\/wp-json\/wp\/v2\/media?parent=3064"}],"wp:term":[{"taxonomy":"category","embeddable":true,"href":"https:\/\/adventistoltenia.ro\/site\/wp-json\/wp\/v2\/categories?post=3064"},{"taxonomy":"post_tag","embeddable":true,"href":"https:\/\/adventistoltenia.ro\/site\/wp-json\/wp\/v2\/tags?post=3064"}],"curies":[{"name":"wp","href":"https:\/\/api.w.org\/{rel}","templated":true}]}}