{"id":3065,"date":"2019-12-01T01:31:43","date_gmt":"2019-12-01T01:31:43","guid":{"rendered":"http:\/\/adventistoltenia.ro\/site\/curtea-constitutionala-din-rusia-recunoaste-dreptul-de-inchinare-in-case-particulare\/"},"modified":"2019-12-01T01:31:43","modified_gmt":"2019-12-01T01:31:43","slug":"curtea-constitutionala-din-rusia-recunoaste-dreptul-de-inchinare-in-case-particulare","status":"publish","type":"post","link":"https:\/\/adventistoltenia.ro\/site\/curtea-constitutionala-din-rusia-recunoaste-dreptul-de-inchinare-in-case-particulare\/","title":{"rendered":"Curtea Constitu\u021bional\u0103 din Rusia recunoa\u0219te dreptul de \u00eenchinare \u00een case particulare"},"content":{"rendered":"<div>\n<p>Joi, 14 noiembrie, Curtea Constitu\u021bional\u0103 a Federa\u021biei Ruse s-a pronun\u021bat \u00een favoarea Olg\u0103i Glamozdinova, o credincioas\u0103 adventist\u0103 de ziua a \u0219aptea. Glamozdinova fusese amendat\u0103 pentru folosirea locuin\u021bei pentru activit\u0103\u021bi pe care autorit\u0103\u021bile le-au considerat a fi \u201enepotrivite\u201d, dup\u0103 ce aceasta a permis folosirea locuin\u021bei pentru activit\u0103\u021bi religioase. Nu este prima dat\u0103 c\u00e2nd Curtea ia aceast\u0103 decizie \u00eentr-un astfel de caz.<\/p>\n<p>\u00cen cadrul unui interviu, Vassily Ivanovich Nichik, Directorul Departamentului Rela\u021bii Oficiale \u0219i Libertate Religioas\u0103 al Uniunii de Conferin\u021be Rusia de Vest a Bisericii Adventiste, a discutat cazul \u00een cadrul unui interviu acordat publica\u021biei ruse <em>Comoara ascuns\u0103<\/em> \u0219i preluat de Serviciul de \u0218tiri al Diviziunii Euroasiatice.<\/p>\n<p>Dr. Ivanovich a explicat c\u0103 decizia Cur\u021bii Constitu\u021bionale se refer\u0103 la utilizarea propriet\u0103\u021bilor particulare \u00een scopuri liturgice, \u00eens\u0103 aceast\u0103 decizie se poate aplica \u0219i \u00een cazul folosirii propriet\u0103\u021bilor \u00een alte scopuri dec\u00e2t cele de natur\u0103 religioas\u0103. Sunt mai multe aspecte care trebuie luate \u00een considerare, a precizat acesta. Dac\u0103 ne referim la folosirea \u00een scopuri religioase a unei camere dintr-o locuin\u021b\u0103, a\u0219a cum a confirmat \u0219i decizia Cur\u021bii, acest lucru este legal. Pe de alt\u0103 parte, dac\u0103 o cl\u0103dire este construit\u0103 ca l\u0103ca\u0219 de \u00eenchinare \u0219i nu exist\u0103 semne c\u0103 aceasta ar fi o locuin\u021b\u0103, aceasta are alt scop principal dec\u00e2t cel declarat, iar terenul pe care este construit\u0103 nu este folosit pentru construirea unei locuin\u021be, proprietarul se poate confrunta cu probleme.<\/p>\n<p>Pe baza actualei decizii, credincio\u0219ii care au fost amenda\u021bi \u00een trecut pot contesta amenzile, dar dac\u0103 este vorba despre un l\u0103ca\u0219 de rug\u0103ciune \u0219i nu exist\u0103 niciun semn care s\u0103 indice faptul c\u0103 este vorba despre o locuin\u021b\u0103, problema va fi mult mai complicat\u0103.<\/p>\n<p>Sursa: <a href=\"https:\/\/www.adventistreview.org\/church-news\/story14256-constitutional-court-in-russia-confirms-right-to-worship-in-private-homes\">Adventist Review<\/a><\/p>\n<\/div>\n<p class=\"wpematico_credit\"><small>Powered by <a href=\"http:\/\/www.wpematico.com\" target=\"_blank\" rel=\"noopener noreferrer\">WPeMatico<\/a><\/small><\/p>\n ","protected":false},"excerpt":{"rendered":"<p>Joi, 14 noiembrie, Curtea Constitu\u021bional\u0103 a Federa\u021biei Ruse s-a pronun\u021bat \u00een favoarea Olg\u0103i Glamozdinova, o credincioas\u0103 adventist\u0103 de ziua a \u0219aptea. Glamozdinova fusese amendat\u0103 pentru folosirea locuin\u021bei pentru activit\u0103\u021bi pe care autorit\u0103\u021bile le-au considerat a fi \u201enepotrivite\u201d, dup\u0103 ce aceasta a permis folosirea locuin\u021bei pentru activit\u0103\u021bi religioase. Nu este prima dat\u0103 c\u00e2nd Curtea ia aceast\u0103 &hellip; <a href=\"https:\/\/adventistoltenia.ro\/site\/curtea-constitutionala-din-rusia-recunoaste-dreptul-de-inchinare-in-case-particulare\/\">Continued<\/a><\/p>\n","protected":false},"author":2,"featured_media":0,"comment_status":"open","ping_status":"closed","sticky":false,"template":"","format":"standard","meta":[],"categories":[71],"tags":[],"yoast_head":"<!-- This site is optimized with the Yoast SEO plugin v20.3 - https:\/\/yoast.com\/wordpress\/plugins\/seo\/ -->\n<title>Curtea Constitu\u021bional\u0103 din Rusia recunoa\u0219te dreptul de \u00eenchinare \u00een case particulare - Conferinta Oltenia<\/title>\n<meta name=\"robots\" content=\"index, follow, max-snippet:-1, max-image-preview:large, max-video-preview:-1\" \/>\n<link rel=\"canonical\" href=\"https:\/\/adventistoltenia.ro\/site\/curtea-constitutionala-din-rusia-recunoaste-dreptul-de-inchinare-in-case-particulare\/\" \/>\n<meta property=\"og:locale\" content=\"en_US\" \/>\n<meta property=\"og:type\" content=\"article\" \/>\n<meta property=\"og:title\" content=\"Curtea Constitu\u021bional\u0103 din Rusia recunoa\u0219te dreptul de \u00eenchinare \u00een case particulare - Conferinta Oltenia\" \/>\n<meta property=\"og:description\" content=\"Joi, 14 noiembrie, Curtea Constitu\u021bional\u0103 a Federa\u021biei Ruse s-a pronun\u021bat \u00een favoarea Olg\u0103i Glamozdinova, o credincioas\u0103 adventist\u0103 de ziua a \u0219aptea. Glamozdinova fusese amendat\u0103 pentru folosirea locuin\u021bei pentru activit\u0103\u021bi pe care autorit\u0103\u021bile le-au considerat a fi \u201enepotrivite\u201d, dup\u0103 ce aceasta a permis folosirea locuin\u021bei pentru activit\u0103\u021bi religioase. Nu este prima dat\u0103 c\u00e2nd Curtea ia aceast\u0103 &hellip; Continued\" \/>\n<meta property=\"og:url\" content=\"https:\/\/adventistoltenia.ro\/site\/curtea-constitutionala-din-rusia-recunoaste-dreptul-de-inchinare-in-case-particulare\/\" \/>\n<meta property=\"og:site_name\" content=\"Conferinta Oltenia\" \/>\n<meta property=\"article:published_time\" content=\"2019-12-01T01:31:43+00:00\" \/>\n<meta name=\"author\" content=\"Conferinta Oltenia\" \/>\n<meta name=\"twitter:card\" content=\"summary_large_image\" \/>\n<meta name=\"twitter:label1\" content=\"Written by\" \/>\n\t<meta name=\"twitter:data1\" content=\"Conferinta Oltenia\" \/>\n\t<meta name=\"twitter:label2\" content=\"Est. reading time\" \/>\n\t<meta name=\"twitter:data2\" content=\"2 minutes\" \/>\n<script type=\"application\/ld+json\" class=\"yoast-schema-graph\">{\"@context\":\"https:\/\/schema.org\",\"@graph\":[{\"@type\":\"WebPage\",\"@id\":\"https:\/\/adventistoltenia.ro\/site\/curtea-constitutionala-din-rusia-recunoaste-dreptul-de-inchinare-in-case-particulare\/\",\"url\":\"https:\/\/adventistoltenia.ro\/site\/curtea-constitutionala-din-rusia-recunoaste-dreptul-de-inchinare-in-case-particulare\/\",\"name\":\"Curtea Constitu\u021bional\u0103 din Rusia recunoa\u0219te dreptul de \u00eenchinare \u00een case particulare - Conferinta Oltenia\",\"isPartOf\":{\"@id\":\"https:\/\/adventistoltenia.ro\/site\/#website\"},\"datePublished\":\"2019-12-01T01:31:43+00:00\",\"dateModified\":\"2019-12-01T01:31:43+00:00\",\"author\":{\"@id\":\"https:\/\/adventistoltenia.ro\/site\/#\/schema\/person\/81972d6ddcec064fcb37a129240ef9d7\"},\"breadcrumb\":{\"@id\":\"https:\/\/adventistoltenia.ro\/site\/curtea-constitutionala-din-rusia-recunoaste-dreptul-de-inchinare-in-case-particulare\/#breadcrumb\"},\"inLanguage\":\"en-US\",\"potentialAction\":[{\"@type\":\"ReadAction\",\"target\":[\"https:\/\/adventistoltenia.ro\/site\/curtea-constitutionala-din-rusia-recunoaste-dreptul-de-inchinare-in-case-particulare\/\"]}]},{\"@type\":\"BreadcrumbList\",\"@id\":\"https:\/\/adventistoltenia.ro\/site\/curtea-constitutionala-din-rusia-recunoaste-dreptul-de-inchinare-in-case-particulare\/#breadcrumb\",\"itemListElement\":[{\"@type\":\"ListItem\",\"position\":1,\"name\":\"Home\",\"item\":\"https:\/\/adventistoltenia.ro\/site\/\"},{\"@type\":\"ListItem\",\"position\":2,\"name\":\"Curtea Constitu\u021bional\u0103 din Rusia recunoa\u0219te dreptul de \u00eenchinare \u00een case particulare\"}]},{\"@type\":\"WebSite\",\"@id\":\"https:\/\/adventistoltenia.ro\/site\/#website\",\"url\":\"https:\/\/adventistoltenia.ro\/site\/\",\"name\":\"Conferinta Oltenia\",\"description\":\"Biserica Adventista de Ziua a Saptea\",\"potentialAction\":[{\"@type\":\"SearchAction\",\"target\":{\"@type\":\"EntryPoint\",\"urlTemplate\":\"https:\/\/adventistoltenia.ro\/site\/?s={search_term_string}\"},\"query-input\":\"required name=search_term_string\"}],\"inLanguage\":\"en-US\"},{\"@type\":\"Person\",\"@id\":\"https:\/\/adventistoltenia.ro\/site\/#\/schema\/person\/81972d6ddcec064fcb37a129240ef9d7\",\"name\":\"Conferinta Oltenia\",\"image\":{\"@type\":\"ImageObject\",\"inLanguage\":\"en-US\",\"@id\":\"https:\/\/adventistoltenia.ro\/site\/#\/schema\/person\/image\/\",\"url\":\"https:\/\/secure.gravatar.com\/avatar\/ebe92ec22e2e53a8eb79d6b52b724e27?s=96&d=mm&r=g\",\"contentUrl\":\"https:\/\/secure.gravatar.com\/avatar\/ebe92ec22e2e53a8eb79d6b52b724e27?s=96&d=mm&r=g\",\"caption\":\"Conferinta Oltenia\"},\"url\":\"https:\/\/adventistoltenia.ro\/site\/author\/adm1n\/\"}]}<\/script>\n<!-- \/ Yoast SEO plugin. -->","yoast_head_json":{"title":"Curtea Constitu\u021bional\u0103 din Rusia recunoa\u0219te dreptul de \u00eenchinare \u00een case particulare - Conferinta Oltenia","robots":{"index":"index","follow":"follow","max-snippet":"max-snippet:-1","max-image-preview":"max-image-preview:large","max-video-preview":"max-video-preview:-1"},"canonical":"https:\/\/adventistoltenia.ro\/site\/curtea-constitutionala-din-rusia-recunoaste-dreptul-de-inchinare-in-case-particulare\/","og_locale":"en_US","og_type":"article","og_title":"Curtea Constitu\u021bional\u0103 din Rusia recunoa\u0219te dreptul de \u00eenchinare \u00een case particulare - Conferinta Oltenia","og_description":"Joi, 14 noiembrie, Curtea Constitu\u021bional\u0103 a Federa\u021biei Ruse s-a pronun\u021bat \u00een favoarea Olg\u0103i Glamozdinova, o credincioas\u0103 adventist\u0103 de ziua a \u0219aptea. Glamozdinova fusese amendat\u0103 pentru folosirea locuin\u021bei pentru activit\u0103\u021bi pe care autorit\u0103\u021bile le-au considerat a fi \u201enepotrivite\u201d, dup\u0103 ce aceasta a permis folosirea locuin\u021bei pentru activit\u0103\u021bi religioase. Nu este prima dat\u0103 c\u00e2nd Curtea ia aceast\u0103 &hellip; Continued","og_url":"https:\/\/adventistoltenia.ro\/site\/curtea-constitutionala-din-rusia-recunoaste-dreptul-de-inchinare-in-case-particulare\/","og_site_name":"Conferinta Oltenia","article_published_time":"2019-12-01T01:31:43+00:00","author":"Conferinta Oltenia","twitter_card":"summary_large_image","twitter_misc":{"Written by":"Conferinta Oltenia","Est. reading time":"2 minutes"},"schema":{"@context":"https:\/\/schema.org","@graph":[{"@type":"WebPage","@id":"https:\/\/adventistoltenia.ro\/site\/curtea-constitutionala-din-rusia-recunoaste-dreptul-de-inchinare-in-case-particulare\/","url":"https:\/\/adventistoltenia.ro\/site\/curtea-constitutionala-din-rusia-recunoaste-dreptul-de-inchinare-in-case-particulare\/","name":"Curtea Constitu\u021bional\u0103 din Rusia recunoa\u0219te dreptul de \u00eenchinare \u00een case particulare - Conferinta Oltenia","isPartOf":{"@id":"https:\/\/adventistoltenia.ro\/site\/#website"},"datePublished":"2019-12-01T01:31:43+00:00","dateModified":"2019-12-01T01:31:43+00:00","author":{"@id":"https:\/\/adventistoltenia.ro\/site\/#\/schema\/person\/81972d6ddcec064fcb37a129240ef9d7"},"breadcrumb":{"@id":"https:\/\/adventistoltenia.ro\/site\/curtea-constitutionala-din-rusia-recunoaste-dreptul-de-inchinare-in-case-particulare\/#breadcrumb"},"inLanguage":"en-US","potentialAction":[{"@type":"ReadAction","target":["https:\/\/adventistoltenia.ro\/site\/curtea-constitutionala-din-rusia-recunoaste-dreptul-de-inchinare-in-case-particulare\/"]}]},{"@type":"BreadcrumbList","@id":"https:\/\/adventistoltenia.ro\/site\/curtea-constitutionala-din-rusia-recunoaste-dreptul-de-inchinare-in-case-particulare\/#breadcrumb","itemListElement":[{"@type":"ListItem","position":1,"name":"Home","item":"https:\/\/adventistoltenia.ro\/site\/"},{"@type":"ListItem","position":2,"name":"Curtea Constitu\u021bional\u0103 din Rusia recunoa\u0219te dreptul de \u00eenchinare \u00een case particulare"}]},{"@type":"WebSite","@id":"https:\/\/adventistoltenia.ro\/site\/#website","url":"https:\/\/adventistoltenia.ro\/site\/","name":"Conferinta Oltenia","description":"Biserica Adventista de Ziua a Saptea","potentialAction":[{"@type":"SearchAction","target":{"@type":"EntryPoint","urlTemplate":"https:\/\/adventistoltenia.ro\/site\/?s={search_term_string}"},"query-input":"required name=search_term_string"}],"inLanguage":"en-US"},{"@type":"Person","@id":"https:\/\/adventistoltenia.ro\/site\/#\/schema\/person\/81972d6ddcec064fcb37a129240ef9d7","name":"Conferinta Oltenia","image":{"@type":"ImageObject","inLanguage":"en-US","@id":"https:\/\/adventistoltenia.ro\/site\/#\/schema\/person\/image\/","url":"https:\/\/secure.gravatar.com\/avatar\/ebe92ec22e2e53a8eb79d6b52b724e27?s=96&d=mm&r=g","contentUrl":"https:\/\/secure.gravatar.com\/avatar\/ebe92ec22e2e53a8eb79d6b52b724e27?s=96&d=mm&r=g","caption":"Conferinta Oltenia"},"url":"https:\/\/adventistoltenia.ro\/site\/author\/adm1n\/"}]}},"_links":{"self":[{"href":"https:\/\/adventistoltenia.ro\/site\/wp-json\/wp\/v2\/posts\/3065"}],"collection":[{"href":"https:\/\/adventistoltenia.ro\/site\/wp-json\/wp\/v2\/posts"}],"about":[{"href":"https:\/\/adventistoltenia.ro\/site\/wp-json\/wp\/v2\/types\/post"}],"author":[{"embeddable":true,"href":"https:\/\/adventistoltenia.ro\/site\/wp-json\/wp\/v2\/users\/2"}],"replies":[{"embeddable":true,"href":"https:\/\/adventistoltenia.ro\/site\/wp-json\/wp\/v2\/comments?post=3065"}],"version-history":[{"count":0,"href":"https:\/\/adventistoltenia.ro\/site\/wp-json\/wp\/v2\/posts\/3065\/revisions"}],"wp:attachment":[{"href":"https:\/\/adventistoltenia.ro\/site\/wp-json\/wp\/v2\/media?parent=3065"}],"wp:term":[{"taxonomy":"category","embeddable":true,"href":"https:\/\/adventistoltenia.ro\/site\/wp-json\/wp\/v2\/categories?post=3065"},{"taxonomy":"post_tag","embeddable":true,"href":"https:\/\/adventistoltenia.ro\/site\/wp-json\/wp\/v2\/tags?post=3065"}],"curies":[{"name":"wp","href":"https:\/\/api.w.org\/{rel}","templated":true}]}}