{"id":3066,"date":"2019-12-01T01:31:43","date_gmt":"2019-12-01T01:31:43","guid":{"rendered":"http:\/\/adventistoltenia.ro\/site\/cresterea-este-posibila\/"},"modified":"2019-12-01T01:31:43","modified_gmt":"2019-12-01T01:31:43","slug":"cresterea-este-posibila","status":"publish","type":"post","link":"https:\/\/adventistoltenia.ro\/site\/cresterea-este-posibila\/","title":{"rendered":"Cre\u0219terea este posibil\u0103"},"content":{"rendered":"<div>\n<p>\u00cen cadrul \u0219edin\u021bei Comitetului Executiv al Diviziunii Intereuropene a Bisericii Adventiste de Ziua a \u0218aptea, care a avut loc \u00een Lyon, Fran\u021ba, \u00een perioada 30 octombrie \u2013 4 noiembrie, Barna Magyarosi, Secretarul executiv al Diviziunii, a prezentat datele \u0219i statisticile care descriu realitatea de pe teritoriul acesteia, ca \u0219i tendin\u021bele de dezvoltare din ultimii 10-15 ani.<\/p>\n<p>Raportul a prezentat \u0219i o paralel\u0103 \u00eentre datele referitoare la Diviziunea Intereuropean\u0103 \u0219i cele de la nivelul Bisericii mondiale. De\u0219i, la nivelul Bisericii mondiale, num\u0103rul de credincio\u0219i adventi\u0219ti a ajuns la 21,3 milioane, cu 1,4 milioane de membri care s-au al\u0103turat anul trecut Bisericii, aceasta \u00eenregistreaz\u0103 \u0219i pierderi anuale de p\u00e2n\u0103 la 40% din num\u0103rul de botezuri. \u00cen Europa, \u0219i \u00een mod deosebit \u00een \u021b\u0103rile de pe teritoriul Diviziunii Intereuropene, situa\u021bia este similar\u0103, cu o pierdere de 39,85%.<\/p>\n<p><a href=\"http:\/\/adventistoltenia.ro\/site\/wp-content\/uploads\/2019\/12\/csm_Secretary_report_2019_72f2b0d199.png\"><img decoding=\"async\" loading=\"lazy\" class=\"alignleft wp-image-5733 size-full\" src=\"http:\/\/adventistoltenia.ro\/site\/wp-content\/uploads\/2019\/12\/csm_Secretary_report_2019_72f2b0d199.png\" alt=\"\" width=\"381\" height=\"237\" srcset=\"http:\/\/adventistoltenia.ro\/site\/wp-content\/uploads\/2019\/12\/csm_Secretary_report_2019_72f2b0d199.png 381w, https:\/\/www.adventist.ro\/index\/wp-content\/uploads\/2019\/11\/csm_Secretary_report_2019_72f2b0d199-350x218.png 350w\" sizes=\"(max-width: 381px) 100vw, 381px\"><\/a><\/p>\n<p>\u00cen cursul ultimului an am ajuns la 178.829 de membri. Cu aproximativ 30 de membri mai mult dec\u00e2t \u00een anul anterior. Datele sunt actualizate la finalul celui de-al doilea trimestru al anului 2019, \u00eens\u0103 tendin\u021ba este clar\u0103: Biserica din Europa stagneaz\u0103, iar \u00een unele cazuri num\u0103rul membrilor chiar scade.<\/p>\n<p>\u00cen ceea ce prive\u0219te botezurile, au fost 4676 \u00een anul 2004, 4832 \u00een 2009, 3711 \u00een 2017 \u0219i 3002 \u00een 2018. De ce s-a \u00eenregistrat o sc\u0103dere at\u00e2t de drastic\u0103 a num\u0103rului de botezuri? Este cauzat\u0103 de o diminuare a eforturilor de \u00eemplinire a misiunii \u00eencredin\u021bate de Isus? Cu toate acestea, lista proiectelor de evanghelizare este destul de consistent\u0103, dac\u0103 ne g\u00e2ndim la cele peste 100 de proiecte desf\u0103\u0219urate pe teritoriul Diviziunii Intereuropene. La num\u0103rul mic al botezurilor se adaug\u0103 \u0219i povara celor care p\u0103r\u0103sesc Biserica, de\u0219i \u00een unele teritorii num\u0103rul acestora a sc\u0103zut. Astfel, de la 1874 de pierderi \u00een 2014 \u0219i 1617 \u00een 2009, num\u0103rul lor a crescut la 1211 \u00een 2017 \u0219i 1246 \u00een 2018.<\/p>\n<p>Desigur, statisticile nu ar trebui interpretate \u00eentr-o manier\u0103 superficial\u0103, gener\u00e2nd comentarii uneori nepotrivite, \u00eens\u0103 un lucru este clar: Biserica din Europa stagneaz\u0103.<\/p>\n<p>Pierderea anual\u0103 de aproape 40% din num\u0103rul de botezuri ar trebui s\u0103 ne pun\u0103 pe g\u00e2nduri. S-ar putea ca unii s\u0103 fi plecat f\u0103r\u0103 a avea un motiv specific, \u00eens\u0103 un fenomen de o asemenea amploare trebuie s\u0103 duc\u0103 la o evaluare obiectiv\u0103 a bisericii (\u00een calitate ei de comunitate).<\/p>\n<p>Printre motivele pentru care oamenii p\u0103r\u0103sesc biserica se num\u0103r\u0103 cele referitoare la lipsa aten\u021biei acordate rela\u021biilor interpersonale. Majoritatea celor care au p\u0103r\u0103sit Biserica nu au f\u0103cut-o din cauza unor probleme de doctrin\u0103, sau pentru c\u0103 le-ar fi sl\u0103bit credin\u021ba, ci din cauza conflictelor cu al\u021bi membri ai bisericii sau conduc\u0103tori, conflicte care nu au fost gestionate eficient.<\/p>\n<p><a href=\"http:\/\/adventistoltenia.ro\/site\/wp-content\/uploads\/2019\/12\/csm_Secretary_report_3_383cbc1684.png\"><img decoding=\"async\" loading=\"lazy\" class=\"alignleft wp-image-5736 size-full\" src=\"http:\/\/adventistoltenia.ro\/site\/wp-content\/uploads\/2019\/12\/csm_Secretary_report_3_383cbc1684.png\" alt=\"\" width=\"382\" height=\"227\" srcset=\"http:\/\/adventistoltenia.ro\/site\/wp-content\/uploads\/2019\/12\/csm_Secretary_report_3_383cbc1684.png 382w, https:\/\/www.adventist.ro\/index\/wp-content\/uploads\/2019\/11\/csm_Secretary_report_3_383cbc1684-350x208.png 350w\" sizes=\"(max-width: 382px) 100vw, 382px\"><\/a><\/p>\n<p>Pentru moment, datele statistice ne arat\u0103 o tendin\u021b\u0103 \u00eengrijor\u0103toare, descoperind c\u0103 dezam\u0103girea sim\u021bit\u0103 de aproape jum\u0103tate dintre membri este mai puternic\u0103 dec\u00e2t entuziasmul ini\u021bial. Cu toate acestea, suntem convin\u0219i c\u0103 accept\u00e2nd sfatul inspirat pentru respectarea rela\u021biilor interpersonale \u0219i dragostea pe care doar Duhul Sf\u00e2nt o poate da, vom putea reda energia unei biserici care a f\u0103cut din misiunea de a \u00eemp\u0103rt\u0103\u0219i dragostea lui Hristos principala ra\u021biune de a fi.<\/p>\n<p>\u0218i Pre\u0219edintele Mario Brito i-a \u00eencurajat pe cei prezen\u021bi s\u0103 nu se descurajeze, ci s\u0103 considere datele ca o provocare \u0219i un apel la o analiz\u0103 profund\u0103 \u0219i la implicarea noastr\u0103 a tuturor.<\/p>\n<p>\u201e\u00cen unitate \u0219i \u00een colaborare cu Dumnezeu, vom putea dep\u0103\u0219i provocarea cu care ne confrunt\u0103m \u0219i s\u0103 transform\u0103m tendin\u021ba de stagnare \u00eentr-o cre\u0219tere constant\u0103 \u0219i semnificativ\u0103\u201d, a concluzionat pastorul Brito.<\/p>\n<p>Sursa: <a href=\"https:\/\/news.eud.adventist.org\/en\/all-news\/news\/go\/2019-11-26\/growth-is-still-possible\/\">Diviziunea Intereuropean\u0103<\/a><\/p>\n<\/div>\n<p class=\"wpematico_credit\"><small>Powered by <a href=\"http:\/\/www.wpematico.com\" target=\"_blank\" rel=\"noopener noreferrer\">WPeMatico<\/a><\/small><\/p>\n ","protected":false},"excerpt":{"rendered":"<p>\u00cen cadrul \u0219edin\u021bei Comitetului Executiv al Diviziunii Intereuropene a Bisericii Adventiste de Ziua a \u0218aptea, care a avut loc \u00een Lyon, Fran\u021ba, \u00een perioada 30 octombrie \u2013 4 noiembrie, Barna Magyarosi, Secretarul executiv al Diviziunii, a prezentat datele \u0219i statisticile care descriu realitatea de pe teritoriul acesteia, ca \u0219i tendin\u021bele de dezvoltare din ultimii 10-15 &hellip; <a href=\"https:\/\/adventistoltenia.ro\/site\/cresterea-este-posibila\/\">Continued<\/a><\/p>\n","protected":false},"author":2,"featured_media":3067,"comment_status":"open","ping_status":"closed","sticky":false,"template":"","format":"standard","meta":[],"categories":[71],"tags":[],"yoast_head":"<!-- This site is optimized with the Yoast SEO plugin v20.3 - https:\/\/yoast.com\/wordpress\/plugins\/seo\/ -->\n<title>Cre\u0219terea este posibil\u0103 - Conferinta Oltenia<\/title>\n<meta name=\"robots\" content=\"index, follow, max-snippet:-1, max-image-preview:large, max-video-preview:-1\" \/>\n<link rel=\"canonical\" href=\"https:\/\/adventistoltenia.ro\/site\/cresterea-este-posibila\/\" \/>\n<meta property=\"og:locale\" content=\"en_US\" \/>\n<meta property=\"og:type\" content=\"article\" \/>\n<meta property=\"og:title\" content=\"Cre\u0219terea este posibil\u0103 - Conferinta Oltenia\" \/>\n<meta property=\"og:description\" content=\"\u00cen cadrul \u0219edin\u021bei Comitetului Executiv al Diviziunii Intereuropene a Bisericii Adventiste de Ziua a \u0218aptea, care a avut loc \u00een Lyon, Fran\u021ba, \u00een perioada 30 octombrie \u2013 4 noiembrie, Barna Magyarosi, Secretarul executiv al Diviziunii, a prezentat datele \u0219i statisticile care descriu realitatea de pe teritoriul acesteia, ca \u0219i tendin\u021bele de dezvoltare din ultimii 10-15 &hellip; Continued\" \/>\n<meta property=\"og:url\" content=\"https:\/\/adventistoltenia.ro\/site\/cresterea-este-posibila\/\" \/>\n<meta property=\"og:site_name\" content=\"Conferinta Oltenia\" \/>\n<meta property=\"article:published_time\" content=\"2019-12-01T01:31:43+00:00\" \/>\n<meta property=\"og:image\" content=\"https:\/\/adventistoltenia.ro\/site\/wp-content\/uploads\/2019\/12\/csm_Secretary_report_2019_72f2b0d199.png\" \/>\n\t<meta property=\"og:image:width\" content=\"381\" \/>\n\t<meta property=\"og:image:height\" content=\"237\" \/>\n\t<meta property=\"og:image:type\" content=\"image\/png\" \/>\n<meta name=\"author\" content=\"Conferinta Oltenia\" \/>\n<meta name=\"twitter:card\" content=\"summary_large_image\" \/>\n<meta name=\"twitter:label1\" content=\"Written by\" \/>\n\t<meta name=\"twitter:data1\" content=\"Conferinta Oltenia\" \/>\n\t<meta name=\"twitter:label2\" content=\"Est. reading time\" \/>\n\t<meta name=\"twitter:data2\" content=\"3 minutes\" \/>\n<script type=\"application\/ld+json\" class=\"yoast-schema-graph\">{\"@context\":\"https:\/\/schema.org\",\"@graph\":[{\"@type\":\"WebPage\",\"@id\":\"https:\/\/adventistoltenia.ro\/site\/cresterea-este-posibila\/\",\"url\":\"https:\/\/adventistoltenia.ro\/site\/cresterea-este-posibila\/\",\"name\":\"Cre\u0219terea este posibil\u0103 - Conferinta Oltenia\",\"isPartOf\":{\"@id\":\"https:\/\/adventistoltenia.ro\/site\/#website\"},\"datePublished\":\"2019-12-01T01:31:43+00:00\",\"dateModified\":\"2019-12-01T01:31:43+00:00\",\"author\":{\"@id\":\"https:\/\/adventistoltenia.ro\/site\/#\/schema\/person\/81972d6ddcec064fcb37a129240ef9d7\"},\"breadcrumb\":{\"@id\":\"https:\/\/adventistoltenia.ro\/site\/cresterea-este-posibila\/#breadcrumb\"},\"inLanguage\":\"en-US\",\"potentialAction\":[{\"@type\":\"ReadAction\",\"target\":[\"https:\/\/adventistoltenia.ro\/site\/cresterea-este-posibila\/\"]}]},{\"@type\":\"BreadcrumbList\",\"@id\":\"https:\/\/adventistoltenia.ro\/site\/cresterea-este-posibila\/#breadcrumb\",\"itemListElement\":[{\"@type\":\"ListItem\",\"position\":1,\"name\":\"Home\",\"item\":\"https:\/\/adventistoltenia.ro\/site\/\"},{\"@type\":\"ListItem\",\"position\":2,\"name\":\"Cre\u0219terea este posibil\u0103\"}]},{\"@type\":\"WebSite\",\"@id\":\"https:\/\/adventistoltenia.ro\/site\/#website\",\"url\":\"https:\/\/adventistoltenia.ro\/site\/\",\"name\":\"Conferinta Oltenia\",\"description\":\"Biserica Adventista de Ziua a Saptea\",\"potentialAction\":[{\"@type\":\"SearchAction\",\"target\":{\"@type\":\"EntryPoint\",\"urlTemplate\":\"https:\/\/adventistoltenia.ro\/site\/?s={search_term_string}\"},\"query-input\":\"required name=search_term_string\"}],\"inLanguage\":\"en-US\"},{\"@type\":\"Person\",\"@id\":\"https:\/\/adventistoltenia.ro\/site\/#\/schema\/person\/81972d6ddcec064fcb37a129240ef9d7\",\"name\":\"Conferinta Oltenia\",\"image\":{\"@type\":\"ImageObject\",\"inLanguage\":\"en-US\",\"@id\":\"https:\/\/adventistoltenia.ro\/site\/#\/schema\/person\/image\/\",\"url\":\"https:\/\/secure.gravatar.com\/avatar\/ebe92ec22e2e53a8eb79d6b52b724e27?s=96&d=mm&r=g\",\"contentUrl\":\"https:\/\/secure.gravatar.com\/avatar\/ebe92ec22e2e53a8eb79d6b52b724e27?s=96&d=mm&r=g\",\"caption\":\"Conferinta Oltenia\"},\"url\":\"https:\/\/adventistoltenia.ro\/site\/author\/adm1n\/\"}]}<\/script>\n<!-- \/ Yoast SEO plugin. -->","yoast_head_json":{"title":"Cre\u0219terea este posibil\u0103 - Conferinta Oltenia","robots":{"index":"index","follow":"follow","max-snippet":"max-snippet:-1","max-image-preview":"max-image-preview:large","max-video-preview":"max-video-preview:-1"},"canonical":"https:\/\/adventistoltenia.ro\/site\/cresterea-este-posibila\/","og_locale":"en_US","og_type":"article","og_title":"Cre\u0219terea este posibil\u0103 - Conferinta Oltenia","og_description":"\u00cen cadrul \u0219edin\u021bei Comitetului Executiv al Diviziunii Intereuropene a Bisericii Adventiste de Ziua a \u0218aptea, care a avut loc \u00een Lyon, Fran\u021ba, \u00een perioada 30 octombrie \u2013 4 noiembrie, Barna Magyarosi, Secretarul executiv al Diviziunii, a prezentat datele \u0219i statisticile care descriu realitatea de pe teritoriul acesteia, ca \u0219i tendin\u021bele de dezvoltare din ultimii 10-15 &hellip; Continued","og_url":"https:\/\/adventistoltenia.ro\/site\/cresterea-este-posibila\/","og_site_name":"Conferinta Oltenia","article_published_time":"2019-12-01T01:31:43+00:00","og_image":[{"width":381,"height":237,"url":"https:\/\/adventistoltenia.ro\/site\/wp-content\/uploads\/2019\/12\/csm_Secretary_report_2019_72f2b0d199.png","type":"image\/png"}],"author":"Conferinta Oltenia","twitter_card":"summary_large_image","twitter_misc":{"Written by":"Conferinta Oltenia","Est. reading time":"3 minutes"},"schema":{"@context":"https:\/\/schema.org","@graph":[{"@type":"WebPage","@id":"https:\/\/adventistoltenia.ro\/site\/cresterea-este-posibila\/","url":"https:\/\/adventistoltenia.ro\/site\/cresterea-este-posibila\/","name":"Cre\u0219terea este posibil\u0103 - Conferinta Oltenia","isPartOf":{"@id":"https:\/\/adventistoltenia.ro\/site\/#website"},"datePublished":"2019-12-01T01:31:43+00:00","dateModified":"2019-12-01T01:31:43+00:00","author":{"@id":"https:\/\/adventistoltenia.ro\/site\/#\/schema\/person\/81972d6ddcec064fcb37a129240ef9d7"},"breadcrumb":{"@id":"https:\/\/adventistoltenia.ro\/site\/cresterea-este-posibila\/#breadcrumb"},"inLanguage":"en-US","potentialAction":[{"@type":"ReadAction","target":["https:\/\/adventistoltenia.ro\/site\/cresterea-este-posibila\/"]}]},{"@type":"BreadcrumbList","@id":"https:\/\/adventistoltenia.ro\/site\/cresterea-este-posibila\/#breadcrumb","itemListElement":[{"@type":"ListItem","position":1,"name":"Home","item":"https:\/\/adventistoltenia.ro\/site\/"},{"@type":"ListItem","position":2,"name":"Cre\u0219terea este posibil\u0103"}]},{"@type":"WebSite","@id":"https:\/\/adventistoltenia.ro\/site\/#website","url":"https:\/\/adventistoltenia.ro\/site\/","name":"Conferinta Oltenia","description":"Biserica Adventista de Ziua a Saptea","potentialAction":[{"@type":"SearchAction","target":{"@type":"EntryPoint","urlTemplate":"https:\/\/adventistoltenia.ro\/site\/?s={search_term_string}"},"query-input":"required name=search_term_string"}],"inLanguage":"en-US"},{"@type":"Person","@id":"https:\/\/adventistoltenia.ro\/site\/#\/schema\/person\/81972d6ddcec064fcb37a129240ef9d7","name":"Conferinta Oltenia","image":{"@type":"ImageObject","inLanguage":"en-US","@id":"https:\/\/adventistoltenia.ro\/site\/#\/schema\/person\/image\/","url":"https:\/\/secure.gravatar.com\/avatar\/ebe92ec22e2e53a8eb79d6b52b724e27?s=96&d=mm&r=g","contentUrl":"https:\/\/secure.gravatar.com\/avatar\/ebe92ec22e2e53a8eb79d6b52b724e27?s=96&d=mm&r=g","caption":"Conferinta Oltenia"},"url":"https:\/\/adventistoltenia.ro\/site\/author\/adm1n\/"}]}},"_links":{"self":[{"href":"https:\/\/adventistoltenia.ro\/site\/wp-json\/wp\/v2\/posts\/3066"}],"collection":[{"href":"https:\/\/adventistoltenia.ro\/site\/wp-json\/wp\/v2\/posts"}],"about":[{"href":"https:\/\/adventistoltenia.ro\/site\/wp-json\/wp\/v2\/types\/post"}],"author":[{"embeddable":true,"href":"https:\/\/adventistoltenia.ro\/site\/wp-json\/wp\/v2\/users\/2"}],"replies":[{"embeddable":true,"href":"https:\/\/adventistoltenia.ro\/site\/wp-json\/wp\/v2\/comments?post=3066"}],"version-history":[{"count":0,"href":"https:\/\/adventistoltenia.ro\/site\/wp-json\/wp\/v2\/posts\/3066\/revisions"}],"wp:featuredmedia":[{"embeddable":true,"href":"https:\/\/adventistoltenia.ro\/site\/wp-json\/wp\/v2\/media\/3067"}],"wp:attachment":[{"href":"https:\/\/adventistoltenia.ro\/site\/wp-json\/wp\/v2\/media?parent=3066"}],"wp:term":[{"taxonomy":"category","embeddable":true,"href":"https:\/\/adventistoltenia.ro\/site\/wp-json\/wp\/v2\/categories?post=3066"},{"taxonomy":"post_tag","embeddable":true,"href":"https:\/\/adventistoltenia.ro\/site\/wp-json\/wp\/v2\/tags?post=3066"}],"curies":[{"name":"wp","href":"https:\/\/api.w.org\/{rel}","templated":true}]}}