{"id":3069,"date":"2019-12-01T01:31:44","date_gmt":"2019-12-01T01:31:44","guid":{"rendered":"http:\/\/adventistoltenia.ro\/site\/evenimentele-ultimelor-zile-sabatul-tinerilor-slatina\/"},"modified":"2019-12-01T01:31:44","modified_gmt":"2019-12-01T01:31:44","slug":"evenimentele-ultimelor-zile-sabatul-tinerilor-slatina","status":"publish","type":"post","link":"https:\/\/adventistoltenia.ro\/site\/evenimentele-ultimelor-zile-sabatul-tinerilor-slatina\/","title":{"rendered":"Evenimentele ultimelor zile \u2013 Sabatul Tinerilor \u2013 Slatina"},"content":{"rendered":"<div>\n<p>\u00cen Sabatul din 16 noiembrie 2019 s-a desf\u0103\u0219urat la Slatina, \u00eentr-o atmosfer\u0103 de entuziasm \u0219i bucurie, o \u00eent\u00e2lnire deosebit\u0103 a tinerilor din Conferin\u021ba Oltenia. Subiectul care a trezit interesul participan\u021bilor a fost o dezbatere a temelor c\u0103r\u021bii <em>Evenimentele ultimelor zile, <\/em>\u00a0av\u00e2nd drept autor pe Ellen White. \u00cen cadrul unui proiect special menit s\u0103 trezeasc\u0103 interesul pentru profe\u021bie \u0219i escatologie \u00een r\u00e2ndul tinerilor, aceast\u0103 carte a fost distribuit\u0103\u00a0 gratuit de c\u0103tre departamentul Tineret \u00een teritoriul nostru.<\/p>\n<p>Invita\u021bii speciali ai \u00eent\u00e2lnirii au fost profesorii de la Universitatea Adventus, fr. Florin L\u0103iu \u0219i fr. Marius Mitrache care, prin interven\u021biile avute, \u00a0au clarificat unele subiecte de actualitate despre sf\u00e2r\u0219itul istoriei acestei lumi .<\/p>\n<p>Momentele muzicale care au \u00eenc\u00e2ntat auditoriul \u0219i au sensibilizat inimi au fost sus\u021binute de Corul \u0219i de Forma\u021bia de clopote din cadrul Liceului Teologic Adventist din Craiova. La atmosfera creat\u0103, plin\u0103 de con\u021binut \u0219i valoare, a contribuit\u00a0 \u0219i sesiunea de \u00eentreb\u0103ri \u0219i r\u0103spunsuri care i-a ajutat pe tineri la \u00een\u021belegerea unor teme biblice ce au leg\u0103tur\u0103 cu evenimentele din viitor.<\/p>\n<p>Pe l\u00e2ng\u0103 informa\u021biile primite, cei aproximativ trei sute de participan\u021bi, au descoperit \u00eenc\u0103 o dat\u0103 c\u0103 subiectul este complex\u00a0 \u0219i este de dorit s\u0103 se studieze mai mult Sf\u00e2nta Scriptur\u0103 deoarece rela\u021bia personal\u0103 cu Dumnezeu va ajuta pe fiecare s\u0103 fie de partea celor \u201cbiruitori\u201d \u00een timpul sf\u00e2r\u0219itului.<\/p>\n<p>Speran\u021ba organizatorilor este ca genera\u021bia t\u00e2n\u0103r\u0103 s\u0103 se raporteze la Biblie ca la un reper solid pentru cunoa\u0219terea evenimentelor finale \u0219i dincolo de mesajele alarmiste din \u00a0societate, iubirea fa\u021b\u0103 de Dumnezeu s\u0103 influen\u021beze fiecare alegere. Promisiunea biblic\u0103 despre sf\u00e2rsitul lumii trebuie s\u0103 reprezinte Vestea cea bun\u0103, c\u0103ci to\u021bi credincio\u0219ii vor putea avea parte de <em>\u201cun cer nou <\/em><em>\u0219i un p\u0103m\u00e2nt nou.<\/em><em>\u201d <\/em>(Apoc 21:1)<\/p>\n<p><em>\u00a0<\/em><em>Florin R\u0103dut, director Tineret, Conferin\u021ba Oltenia<\/em><\/p>\n<p><a href=\"https:\/\/www.adventist.ro\/index\/evenimentele-ultimelor-zile-sabatul-tinerilor-slatina\/img-20191126-wa0006\/\"><img decoding=\"async\" loading=\"lazy\" width=\"150\" height=\"150\" src=\"http:\/\/adventistoltenia.ro\/site\/wp-content\/uploads\/2019\/12\/IMG-20191126-WA0006-150x150.jpg\" class=\"attachment-thumbnail size-thumbnail\" alt=\"\" srcset=\"http:\/\/adventistoltenia.ro\/site\/wp-content\/uploads\/2019\/12\/IMG-20191126-WA0006-150x150.jpg 150w, https:\/\/www.adventist.ro\/index\/wp-content\/uploads\/2019\/11\/IMG-20191126-WA0006-250x250.jpg 250w, https:\/\/www.adventist.ro\/index\/wp-content\/uploads\/2019\/11\/IMG-20191126-WA0006-400x400.jpg 400w, https:\/\/www.adventist.ro\/index\/wp-content\/uploads\/2019\/11\/IMG-20191126-WA0006-700x700.jpg 700w, https:\/\/www.adventist.ro\/index\/wp-content\/uploads\/2019\/11\/IMG-20191126-WA0006-900x900.jpg 900w, https:\/\/www.adventist.ro\/index\/wp-content\/uploads\/2019\/11\/IMG-20191126-WA0006-96x96.jpg 96w\" sizes=\"(max-width: 150px) 100vw, 150px\"><\/a><br \/>\n<a href=\"https:\/\/www.adventist.ro\/index\/evenimentele-ultimelor-zile-sabatul-tinerilor-slatina\/img-20191126-wa0005\/\"><img decoding=\"async\" loading=\"lazy\" width=\"150\" height=\"150\" src=\"http:\/\/adventistoltenia.ro\/site\/wp-content\/uploads\/2019\/12\/IMG-20191126-WA0005-150x150.jpg\" class=\"attachment-thumbnail size-thumbnail\" alt=\"\" srcset=\"http:\/\/adventistoltenia.ro\/site\/wp-content\/uploads\/2019\/12\/IMG-20191126-WA0005-150x150.jpg 150w, https:\/\/www.adventist.ro\/index\/wp-content\/uploads\/2019\/11\/IMG-20191126-WA0005-250x250.jpg 250w, https:\/\/www.adventist.ro\/index\/wp-content\/uploads\/2019\/11\/IMG-20191126-WA0005-400x400.jpg 400w, https:\/\/www.adventist.ro\/index\/wp-content\/uploads\/2019\/11\/IMG-20191126-WA0005-700x700.jpg 700w, https:\/\/www.adventist.ro\/index\/wp-content\/uploads\/2019\/11\/IMG-20191126-WA0005-900x900.jpg 900w, https:\/\/www.adventist.ro\/index\/wp-content\/uploads\/2019\/11\/IMG-20191126-WA0005-96x96.jpg 96w\" sizes=\"(max-width: 150px) 100vw, 150px\"><\/a><br \/>\n<a href=\"https:\/\/www.adventist.ro\/index\/evenimentele-ultimelor-zile-sabatul-tinerilor-slatina\/img-20191126-wa0003\/\"><img decoding=\"async\" loading=\"lazy\" width=\"150\" height=\"150\" src=\"http:\/\/adventistoltenia.ro\/site\/wp-content\/uploads\/2019\/12\/IMG-20191126-WA0003-150x150.jpg\" class=\"attachment-thumbnail size-thumbnail\" alt=\"\" srcset=\"http:\/\/adventistoltenia.ro\/site\/wp-content\/uploads\/2019\/12\/IMG-20191126-WA0003-150x150.jpg 150w, https:\/\/www.adventist.ro\/index\/wp-content\/uploads\/2019\/11\/IMG-20191126-WA0003-250x250.jpg 250w, https:\/\/www.adventist.ro\/index\/wp-content\/uploads\/2019\/11\/IMG-20191126-WA0003-400x400.jpg 400w, https:\/\/www.adventist.ro\/index\/wp-content\/uploads\/2019\/11\/IMG-20191126-WA0003-700x700.jpg 700w, https:\/\/www.adventist.ro\/index\/wp-content\/uploads\/2019\/11\/IMG-20191126-WA0003-900x900.jpg 900w, https:\/\/www.adventist.ro\/index\/wp-content\/uploads\/2019\/11\/IMG-20191126-WA0003-96x96.jpg 96w\" sizes=\"(max-width: 150px) 100vw, 150px\"><\/a><br \/>\n<a href=\"https:\/\/www.adventist.ro\/index\/evenimentele-ultimelor-zile-sabatul-tinerilor-slatina\/img-20191126-wa0009\/\"><img decoding=\"async\" loading=\"lazy\" width=\"150\" height=\"150\" src=\"http:\/\/adventistoltenia.ro\/site\/wp-content\/uploads\/2019\/12\/IMG-20191126-WA0009-150x150.jpg\" class=\"attachment-thumbnail size-thumbnail\" alt=\"\" srcset=\"http:\/\/adventistoltenia.ro\/site\/wp-content\/uploads\/2019\/12\/IMG-20191126-WA0009-150x150.jpg 150w, https:\/\/www.adventist.ro\/index\/wp-content\/uploads\/2019\/11\/IMG-20191126-WA0009-250x250.jpg 250w, https:\/\/www.adventist.ro\/index\/wp-content\/uploads\/2019\/11\/IMG-20191126-WA0009-400x400.jpg 400w, https:\/\/www.adventist.ro\/index\/wp-content\/uploads\/2019\/11\/IMG-20191126-WA0009-700x700.jpg 700w, https:\/\/www.adventist.ro\/index\/wp-content\/uploads\/2019\/11\/IMG-20191126-WA0009-900x900.jpg 900w, https:\/\/www.adventist.ro\/index\/wp-content\/uploads\/2019\/11\/IMG-20191126-WA0009-96x96.jpg 96w\" sizes=\"(max-width: 150px) 100vw, 150px\"><\/a><br \/>\n<a href=\"https:\/\/www.adventist.ro\/index\/evenimentele-ultimelor-zile-sabatul-tinerilor-slatina\/img-20191126-wa0008-1\/\"><img decoding=\"async\" loading=\"lazy\" width=\"150\" height=\"150\" src=\"http:\/\/adventistoltenia.ro\/site\/wp-content\/uploads\/2019\/12\/IMG-20191126-WA0008-1-150x150.jpg\" class=\"attachment-thumbnail size-thumbnail\" alt=\"\" srcset=\"http:\/\/adventistoltenia.ro\/site\/wp-content\/uploads\/2019\/12\/IMG-20191126-WA0008-1-150x150.jpg 150w, https:\/\/www.adventist.ro\/index\/wp-content\/uploads\/2019\/11\/IMG-20191126-WA0008-1-250x250.jpg 250w, https:\/\/www.adventist.ro\/index\/wp-content\/uploads\/2019\/11\/IMG-20191126-WA0008-1-400x400.jpg 400w, https:\/\/www.adventist.ro\/index\/wp-content\/uploads\/2019\/11\/IMG-20191126-WA0008-1-700x700.jpg 700w, https:\/\/www.adventist.ro\/index\/wp-content\/uploads\/2019\/11\/IMG-20191126-WA0008-1-900x900.jpg 900w, https:\/\/www.adventist.ro\/index\/wp-content\/uploads\/2019\/11\/IMG-20191126-WA0008-1-96x96.jpg 96w\" sizes=\"(max-width: 150px) 100vw, 150px\"><\/a><br \/>\n<a href=\"https:\/\/www.adventist.ro\/index\/evenimentele-ultimelor-zile-sabatul-tinerilor-slatina\/img-20191126-wa0007\/\"><img decoding=\"async\" loading=\"lazy\" width=\"150\" height=\"150\" src=\"http:\/\/adventistoltenia.ro\/site\/wp-content\/uploads\/2019\/12\/IMG-20191126-WA0007-150x150.jpg\" class=\"attachment-thumbnail size-thumbnail\" alt=\"\" srcset=\"http:\/\/adventistoltenia.ro\/site\/wp-content\/uploads\/2019\/12\/IMG-20191126-WA0007-150x150.jpg 150w, https:\/\/www.adventist.ro\/index\/wp-content\/uploads\/2019\/11\/IMG-20191126-WA0007-250x250.jpg 250w, https:\/\/www.adventist.ro\/index\/wp-content\/uploads\/2019\/11\/IMG-20191126-WA0007-400x400.jpg 400w, https:\/\/www.adventist.ro\/index\/wp-content\/uploads\/2019\/11\/IMG-20191126-WA0007-700x700.jpg 700w, https:\/\/www.adventist.ro\/index\/wp-content\/uploads\/2019\/11\/IMG-20191126-WA0007-900x900.jpg 900w, https:\/\/www.adventist.ro\/index\/wp-content\/uploads\/2019\/11\/IMG-20191126-WA0007-96x96.jpg 96w\" sizes=\"(max-width: 150px) 100vw, 150px\"><\/a><br \/>\n<a href=\"https:\/\/www.adventist.ro\/index\/evenimentele-ultimelor-zile-sabatul-tinerilor-slatina\/img-20191126-wa0006_1\/\"><img decoding=\"async\" loading=\"lazy\" width=\"150\" height=\"150\" src=\"http:\/\/adventistoltenia.ro\/site\/wp-content\/uploads\/2019\/12\/IMG-20191126-WA0006_1-150x150.jpg\" class=\"attachment-thumbnail size-thumbnail\" alt=\"\" srcset=\"http:\/\/adventistoltenia.ro\/site\/wp-content\/uploads\/2019\/12\/IMG-20191126-WA0006_1-150x150.jpg 150w, https:\/\/www.adventist.ro\/index\/wp-content\/uploads\/2019\/11\/IMG-20191126-WA0006_1-250x250.jpg 250w, https:\/\/www.adventist.ro\/index\/wp-content\/uploads\/2019\/11\/IMG-20191126-WA0006_1-400x400.jpg 400w, https:\/\/www.adventist.ro\/index\/wp-content\/uploads\/2019\/11\/IMG-20191126-WA0006_1-700x700.jpg 700w, https:\/\/www.adventist.ro\/index\/wp-content\/uploads\/2019\/11\/IMG-20191126-WA0006_1-900x900.jpg 900w, https:\/\/www.adventist.ro\/index\/wp-content\/uploads\/2019\/11\/IMG-20191126-WA0006_1-96x96.jpg 96w\" sizes=\"(max-width: 150px) 100vw, 150px\"><\/a><\/div>\n<p class=\"wpematico_credit\"><small>Powered by <a href=\"http:\/\/www.wpematico.com\" target=\"_blank\" rel=\"noopener noreferrer\">WPeMatico<\/a><\/small><\/p>\n ","protected":false},"excerpt":{"rendered":"<p>\u00cen Sabatul din 16 noiembrie 2019 s-a desf\u0103\u0219urat la Slatina, \u00eentr-o atmosfer\u0103 de entuziasm \u0219i bucurie, o \u00eent\u00e2lnire deosebit\u0103 a tinerilor din Conferin\u021ba Oltenia. Subiectul care a trezit interesul participan\u021bilor a fost o dezbatere a temelor c\u0103r\u021bii Evenimentele ultimelor zile, \u00a0av\u00e2nd drept autor pe Ellen White. \u00cen cadrul unui proiect special menit s\u0103 trezeasc\u0103 interesul &hellip; <a href=\"https:\/\/adventistoltenia.ro\/site\/evenimentele-ultimelor-zile-sabatul-tinerilor-slatina\/\">Continued<\/a><\/p>\n","protected":false},"author":2,"featured_media":3070,"comment_status":"open","ping_status":"closed","sticky":false,"template":"","format":"standard","meta":[],"categories":[71],"tags":[],"yoast_head":"<!-- This site is optimized with the Yoast SEO plugin v20.3 - https:\/\/yoast.com\/wordpress\/plugins\/seo\/ -->\n<title>Evenimentele ultimelor zile \u2013 Sabatul Tinerilor \u2013 Slatina - Conferinta Oltenia<\/title>\n<meta name=\"robots\" content=\"index, follow, max-snippet:-1, max-image-preview:large, max-video-preview:-1\" \/>\n<link rel=\"canonical\" href=\"https:\/\/adventistoltenia.ro\/site\/evenimentele-ultimelor-zile-sabatul-tinerilor-slatina\/\" \/>\n<meta property=\"og:locale\" content=\"en_US\" \/>\n<meta property=\"og:type\" content=\"article\" \/>\n<meta property=\"og:title\" content=\"Evenimentele ultimelor zile \u2013 Sabatul Tinerilor \u2013 Slatina - Conferinta Oltenia\" \/>\n<meta property=\"og:description\" content=\"\u00cen Sabatul din 16 noiembrie 2019 s-a desf\u0103\u0219urat la Slatina, \u00eentr-o atmosfer\u0103 de entuziasm \u0219i bucurie, o \u00eent\u00e2lnire deosebit\u0103 a tinerilor din Conferin\u021ba Oltenia. Subiectul care a trezit interesul participan\u021bilor a fost o dezbatere a temelor c\u0103r\u021bii Evenimentele ultimelor zile, \u00a0av\u00e2nd drept autor pe Ellen White. \u00cen cadrul unui proiect special menit s\u0103 trezeasc\u0103 interesul &hellip; Continued\" \/>\n<meta property=\"og:url\" content=\"https:\/\/adventistoltenia.ro\/site\/evenimentele-ultimelor-zile-sabatul-tinerilor-slatina\/\" \/>\n<meta property=\"og:site_name\" content=\"Conferinta Oltenia\" \/>\n<meta property=\"article:published_time\" content=\"2019-12-01T01:31:44+00:00\" \/>\n<meta property=\"og:image\" content=\"https:\/\/adventistoltenia.ro\/site\/wp-content\/uploads\/2019\/12\/IMG-20191126-WA0006-150x150.jpg\" \/>\n\t<meta property=\"og:image:width\" content=\"150\" \/>\n\t<meta property=\"og:image:height\" content=\"150\" \/>\n\t<meta property=\"og:image:type\" content=\"image\/jpeg\" \/>\n<meta name=\"author\" content=\"Conferinta Oltenia\" \/>\n<meta name=\"twitter:card\" content=\"summary_large_image\" \/>\n<meta name=\"twitter:label1\" content=\"Written by\" \/>\n\t<meta name=\"twitter:data1\" content=\"Conferinta Oltenia\" \/>\n\t<meta name=\"twitter:label2\" content=\"Est. reading time\" \/>\n\t<meta name=\"twitter:data2\" content=\"2 minutes\" \/>\n<script type=\"application\/ld+json\" class=\"yoast-schema-graph\">{\"@context\":\"https:\/\/schema.org\",\"@graph\":[{\"@type\":\"WebPage\",\"@id\":\"https:\/\/adventistoltenia.ro\/site\/evenimentele-ultimelor-zile-sabatul-tinerilor-slatina\/\",\"url\":\"https:\/\/adventistoltenia.ro\/site\/evenimentele-ultimelor-zile-sabatul-tinerilor-slatina\/\",\"name\":\"Evenimentele ultimelor zile \u2013 Sabatul Tinerilor \u2013 Slatina - Conferinta Oltenia\",\"isPartOf\":{\"@id\":\"https:\/\/adventistoltenia.ro\/site\/#website\"},\"datePublished\":\"2019-12-01T01:31:44+00:00\",\"dateModified\":\"2019-12-01T01:31:44+00:00\",\"author\":{\"@id\":\"https:\/\/adventistoltenia.ro\/site\/#\/schema\/person\/81972d6ddcec064fcb37a129240ef9d7\"},\"breadcrumb\":{\"@id\":\"https:\/\/adventistoltenia.ro\/site\/evenimentele-ultimelor-zile-sabatul-tinerilor-slatina\/#breadcrumb\"},\"inLanguage\":\"en-US\",\"potentialAction\":[{\"@type\":\"ReadAction\",\"target\":[\"https:\/\/adventistoltenia.ro\/site\/evenimentele-ultimelor-zile-sabatul-tinerilor-slatina\/\"]}]},{\"@type\":\"BreadcrumbList\",\"@id\":\"https:\/\/adventistoltenia.ro\/site\/evenimentele-ultimelor-zile-sabatul-tinerilor-slatina\/#breadcrumb\",\"itemListElement\":[{\"@type\":\"ListItem\",\"position\":1,\"name\":\"Home\",\"item\":\"https:\/\/adventistoltenia.ro\/site\/\"},{\"@type\":\"ListItem\",\"position\":2,\"name\":\"Evenimentele ultimelor zile \u2013 Sabatul Tinerilor \u2013 Slatina\"}]},{\"@type\":\"WebSite\",\"@id\":\"https:\/\/adventistoltenia.ro\/site\/#website\",\"url\":\"https:\/\/adventistoltenia.ro\/site\/\",\"name\":\"Conferinta Oltenia\",\"description\":\"Biserica Adventista de Ziua a Saptea\",\"potentialAction\":[{\"@type\":\"SearchAction\",\"target\":{\"@type\":\"EntryPoint\",\"urlTemplate\":\"https:\/\/adventistoltenia.ro\/site\/?s={search_term_string}\"},\"query-input\":\"required name=search_term_string\"}],\"inLanguage\":\"en-US\"},{\"@type\":\"Person\",\"@id\":\"https:\/\/adventistoltenia.ro\/site\/#\/schema\/person\/81972d6ddcec064fcb37a129240ef9d7\",\"name\":\"Conferinta Oltenia\",\"image\":{\"@type\":\"ImageObject\",\"inLanguage\":\"en-US\",\"@id\":\"https:\/\/adventistoltenia.ro\/site\/#\/schema\/person\/image\/\",\"url\":\"https:\/\/secure.gravatar.com\/avatar\/ebe92ec22e2e53a8eb79d6b52b724e27?s=96&d=mm&r=g\",\"contentUrl\":\"https:\/\/secure.gravatar.com\/avatar\/ebe92ec22e2e53a8eb79d6b52b724e27?s=96&d=mm&r=g\",\"caption\":\"Conferinta Oltenia\"},\"url\":\"https:\/\/adventistoltenia.ro\/site\/author\/adm1n\/\"}]}<\/script>\n<!-- \/ Yoast SEO plugin. -->","yoast_head_json":{"title":"Evenimentele ultimelor zile \u2013 Sabatul Tinerilor \u2013 Slatina - Conferinta Oltenia","robots":{"index":"index","follow":"follow","max-snippet":"max-snippet:-1","max-image-preview":"max-image-preview:large","max-video-preview":"max-video-preview:-1"},"canonical":"https:\/\/adventistoltenia.ro\/site\/evenimentele-ultimelor-zile-sabatul-tinerilor-slatina\/","og_locale":"en_US","og_type":"article","og_title":"Evenimentele ultimelor zile \u2013 Sabatul Tinerilor \u2013 Slatina - Conferinta Oltenia","og_description":"\u00cen Sabatul din 16 noiembrie 2019 s-a desf\u0103\u0219urat la Slatina, \u00eentr-o atmosfer\u0103 de entuziasm \u0219i bucurie, o \u00eent\u00e2lnire deosebit\u0103 a tinerilor din Conferin\u021ba Oltenia. Subiectul care a trezit interesul participan\u021bilor a fost o dezbatere a temelor c\u0103r\u021bii Evenimentele ultimelor zile, \u00a0av\u00e2nd drept autor pe Ellen White. \u00cen cadrul unui proiect special menit s\u0103 trezeasc\u0103 interesul &hellip; Continued","og_url":"https:\/\/adventistoltenia.ro\/site\/evenimentele-ultimelor-zile-sabatul-tinerilor-slatina\/","og_site_name":"Conferinta Oltenia","article_published_time":"2019-12-01T01:31:44+00:00","og_image":[{"width":150,"height":150,"url":"https:\/\/adventistoltenia.ro\/site\/wp-content\/uploads\/2019\/12\/IMG-20191126-WA0006-150x150.jpg","type":"image\/jpeg"}],"author":"Conferinta Oltenia","twitter_card":"summary_large_image","twitter_misc":{"Written by":"Conferinta Oltenia","Est. reading time":"2 minutes"},"schema":{"@context":"https:\/\/schema.org","@graph":[{"@type":"WebPage","@id":"https:\/\/adventistoltenia.ro\/site\/evenimentele-ultimelor-zile-sabatul-tinerilor-slatina\/","url":"https:\/\/adventistoltenia.ro\/site\/evenimentele-ultimelor-zile-sabatul-tinerilor-slatina\/","name":"Evenimentele ultimelor zile \u2013 Sabatul Tinerilor \u2013 Slatina - Conferinta Oltenia","isPartOf":{"@id":"https:\/\/adventistoltenia.ro\/site\/#website"},"datePublished":"2019-12-01T01:31:44+00:00","dateModified":"2019-12-01T01:31:44+00:00","author":{"@id":"https:\/\/adventistoltenia.ro\/site\/#\/schema\/person\/81972d6ddcec064fcb37a129240ef9d7"},"breadcrumb":{"@id":"https:\/\/adventistoltenia.ro\/site\/evenimentele-ultimelor-zile-sabatul-tinerilor-slatina\/#breadcrumb"},"inLanguage":"en-US","potentialAction":[{"@type":"ReadAction","target":["https:\/\/adventistoltenia.ro\/site\/evenimentele-ultimelor-zile-sabatul-tinerilor-slatina\/"]}]},{"@type":"BreadcrumbList","@id":"https:\/\/adventistoltenia.ro\/site\/evenimentele-ultimelor-zile-sabatul-tinerilor-slatina\/#breadcrumb","itemListElement":[{"@type":"ListItem","position":1,"name":"Home","item":"https:\/\/adventistoltenia.ro\/site\/"},{"@type":"ListItem","position":2,"name":"Evenimentele ultimelor zile \u2013 Sabatul Tinerilor \u2013 Slatina"}]},{"@type":"WebSite","@id":"https:\/\/adventistoltenia.ro\/site\/#website","url":"https:\/\/adventistoltenia.ro\/site\/","name":"Conferinta Oltenia","description":"Biserica Adventista de Ziua a Saptea","potentialAction":[{"@type":"SearchAction","target":{"@type":"EntryPoint","urlTemplate":"https:\/\/adventistoltenia.ro\/site\/?s={search_term_string}"},"query-input":"required name=search_term_string"}],"inLanguage":"en-US"},{"@type":"Person","@id":"https:\/\/adventistoltenia.ro\/site\/#\/schema\/person\/81972d6ddcec064fcb37a129240ef9d7","name":"Conferinta Oltenia","image":{"@type":"ImageObject","inLanguage":"en-US","@id":"https:\/\/adventistoltenia.ro\/site\/#\/schema\/person\/image\/","url":"https:\/\/secure.gravatar.com\/avatar\/ebe92ec22e2e53a8eb79d6b52b724e27?s=96&d=mm&r=g","contentUrl":"https:\/\/secure.gravatar.com\/avatar\/ebe92ec22e2e53a8eb79d6b52b724e27?s=96&d=mm&r=g","caption":"Conferinta Oltenia"},"url":"https:\/\/adventistoltenia.ro\/site\/author\/adm1n\/"}]}},"_links":{"self":[{"href":"https:\/\/adventistoltenia.ro\/site\/wp-json\/wp\/v2\/posts\/3069"}],"collection":[{"href":"https:\/\/adventistoltenia.ro\/site\/wp-json\/wp\/v2\/posts"}],"about":[{"href":"https:\/\/adventistoltenia.ro\/site\/wp-json\/wp\/v2\/types\/post"}],"author":[{"embeddable":true,"href":"https:\/\/adventistoltenia.ro\/site\/wp-json\/wp\/v2\/users\/2"}],"replies":[{"embeddable":true,"href":"https:\/\/adventistoltenia.ro\/site\/wp-json\/wp\/v2\/comments?post=3069"}],"version-history":[{"count":0,"href":"https:\/\/adventistoltenia.ro\/site\/wp-json\/wp\/v2\/posts\/3069\/revisions"}],"wp:featuredmedia":[{"embeddable":true,"href":"https:\/\/adventistoltenia.ro\/site\/wp-json\/wp\/v2\/media\/3070"}],"wp:attachment":[{"href":"https:\/\/adventistoltenia.ro\/site\/wp-json\/wp\/v2\/media?parent=3069"}],"wp:term":[{"taxonomy":"category","embeddable":true,"href":"https:\/\/adventistoltenia.ro\/site\/wp-json\/wp\/v2\/categories?post=3069"},{"taxonomy":"post_tag","embeddable":true,"href":"https:\/\/adventistoltenia.ro\/site\/wp-json\/wp\/v2\/tags?post=3069"}],"curies":[{"name":"wp","href":"https:\/\/api.w.org\/{rel}","templated":true}]}}