{"id":3077,"date":"2019-12-01T01:31:44","date_gmt":"2019-12-01T01:31:44","guid":{"rendered":"http:\/\/adventistoltenia.ro\/site\/demnitate-umana-identitate-culturala-libertate-religioasa-valori-intrinseci-ale-umanitatii-sustinute-la-chisinau\/"},"modified":"2019-12-01T01:31:44","modified_gmt":"2019-12-01T01:31:44","slug":"demnitate-umana-identitate-culturala-libertate-religioasa-valori-intrinseci-ale-umanitatii-sustinute-la-chisinau","status":"publish","type":"post","link":"https:\/\/adventistoltenia.ro\/site\/demnitate-umana-identitate-culturala-libertate-religioasa-valori-intrinseci-ale-umanitatii-sustinute-la-chisinau\/","title":{"rendered":"Demnitate Uman\u0103, Identitate Cultural\u0103, Libertate Religioas\u0103 \u2013 valori intrinseci ale umanita\u021bii sus\u021binute la Chi\u0219in\u0103u"},"content":{"rendered":"<div>\n<div dir=\"auto\">Sesiunea de Comunic\u0103ri \u0218tiin\u021bifice \u201eDemnitate Uman\u0103, Identitate Cultural\u0103, Libertate Religioas\u0103\u201d a avut loc miercuri, 20 noiembrie 2019, la sediul Academiei de \u0218tiin\u021be a Moldovei de la Chi\u0219in\u0103u (ASM). La eveniment au fost invitate personalit\u0103\u021bi ale comunit\u0103\u021bii \u0219tiin\u021bifice \u0219i religioase at\u00e2t din Rom\u00e2nia, c\u00e2t \u0219i din Republica Moldova. Evenimentul este o continuare a parteneriatului academic ini\u021biat de Asocia\u021bia Con\u0219tiin\u021b\u0103 \u0219i Libertate din Rom\u00e2nia \u0219i Moldova.<\/div>\n<div dir=\"auto\"><\/div>\n<div dir=\"auto\">Din partea Academiei de \u0218tiin\u021be \u2013 Moldova o contribu\u021bie deosebit\u0103 au adus-o: conf. univ. dr. hab. Nina Corcinshi, director al Institutului de Filologie Rom\u00e2n\u0103 \u201eBogdan Petriceicu-Ha\u0219deu\u201d din Republica Moldova (IFR) \u0219i prof. univ. dr. Victor Juc, directorul Institutului de Cercet\u0103ri Juridice, Politice \u0219i Sociologice al Academiei de \u0218tiin\u021be a Moldovei (ICJPS).<\/div>\n<div dir=\"auto\"><\/div>\n<div dir=\"auto\">Evenimentul a fost organizat \u00een cadrul unui parteneriat al Asocia\u021biei \u201eCon\u0219tiin\u021b\u0103 \u0219i Libertate\u201d din Rom\u00e2nia \u0219i din Moldova cu IFR, ICJPS, ASM, Institutul de Istorie al Ministerului Educa\u021biei \u0219i Cercet\u0103rii din Republica Moldova \u0219i Institutul pentru Studii de Pace \u00een Cre\u0219tinismul R\u0103s\u0103ritean, afiliat Universit\u0103\u021bii Harvard.<\/div>\n<div dir=\"auto\"><\/div>\n<div dir=\"auto\">Cu aceast\u0103 ocazie a fost lansat\u0103 \u0219i \u00een Moldova cea de-a \u0219aptea edi\u021bie a Jurnalului Libert\u0103\u021bii de Con\u0219tiin\u021b\u0103, edi\u021bie ap\u0103rut\u0103 anul acesta \u00een dou\u0103 volume impresionante la prestigioasa editura francez\u0103 IARSIC, Les Arcs. Noutatea lans\u0103rii acestei edi\u021bii const\u0103 \u00een faptul c\u0103 pentru a treia oar\u0103 volumele Jurnalului confirm\u0103 valoarea cercet\u0103rii \u0219i contribu\u021bia \u0219tiin\u021bific\u0103 a mediului academic din Moldova al\u0103turi de lucr\u0103rile profesorilor din Rom\u00e2nia.<\/div>\n<div dir=\"auto\"><\/div>\n<div dir=\"auto\"><i>Demnitatea \u2013 \u00eentoarcerea la valorile pentru care a fost creat omul<\/i><\/div>\n<div dir=\"auto\"><\/div>\n<div dir=\"auto\">Conf. univ. dr. hab. Nina Corcinschi a deschis sesiunea de conferin\u021be, vorbind despre demnitatea uman\u0103 ca una dintre valorile fundamentale ale societ\u0103\u021bii: \u201e<i>Demnitatea \u00eel pune pe om \u00een centru, iar lumea academic\u0103 ar trebui s\u0103 aib\u0103 ca principal\u0103 preocupare lucrurile pe care le pot face pentru a \u00eembun\u0103t\u0103\u021bi condi\u021bia uman\u0103<\/i>.\u201d Sesiunea de conferin\u021be a fost continuat\u0103 de c\u0103tre prof. univ. dr. Victor Juc, care, pornind de la un citat celebru \u201e<i>omul este m\u0103sura tuturor lucrurilor<\/i>\u201d, a sus\u021binut faptul c\u0103 societatea actual\u0103 trebuie s\u0103 ofere locul central fiin\u021bei umane, nu cosmopolitismului.<\/div>\n<div dir=\"auto\"><\/div>\n<div dir=\"auto\">Printre invita\u021bi s-a aflat \u0219i doamna prof. univ. dr. ing. Ecaterina Andronescu, senator \u00een Parlamentul Rom\u00e2niei.<\/div>\n<div dir=\"auto\">Prof. univ. dr. ing. Ecaterina Andronescu a prezentat tema demnit\u0103\u021bii ca fiind un dar divin, pornind de la defini\u021bia conceptelor de egalitate \u0219i demnitate, a principiilor care deriv\u0103 din ideea c\u0103 \u201eOamenii se nasc egali \u00een drepturi \u0219i \u00een demnitate\u201d. Majoritatea celor 17 \u00een\u021belesuri ale cuv\u00e2ntului demnitate oferite de DEX, au \u00een comun respectul fa\u021b\u0103 de semeni. Astfel, \u201edemnitatea na\u021bional\u0103 este respectul fa\u021b\u0103 de neamul t\u0103u, dar \u0219i fa\u021b\u0103 de al\u021bii, iar istoria este cel mai bun instrument de ap\u0103rare a demnit\u0103\u021bii,\u201d a nuan\u021bat doamna senator Ecaterina Andronescu.<\/div>\n<div dir=\"auto\"><\/div>\n<div dir=\"auto\">Aceea\u0219i tem\u0103 \u2013 a demnit\u0103\u021bii \u2013 a fost abordat\u0103 \u0219i de Drago\u0219 Mu\u0219at, pre\u0219edintele Asocia\u021biei \u201eCon\u0219tiin\u021b\u0103 \u0219i Libertate\u201d din Rom\u00e2nia, care a afirmat c\u0103 demnitatea \u00eenseamn\u0103 \u00eentoarcerea la valorile pentru care omul a fost creat.<\/div>\n<div dir=\"auto\"><\/div>\n<div dir=\"auto\"><i>Toleran\u021ba ca mecanism de func\u021bionare a societ\u0103\u021bii<\/i><\/div>\n<div dir=\"auto\"><\/div>\n<div dir=\"auto\">Prof. univ. dr. Bogdan Ciuc\u0103, fost deputat \u00een Parlamentul Rom\u00e2niei, a sus\u021binut o lucrare despre rolul inteligen\u021bei artificiale \u00een drept \u0219i progres. Domnul profesor a eviden\u021biat existen\u021ba toleran\u021bei ca p\u00e2rghie de dezvoltare pe mai multe niveluri, pornind de la primul, cel al neutralit\u0103\u021bii, \u0219i urc\u00e2nd p\u00e2n\u0103 la cel mai \u00eenalt nivel, acela de mecanism de func\u021bionare normal\u0103, eficient\u0103 a unei societ\u0103\u021bi de drept.<\/div>\n<div dir=\"auto\"><\/div>\n<div dir=\"auto\">Sesiunea a continuat cu prezent\u0103ri pe teme istorice. Studiind istoria libert\u0103\u021bii religioase \u00een timpul Uniunii Sovietice, conf. cerc. Nicolae Fu\u0219tei, cercet\u0103tor coordonator la Institut de Istorie al Moldovei, a ar\u0103tat c\u0103 legisla\u021bia comunist\u0103 privind libertatea religioas\u0103 era una ambigu\u0103, menit\u0103 s\u0103 limiteze \u0219i s\u0103 \u00eempiedice manifest\u0103rile religioase de orice fel: \u201e<i>Documentele vremii ar\u0103tau cum, \u00een termen de c\u00e2teva zile de la lansare, titulatura unor acte legislative se modifica radical \u00een defavoarea libert\u0103\u021bilor ce se reclamau la \u00eenceput.<\/i>\u201d<\/div>\n<div dir=\"auto\"><\/div>\n<div dir=\"auto\">La eveniment au participat at\u00e2t reprezentan\u021bi ai bisericilor tradi\u021bionale, c\u00e2t \u0219i a mai multor confesiuni neoprotestante. Domnul Virgil Achihai,\u00a0 presedinte al alian\u021bei Evanghelice din Rom\u00e2nia a subliniat c\u0103 omul, prin faptul c\u0103 a fost creat de Dumnezeu, a fost \u00eenzestrat cu demnitate, iar libertatea de con\u0219tiin\u021b\u0103 este o manifestare corect\u0103 \u0219i necesar\u0103, care respect\u0103 statutul uman.<\/div>\n<div dir=\"auto\"><\/div>\n<div dir=\"auto\">\u201e<i>Regula de aur cunoscut\u0103 \u00een societate \u0219i r\u0103sturnat\u0103 \u00een scrierile Bibliei, adic\u0103 \u00abtot ce dori\u021bi s\u0103 v\u0103 fac\u0103 vou\u0103 oamenii face\u021bi-le \u0219i voi la fel\u00bb, ar trebui s\u0103 constituie baza rela\u021biilor noastre care ar pune \u00een eviden\u021b\u0103 demnitatea<\/i>\u201d, a declarat Petric\u0103 Hu\u021bu\u021bui, pastor \u00een Biserica Penticostal\u0103.<\/div>\n<div dir=\"auto\"><\/div>\n<div dir=\"auto\">De asemenea, prof. univ. dr. Lucian Farca\u0219, cadru didactic la Institutul Teologic Romano-Catolic \u201eSf. Iosif\u201d din Ia\u0219i, a sus\u021binut c\u0103 \u201e<i>demnitatea de p\u0103c\u0103tos reclam\u0103 nevoia de iertare<\/i>\u201d. Ideea a fost continuat\u0103 de c\u0103tre pastorul Dorin Cristea, reprezentantul Bisericii Adventiste de Ziua a \u0218aptea la acest eveniment, care a vorbit despre faptul c\u0103, de\u0219i am pierdut prin p\u0103cat demnitatea cu care am fost crea\u021bi, aceasta ne-a fost oferit\u0103 din nou de c\u0103tre Isus, ce a primit tortura \u0219i moartea, ap\u0103r\u00e2nd dreptul la demnitate al \u00eentregii umanit\u0103\u021bi.<\/div>\n<div dir=\"auto\"><\/div>\n<div dir=\"auto\">Tema demnit\u0103\u021bii \u00een educa\u021bie a fost abordat\u0103 de doamna prof. dr. Rodica Rudei, director Centrul de Educa\u021bie\u00a0<i>Excelsis<\/i>, care a sus\u0163inut c\u0103 scopul principal al educa\u021biei este s\u0103 conduc\u0103 spre maturitatea spiritual\u0103: \u201e<i>Demnitatea are leg\u0103tur\u0103 cu conectarea emo\u021bional\u0103 \u00eentre elevi \u0219i profesori \u0219i ar fi bine s\u0103 se bazeze pe ceea ce p\u0103rin\u021bii ar trebui s\u0103 spun\u0103 zilnic copiilor despre valoarea lor intrinsec\u0103.<\/i>\u201d<\/div>\n<div dir=\"auto\"><\/div>\n<div dir=\"auto\"><i>Lansarea celei de-a \u0219aptea edi\u021bii a Jurnalului Libert\u0103\u021bii de Con\u0219tiin\u021b\u0103 \u2013 pentru a doua oar\u0103 \u00een Moldova (<\/i>2017, 2019<i>)<\/i><\/div>\n<div dir=\"auto\"><\/div>\n<div dir=\"auto\">O contribu\u021bie deosebit\u0103 la acest eveniment a avut domnul Andrei Moldovanu, pre\u0219edinte\u00a0Asocia\u021bia \u201eCon\u0219tiin\u021b\u0103 \u0219i Libertate\u201d din Moldova\u00a0sprijinind prin ac\u021biunile asocia\u021biei lansarea celei de-a \u0219aptea edi\u021bii a volumului de lucr\u0103ri \u201e<i>Jurnalul Libert\u0103\u021bii de Con\u0219tiin\u021b\u0103<\/i>\u201d \u0219i \u00een Moldova. Lucrul acesta a fost posibil datorit\u0103 parteneriatului Asocia\u021biei din Rom\u00e2nia cu\u00a0 zece organisme educa\u021bionale \u0219i neguvernamentale interna\u021bionale, printre care Secretariatul de Stat pentru Culte din Rom\u00e2nia, Parlamentul Rom\u00e2niei \u2013 Comisia Juridic\u0103 din Camera Deputa\u021bilor \u0219i Universitatea \u201ePaul Val\u00e9ry\u201d din Montpellier \u2013 Fran\u021ba.<\/div>\n<div dir=\"auto\"><\/div>\n<div dir=\"auto\">\u201e<i><b>Jurnalul Libert\u0103\u021bii de Con\u0219tiin\u021b\u0103<\/b><\/i>\u201d este un istrument academic, recunoscut interna\u021bional, indexat \u00een baze de date precum The European Reference Index for the Humanities and the Social Sciences\u00a0<a href=\"https:\/\/dbh.nsd.uib.no\/publiseringskanaler\/erihplus\/periodical\/info?id=490789\" target=\"_blank\" rel=\"noopener noreferrer\" data-saferedirecturl=\"https:\/\/www.google.com\/url?q=https:\/\/dbh.nsd.uib.no\/publiseringskanaler\/erihplus\/periodical\/info?id%3D490789&#038;source=gmail&#038;ust=1575205968855000&#038;usg=AFQjCNG2bJBylbbGibJmVcCQe7EVErImlw\">(ERIH PLUS)<\/a>.<\/div>\n<div dir=\"auto\"><\/div>\n<div dir=\"auto\">\u201e<i>Demnitatea uman\u0103, identitatea cultural\u0103 \u0219i libertatea religioas\u0103 sunt valori la care societatea noastr\u0103 a aderat iremediabil. Totu\u0219i, \u00eenc\u0103 putem \u00eent\u00e2lni cazuri de \u00eenc\u0103lcare a lor, ceea ce reclam\u0103 o \u00een\u021belegere aprofundat\u0103 at\u00e2t \u00een mediile academice, c\u00e2t \u0219i \u00een r\u00e2ndul popula\u021biei. Iar evenimentul de ast\u0103zi a f\u0103cut un pas hot\u0103r\u00e2t \u00een aceast\u0103 direc\u021bie<\/i>\u201d, a declarat Sergiu Macovei, director al Asocia\u021biei \u201eCon\u0219tiin\u021b\u0103 \u0219i Libertate\u201d din Rom\u00e2nia \u0219i moderator al evenimentului.<\/div>\n<div dir=\"auto\"><\/div>\n<div dir=\"auto\">La \u00eencheierea Sesiunii de Comunic\u0103ri \u0218tiin\u021bifice \u201e<i>Demnitate Uman\u0103, Identitate Cultural\u0103, Libertate Religioas\u0103<\/i>\u201d, au fost oferite 18 plachete de apreciere pentru personalit\u0103\u021bile care au sus\u021binut libertatea de con\u0219tiin\u021b\u0103 \u00een sfera domeniului lor de activitate.<\/div>\n<div dir=\"auto\"><\/div>\n<div dir=\"auto\">Evenimentul va contribui \u00een continuare la crearea unor percep\u021bii coerente \u00een domeniile de drept, educa\u021bie, religie, istorie \u0219i literatur\u0103 prin lucr\u0103ri \u0219i dezbateri deschise mediului academic \u0219i nu numai.<\/div>\n<div dir=\"auto\"><\/div>\n<div dir=\"auto\">\n<p><a href=\"https:\/\/www.adventist.ro\/index\/demnitate-umana-identitate-culturala-libertate-religioasa-valori-intrinseci-ale-umanitatii-sustinute-la-chisinau\/llg_8780-large\/\"><img decoding=\"async\" loading=\"lazy\" width=\"150\" height=\"150\" src=\"http:\/\/adventistoltenia.ro\/site\/wp-content\/uploads\/2019\/12\/LLG_8780-Large-150x150.jpg\" class=\"attachment-thumbnail size-thumbnail\" alt=\"\" srcset=\"http:\/\/adventistoltenia.ro\/site\/wp-content\/uploads\/2019\/12\/LLG_8780-Large-150x150.jpg 150w, https:\/\/www.adventist.ro\/index\/wp-content\/uploads\/2019\/11\/LLG_8780-Large-250x250.jpg 250w, https:\/\/www.adventist.ro\/index\/wp-content\/uploads\/2019\/11\/LLG_8780-Large-400x400.jpg 400w, https:\/\/www.adventist.ro\/index\/wp-content\/uploads\/2019\/11\/LLG_8780-Large-700x700.jpg 700w, https:\/\/www.adventist.ro\/index\/wp-content\/uploads\/2019\/11\/LLG_8780-Large-900x900.jpg 900w, https:\/\/www.adventist.ro\/index\/wp-content\/uploads\/2019\/11\/LLG_8780-Large-96x96.jpg 96w\" sizes=\"(max-width: 150px) 100vw, 150px\"><\/a><br \/>\n<a href=\"https:\/\/www.adventist.ro\/index\/demnitate-umana-identitate-culturala-libertate-religioasa-valori-intrinseci-ale-umanitatii-sustinute-la-chisinau\/llg_8779-large\/\"><img decoding=\"async\" loading=\"lazy\" width=\"150\" height=\"150\" src=\"http:\/\/adventistoltenia.ro\/site\/wp-content\/uploads\/2019\/12\/LLG_8779-Large-150x150.jpg\" class=\"attachment-thumbnail size-thumbnail\" alt=\"\" srcset=\"http:\/\/adventistoltenia.ro\/site\/wp-content\/uploads\/2019\/12\/LLG_8779-Large-150x150.jpg 150w, https:\/\/www.adventist.ro\/index\/wp-content\/uploads\/2019\/11\/LLG_8779-Large-250x250.jpg 250w, https:\/\/www.adventist.ro\/index\/wp-content\/uploads\/2019\/11\/LLG_8779-Large-400x400.jpg 400w, https:\/\/www.adventist.ro\/index\/wp-content\/uploads\/2019\/11\/LLG_8779-Large-700x700.jpg 700w, https:\/\/www.adventist.ro\/index\/wp-content\/uploads\/2019\/11\/LLG_8779-Large-900x900.jpg 900w, https:\/\/www.adventist.ro\/index\/wp-content\/uploads\/2019\/11\/LLG_8779-Large-96x96.jpg 96w\" sizes=\"(max-width: 150px) 100vw, 150px\"><\/a><br \/>\n<a href=\"https:\/\/www.adventist.ro\/index\/demnitate-umana-identitate-culturala-libertate-religioasa-valori-intrinseci-ale-umanitatii-sustinute-la-chisinau\/llg_8771-large\/\"><img decoding=\"async\" loading=\"lazy\" width=\"150\" height=\"150\" src=\"http:\/\/adventistoltenia.ro\/site\/wp-content\/uploads\/2019\/12\/LLG_8771-Large-150x150.jpg\" class=\"attachment-thumbnail size-thumbnail\" alt=\"\" srcset=\"http:\/\/adventistoltenia.ro\/site\/wp-content\/uploads\/2019\/12\/LLG_8771-Large-150x150.jpg 150w, https:\/\/www.adventist.ro\/index\/wp-content\/uploads\/2019\/11\/LLG_8771-Large-250x250.jpg 250w, https:\/\/www.adventist.ro\/index\/wp-content\/uploads\/2019\/11\/LLG_8771-Large-400x400.jpg 400w, https:\/\/www.adventist.ro\/index\/wp-content\/uploads\/2019\/11\/LLG_8771-Large-700x700.jpg 700w, https:\/\/www.adventist.ro\/index\/wp-content\/uploads\/2019\/11\/LLG_8771-Large-900x900.jpg 900w, https:\/\/www.adventist.ro\/index\/wp-content\/uploads\/2019\/11\/LLG_8771-Large-96x96.jpg 96w\" sizes=\"(max-width: 150px) 100vw, 150px\"><\/a><br \/>\n<a href=\"https:\/\/www.adventist.ro\/index\/demnitate-umana-identitate-culturala-libertate-religioasa-valori-intrinseci-ale-umanitatii-sustinute-la-chisinau\/llg_8759-large\/\"><img decoding=\"async\" loading=\"lazy\" width=\"150\" height=\"150\" src=\"http:\/\/adventistoltenia.ro\/site\/wp-content\/uploads\/2019\/12\/LLG_8759-Large-150x150.jpg\" class=\"attachment-thumbnail size-thumbnail\" alt=\"\" srcset=\"http:\/\/adventistoltenia.ro\/site\/wp-content\/uploads\/2019\/12\/LLG_8759-Large-150x150.jpg 150w, https:\/\/www.adventist.ro\/index\/wp-content\/uploads\/2019\/11\/LLG_8759-Large-250x250.jpg 250w, https:\/\/www.adventist.ro\/index\/wp-content\/uploads\/2019\/11\/LLG_8759-Large-400x400.jpg 400w, https:\/\/www.adventist.ro\/index\/wp-content\/uploads\/2019\/11\/LLG_8759-Large-700x700.jpg 700w, https:\/\/www.adventist.ro\/index\/wp-content\/uploads\/2019\/11\/LLG_8759-Large-900x900.jpg 900w, https:\/\/www.adventist.ro\/index\/wp-content\/uploads\/2019\/11\/LLG_8759-Large-96x96.jpg 96w\" sizes=\"(max-width: 150px) 100vw, 150px\"><\/a><br \/>\n<a href=\"https:\/\/www.adventist.ro\/index\/demnitate-umana-identitate-culturala-libertate-religioasa-valori-intrinseci-ale-umanitatii-sustinute-la-chisinau\/llg_8755-large\/\"><img decoding=\"async\" loading=\"lazy\" width=\"150\" height=\"150\" src=\"http:\/\/adventistoltenia.ro\/site\/wp-content\/uploads\/2019\/12\/LLG_8755-Large-150x150.jpg\" class=\"attachment-thumbnail size-thumbnail\" alt=\"\" srcset=\"http:\/\/adventistoltenia.ro\/site\/wp-content\/uploads\/2019\/12\/LLG_8755-Large-150x150.jpg 150w, https:\/\/www.adventist.ro\/index\/wp-content\/uploads\/2019\/11\/LLG_8755-Large-250x250.jpg 250w, https:\/\/www.adventist.ro\/index\/wp-content\/uploads\/2019\/11\/LLG_8755-Large-400x400.jpg 400w, https:\/\/www.adventist.ro\/index\/wp-content\/uploads\/2019\/11\/LLG_8755-Large-700x700.jpg 700w, https:\/\/www.adventist.ro\/index\/wp-content\/uploads\/2019\/11\/LLG_8755-Large-900x900.jpg 900w, https:\/\/www.adventist.ro\/index\/wp-content\/uploads\/2019\/11\/LLG_8755-Large-96x96.jpg 96w\" sizes=\"(max-width: 150px) 100vw, 150px\"><\/a><br \/>\n<a href=\"https:\/\/www.adventist.ro\/index\/demnitate-umana-identitate-culturala-libertate-religioasa-valori-intrinseci-ale-umanitatii-sustinute-la-chisinau\/llg_8753-large\/\"><img decoding=\"async\" loading=\"lazy\" width=\"150\" height=\"150\" src=\"http:\/\/adventistoltenia.ro\/site\/wp-content\/uploads\/2019\/12\/LLG_8753-Large-150x150.jpg\" class=\"attachment-thumbnail size-thumbnail\" alt=\"\" srcset=\"http:\/\/adventistoltenia.ro\/site\/wp-content\/uploads\/2019\/12\/LLG_8753-Large-150x150.jpg 150w, https:\/\/www.adventist.ro\/index\/wp-content\/uploads\/2019\/11\/LLG_8753-Large-250x250.jpg 250w, https:\/\/www.adventist.ro\/index\/wp-content\/uploads\/2019\/11\/LLG_8753-Large-400x400.jpg 400w, https:\/\/www.adventist.ro\/index\/wp-content\/uploads\/2019\/11\/LLG_8753-Large-700x700.jpg 700w, https:\/\/www.adventist.ro\/index\/wp-content\/uploads\/2019\/11\/LLG_8753-Large-900x900.jpg 900w, https:\/\/www.adventist.ro\/index\/wp-content\/uploads\/2019\/11\/LLG_8753-Large-96x96.jpg 96w\" sizes=\"(max-width: 150px) 100vw, 150px\"><\/a><br \/>\n<a href=\"https:\/\/www.adventist.ro\/index\/demnitate-umana-identitate-culturala-libertate-religioasa-valori-intrinseci-ale-umanitatii-sustinute-la-chisinau\/llg_8751-large\/\"><img decoding=\"async\" loading=\"lazy\" width=\"150\" height=\"150\" src=\"http:\/\/adventistoltenia.ro\/site\/wp-content\/uploads\/2019\/12\/LLG_8751-Large-150x150.jpg\" class=\"attachment-thumbnail size-thumbnail\" alt=\"\" srcset=\"http:\/\/adventistoltenia.ro\/site\/wp-content\/uploads\/2019\/12\/LLG_8751-Large-150x150.jpg 150w, https:\/\/www.adventist.ro\/index\/wp-content\/uploads\/2019\/11\/LLG_8751-Large-250x250.jpg 250w, https:\/\/www.adventist.ro\/index\/wp-content\/uploads\/2019\/11\/LLG_8751-Large-400x400.jpg 400w, https:\/\/www.adventist.ro\/index\/wp-content\/uploads\/2019\/11\/LLG_8751-Large-700x700.jpg 700w, https:\/\/www.adventist.ro\/index\/wp-content\/uploads\/2019\/11\/LLG_8751-Large-900x900.jpg 900w, https:\/\/www.adventist.ro\/index\/wp-content\/uploads\/2019\/11\/LLG_8751-Large-96x96.jpg 96w\" sizes=\"(max-width: 150px) 100vw, 150px\"><\/a><br \/>\n<a href=\"https:\/\/www.adventist.ro\/index\/demnitate-umana-identitate-culturala-libertate-religioasa-valori-intrinseci-ale-umanitatii-sustinute-la-chisinau\/llg_8750-large\/\"><img decoding=\"async\" loading=\"lazy\" width=\"150\" height=\"150\" src=\"http:\/\/adventistoltenia.ro\/site\/wp-content\/uploads\/2019\/12\/LLG_8750-Large-150x150.jpg\" class=\"attachment-thumbnail size-thumbnail\" alt=\"\" srcset=\"http:\/\/adventistoltenia.ro\/site\/wp-content\/uploads\/2019\/12\/LLG_8750-Large-150x150.jpg 150w, https:\/\/www.adventist.ro\/index\/wp-content\/uploads\/2019\/11\/LLG_8750-Large-250x250.jpg 250w, https:\/\/www.adventist.ro\/index\/wp-content\/uploads\/2019\/11\/LLG_8750-Large-400x400.jpg 400w, https:\/\/www.adventist.ro\/index\/wp-content\/uploads\/2019\/11\/LLG_8750-Large-700x700.jpg 700w, https:\/\/www.adventist.ro\/index\/wp-content\/uploads\/2019\/11\/LLG_8750-Large-900x900.jpg 900w, https:\/\/www.adventist.ro\/index\/wp-content\/uploads\/2019\/11\/LLG_8750-Large-96x96.jpg 96w\" sizes=\"(max-width: 150px) 100vw, 150px\"><\/a><br \/>\n<a href=\"https:\/\/www.adventist.ro\/index\/demnitate-umana-identitate-culturala-libertate-religioasa-valori-intrinseci-ale-umanitatii-sustinute-la-chisinau\/llg_8746-large\/\"><img decoding=\"async\" loading=\"lazy\" width=\"150\" height=\"150\" src=\"http:\/\/adventistoltenia.ro\/site\/wp-content\/uploads\/2019\/12\/LLG_8746-Large-150x150.jpg\" class=\"attachment-thumbnail size-thumbnail\" alt=\"\" srcset=\"http:\/\/adventistoltenia.ro\/site\/wp-content\/uploads\/2019\/12\/LLG_8746-Large-150x150.jpg 150w, https:\/\/www.adventist.ro\/index\/wp-content\/uploads\/2019\/11\/LLG_8746-Large-250x250.jpg 250w, https:\/\/www.adventist.ro\/index\/wp-content\/uploads\/2019\/11\/LLG_8746-Large-400x400.jpg 400w, https:\/\/www.adventist.ro\/index\/wp-content\/uploads\/2019\/11\/LLG_8746-Large-700x700.jpg 700w, https:\/\/www.adventist.ro\/index\/wp-content\/uploads\/2019\/11\/LLG_8746-Large-900x900.jpg 900w, https:\/\/www.adventist.ro\/index\/wp-content\/uploads\/2019\/11\/LLG_8746-Large-96x96.jpg 96w\" sizes=\"(max-width: 150px) 100vw, 150px\"><\/a><br \/>\n<a href=\"https:\/\/www.adventist.ro\/index\/demnitate-umana-identitate-culturala-libertate-religioasa-valori-intrinseci-ale-umanitatii-sustinute-la-chisinau\/llg_8743-large\/\"><img decoding=\"async\" loading=\"lazy\" width=\"150\" height=\"150\" src=\"http:\/\/adventistoltenia.ro\/site\/wp-content\/uploads\/2019\/12\/LLG_8743-Large-150x150.jpg\" class=\"attachment-thumbnail size-thumbnail\" alt=\"\" srcset=\"http:\/\/adventistoltenia.ro\/site\/wp-content\/uploads\/2019\/12\/LLG_8743-Large-150x150.jpg 150w, https:\/\/www.adventist.ro\/index\/wp-content\/uploads\/2019\/11\/LLG_8743-Large-250x250.jpg 250w, https:\/\/www.adventist.ro\/index\/wp-content\/uploads\/2019\/11\/LLG_8743-Large-400x400.jpg 400w, https:\/\/www.adventist.ro\/index\/wp-content\/uploads\/2019\/11\/LLG_8743-Large-700x700.jpg 700w, https:\/\/www.adventist.ro\/index\/wp-content\/uploads\/2019\/11\/LLG_8743-Large-900x900.jpg 900w, https:\/\/www.adventist.ro\/index\/wp-content\/uploads\/2019\/11\/LLG_8743-Large-96x96.jpg 96w\" sizes=\"(max-width: 150px) 100vw, 150px\"><\/a><br \/>\n<a href=\"https:\/\/www.adventist.ro\/index\/demnitate-umana-identitate-culturala-libertate-religioasa-valori-intrinseci-ale-umanitatii-sustinute-la-chisinau\/llg_8741-large\/\"><img decoding=\"async\" loading=\"lazy\" width=\"150\" height=\"150\" src=\"http:\/\/adventistoltenia.ro\/site\/wp-content\/uploads\/2019\/12\/LLG_8741-Large-150x150.jpg\" class=\"attachment-thumbnail size-thumbnail\" alt=\"\" srcset=\"http:\/\/adventistoltenia.ro\/site\/wp-content\/uploads\/2019\/12\/LLG_8741-Large-150x150.jpg 150w, https:\/\/www.adventist.ro\/index\/wp-content\/uploads\/2019\/11\/LLG_8741-Large-250x250.jpg 250w, https:\/\/www.adventist.ro\/index\/wp-content\/uploads\/2019\/11\/LLG_8741-Large-400x400.jpg 400w, https:\/\/www.adventist.ro\/index\/wp-content\/uploads\/2019\/11\/LLG_8741-Large-700x700.jpg 700w, https:\/\/www.adventist.ro\/index\/wp-content\/uploads\/2019\/11\/LLG_8741-Large-900x900.jpg 900w, https:\/\/www.adventist.ro\/index\/wp-content\/uploads\/2019\/11\/LLG_8741-Large-96x96.jpg 96w\" sizes=\"(max-width: 150px) 100vw, 150px\"><\/a><br \/>\n<a href=\"https:\/\/www.adventist.ro\/index\/demnitate-umana-identitate-culturala-libertate-religioasa-valori-intrinseci-ale-umanitatii-sustinute-la-chisinau\/llg_8735-large\/\"><img decoding=\"async\" loading=\"lazy\" width=\"150\" height=\"150\" src=\"http:\/\/adventistoltenia.ro\/site\/wp-content\/uploads\/2019\/12\/LLG_8735-Large-150x150.jpg\" class=\"attachment-thumbnail size-thumbnail\" alt=\"\" srcset=\"http:\/\/adventistoltenia.ro\/site\/wp-content\/uploads\/2019\/12\/LLG_8735-Large-150x150.jpg 150w, https:\/\/www.adventist.ro\/index\/wp-content\/uploads\/2019\/11\/LLG_8735-Large-250x250.jpg 250w, https:\/\/www.adventist.ro\/index\/wp-content\/uploads\/2019\/11\/LLG_8735-Large-400x400.jpg 400w, https:\/\/www.adventist.ro\/index\/wp-content\/uploads\/2019\/11\/LLG_8735-Large-700x700.jpg 700w, https:\/\/www.adventist.ro\/index\/wp-content\/uploads\/2019\/11\/LLG_8735-Large-900x900.jpg 900w, https:\/\/www.adventist.ro\/index\/wp-content\/uploads\/2019\/11\/LLG_8735-Large-96x96.jpg 96w\" sizes=\"(max-width: 150px) 100vw, 150px\"><\/a><br \/>\n<a href=\"https:\/\/www.adventist.ro\/index\/demnitate-umana-identitate-culturala-libertate-religioasa-valori-intrinseci-ale-umanitatii-sustinute-la-chisinau\/llg_8723-large\/\"><img decoding=\"async\" loading=\"lazy\" width=\"150\" height=\"150\" src=\"http:\/\/adventistoltenia.ro\/site\/wp-content\/uploads\/2019\/12\/LLG_8723-Large-150x150.jpg\" class=\"attachment-thumbnail size-thumbnail\" alt=\"\" srcset=\"http:\/\/adventistoltenia.ro\/site\/wp-content\/uploads\/2019\/12\/LLG_8723-Large-150x150.jpg 150w, https:\/\/www.adventist.ro\/index\/wp-content\/uploads\/2019\/11\/LLG_8723-Large-250x250.jpg 250w, https:\/\/www.adventist.ro\/index\/wp-content\/uploads\/2019\/11\/LLG_8723-Large-400x400.jpg 400w, https:\/\/www.adventist.ro\/index\/wp-content\/uploads\/2019\/11\/LLG_8723-Large-700x700.jpg 700w, https:\/\/www.adventist.ro\/index\/wp-content\/uploads\/2019\/11\/LLG_8723-Large-900x900.jpg 900w, https:\/\/www.adventist.ro\/index\/wp-content\/uploads\/2019\/11\/LLG_8723-Large-96x96.jpg 96w\" sizes=\"(max-width: 150px) 100vw, 150px\"><\/a><br \/>\n<a href=\"https:\/\/www.adventist.ro\/index\/demnitate-umana-identitate-culturala-libertate-religioasa-valori-intrinseci-ale-umanitatii-sustinute-la-chisinau\/llg_8708-large\/\"><img decoding=\"async\" loading=\"lazy\" width=\"150\" height=\"150\" src=\"http:\/\/adventistoltenia.ro\/site\/wp-content\/uploads\/2019\/12\/LLG_8708-Large-150x150.jpg\" class=\"attachment-thumbnail size-thumbnail\" alt=\"\" srcset=\"http:\/\/adventistoltenia.ro\/site\/wp-content\/uploads\/2019\/12\/LLG_8708-Large-150x150.jpg 150w, https:\/\/www.adventist.ro\/index\/wp-content\/uploads\/2019\/11\/LLG_8708-Large-250x250.jpg 250w, https:\/\/www.adventist.ro\/index\/wp-content\/uploads\/2019\/11\/LLG_8708-Large-400x400.jpg 400w, https:\/\/www.adventist.ro\/index\/wp-content\/uploads\/2019\/11\/LLG_8708-Large-700x700.jpg 700w, https:\/\/www.adventist.ro\/index\/wp-content\/uploads\/2019\/11\/LLG_8708-Large-900x900.jpg 900w, https:\/\/www.adventist.ro\/index\/wp-content\/uploads\/2019\/11\/LLG_8708-Large-96x96.jpg 96w\" sizes=\"(max-width: 150px) 100vw, 150px\"><\/a><br \/>\n<a href=\"https:\/\/www.adventist.ro\/index\/demnitate-umana-identitate-culturala-libertate-religioasa-valori-intrinseci-ale-umanitatii-sustinute-la-chisinau\/llg_8704-large\/\"><img decoding=\"async\" loading=\"lazy\" width=\"150\" height=\"150\" src=\"http:\/\/adventistoltenia.ro\/site\/wp-content\/uploads\/2019\/12\/LLG_8704-Large-150x150.jpg\" class=\"attachment-thumbnail size-thumbnail\" alt=\"\" srcset=\"http:\/\/adventistoltenia.ro\/site\/wp-content\/uploads\/2019\/12\/LLG_8704-Large-150x150.jpg 150w, https:\/\/www.adventist.ro\/index\/wp-content\/uploads\/2019\/11\/LLG_8704-Large-250x250.jpg 250w, https:\/\/www.adventist.ro\/index\/wp-content\/uploads\/2019\/11\/LLG_8704-Large-400x400.jpg 400w, https:\/\/www.adventist.ro\/index\/wp-content\/uploads\/2019\/11\/LLG_8704-Large-700x700.jpg 700w, https:\/\/www.adventist.ro\/index\/wp-content\/uploads\/2019\/11\/LLG_8704-Large-900x900.jpg 900w, https:\/\/www.adventist.ro\/index\/wp-content\/uploads\/2019\/11\/LLG_8704-Large-96x96.jpg 96w\" sizes=\"(max-width: 150px) 100vw, 150px\"><\/a><br \/>\n<a href=\"https:\/\/www.adventist.ro\/index\/demnitate-umana-identitate-culturala-libertate-religioasa-valori-intrinseci-ale-umanitatii-sustinute-la-chisinau\/llg_8701-large\/\"><img decoding=\"async\" loading=\"lazy\" width=\"150\" height=\"150\" src=\"http:\/\/adventistoltenia.ro\/site\/wp-content\/uploads\/2019\/12\/LLG_8701-Large-150x150.jpg\" class=\"attachment-thumbnail size-thumbnail\" alt=\"\" srcset=\"http:\/\/adventistoltenia.ro\/site\/wp-content\/uploads\/2019\/12\/LLG_8701-Large-150x150.jpg 150w, https:\/\/www.adventist.ro\/index\/wp-content\/uploads\/2019\/11\/LLG_8701-Large-250x250.jpg 250w, https:\/\/www.adventist.ro\/index\/wp-content\/uploads\/2019\/11\/LLG_8701-Large-400x400.jpg 400w, https:\/\/www.adventist.ro\/index\/wp-content\/uploads\/2019\/11\/LLG_8701-Large-700x700.jpg 700w, https:\/\/www.adventist.ro\/index\/wp-content\/uploads\/2019\/11\/LLG_8701-Large-900x900.jpg 900w, https:\/\/www.adventist.ro\/index\/wp-content\/uploads\/2019\/11\/LLG_8701-Large-96x96.jpg 96w\" sizes=\"(max-width: 150px) 100vw, 150px\"><\/a><br \/>\n<a href=\"https:\/\/www.adventist.ro\/index\/demnitate-umana-identitate-culturala-libertate-religioasa-valori-intrinseci-ale-umanitatii-sustinute-la-chisinau\/llg_8699-large\/\"><img decoding=\"async\" loading=\"lazy\" width=\"150\" height=\"150\" src=\"http:\/\/adventistoltenia.ro\/site\/wp-content\/uploads\/2019\/12\/LLG_8699-Large-150x150.jpg\" class=\"attachment-thumbnail size-thumbnail\" alt=\"\" srcset=\"http:\/\/adventistoltenia.ro\/site\/wp-content\/uploads\/2019\/12\/LLG_8699-Large-150x150.jpg 150w, https:\/\/www.adventist.ro\/index\/wp-content\/uploads\/2019\/11\/LLG_8699-Large-250x250.jpg 250w, https:\/\/www.adventist.ro\/index\/wp-content\/uploads\/2019\/11\/LLG_8699-Large-400x400.jpg 400w, https:\/\/www.adventist.ro\/index\/wp-content\/uploads\/2019\/11\/LLG_8699-Large-700x700.jpg 700w, https:\/\/www.adventist.ro\/index\/wp-content\/uploads\/2019\/11\/LLG_8699-Large-900x900.jpg 900w, https:\/\/www.adventist.ro\/index\/wp-content\/uploads\/2019\/11\/LLG_8699-Large-96x96.jpg 96w\" sizes=\"(max-width: 150px) 100vw, 150px\"><\/a><br \/>\n<a href=\"https:\/\/www.adventist.ro\/index\/demnitate-umana-identitate-culturala-libertate-religioasa-valori-intrinseci-ale-umanitatii-sustinute-la-chisinau\/llg_8661-large\/\"><img decoding=\"async\" loading=\"lazy\" width=\"150\" height=\"150\" src=\"http:\/\/adventistoltenia.ro\/site\/wp-content\/uploads\/2019\/12\/LLG_8661-Large-150x150.jpg\" class=\"attachment-thumbnail size-thumbnail\" alt=\"\" srcset=\"http:\/\/adventistoltenia.ro\/site\/wp-content\/uploads\/2019\/12\/LLG_8661-Large-150x150.jpg 150w, https:\/\/www.adventist.ro\/index\/wp-content\/uploads\/2019\/11\/LLG_8661-Large-250x250.jpg 250w, https:\/\/www.adventist.ro\/index\/wp-content\/uploads\/2019\/11\/LLG_8661-Large-400x400.jpg 400w, https:\/\/www.adventist.ro\/index\/wp-content\/uploads\/2019\/11\/LLG_8661-Large-700x700.jpg 700w, https:\/\/www.adventist.ro\/index\/wp-content\/uploads\/2019\/11\/LLG_8661-Large-900x900.jpg 900w, https:\/\/www.adventist.ro\/index\/wp-content\/uploads\/2019\/11\/LLG_8661-Large-96x96.jpg 96w\" sizes=\"(max-width: 150px) 100vw, 150px\"><\/a><br \/>\n<a href=\"https:\/\/www.adventist.ro\/index\/demnitate-umana-identitate-culturala-libertate-religioasa-valori-intrinseci-ale-umanitatii-sustinute-la-chisinau\/llg_8659-large\/\"><img decoding=\"async\" loading=\"lazy\" width=\"150\" height=\"150\" src=\"http:\/\/adventistoltenia.ro\/site\/wp-content\/uploads\/2019\/12\/LLG_8659-Large-150x150.jpg\" class=\"attachment-thumbnail size-thumbnail\" alt=\"\" srcset=\"http:\/\/adventistoltenia.ro\/site\/wp-content\/uploads\/2019\/12\/LLG_8659-Large-150x150.jpg 150w, https:\/\/www.adventist.ro\/index\/wp-content\/uploads\/2019\/11\/LLG_8659-Large-250x250.jpg 250w, https:\/\/www.adventist.ro\/index\/wp-content\/uploads\/2019\/11\/LLG_8659-Large-400x400.jpg 400w, https:\/\/www.adventist.ro\/index\/wp-content\/uploads\/2019\/11\/LLG_8659-Large-700x700.jpg 700w, https:\/\/www.adventist.ro\/index\/wp-content\/uploads\/2019\/11\/LLG_8659-Large-900x900.jpg 900w, https:\/\/www.adventist.ro\/index\/wp-content\/uploads\/2019\/11\/LLG_8659-Large-96x96.jpg 96w\" sizes=\"(max-width: 150px) 100vw, 150px\"><\/a><br \/>\n<a href=\"https:\/\/www.adventist.ro\/index\/demnitate-umana-identitate-culturala-libertate-religioasa-valori-intrinseci-ale-umanitatii-sustinute-la-chisinau\/llg_8652-large\/\"><img decoding=\"async\" loading=\"lazy\" width=\"150\" height=\"150\" src=\"http:\/\/adventistoltenia.ro\/site\/wp-content\/uploads\/2019\/12\/LLG_8652-Large-150x150.jpg\" class=\"attachment-thumbnail size-thumbnail\" alt=\"\" srcset=\"http:\/\/adventistoltenia.ro\/site\/wp-content\/uploads\/2019\/12\/LLG_8652-Large-150x150.jpg 150w, https:\/\/www.adventist.ro\/index\/wp-content\/uploads\/2019\/11\/LLG_8652-Large-250x250.jpg 250w, https:\/\/www.adventist.ro\/index\/wp-content\/uploads\/2019\/11\/LLG_8652-Large-400x400.jpg 400w, https:\/\/www.adventist.ro\/index\/wp-content\/uploads\/2019\/11\/LLG_8652-Large-700x700.jpg 700w, https:\/\/www.adventist.ro\/index\/wp-content\/uploads\/2019\/11\/LLG_8652-Large-900x900.jpg 900w, https:\/\/www.adventist.ro\/index\/wp-content\/uploads\/2019\/11\/LLG_8652-Large-96x96.jpg 96w\" sizes=\"(max-width: 150px) 100vw, 150px\"><\/a><br \/>\n<a href=\"https:\/\/www.adventist.ro\/index\/demnitate-umana-identitate-culturala-libertate-religioasa-valori-intrinseci-ale-umanitatii-sustinute-la-chisinau\/llg_8646-large\/\"><img decoding=\"async\" loading=\"lazy\" width=\"150\" height=\"150\" src=\"http:\/\/adventistoltenia.ro\/site\/wp-content\/uploads\/2019\/12\/LLG_8646-Large-150x150.jpg\" class=\"attachment-thumbnail size-thumbnail\" alt=\"\" srcset=\"http:\/\/adventistoltenia.ro\/site\/wp-content\/uploads\/2019\/12\/LLG_8646-Large-150x150.jpg 150w, https:\/\/www.adventist.ro\/index\/wp-content\/uploads\/2019\/11\/LLG_8646-Large-250x250.jpg 250w, https:\/\/www.adventist.ro\/index\/wp-content\/uploads\/2019\/11\/LLG_8646-Large-400x400.jpg 400w, https:\/\/www.adventist.ro\/index\/wp-content\/uploads\/2019\/11\/LLG_8646-Large-700x700.jpg 700w, https:\/\/www.adventist.ro\/index\/wp-content\/uploads\/2019\/11\/LLG_8646-Large-900x900.jpg 900w, https:\/\/www.adventist.ro\/index\/wp-content\/uploads\/2019\/11\/LLG_8646-Large-96x96.jpg 96w\" sizes=\"(max-width: 150px) 100vw, 150px\"><\/a><br \/>\n<a href=\"https:\/\/www.adventist.ro\/index\/demnitate-umana-identitate-culturala-libertate-religioasa-valori-intrinseci-ale-umanitatii-sustinute-la-chisinau\/llg_8629-large\/\"><img decoding=\"async\" loading=\"lazy\" width=\"150\" height=\"150\" src=\"http:\/\/adventistoltenia.ro\/site\/wp-content\/uploads\/2019\/12\/LLG_8629-Large-150x150.jpg\" class=\"attachment-thumbnail size-thumbnail\" alt=\"\" srcset=\"http:\/\/adventistoltenia.ro\/site\/wp-content\/uploads\/2019\/12\/LLG_8629-Large-150x150.jpg 150w, https:\/\/www.adventist.ro\/index\/wp-content\/uploads\/2019\/11\/LLG_8629-Large-250x250.jpg 250w, https:\/\/www.adventist.ro\/index\/wp-content\/uploads\/2019\/11\/LLG_8629-Large-400x400.jpg 400w, https:\/\/www.adventist.ro\/index\/wp-content\/uploads\/2019\/11\/LLG_8629-Large-700x700.jpg 700w, https:\/\/www.adventist.ro\/index\/wp-content\/uploads\/2019\/11\/LLG_8629-Large-96x96.jpg 96w\" sizes=\"(max-width: 150px) 100vw, 150px\"><\/a><br \/>\n<a href=\"https:\/\/www.adventist.ro\/index\/demnitate-umana-identitate-culturala-libertate-religioasa-valori-intrinseci-ale-umanitatii-sustinute-la-chisinau\/llg_8627-large\/\"><img decoding=\"async\" loading=\"lazy\" width=\"150\" height=\"150\" src=\"http:\/\/adventistoltenia.ro\/site\/wp-content\/uploads\/2019\/12\/LLG_8627-Large-150x150.jpg\" class=\"attachment-thumbnail size-thumbnail\" alt=\"\" srcset=\"http:\/\/adventistoltenia.ro\/site\/wp-content\/uploads\/2019\/12\/LLG_8627-Large-150x150.jpg 150w, https:\/\/www.adventist.ro\/index\/wp-content\/uploads\/2019\/11\/LLG_8627-Large-250x250.jpg 250w, https:\/\/www.adventist.ro\/index\/wp-content\/uploads\/2019\/11\/LLG_8627-Large-400x400.jpg 400w, https:\/\/www.adventist.ro\/index\/wp-content\/uploads\/2019\/11\/LLG_8627-Large-700x700.jpg 700w, https:\/\/www.adventist.ro\/index\/wp-content\/uploads\/2019\/11\/LLG_8627-Large-900x900.jpg 900w, https:\/\/www.adventist.ro\/index\/wp-content\/uploads\/2019\/11\/LLG_8627-Large-96x96.jpg 96w\" sizes=\"(max-width: 150px) 100vw, 150px\"><\/a><br \/>\n<a href=\"https:\/\/www.adventist.ro\/index\/demnitate-umana-identitate-culturala-libertate-religioasa-valori-intrinseci-ale-umanitatii-sustinute-la-chisinau\/llg_8626-large\/\"><img decoding=\"async\" loading=\"lazy\" width=\"150\" height=\"150\" src=\"http:\/\/adventistoltenia.ro\/site\/wp-content\/uploads\/2019\/12\/LLG_8626-Large-150x150.jpg\" class=\"attachment-thumbnail size-thumbnail\" alt=\"\" srcset=\"http:\/\/adventistoltenia.ro\/site\/wp-content\/uploads\/2019\/12\/LLG_8626-Large-150x150.jpg 150w, https:\/\/www.adventist.ro\/index\/wp-content\/uploads\/2019\/11\/LLG_8626-Large-250x250.jpg 250w, https:\/\/www.adventist.ro\/index\/wp-content\/uploads\/2019\/11\/LLG_8626-Large-400x400.jpg 400w, https:\/\/www.adventist.ro\/index\/wp-content\/uploads\/2019\/11\/LLG_8626-Large-700x700.jpg 700w, https:\/\/www.adventist.ro\/index\/wp-content\/uploads\/2019\/11\/LLG_8626-Large-900x900.jpg 900w, https:\/\/www.adventist.ro\/index\/wp-content\/uploads\/2019\/11\/LLG_8626-Large-96x96.jpg 96w\" sizes=\"(max-width: 150px) 100vw, 150px\"><\/a><br \/>\n<a href=\"https:\/\/www.adventist.ro\/index\/demnitate-umana-identitate-culturala-libertate-religioasa-valori-intrinseci-ale-umanitatii-sustinute-la-chisinau\/llg_8622-large\/\"><img decoding=\"async\" loading=\"lazy\" width=\"150\" height=\"150\" src=\"http:\/\/adventistoltenia.ro\/site\/wp-content\/uploads\/2019\/12\/LLG_8622-Large-150x150.jpg\" class=\"attachment-thumbnail size-thumbnail\" alt=\"\" srcset=\"http:\/\/adventistoltenia.ro\/site\/wp-content\/uploads\/2019\/12\/LLG_8622-Large-150x150.jpg 150w, https:\/\/www.adventist.ro\/index\/wp-content\/uploads\/2019\/11\/LLG_8622-Large-250x250.jpg 250w, https:\/\/www.adventist.ro\/index\/wp-content\/uploads\/2019\/11\/LLG_8622-Large-400x400.jpg 400w, https:\/\/www.adventist.ro\/index\/wp-content\/uploads\/2019\/11\/LLG_8622-Large-700x700.jpg 700w, https:\/\/www.adventist.ro\/index\/wp-content\/uploads\/2019\/11\/LLG_8622-Large-900x900.jpg 900w, https:\/\/www.adventist.ro\/index\/wp-content\/uploads\/2019\/11\/LLG_8622-Large-96x96.jpg 96w\" sizes=\"(max-width: 150px) 100vw, 150px\"><\/a><br \/>\n<a href=\"https:\/\/www.adventist.ro\/index\/demnitate-umana-identitate-culturala-libertate-religioasa-valori-intrinseci-ale-umanitatii-sustinute-la-chisinau\/llg_8614-large\/\"><img decoding=\"async\" loading=\"lazy\" width=\"150\" height=\"150\" src=\"http:\/\/adventistoltenia.ro\/site\/wp-content\/uploads\/2019\/12\/LLG_8614-Large-150x150.jpg\" class=\"attachment-thumbnail size-thumbnail\" alt=\"\" srcset=\"http:\/\/adventistoltenia.ro\/site\/wp-content\/uploads\/2019\/12\/LLG_8614-Large-150x150.jpg 150w, https:\/\/www.adventist.ro\/index\/wp-content\/uploads\/2019\/11\/LLG_8614-Large-250x250.jpg 250w, https:\/\/www.adventist.ro\/index\/wp-content\/uploads\/2019\/11\/LLG_8614-Large-400x400.jpg 400w, https:\/\/www.adventist.ro\/index\/wp-content\/uploads\/2019\/11\/LLG_8614-Large-700x700.jpg 700w, https:\/\/www.adventist.ro\/index\/wp-content\/uploads\/2019\/11\/LLG_8614-Large-900x900.jpg 900w, https:\/\/www.adventist.ro\/index\/wp-content\/uploads\/2019\/11\/LLG_8614-Large-96x96.jpg 96w\" sizes=\"(max-width: 150px) 100vw, 150px\"><\/a><br \/>\n<a href=\"https:\/\/www.adventist.ro\/index\/demnitate-umana-identitate-culturala-libertate-religioasa-valori-intrinseci-ale-umanitatii-sustinute-la-chisinau\/llg_8605-large\/\"><img decoding=\"async\" loading=\"lazy\" width=\"150\" height=\"150\" src=\"http:\/\/adventistoltenia.ro\/site\/wp-content\/uploads\/2019\/12\/LLG_8605-Large-150x150.jpg\" class=\"attachment-thumbnail size-thumbnail\" alt=\"\" srcset=\"http:\/\/adventistoltenia.ro\/site\/wp-content\/uploads\/2019\/12\/LLG_8605-Large-150x150.jpg 150w, https:\/\/www.adventist.ro\/index\/wp-content\/uploads\/2019\/11\/LLG_8605-Large-250x250.jpg 250w, https:\/\/www.adventist.ro\/index\/wp-content\/uploads\/2019\/11\/LLG_8605-Large-400x400.jpg 400w, https:\/\/www.adventist.ro\/index\/wp-content\/uploads\/2019\/11\/LLG_8605-Large-700x700.jpg 700w, https:\/\/www.adventist.ro\/index\/wp-content\/uploads\/2019\/11\/LLG_8605-Large-900x900.jpg 900w, https:\/\/www.adventist.ro\/index\/wp-content\/uploads\/2019\/11\/LLG_8605-Large-96x96.jpg 96w\" sizes=\"(max-width: 150px) 100vw, 150px\"><\/a><br \/>\n<a href=\"https:\/\/www.adventist.ro\/index\/demnitate-umana-identitate-culturala-libertate-religioasa-valori-intrinseci-ale-umanitatii-sustinute-la-chisinau\/llg_8601-large\/\"><img decoding=\"async\" loading=\"lazy\" width=\"150\" height=\"150\" src=\"http:\/\/adventistoltenia.ro\/site\/wp-content\/uploads\/2019\/12\/LLG_8601-Large-150x150.jpg\" class=\"attachment-thumbnail size-thumbnail\" alt=\"\" srcset=\"http:\/\/adventistoltenia.ro\/site\/wp-content\/uploads\/2019\/12\/LLG_8601-Large-150x150.jpg 150w, https:\/\/www.adventist.ro\/index\/wp-content\/uploads\/2019\/11\/LLG_8601-Large-250x250.jpg 250w, https:\/\/www.adventist.ro\/index\/wp-content\/uploads\/2019\/11\/LLG_8601-Large-400x400.jpg 400w, https:\/\/www.adventist.ro\/index\/wp-content\/uploads\/2019\/11\/LLG_8601-Large-700x700.jpg 700w, https:\/\/www.adventist.ro\/index\/wp-content\/uploads\/2019\/11\/LLG_8601-Large-900x900.jpg 900w, https:\/\/www.adventist.ro\/index\/wp-content\/uploads\/2019\/11\/LLG_8601-Large-96x96.jpg 96w\" sizes=\"(max-width: 150px) 100vw, 150px\"><\/a><br \/>\n<a href=\"https:\/\/www.adventist.ro\/index\/demnitate-umana-identitate-culturala-libertate-religioasa-valori-intrinseci-ale-umanitatii-sustinute-la-chisinau\/llg_8598-large\/\"><img decoding=\"async\" loading=\"lazy\" width=\"150\" height=\"150\" src=\"http:\/\/adventistoltenia.ro\/site\/wp-content\/uploads\/2019\/12\/LLG_8598-Large-150x150.jpg\" class=\"attachment-thumbnail size-thumbnail\" alt=\"\" srcset=\"http:\/\/adventistoltenia.ro\/site\/wp-content\/uploads\/2019\/12\/LLG_8598-Large-150x150.jpg 150w, https:\/\/www.adventist.ro\/index\/wp-content\/uploads\/2019\/11\/LLG_8598-Large-250x250.jpg 250w, https:\/\/www.adventist.ro\/index\/wp-content\/uploads\/2019\/11\/LLG_8598-Large-400x400.jpg 400w, https:\/\/www.adventist.ro\/index\/wp-content\/uploads\/2019\/11\/LLG_8598-Large-700x700.jpg 700w, https:\/\/www.adventist.ro\/index\/wp-content\/uploads\/2019\/11\/LLG_8598-Large-900x900.jpg 900w, https:\/\/www.adventist.ro\/index\/wp-content\/uploads\/2019\/11\/LLG_8598-Large-96x96.jpg 96w\" sizes=\"(max-width: 150px) 100vw, 150px\"><\/a><br \/>\n<a href=\"https:\/\/www.adventist.ro\/index\/demnitate-umana-identitate-culturala-libertate-religioasa-valori-intrinseci-ale-umanitatii-sustinute-la-chisinau\/llg_8587-large\/\"><img decoding=\"async\" loading=\"lazy\" width=\"150\" height=\"150\" src=\"http:\/\/adventistoltenia.ro\/site\/wp-content\/uploads\/2019\/12\/LLG_8587-Large-150x150.jpg\" class=\"attachment-thumbnail size-thumbnail\" alt=\"\" srcset=\"http:\/\/adventistoltenia.ro\/site\/wp-content\/uploads\/2019\/12\/LLG_8587-Large-150x150.jpg 150w, https:\/\/www.adventist.ro\/index\/wp-content\/uploads\/2019\/11\/LLG_8587-Large-250x250.jpg 250w, https:\/\/www.adventist.ro\/index\/wp-content\/uploads\/2019\/11\/LLG_8587-Large-400x400.jpg 400w, https:\/\/www.adventist.ro\/index\/wp-content\/uploads\/2019\/11\/LLG_8587-Large-700x700.jpg 700w, https:\/\/www.adventist.ro\/index\/wp-content\/uploads\/2019\/11\/LLG_8587-Large-900x900.jpg 900w, https:\/\/www.adventist.ro\/index\/wp-content\/uploads\/2019\/11\/LLG_8587-Large-96x96.jpg 96w\" sizes=\"(max-width: 150px) 100vw, 150px\"><\/a><br \/>\n<a href=\"https:\/\/www.adventist.ro\/index\/demnitate-umana-identitate-culturala-libertate-religioasa-valori-intrinseci-ale-umanitatii-sustinute-la-chisinau\/llg_8586-large\/\"><img decoding=\"async\" loading=\"lazy\" width=\"150\" height=\"150\" src=\"http:\/\/adventistoltenia.ro\/site\/wp-content\/uploads\/2019\/12\/LLG_8586-Large-150x150.jpg\" class=\"attachment-thumbnail size-thumbnail\" alt=\"\" srcset=\"http:\/\/adventistoltenia.ro\/site\/wp-content\/uploads\/2019\/12\/LLG_8586-Large-150x150.jpg 150w, https:\/\/www.adventist.ro\/index\/wp-content\/uploads\/2019\/11\/LLG_8586-Large-250x250.jpg 250w, https:\/\/www.adventist.ro\/index\/wp-content\/uploads\/2019\/11\/LLG_8586-Large-400x400.jpg 400w, https:\/\/www.adventist.ro\/index\/wp-content\/uploads\/2019\/11\/LLG_8586-Large-700x700.jpg 700w, https:\/\/www.adventist.ro\/index\/wp-content\/uploads\/2019\/11\/LLG_8586-Large-900x900.jpg 900w, https:\/\/www.adventist.ro\/index\/wp-content\/uploads\/2019\/11\/LLG_8586-Large-96x96.jpg 96w\" sizes=\"(max-width: 150px) 100vw, 150px\"><\/a><br \/>\n<a href=\"https:\/\/www.adventist.ro\/index\/demnitate-umana-identitate-culturala-libertate-religioasa-valori-intrinseci-ale-umanitatii-sustinute-la-chisinau\/llg_8573-large\/\"><img decoding=\"async\" loading=\"lazy\" width=\"150\" height=\"150\" src=\"http:\/\/adventistoltenia.ro\/site\/wp-content\/uploads\/2019\/12\/LLG_8573-Large-150x150.jpg\" class=\"attachment-thumbnail size-thumbnail\" alt=\"\" srcset=\"http:\/\/adventistoltenia.ro\/site\/wp-content\/uploads\/2019\/12\/LLG_8573-Large-150x150.jpg 150w, https:\/\/www.adventist.ro\/index\/wp-content\/uploads\/2019\/11\/LLG_8573-Large-250x250.jpg 250w, https:\/\/www.adventist.ro\/index\/wp-content\/uploads\/2019\/11\/LLG_8573-Large-400x400.jpg 400w, https:\/\/www.adventist.ro\/index\/wp-content\/uploads\/2019\/11\/LLG_8573-Large-700x700.jpg 700w, https:\/\/www.adventist.ro\/index\/wp-content\/uploads\/2019\/11\/LLG_8573-Large-900x900.jpg 900w, https:\/\/www.adventist.ro\/index\/wp-content\/uploads\/2019\/11\/LLG_8573-Large-96x96.jpg 96w\" sizes=\"(max-width: 150px) 100vw, 150px\"><\/a><br \/>\n<a href=\"https:\/\/www.adventist.ro\/index\/demnitate-umana-identitate-culturala-libertate-religioasa-valori-intrinseci-ale-umanitatii-sustinute-la-chisinau\/llg_8572-large\/\"><img decoding=\"async\" loading=\"lazy\" width=\"150\" height=\"150\" src=\"http:\/\/adventistoltenia.ro\/site\/wp-content\/uploads\/2019\/12\/LLG_8572-Large-150x150.jpg\" class=\"attachment-thumbnail size-thumbnail\" alt=\"\" srcset=\"http:\/\/adventistoltenia.ro\/site\/wp-content\/uploads\/2019\/12\/LLG_8572-Large-150x150.jpg 150w, https:\/\/www.adventist.ro\/index\/wp-content\/uploads\/2019\/11\/LLG_8572-Large-250x250.jpg 250w, https:\/\/www.adventist.ro\/index\/wp-content\/uploads\/2019\/11\/LLG_8572-Large-400x400.jpg 400w, https:\/\/www.adventist.ro\/index\/wp-content\/uploads\/2019\/11\/LLG_8572-Large-700x700.jpg 700w, https:\/\/www.adventist.ro\/index\/wp-content\/uploads\/2019\/11\/LLG_8572-Large-900x900.jpg 900w, https:\/\/www.adventist.ro\/index\/wp-content\/uploads\/2019\/11\/LLG_8572-Large-96x96.jpg 96w\" sizes=\"(max-width: 150px) 100vw, 150px\"><\/a><br \/>\n<a href=\"https:\/\/www.adventist.ro\/index\/demnitate-umana-identitate-culturala-libertate-religioasa-valori-intrinseci-ale-umanitatii-sustinute-la-chisinau\/llg_8566-large\/\"><img decoding=\"async\" loading=\"lazy\" width=\"150\" height=\"150\" src=\"http:\/\/adventistoltenia.ro\/site\/wp-content\/uploads\/2019\/12\/LLG_8566-Large-150x150.jpg\" class=\"attachment-thumbnail size-thumbnail\" alt=\"\" srcset=\"http:\/\/adventistoltenia.ro\/site\/wp-content\/uploads\/2019\/12\/LLG_8566-Large-150x150.jpg 150w, https:\/\/www.adventist.ro\/index\/wp-content\/uploads\/2019\/11\/LLG_8566-Large-250x250.jpg 250w, https:\/\/www.adventist.ro\/index\/wp-content\/uploads\/2019\/11\/LLG_8566-Large-400x400.jpg 400w, https:\/\/www.adventist.ro\/index\/wp-content\/uploads\/2019\/11\/LLG_8566-Large-700x700.jpg 700w, https:\/\/www.adventist.ro\/index\/wp-content\/uploads\/2019\/11\/LLG_8566-Large-900x900.jpg 900w, https:\/\/www.adventist.ro\/index\/wp-content\/uploads\/2019\/11\/LLG_8566-Large-96x96.jpg 96w\" sizes=\"(max-width: 150px) 100vw, 150px\"><\/a><br \/>\n<a href=\"https:\/\/www.adventist.ro\/index\/demnitate-umana-identitate-culturala-libertate-religioasa-valori-intrinseci-ale-umanitatii-sustinute-la-chisinau\/llg_8560-large\/\"><img decoding=\"async\" loading=\"lazy\" width=\"150\" height=\"150\" src=\"http:\/\/adventistoltenia.ro\/site\/wp-content\/uploads\/2019\/12\/LLG_8560-Large-150x150.jpg\" class=\"attachment-thumbnail size-thumbnail\" alt=\"\" srcset=\"http:\/\/adventistoltenia.ro\/site\/wp-content\/uploads\/2019\/12\/LLG_8560-Large-150x150.jpg 150w, https:\/\/www.adventist.ro\/index\/wp-content\/uploads\/2019\/11\/LLG_8560-Large-250x250.jpg 250w, https:\/\/www.adventist.ro\/index\/wp-content\/uploads\/2019\/11\/LLG_8560-Large-400x400.jpg 400w, https:\/\/www.adventist.ro\/index\/wp-content\/uploads\/2019\/11\/LLG_8560-Large-700x700.jpg 700w, https:\/\/www.adventist.ro\/index\/wp-content\/uploads\/2019\/11\/LLG_8560-Large-900x900.jpg 900w, https:\/\/www.adventist.ro\/index\/wp-content\/uploads\/2019\/11\/LLG_8560-Large-96x96.jpg 96w\" sizes=\"(max-width: 150px) 100vw, 150px\"><\/a><br \/>\n<a href=\"https:\/\/www.adventist.ro\/index\/demnitate-umana-identitate-culturala-libertate-religioasa-valori-intrinseci-ale-umanitatii-sustinute-la-chisinau\/llg_8559-large\/\"><img decoding=\"async\" loading=\"lazy\" width=\"150\" height=\"150\" src=\"http:\/\/adventistoltenia.ro\/site\/wp-content\/uploads\/2019\/12\/LLG_8559-Large-150x150.jpg\" class=\"attachment-thumbnail size-thumbnail\" alt=\"\" srcset=\"http:\/\/adventistoltenia.ro\/site\/wp-content\/uploads\/2019\/12\/LLG_8559-Large-150x150.jpg 150w, https:\/\/www.adventist.ro\/index\/wp-content\/uploads\/2019\/11\/LLG_8559-Large-250x250.jpg 250w, https:\/\/www.adventist.ro\/index\/wp-content\/uploads\/2019\/11\/LLG_8559-Large-400x400.jpg 400w, https:\/\/www.adventist.ro\/index\/wp-content\/uploads\/2019\/11\/LLG_8559-Large-700x700.jpg 700w, https:\/\/www.adventist.ro\/index\/wp-content\/uploads\/2019\/11\/LLG_8559-Large-900x900.jpg 900w, https:\/\/www.adventist.ro\/index\/wp-content\/uploads\/2019\/11\/LLG_8559-Large-96x96.jpg 96w\" sizes=\"(max-width: 150px) 100vw, 150px\"><\/a><br \/>\n<a href=\"https:\/\/www.adventist.ro\/index\/demnitate-umana-identitate-culturala-libertate-religioasa-valori-intrinseci-ale-umanitatii-sustinute-la-chisinau\/llg_8554-large\/\"><img decoding=\"async\" loading=\"lazy\" width=\"150\" height=\"150\" src=\"http:\/\/adventistoltenia.ro\/site\/wp-content\/uploads\/2019\/12\/LLG_8554-Large-150x150.jpg\" class=\"attachment-thumbnail size-thumbnail\" alt=\"\" srcset=\"http:\/\/adventistoltenia.ro\/site\/wp-content\/uploads\/2019\/12\/LLG_8554-Large-150x150.jpg 150w, https:\/\/www.adventist.ro\/index\/wp-content\/uploads\/2019\/11\/LLG_8554-Large-250x250.jpg 250w, https:\/\/www.adventist.ro\/index\/wp-content\/uploads\/2019\/11\/LLG_8554-Large-400x400.jpg 400w, https:\/\/www.adventist.ro\/index\/wp-content\/uploads\/2019\/11\/LLG_8554-Large-700x700.jpg 700w, https:\/\/www.adventist.ro\/index\/wp-content\/uploads\/2019\/11\/LLG_8554-Large-900x900.jpg 900w, https:\/\/www.adventist.ro\/index\/wp-content\/uploads\/2019\/11\/LLG_8554-Large-96x96.jpg 96w\" sizes=\"(max-width: 150px) 100vw, 150px\"><\/a><br \/>\n<a href=\"https:\/\/www.adventist.ro\/index\/demnitate-umana-identitate-culturala-libertate-religioasa-valori-intrinseci-ale-umanitatii-sustinute-la-chisinau\/llg_8550-large\/\"><img decoding=\"async\" loading=\"lazy\" width=\"150\" height=\"150\" src=\"http:\/\/adventistoltenia.ro\/site\/wp-content\/uploads\/2019\/12\/LLG_8550-Large-150x150.jpg\" class=\"attachment-thumbnail size-thumbnail\" alt=\"\" srcset=\"http:\/\/adventistoltenia.ro\/site\/wp-content\/uploads\/2019\/12\/LLG_8550-Large-150x150.jpg 150w, https:\/\/www.adventist.ro\/index\/wp-content\/uploads\/2019\/11\/LLG_8550-Large-250x250.jpg 250w, https:\/\/www.adventist.ro\/index\/wp-content\/uploads\/2019\/11\/LLG_8550-Large-400x400.jpg 400w, https:\/\/www.adventist.ro\/index\/wp-content\/uploads\/2019\/11\/LLG_8550-Large-700x700.jpg 700w, https:\/\/www.adventist.ro\/index\/wp-content\/uploads\/2019\/11\/LLG_8550-Large-900x900.jpg 900w, https:\/\/www.adventist.ro\/index\/wp-content\/uploads\/2019\/11\/LLG_8550-Large-96x96.jpg 96w\" sizes=\"(max-width: 150px) 100vw, 150px\"><\/a><br \/>\n<a href=\"https:\/\/www.adventist.ro\/index\/demnitate-umana-identitate-culturala-libertate-religioasa-valori-intrinseci-ale-umanitatii-sustinute-la-chisinau\/llg_8548-large\/\"><img decoding=\"async\" loading=\"lazy\" width=\"150\" height=\"150\" src=\"http:\/\/adventistoltenia.ro\/site\/wp-content\/uploads\/2019\/12\/LLG_8548-Large-150x150.jpg\" class=\"attachment-thumbnail size-thumbnail\" alt=\"\" srcset=\"http:\/\/adventistoltenia.ro\/site\/wp-content\/uploads\/2019\/12\/LLG_8548-Large-150x150.jpg 150w, https:\/\/www.adventist.ro\/index\/wp-content\/uploads\/2019\/11\/LLG_8548-Large-250x250.jpg 250w, https:\/\/www.adventist.ro\/index\/wp-content\/uploads\/2019\/11\/LLG_8548-Large-400x400.jpg 400w, https:\/\/www.adventist.ro\/index\/wp-content\/uploads\/2019\/11\/LLG_8548-Large-700x700.jpg 700w, https:\/\/www.adventist.ro\/index\/wp-content\/uploads\/2019\/11\/LLG_8548-Large-900x900.jpg 900w, https:\/\/www.adventist.ro\/index\/wp-content\/uploads\/2019\/11\/LLG_8548-Large-96x96.jpg 96w\" sizes=\"(max-width: 150px) 100vw, 150px\"><\/a><br \/>\n<a href=\"https:\/\/www.adventist.ro\/index\/demnitate-umana-identitate-culturala-libertate-religioasa-valori-intrinseci-ale-umanitatii-sustinute-la-chisinau\/llg_8547-large\/\"><img decoding=\"async\" loading=\"lazy\" width=\"150\" height=\"150\" src=\"http:\/\/adventistoltenia.ro\/site\/wp-content\/uploads\/2019\/12\/LLG_8547-Large-150x150.jpg\" class=\"attachment-thumbnail size-thumbnail\" alt=\"\" srcset=\"http:\/\/adventistoltenia.ro\/site\/wp-content\/uploads\/2019\/12\/LLG_8547-Large-150x150.jpg 150w, https:\/\/www.adventist.ro\/index\/wp-content\/uploads\/2019\/11\/LLG_8547-Large-250x250.jpg 250w, https:\/\/www.adventist.ro\/index\/wp-content\/uploads\/2019\/11\/LLG_8547-Large-400x400.jpg 400w, https:\/\/www.adventist.ro\/index\/wp-content\/uploads\/2019\/11\/LLG_8547-Large-700x700.jpg 700w, https:\/\/www.adventist.ro\/index\/wp-content\/uploads\/2019\/11\/LLG_8547-Large-900x900.jpg 900w, https:\/\/www.adventist.ro\/index\/wp-content\/uploads\/2019\/11\/LLG_8547-Large-96x96.jpg 96w\" sizes=\"(max-width: 150px) 100vw, 150px\"><\/a><br \/>\n<a href=\"https:\/\/www.adventist.ro\/index\/demnitate-umana-identitate-culturala-libertate-religioasa-valori-intrinseci-ale-umanitatii-sustinute-la-chisinau\/llg_8546-large\/\"><img decoding=\"async\" loading=\"lazy\" width=\"150\" height=\"150\" src=\"http:\/\/adventistoltenia.ro\/site\/wp-content\/uploads\/2019\/12\/LLG_8546-Large-150x150.jpg\" class=\"attachment-thumbnail size-thumbnail\" alt=\"\" srcset=\"http:\/\/adventistoltenia.ro\/site\/wp-content\/uploads\/2019\/12\/LLG_8546-Large-150x150.jpg 150w, https:\/\/www.adventist.ro\/index\/wp-content\/uploads\/2019\/11\/LLG_8546-Large-250x250.jpg 250w, https:\/\/www.adventist.ro\/index\/wp-content\/uploads\/2019\/11\/LLG_8546-Large-400x400.jpg 400w, https:\/\/www.adventist.ro\/index\/wp-content\/uploads\/2019\/11\/LLG_8546-Large-700x700.jpg 700w, https:\/\/www.adventist.ro\/index\/wp-content\/uploads\/2019\/11\/LLG_8546-Large-900x900.jpg 900w, https:\/\/www.adventist.ro\/index\/wp-content\/uploads\/2019\/11\/LLG_8546-Large-96x96.jpg 96w\" sizes=\"(max-width: 150px) 100vw, 150px\"><\/a><br \/>\n<a href=\"https:\/\/www.adventist.ro\/index\/demnitate-umana-identitate-culturala-libertate-religioasa-valori-intrinseci-ale-umanitatii-sustinute-la-chisinau\/llg_8539-large\/\"><img decoding=\"async\" loading=\"lazy\" width=\"150\" height=\"150\" src=\"http:\/\/adventistoltenia.ro\/site\/wp-content\/uploads\/2019\/12\/LLG_8539-Large-150x150.jpg\" class=\"attachment-thumbnail size-thumbnail\" alt=\"\" srcset=\"http:\/\/adventistoltenia.ro\/site\/wp-content\/uploads\/2019\/12\/LLG_8539-Large-150x150.jpg 150w, https:\/\/www.adventist.ro\/index\/wp-content\/uploads\/2019\/11\/LLG_8539-Large-250x250.jpg 250w, https:\/\/www.adventist.ro\/index\/wp-content\/uploads\/2019\/11\/LLG_8539-Large-400x400.jpg 400w, https:\/\/www.adventist.ro\/index\/wp-content\/uploads\/2019\/11\/LLG_8539-Large-700x700.jpg 700w, https:\/\/www.adventist.ro\/index\/wp-content\/uploads\/2019\/11\/LLG_8539-Large-900x900.jpg 900w, https:\/\/www.adventist.ro\/index\/wp-content\/uploads\/2019\/11\/LLG_8539-Large-96x96.jpg 96w\" sizes=\"(max-width: 150px) 100vw, 150px\"><\/a><br \/>\n<a href=\"https:\/\/www.adventist.ro\/index\/demnitate-umana-identitate-culturala-libertate-religioasa-valori-intrinseci-ale-umanitatii-sustinute-la-chisinau\/llg_8537-large\/\"><img decoding=\"async\" loading=\"lazy\" width=\"150\" height=\"150\" src=\"http:\/\/adventistoltenia.ro\/site\/wp-content\/uploads\/2019\/12\/LLG_8537-Large-150x150.jpg\" class=\"attachment-thumbnail size-thumbnail\" alt=\"\" srcset=\"http:\/\/adventistoltenia.ro\/site\/wp-content\/uploads\/2019\/12\/LLG_8537-Large-150x150.jpg 150w, https:\/\/www.adventist.ro\/index\/wp-content\/uploads\/2019\/11\/LLG_8537-Large-250x250.jpg 250w, https:\/\/www.adventist.ro\/index\/wp-content\/uploads\/2019\/11\/LLG_8537-Large-400x400.jpg 400w, https:\/\/www.adventist.ro\/index\/wp-content\/uploads\/2019\/11\/LLG_8537-Large-700x700.jpg 700w, https:\/\/www.adventist.ro\/index\/wp-content\/uploads\/2019\/11\/LLG_8537-Large-900x900.jpg 900w, https:\/\/www.adventist.ro\/index\/wp-content\/uploads\/2019\/11\/LLG_8537-Large-96x96.jpg 96w\" sizes=\"(max-width: 150px) 100vw, 150px\"><\/a><br \/>\n<a href=\"https:\/\/www.adventist.ro\/index\/demnitate-umana-identitate-culturala-libertate-religioasa-valori-intrinseci-ale-umanitatii-sustinute-la-chisinau\/llg_8528-large\/\"><img decoding=\"async\" loading=\"lazy\" width=\"150\" height=\"150\" src=\"http:\/\/adventistoltenia.ro\/site\/wp-content\/uploads\/2019\/12\/LLG_8528-Large-150x150.jpg\" class=\"attachment-thumbnail size-thumbnail\" alt=\"\" srcset=\"http:\/\/adventistoltenia.ro\/site\/wp-content\/uploads\/2019\/12\/LLG_8528-Large-150x150.jpg 150w, https:\/\/www.adventist.ro\/index\/wp-content\/uploads\/2019\/11\/LLG_8528-Large-250x250.jpg 250w, https:\/\/www.adventist.ro\/index\/wp-content\/uploads\/2019\/11\/LLG_8528-Large-400x400.jpg 400w, https:\/\/www.adventist.ro\/index\/wp-content\/uploads\/2019\/11\/LLG_8528-Large-96x96.jpg 96w\" sizes=\"(max-width: 150px) 100vw, 150px\"><\/a><br \/>\n<a href=\"https:\/\/www.adventist.ro\/index\/demnitate-umana-identitate-culturala-libertate-religioasa-valori-intrinseci-ale-umanitatii-sustinute-la-chisinau\/llg_8527-large\/\"><img decoding=\"async\" loading=\"lazy\" width=\"150\" height=\"150\" src=\"http:\/\/adventistoltenia.ro\/site\/wp-content\/uploads\/2019\/12\/LLG_8527-Large-150x150.jpg\" class=\"attachment-thumbnail size-thumbnail\" alt=\"\" srcset=\"http:\/\/adventistoltenia.ro\/site\/wp-content\/uploads\/2019\/12\/LLG_8527-Large-150x150.jpg 150w, https:\/\/www.adventist.ro\/index\/wp-content\/uploads\/2019\/11\/LLG_8527-Large-250x250.jpg 250w, https:\/\/www.adventist.ro\/index\/wp-content\/uploads\/2019\/11\/LLG_8527-Large-400x400.jpg 400w, https:\/\/www.adventist.ro\/index\/wp-content\/uploads\/2019\/11\/LLG_8527-Large-700x700.jpg 700w, https:\/\/www.adventist.ro\/index\/wp-content\/uploads\/2019\/11\/LLG_8527-Large-900x900.jpg 900w, https:\/\/www.adventist.ro\/index\/wp-content\/uploads\/2019\/11\/LLG_8527-Large-96x96.jpg 96w\" sizes=\"(max-width: 150px) 100vw, 150px\"><\/a><br \/>\n<a href=\"https:\/\/www.adventist.ro\/index\/demnitate-umana-identitate-culturala-libertate-religioasa-valori-intrinseci-ale-umanitatii-sustinute-la-chisinau\/llg_8514-large\/\"><img decoding=\"async\" loading=\"lazy\" width=\"150\" height=\"150\" src=\"http:\/\/adventistoltenia.ro\/site\/wp-content\/uploads\/2019\/12\/LLG_8514-Large-150x150.jpg\" class=\"attachment-thumbnail size-thumbnail\" alt=\"\" srcset=\"http:\/\/adventistoltenia.ro\/site\/wp-content\/uploads\/2019\/12\/LLG_8514-Large-150x150.jpg 150w, https:\/\/www.adventist.ro\/index\/wp-content\/uploads\/2019\/11\/LLG_8514-Large-250x250.jpg 250w, https:\/\/www.adventist.ro\/index\/wp-content\/uploads\/2019\/11\/LLG_8514-Large-400x400.jpg 400w, https:\/\/www.adventist.ro\/index\/wp-content\/uploads\/2019\/11\/LLG_8514-Large-700x700.jpg 700w, https:\/\/www.adventist.ro\/index\/wp-content\/uploads\/2019\/11\/LLG_8514-Large-900x900.jpg 900w, https:\/\/www.adventist.ro\/index\/wp-content\/uploads\/2019\/11\/LLG_8514-Large-96x96.jpg 96w\" sizes=\"(max-width: 150px) 100vw, 150px\"><\/a><br \/>\n<a href=\"https:\/\/www.adventist.ro\/index\/demnitate-umana-identitate-culturala-libertate-religioasa-valori-intrinseci-ale-umanitatii-sustinute-la-chisinau\/llg_8511-large\/\"><img decoding=\"async\" loading=\"lazy\" width=\"150\" height=\"150\" src=\"http:\/\/adventistoltenia.ro\/site\/wp-content\/uploads\/2019\/12\/LLG_8511-Large-150x150.jpg\" class=\"attachment-thumbnail size-thumbnail\" alt=\"\" srcset=\"http:\/\/adventistoltenia.ro\/site\/wp-content\/uploads\/2019\/12\/LLG_8511-Large-150x150.jpg 150w, https:\/\/www.adventist.ro\/index\/wp-content\/uploads\/2019\/11\/LLG_8511-Large-250x250.jpg 250w, https:\/\/www.adventist.ro\/index\/wp-content\/uploads\/2019\/11\/LLG_8511-Large-400x400.jpg 400w, https:\/\/www.adventist.ro\/index\/wp-content\/uploads\/2019\/11\/LLG_8511-Large-700x700.jpg 700w, https:\/\/www.adventist.ro\/index\/wp-content\/uploads\/2019\/11\/LLG_8511-Large-900x900.jpg 900w, https:\/\/www.adventist.ro\/index\/wp-content\/uploads\/2019\/11\/LLG_8511-Large-96x96.jpg 96w\" sizes=\"(max-width: 150px) 100vw, 150px\"><\/a><br \/>\n<a href=\"https:\/\/www.adventist.ro\/index\/demnitate-umana-identitate-culturala-libertate-religioasa-valori-intrinseci-ale-umanitatii-sustinute-la-chisinau\/llg_8505-large\/\"><img decoding=\"async\" loading=\"lazy\" width=\"150\" height=\"150\" src=\"http:\/\/adventistoltenia.ro\/site\/wp-content\/uploads\/2019\/12\/LLG_8505-Large-150x150.jpg\" class=\"attachment-thumbnail size-thumbnail\" alt=\"\" srcset=\"http:\/\/adventistoltenia.ro\/site\/wp-content\/uploads\/2019\/12\/LLG_8505-Large-150x150.jpg 150w, https:\/\/www.adventist.ro\/index\/wp-content\/uploads\/2019\/11\/LLG_8505-Large-250x250.jpg 250w, https:\/\/www.adventist.ro\/index\/wp-content\/uploads\/2019\/11\/LLG_8505-Large-400x400.jpg 400w, https:\/\/www.adventist.ro\/index\/wp-content\/uploads\/2019\/11\/LLG_8505-Large-700x700.jpg 700w, https:\/\/www.adventist.ro\/index\/wp-content\/uploads\/2019\/11\/LLG_8505-Large-900x900.jpg 900w, https:\/\/www.adventist.ro\/index\/wp-content\/uploads\/2019\/11\/LLG_8505-Large-96x96.jpg 96w\" sizes=\"(max-width: 150px) 100vw, 150px\"><\/a><\/p>\n<\/div>\n<div class=\"yj6qo\"><\/div>\n<\/div>\n<p class=\"wpematico_credit\"><small>Powered by <a href=\"http:\/\/www.wpematico.com\" target=\"_blank\" rel=\"noopener noreferrer\">WPeMatico<\/a><\/small><\/p>\n ","protected":false},"excerpt":{"rendered":"<p>Sesiunea de Comunic\u0103ri \u0218tiin\u021bifice \u201eDemnitate Uman\u0103, Identitate Cultural\u0103, Libertate Religioas\u0103\u201d a avut loc miercuri, 20 noiembrie 2019, la sediul Academiei de \u0218tiin\u021be a Moldovei de la Chi\u0219in\u0103u (ASM). La eveniment au fost invitate personalit\u0103\u021bi ale comunit\u0103\u021bii \u0219tiin\u021bifice \u0219i religioase at\u00e2t din Rom\u00e2nia, c\u00e2t \u0219i din Republica Moldova. Evenimentul este o continuare a parteneriatului academic ini\u021biat &hellip; <a href=\"https:\/\/adventistoltenia.ro\/site\/demnitate-umana-identitate-culturala-libertate-religioasa-valori-intrinseci-ale-umanitatii-sustinute-la-chisinau\/\">Continued<\/a><\/p>\n","protected":false},"author":2,"featured_media":3078,"comment_status":"open","ping_status":"closed","sticky":false,"template":"","format":"standard","meta":[],"categories":[71],"tags":[],"yoast_head":"<!-- This site is optimized with the Yoast SEO plugin v20.3 - https:\/\/yoast.com\/wordpress\/plugins\/seo\/ -->\n<title>Demnitate Uman\u0103, Identitate Cultural\u0103, Libertate Religioas\u0103 \u2013 valori intrinseci ale umanita\u021bii sus\u021binute la Chi\u0219in\u0103u - Conferinta Oltenia<\/title>\n<meta name=\"robots\" content=\"index, follow, max-snippet:-1, max-image-preview:large, max-video-preview:-1\" \/>\n<link rel=\"canonical\" href=\"https:\/\/adventistoltenia.ro\/site\/demnitate-umana-identitate-culturala-libertate-religioasa-valori-intrinseci-ale-umanitatii-sustinute-la-chisinau\/\" \/>\n<meta property=\"og:locale\" content=\"en_US\" \/>\n<meta property=\"og:type\" content=\"article\" \/>\n<meta property=\"og:title\" content=\"Demnitate Uman\u0103, Identitate Cultural\u0103, Libertate Religioas\u0103 \u2013 valori intrinseci ale umanita\u021bii sus\u021binute la Chi\u0219in\u0103u - Conferinta Oltenia\" \/>\n<meta property=\"og:description\" content=\"Sesiunea de Comunic\u0103ri \u0218tiin\u021bifice \u201eDemnitate Uman\u0103, Identitate Cultural\u0103, Libertate Religioas\u0103\u201d a avut loc miercuri, 20 noiembrie 2019, la sediul Academiei de \u0218tiin\u021be a Moldovei de la Chi\u0219in\u0103u (ASM). La eveniment au fost invitate personalit\u0103\u021bi ale comunit\u0103\u021bii \u0219tiin\u021bifice \u0219i religioase at\u00e2t din Rom\u00e2nia, c\u00e2t \u0219i din Republica Moldova. Evenimentul este o continuare a parteneriatului academic ini\u021biat &hellip; Continued\" \/>\n<meta property=\"og:url\" content=\"https:\/\/adventistoltenia.ro\/site\/demnitate-umana-identitate-culturala-libertate-religioasa-valori-intrinseci-ale-umanitatii-sustinute-la-chisinau\/\" \/>\n<meta property=\"og:site_name\" content=\"Conferinta Oltenia\" \/>\n<meta property=\"article:published_time\" content=\"2019-12-01T01:31:44+00:00\" \/>\n<meta property=\"og:image\" content=\"https:\/\/adventistoltenia.ro\/site\/wp-content\/uploads\/2019\/12\/LLG_8780-Large-150x150.jpg\" \/>\n\t<meta property=\"og:image:width\" content=\"150\" \/>\n\t<meta property=\"og:image:height\" content=\"150\" \/>\n\t<meta property=\"og:image:type\" content=\"image\/jpeg\" \/>\n<meta name=\"author\" content=\"Conferinta Oltenia\" \/>\n<meta name=\"twitter:card\" content=\"summary_large_image\" \/>\n<meta name=\"twitter:label1\" content=\"Written by\" \/>\n\t<meta name=\"twitter:data1\" content=\"Conferinta Oltenia\" \/>\n\t<meta name=\"twitter:label2\" content=\"Est. reading time\" \/>\n\t<meta name=\"twitter:data2\" content=\"6 minutes\" \/>\n<script type=\"application\/ld+json\" class=\"yoast-schema-graph\">{\"@context\":\"https:\/\/schema.org\",\"@graph\":[{\"@type\":\"WebPage\",\"@id\":\"https:\/\/adventistoltenia.ro\/site\/demnitate-umana-identitate-culturala-libertate-religioasa-valori-intrinseci-ale-umanitatii-sustinute-la-chisinau\/\",\"url\":\"https:\/\/adventistoltenia.ro\/site\/demnitate-umana-identitate-culturala-libertate-religioasa-valori-intrinseci-ale-umanitatii-sustinute-la-chisinau\/\",\"name\":\"Demnitate Uman\u0103, Identitate Cultural\u0103, Libertate Religioas\u0103 \u2013 valori intrinseci ale umanita\u021bii sus\u021binute la Chi\u0219in\u0103u - Conferinta Oltenia\",\"isPartOf\":{\"@id\":\"https:\/\/adventistoltenia.ro\/site\/#website\"},\"datePublished\":\"2019-12-01T01:31:44+00:00\",\"dateModified\":\"2019-12-01T01:31:44+00:00\",\"author\":{\"@id\":\"https:\/\/adventistoltenia.ro\/site\/#\/schema\/person\/81972d6ddcec064fcb37a129240ef9d7\"},\"breadcrumb\":{\"@id\":\"https:\/\/adventistoltenia.ro\/site\/demnitate-umana-identitate-culturala-libertate-religioasa-valori-intrinseci-ale-umanitatii-sustinute-la-chisinau\/#breadcrumb\"},\"inLanguage\":\"en-US\",\"potentialAction\":[{\"@type\":\"ReadAction\",\"target\":[\"https:\/\/adventistoltenia.ro\/site\/demnitate-umana-identitate-culturala-libertate-religioasa-valori-intrinseci-ale-umanitatii-sustinute-la-chisinau\/\"]}]},{\"@type\":\"BreadcrumbList\",\"@id\":\"https:\/\/adventistoltenia.ro\/site\/demnitate-umana-identitate-culturala-libertate-religioasa-valori-intrinseci-ale-umanitatii-sustinute-la-chisinau\/#breadcrumb\",\"itemListElement\":[{\"@type\":\"ListItem\",\"position\":1,\"name\":\"Home\",\"item\":\"https:\/\/adventistoltenia.ro\/site\/\"},{\"@type\":\"ListItem\",\"position\":2,\"name\":\"Demnitate Uman\u0103, Identitate Cultural\u0103, Libertate Religioas\u0103 \u2013 valori intrinseci ale umanita\u021bii sus\u021binute la Chi\u0219in\u0103u\"}]},{\"@type\":\"WebSite\",\"@id\":\"https:\/\/adventistoltenia.ro\/site\/#website\",\"url\":\"https:\/\/adventistoltenia.ro\/site\/\",\"name\":\"Conferinta Oltenia\",\"description\":\"Biserica Adventista de Ziua a Saptea\",\"potentialAction\":[{\"@type\":\"SearchAction\",\"target\":{\"@type\":\"EntryPoint\",\"urlTemplate\":\"https:\/\/adventistoltenia.ro\/site\/?s={search_term_string}\"},\"query-input\":\"required name=search_term_string\"}],\"inLanguage\":\"en-US\"},{\"@type\":\"Person\",\"@id\":\"https:\/\/adventistoltenia.ro\/site\/#\/schema\/person\/81972d6ddcec064fcb37a129240ef9d7\",\"name\":\"Conferinta Oltenia\",\"image\":{\"@type\":\"ImageObject\",\"inLanguage\":\"en-US\",\"@id\":\"https:\/\/adventistoltenia.ro\/site\/#\/schema\/person\/image\/\",\"url\":\"https:\/\/secure.gravatar.com\/avatar\/ebe92ec22e2e53a8eb79d6b52b724e27?s=96&d=mm&r=g\",\"contentUrl\":\"https:\/\/secure.gravatar.com\/avatar\/ebe92ec22e2e53a8eb79d6b52b724e27?s=96&d=mm&r=g\",\"caption\":\"Conferinta Oltenia\"},\"url\":\"https:\/\/adventistoltenia.ro\/site\/author\/adm1n\/\"}]}<\/script>\n<!-- \/ Yoast SEO plugin. -->","yoast_head_json":{"title":"Demnitate Uman\u0103, Identitate Cultural\u0103, Libertate Religioas\u0103 \u2013 valori intrinseci ale umanita\u021bii sus\u021binute la Chi\u0219in\u0103u - Conferinta Oltenia","robots":{"index":"index","follow":"follow","max-snippet":"max-snippet:-1","max-image-preview":"max-image-preview:large","max-video-preview":"max-video-preview:-1"},"canonical":"https:\/\/adventistoltenia.ro\/site\/demnitate-umana-identitate-culturala-libertate-religioasa-valori-intrinseci-ale-umanitatii-sustinute-la-chisinau\/","og_locale":"en_US","og_type":"article","og_title":"Demnitate Uman\u0103, Identitate Cultural\u0103, Libertate Religioas\u0103 \u2013 valori intrinseci ale umanita\u021bii sus\u021binute la Chi\u0219in\u0103u - Conferinta Oltenia","og_description":"Sesiunea de Comunic\u0103ri \u0218tiin\u021bifice \u201eDemnitate Uman\u0103, Identitate Cultural\u0103, Libertate Religioas\u0103\u201d a avut loc miercuri, 20 noiembrie 2019, la sediul Academiei de \u0218tiin\u021be a Moldovei de la Chi\u0219in\u0103u (ASM). La eveniment au fost invitate personalit\u0103\u021bi ale comunit\u0103\u021bii \u0219tiin\u021bifice \u0219i religioase at\u00e2t din Rom\u00e2nia, c\u00e2t \u0219i din Republica Moldova. Evenimentul este o continuare a parteneriatului academic ini\u021biat &hellip; Continued","og_url":"https:\/\/adventistoltenia.ro\/site\/demnitate-umana-identitate-culturala-libertate-religioasa-valori-intrinseci-ale-umanitatii-sustinute-la-chisinau\/","og_site_name":"Conferinta Oltenia","article_published_time":"2019-12-01T01:31:44+00:00","og_image":[{"width":150,"height":150,"url":"https:\/\/adventistoltenia.ro\/site\/wp-content\/uploads\/2019\/12\/LLG_8780-Large-150x150.jpg","type":"image\/jpeg"}],"author":"Conferinta Oltenia","twitter_card":"summary_large_image","twitter_misc":{"Written by":"Conferinta Oltenia","Est. reading time":"6 minutes"},"schema":{"@context":"https:\/\/schema.org","@graph":[{"@type":"WebPage","@id":"https:\/\/adventistoltenia.ro\/site\/demnitate-umana-identitate-culturala-libertate-religioasa-valori-intrinseci-ale-umanitatii-sustinute-la-chisinau\/","url":"https:\/\/adventistoltenia.ro\/site\/demnitate-umana-identitate-culturala-libertate-religioasa-valori-intrinseci-ale-umanitatii-sustinute-la-chisinau\/","name":"Demnitate Uman\u0103, Identitate Cultural\u0103, Libertate Religioas\u0103 \u2013 valori intrinseci ale umanita\u021bii sus\u021binute la Chi\u0219in\u0103u - Conferinta Oltenia","isPartOf":{"@id":"https:\/\/adventistoltenia.ro\/site\/#website"},"datePublished":"2019-12-01T01:31:44+00:00","dateModified":"2019-12-01T01:31:44+00:00","author":{"@id":"https:\/\/adventistoltenia.ro\/site\/#\/schema\/person\/81972d6ddcec064fcb37a129240ef9d7"},"breadcrumb":{"@id":"https:\/\/adventistoltenia.ro\/site\/demnitate-umana-identitate-culturala-libertate-religioasa-valori-intrinseci-ale-umanitatii-sustinute-la-chisinau\/#breadcrumb"},"inLanguage":"en-US","potentialAction":[{"@type":"ReadAction","target":["https:\/\/adventistoltenia.ro\/site\/demnitate-umana-identitate-culturala-libertate-religioasa-valori-intrinseci-ale-umanitatii-sustinute-la-chisinau\/"]}]},{"@type":"BreadcrumbList","@id":"https:\/\/adventistoltenia.ro\/site\/demnitate-umana-identitate-culturala-libertate-religioasa-valori-intrinseci-ale-umanitatii-sustinute-la-chisinau\/#breadcrumb","itemListElement":[{"@type":"ListItem","position":1,"name":"Home","item":"https:\/\/adventistoltenia.ro\/site\/"},{"@type":"ListItem","position":2,"name":"Demnitate Uman\u0103, Identitate Cultural\u0103, Libertate Religioas\u0103 \u2013 valori intrinseci ale umanita\u021bii sus\u021binute la Chi\u0219in\u0103u"}]},{"@type":"WebSite","@id":"https:\/\/adventistoltenia.ro\/site\/#website","url":"https:\/\/adventistoltenia.ro\/site\/","name":"Conferinta Oltenia","description":"Biserica Adventista de Ziua a Saptea","potentialAction":[{"@type":"SearchAction","target":{"@type":"EntryPoint","urlTemplate":"https:\/\/adventistoltenia.ro\/site\/?s={search_term_string}"},"query-input":"required name=search_term_string"}],"inLanguage":"en-US"},{"@type":"Person","@id":"https:\/\/adventistoltenia.ro\/site\/#\/schema\/person\/81972d6ddcec064fcb37a129240ef9d7","name":"Conferinta Oltenia","image":{"@type":"ImageObject","inLanguage":"en-US","@id":"https:\/\/adventistoltenia.ro\/site\/#\/schema\/person\/image\/","url":"https:\/\/secure.gravatar.com\/avatar\/ebe92ec22e2e53a8eb79d6b52b724e27?s=96&d=mm&r=g","contentUrl":"https:\/\/secure.gravatar.com\/avatar\/ebe92ec22e2e53a8eb79d6b52b724e27?s=96&d=mm&r=g","caption":"Conferinta Oltenia"},"url":"https:\/\/adventistoltenia.ro\/site\/author\/adm1n\/"}]}},"_links":{"self":[{"href":"https:\/\/adventistoltenia.ro\/site\/wp-json\/wp\/v2\/posts\/3077"}],"collection":[{"href":"https:\/\/adventistoltenia.ro\/site\/wp-json\/wp\/v2\/posts"}],"about":[{"href":"https:\/\/adventistoltenia.ro\/site\/wp-json\/wp\/v2\/types\/post"}],"author":[{"embeddable":true,"href":"https:\/\/adventistoltenia.ro\/site\/wp-json\/wp\/v2\/users\/2"}],"replies":[{"embeddable":true,"href":"https:\/\/adventistoltenia.ro\/site\/wp-json\/wp\/v2\/comments?post=3077"}],"version-history":[{"count":0,"href":"https:\/\/adventistoltenia.ro\/site\/wp-json\/wp\/v2\/posts\/3077\/revisions"}],"wp:featuredmedia":[{"embeddable":true,"href":"https:\/\/adventistoltenia.ro\/site\/wp-json\/wp\/v2\/media\/3078"}],"wp:attachment":[{"href":"https:\/\/adventistoltenia.ro\/site\/wp-json\/wp\/v2\/media?parent=3077"}],"wp:term":[{"taxonomy":"category","embeddable":true,"href":"https:\/\/adventistoltenia.ro\/site\/wp-json\/wp\/v2\/categories?post=3077"},{"taxonomy":"post_tag","embeddable":true,"href":"https:\/\/adventistoltenia.ro\/site\/wp-json\/wp\/v2\/tags?post=3077"}],"curies":[{"name":"wp","href":"https:\/\/api.w.org\/{rel}","templated":true}]}}