{"id":3126,"date":"2019-12-02T01:06:26","date_gmt":"2019-12-02T01:06:26","guid":{"rendered":"http:\/\/adventistoltenia.ro\/site\/sugestii-de-lectura-600-istorioare-religioase-istorioare-pilde-si-asemanari-religioase\/"},"modified":"2019-12-02T01:06:26","modified_gmt":"2019-12-02T01:06:26","slug":"sugestii-de-lectura-600-istorioare-religioase-istorioare-pilde-si-asemanari-religioase","status":"publish","type":"post","link":"https:\/\/adventistoltenia.ro\/site\/sugestii-de-lectura-600-istorioare-religioase-istorioare-pilde-si-asemanari-religioase\/","title":{"rendered":"Sugestii de lectur\u0103 \u2013 600 Istorioare religioase \u2013 istorioare, pilde \u0219i asem\u0103n\u0103ri religioase"},"content":{"rendered":"<div>\n<p>Uneori suntem at\u00e2t de preocupa\u021bi de chestiuni \u201efilosofice\u201d at\u00e2t de \u00eentortocheate \u00eenc\u00e2t nici un filosof autentic nu le-ar putea da de cap\u0103t, uit\u00e2nd c\u0103 marile adev\u0103ruri ale vie\u021bii sunt simple\u2026\u0218i clare\u2026\u0218i de multe ori pot fi cuprinse \u00eentr-o pild\u0103 simpl\u0103\u2026<\/p>\n<p>600 ISTORIOARE RELIGIOASE \u2013 ISTORIOARE, PILDE \u0218I ASEM\u0102N\u0102RI RELIGIOASE, de Preot Iosif Trifa,\u00a0 Edi\u021bia a V-a, Editura \u201eOastea Domnului\u201d, Sibiu, 2007\u2026<\/p>\n<p>Iosif Trifa s-a n\u0103scut \u00een familia lui Dimitrie \u0219i Ana Trifa, ca al patrulea din cei \u0219ase fii ai acestora. \u00a0La \u0219apte ani, \u00een 1895, \u00eencepe \u0219coala primar\u0103 \u00een satul s\u0103u, iar din anul 1900 urmeaz\u0103 cursurile <em>Gimnaziului din Beiu\u0219<\/em>, dup\u0103 care studiaz\u0103 teologia la Sibiu. \u00cen 1910 este numit <em>\u00eenv\u0103\u021b\u0103tor confesional<\/em> \u00een localitatea <em>Vidra de Sus<\/em>, satul \u00een care se n\u0103scuse Avram Iancu.<\/p>\n<p>\u00cen 1911 se c\u0103s\u0103tore\u0219te cu Iuliana Iancu, nepoat\u0103 de frate a lui Avram Iancu. Tot \u00een acest an este hirotonit preot \u00een Vidra. \u00cen 1912 are primul copil, o feti\u021b\u0103, Olimpia, care moare \u00een anul urm\u0103tor. \u00cen 1914 are al doilea copil, un b\u0103iat, Titus-Gheorghe, care la fel moare \u00een urm\u0103torul an. Tot \u00een acest an \u00eencepe primul r\u0103zboi mondial. Ardealul se g\u0103se\u0219te sub st\u0103p\u00e2nirea austro-ungar\u0103. \u00cen 1916 are al treilea copil, un b\u0103iat, c\u0103ruia \u00eei pune numele la fel ca primului: Titus-Gheorghe. A fost singurul fiu r\u0103mas \u00een via\u021b\u0103. \u00cen 1918 are al patrulea copil, o feti\u021b\u0103 \u2013 Augustina. Se sf\u00e2r\u0219e\u0219te Marele R\u0103zboi, dar izbucne\u0219te epidemia de grip\u0103 (spaniol\u0103) care secer\u0103 multe vie\u021bi. I se \u00eemboln\u0103ve\u0219te grav so\u021bia, Iuliana, \u00eempreun\u0103 cu fiica Augustina. Dup\u0103 o scurt\u0103 perioad\u0103, mor am\u00e2ndou\u0103 \u0219i le \u00eenmorm\u00e2nteaz\u0103 l\u00e2ng\u0103 cei doi copii, \u00een fa\u021ba bisericu\u021bei de lemn din Vidra de Sus. R\u0103m\u00e2ne numai cu fiul s\u0103u Tit, orfan de mam\u0103 la numai trei ani.<\/p>\n<p>\u00cen anul 1922, c\u00e2nd se hot\u0103r\u0103\u0219te la conducerea <em>Mitropoliei Sibiului<\/em> s\u0103 se \u00eenceap\u0103 apari\u021bia foii religioase pentru popor numite \u201eLumina Satelor\u201d, la conducerea ei a fost a\u0219ezat ca redactor preotul Iosif Trifa, acesta p\u0103str\u00e2nd \u00een paralel \u0219i postul de duhovnic al teologilor \u0219i de director al orfelinatului.<\/p>\n<p>A\u0219a s-a ajuns la <em>Noaptea de Bilan\u021b \u0219i de Revela\u021bie a Anului Nou 1923<\/em>. Din aceast\u0103 noapte de zbucium \u0219i de pr\u0103bu\u0219ire s-a n\u0103scut saltul str\u0103lucit \u0219i \u00eennoitor al <em>Oastei Domnului<\/em>,men\u021bioneaz\u0103 un apropiat al lui Iosif Trifa. \u00cen 1928 a avut loc la Arad primul <em>congres al preo\u021bilor misionari<\/em> sub patronajul P.S. Grigorie Com\u0219a, episcopul locului. Acest congres avea s\u0103 elaboreze un \u201eStatut al Asocia\u021biei preo\u021bilor misionari\u201d pentru a fi trimis Sf\u00e2ntului Sinod spre aprobare, preotul Iosif Trifa fiind ales \u00een comitetul de conducere.<\/p>\n<p>\u00cen 1935 Mitropolia \u00eenainteaz\u0103 dosarul cu caterisirea preotului Iosif Trifa la <em>Sf\u00e2ntul Sinod<\/em>, dup\u0103 un conflict amar cu superiorul s\u0103u, <em>mitropolitul Nicolae B\u0103lan<\/em>. \u00cen \u0219edin\u021ba sa din 13 martie 1936, <em>Sf\u00e2ntul Sinod<\/em> confirm\u0103 sentin\u021ba de condamnare la caterisire cu nr. 4\/1935 a <em>Consistoriului Mitropolitan din Sibiu<\/em>. \u00cen \u00eent\u00e2mpinarea acestei confirm\u0103ri, p\u0103rintele Trifa, de\u0219i bolnav, se deplaseaz\u0103 la Bucure\u0219ti depun\u00e2nd <em>Cancelariei Sf\u00e2ntul Sinod <\/em>o cerere de gra\u021biere la data de 16 martie 1936. Este semnificativ faptul c\u0103 la aceast\u0103 cerere <em>Sf\u00e2ntul Sinod <\/em>va r\u0103spunde abia dup\u0103 un an, \u00een \u0219edin\u021ba din 9 martie 1937, probabil sper\u00e2nd \u00eentr-o \u00eemp\u0103care la centrul Oastei din Sibiu.<\/p>\n<p>Dup\u0103 un proces bisericesc \u00een urma c\u0103ruia este caterisit, preotului Iosif Trifa \u00eei este interzis de a publica. El decedeaz\u0103 \u00een urma unei opera\u021bii pe cord la 12 februarie 1938, iar a patra zi dup\u0103 moarte, ca o monstruoas\u0103 condi\u021bie f\u0103r\u0103 de care nu putea fi nici \u00eenmorm\u00e2ntat, i-a fost luat\u0103 \u0219i haina de preot, sf\u00e2\u0219iat\u0103 \u00een buc\u0103\u021bi \u0219i rupt\u0103 de pe trupul s\u0103u din sicriu.<\/p>\n<p>\u00cen \u0219edinta sa din 28 septembrie1990, <em>Sf\u00e2ntul Sinod al Bisericii Ortodoxe Rom\u00e2ne<\/em> \u2013 la propunerea Preasfin\u021bitului Serafim Joant\u0103 al Germaniei \u2013 decide ridicarea caterisirii preotului Iosif Trifa.<\/p>\n<p>A publicat o mul\u021bime de c\u0103r\u021bi \u0219i bro\u0219uri dedicate ridic\u0103rii enoria\u0219ilor de la nivelul de simpli participan\u021bi la slujbele biserice\u0219ti, la cunosc\u0103tori \u0219i tr\u0103itori ai Cuv\u00e2ntului.<\/p>\n<p>Zice autorul despre rostul acestor pilde \u00een <em>Cuv\u00e2ntul \u00eenainte<\/em> la edi\u021bia \u00eent\u00e2i: \u201e\u00cen vestirea m\u00e2ntuirii suflete\u0219ti, pildele \u0219i istorioarele \u00ee\u0219i au, \u0219i ele, \u00eensemn\u0103tatea lor. Se citesc cu pl\u0103cere \u0219i r\u0103m\u00e2n \u00een sufletul \u0219i inima cititorilor \u0219i ascult\u0103torilor.<\/p>\n<p>Am f\u0103g\u0103duit cititorilor o mie de istorioare, dar Domnul ne-a ajutat s\u0103 trecem peste aceast\u0103 f\u0103g\u0103duin\u021b\u0103. Avem \u00een preg\u0103tire peste cinci mii de istorioare.\u201d<\/p>\n<p>Dintre cele cinci mii aflate \u00een preg\u0103tire, \u00een 1938, imediat dup\u0103 moartea autorului, fiul s\u0103u,Tit Trifa, \u00eempreun\u0103 cu Ioan Marini \u0219i Traian Dorz, au publicat aceast\u0103 culegere de 600 de istorioare. Acum avem \u00een fa\u021b\u0103 a cincea edi\u021bie.<\/p>\n<p>\u201eCa un adev\u0103rat pedagog al celor simpli \u0219i mul\u021bi, pentru a face mai pregnant mesajul, preotul Iosif Trifa recurge, deseori, la dizerta\u021bia paremiologic\u0103, cultiv\u00e2nd, prin plasticitatea proverbelor, gustul pentru lectur\u0103 al \u021b\u0103ranului rom\u00e2n. Bine ancorat \u00een tradi\u021biile retorice (dar nu friz\u00e2nd retorismul), perfect sincronizat cu sociologia publicului \u0219i gustul pentru lectur\u0103 al cititorilor, condeiul s\u0103u e condensat \u00een sfaturi, \u00eenv\u0103\u021b\u0103turi, aluzii esopice. Cu abilitatea unui fin sim\u021b lexical, g\u0103se\u0219te \u00eentotdeauna cuv\u00e2ntul potrivit \u201ela locul potrivit\u201d, care s\u0103 exprime \u201eadev\u0103rul\u201d vizat \u00een textura argument\u0103rii ( \u0219i nu\u00a0 a argu\u021biei). Autorul nu face apel la neologisme \u0219i nu ajunge la abstrac\u021biuni. El vine s\u0103 ilustreze, s\u0103 sensibilizeze, s\u0103 transforme informa\u021bia exact\u0103 \u00een sim\u021bire palpabil\u0103. E mereu gata s\u0103 culeag\u0103 nu numai fapta, ci \u0219i \u00een\u021belesul ei imediat. \u0218i o face, cel mai adesea, prin decupaje nara\u021bionale, \u00een mostre paideice de scenariu didactic, prin care \u00eencearc\u0103 nu numai s\u0103 conving\u0103, ci chiar s\u0103-l d\u0103sc\u0103leasc\u0103 pe cititor, \u00eentr-o viziune numai de el \u0219tiut\u0103.\u201d(p.6).<\/p>\n<p>O lectur\u0103 binevenit\u0103 pentru cei care, uneori \u00ee\u0219i \u201estrepezesc din\u021bii\u201d mu\u0219c\u00e2nd din \u201emerele acre\u201d ale unei filosofii \u0219i teologii p\u0103dure\u021be\u2026De fapt, este o lectur\u0103 de care orice doritor de a \u00een\u021belege \u201esusurul bl\u00e2nd\u201d al Cuv\u00e2ntului are nevoie\u2026<\/p>\n<p>Lectur\u0103 odihnitoare \u0219i \u00eenvior\u0103toare\u2026<\/p>\n<p><a href=\"https:\/\/www.facebook.com\/valeriu.petrescu.3\">Dr. Valeriu Petrescu<\/a><\/p>\n<\/div>\n<p class=\"wpematico_credit\"><small>Powered by <a href=\"http:\/\/www.wpematico.com\" target=\"_blank\" rel=\"noopener noreferrer\">WPeMatico<\/a><\/small><\/p>\n ","protected":false},"excerpt":{"rendered":"<p>Uneori suntem at\u00e2t de preocupa\u021bi de chestiuni \u201efilosofice\u201d at\u00e2t de \u00eentortocheate \u00eenc\u00e2t nici un filosof autentic nu le-ar putea da de cap\u0103t, uit\u00e2nd c\u0103 marile adev\u0103ruri ale vie\u021bii sunt simple\u2026\u0218i clare\u2026\u0218i de multe ori pot fi cuprinse \u00eentr-o pild\u0103 simpl\u0103\u2026 600 ISTORIOARE RELIGIOASE \u2013 ISTORIOARE, PILDE \u0218I ASEM\u0102N\u0102RI RELIGIOASE, de Preot Iosif Trifa,\u00a0 Edi\u021bia a &hellip; <a href=\"https:\/\/adventistoltenia.ro\/site\/sugestii-de-lectura-600-istorioare-religioase-istorioare-pilde-si-asemanari-religioase\/\">Continued<\/a><\/p>\n","protected":false},"author":2,"featured_media":0,"comment_status":"open","ping_status":"closed","sticky":false,"template":"","format":"standard","meta":[],"categories":[71],"tags":[],"yoast_head":"<!-- This site is optimized with the Yoast SEO plugin v20.3 - https:\/\/yoast.com\/wordpress\/plugins\/seo\/ -->\n<title>Sugestii de lectur\u0103 \u2013 600 Istorioare religioase \u2013 istorioare, pilde \u0219i asem\u0103n\u0103ri religioase - Conferinta Oltenia<\/title>\n<meta name=\"robots\" content=\"index, follow, max-snippet:-1, max-image-preview:large, max-video-preview:-1\" \/>\n<link rel=\"canonical\" href=\"https:\/\/adventistoltenia.ro\/site\/sugestii-de-lectura-600-istorioare-religioase-istorioare-pilde-si-asemanari-religioase\/\" \/>\n<meta property=\"og:locale\" content=\"en_US\" \/>\n<meta property=\"og:type\" content=\"article\" \/>\n<meta property=\"og:title\" content=\"Sugestii de lectur\u0103 \u2013 600 Istorioare religioase \u2013 istorioare, pilde \u0219i asem\u0103n\u0103ri religioase - Conferinta Oltenia\" \/>\n<meta property=\"og:description\" content=\"Uneori suntem at\u00e2t de preocupa\u021bi de chestiuni \u201efilosofice\u201d at\u00e2t de \u00eentortocheate \u00eenc\u00e2t nici un filosof autentic nu le-ar putea da de cap\u0103t, uit\u00e2nd c\u0103 marile adev\u0103ruri ale vie\u021bii sunt simple\u2026\u0218i clare\u2026\u0218i de multe ori pot fi cuprinse \u00eentr-o pild\u0103 simpl\u0103\u2026 600 ISTORIOARE RELIGIOASE \u2013 ISTORIOARE, PILDE \u0218I ASEM\u0102N\u0102RI RELIGIOASE, de Preot Iosif Trifa,\u00a0 Edi\u021bia a &hellip; Continued\" \/>\n<meta property=\"og:url\" content=\"https:\/\/adventistoltenia.ro\/site\/sugestii-de-lectura-600-istorioare-religioase-istorioare-pilde-si-asemanari-religioase\/\" \/>\n<meta property=\"og:site_name\" content=\"Conferinta Oltenia\" \/>\n<meta property=\"article:published_time\" content=\"2019-12-02T01:06:26+00:00\" \/>\n<meta name=\"author\" content=\"Conferinta Oltenia\" \/>\n<meta name=\"twitter:card\" content=\"summary_large_image\" \/>\n<meta name=\"twitter:label1\" content=\"Written by\" \/>\n\t<meta name=\"twitter:data1\" content=\"Conferinta Oltenia\" \/>\n\t<meta name=\"twitter:label2\" content=\"Est. reading time\" \/>\n\t<meta name=\"twitter:data2\" content=\"5 minutes\" \/>\n<script type=\"application\/ld+json\" class=\"yoast-schema-graph\">{\"@context\":\"https:\/\/schema.org\",\"@graph\":[{\"@type\":\"WebPage\",\"@id\":\"https:\/\/adventistoltenia.ro\/site\/sugestii-de-lectura-600-istorioare-religioase-istorioare-pilde-si-asemanari-religioase\/\",\"url\":\"https:\/\/adventistoltenia.ro\/site\/sugestii-de-lectura-600-istorioare-religioase-istorioare-pilde-si-asemanari-religioase\/\",\"name\":\"Sugestii de lectur\u0103 \u2013 600 Istorioare religioase \u2013 istorioare, pilde \u0219i asem\u0103n\u0103ri religioase - Conferinta Oltenia\",\"isPartOf\":{\"@id\":\"https:\/\/adventistoltenia.ro\/site\/#website\"},\"datePublished\":\"2019-12-02T01:06:26+00:00\",\"dateModified\":\"2019-12-02T01:06:26+00:00\",\"author\":{\"@id\":\"https:\/\/adventistoltenia.ro\/site\/#\/schema\/person\/81972d6ddcec064fcb37a129240ef9d7\"},\"breadcrumb\":{\"@id\":\"https:\/\/adventistoltenia.ro\/site\/sugestii-de-lectura-600-istorioare-religioase-istorioare-pilde-si-asemanari-religioase\/#breadcrumb\"},\"inLanguage\":\"en-US\",\"potentialAction\":[{\"@type\":\"ReadAction\",\"target\":[\"https:\/\/adventistoltenia.ro\/site\/sugestii-de-lectura-600-istorioare-religioase-istorioare-pilde-si-asemanari-religioase\/\"]}]},{\"@type\":\"BreadcrumbList\",\"@id\":\"https:\/\/adventistoltenia.ro\/site\/sugestii-de-lectura-600-istorioare-religioase-istorioare-pilde-si-asemanari-religioase\/#breadcrumb\",\"itemListElement\":[{\"@type\":\"ListItem\",\"position\":1,\"name\":\"Home\",\"item\":\"https:\/\/adventistoltenia.ro\/site\/\"},{\"@type\":\"ListItem\",\"position\":2,\"name\":\"Sugestii de lectur\u0103 \u2013 600 Istorioare religioase \u2013 istorioare, pilde \u0219i asem\u0103n\u0103ri religioase\"}]},{\"@type\":\"WebSite\",\"@id\":\"https:\/\/adventistoltenia.ro\/site\/#website\",\"url\":\"https:\/\/adventistoltenia.ro\/site\/\",\"name\":\"Conferinta Oltenia\",\"description\":\"Biserica Adventista de Ziua a Saptea\",\"potentialAction\":[{\"@type\":\"SearchAction\",\"target\":{\"@type\":\"EntryPoint\",\"urlTemplate\":\"https:\/\/adventistoltenia.ro\/site\/?s={search_term_string}\"},\"query-input\":\"required name=search_term_string\"}],\"inLanguage\":\"en-US\"},{\"@type\":\"Person\",\"@id\":\"https:\/\/adventistoltenia.ro\/site\/#\/schema\/person\/81972d6ddcec064fcb37a129240ef9d7\",\"name\":\"Conferinta Oltenia\",\"image\":{\"@type\":\"ImageObject\",\"inLanguage\":\"en-US\",\"@id\":\"https:\/\/adventistoltenia.ro\/site\/#\/schema\/person\/image\/\",\"url\":\"https:\/\/secure.gravatar.com\/avatar\/ebe92ec22e2e53a8eb79d6b52b724e27?s=96&d=mm&r=g\",\"contentUrl\":\"https:\/\/secure.gravatar.com\/avatar\/ebe92ec22e2e53a8eb79d6b52b724e27?s=96&d=mm&r=g\",\"caption\":\"Conferinta Oltenia\"},\"url\":\"https:\/\/adventistoltenia.ro\/site\/author\/adm1n\/\"}]}<\/script>\n<!-- \/ Yoast SEO plugin. -->","yoast_head_json":{"title":"Sugestii de lectur\u0103 \u2013 600 Istorioare religioase \u2013 istorioare, pilde \u0219i asem\u0103n\u0103ri religioase - Conferinta Oltenia","robots":{"index":"index","follow":"follow","max-snippet":"max-snippet:-1","max-image-preview":"max-image-preview:large","max-video-preview":"max-video-preview:-1"},"canonical":"https:\/\/adventistoltenia.ro\/site\/sugestii-de-lectura-600-istorioare-religioase-istorioare-pilde-si-asemanari-religioase\/","og_locale":"en_US","og_type":"article","og_title":"Sugestii de lectur\u0103 \u2013 600 Istorioare religioase \u2013 istorioare, pilde \u0219i asem\u0103n\u0103ri religioase - Conferinta Oltenia","og_description":"Uneori suntem at\u00e2t de preocupa\u021bi de chestiuni \u201efilosofice\u201d at\u00e2t de \u00eentortocheate \u00eenc\u00e2t nici un filosof autentic nu le-ar putea da de cap\u0103t, uit\u00e2nd c\u0103 marile adev\u0103ruri ale vie\u021bii sunt simple\u2026\u0218i clare\u2026\u0218i de multe ori pot fi cuprinse \u00eentr-o pild\u0103 simpl\u0103\u2026 600 ISTORIOARE RELIGIOASE \u2013 ISTORIOARE, PILDE \u0218I ASEM\u0102N\u0102RI RELIGIOASE, de Preot Iosif Trifa,\u00a0 Edi\u021bia a &hellip; Continued","og_url":"https:\/\/adventistoltenia.ro\/site\/sugestii-de-lectura-600-istorioare-religioase-istorioare-pilde-si-asemanari-religioase\/","og_site_name":"Conferinta Oltenia","article_published_time":"2019-12-02T01:06:26+00:00","author":"Conferinta Oltenia","twitter_card":"summary_large_image","twitter_misc":{"Written by":"Conferinta Oltenia","Est. reading time":"5 minutes"},"schema":{"@context":"https:\/\/schema.org","@graph":[{"@type":"WebPage","@id":"https:\/\/adventistoltenia.ro\/site\/sugestii-de-lectura-600-istorioare-religioase-istorioare-pilde-si-asemanari-religioase\/","url":"https:\/\/adventistoltenia.ro\/site\/sugestii-de-lectura-600-istorioare-religioase-istorioare-pilde-si-asemanari-religioase\/","name":"Sugestii de lectur\u0103 \u2013 600 Istorioare religioase \u2013 istorioare, pilde \u0219i asem\u0103n\u0103ri religioase - Conferinta Oltenia","isPartOf":{"@id":"https:\/\/adventistoltenia.ro\/site\/#website"},"datePublished":"2019-12-02T01:06:26+00:00","dateModified":"2019-12-02T01:06:26+00:00","author":{"@id":"https:\/\/adventistoltenia.ro\/site\/#\/schema\/person\/81972d6ddcec064fcb37a129240ef9d7"},"breadcrumb":{"@id":"https:\/\/adventistoltenia.ro\/site\/sugestii-de-lectura-600-istorioare-religioase-istorioare-pilde-si-asemanari-religioase\/#breadcrumb"},"inLanguage":"en-US","potentialAction":[{"@type":"ReadAction","target":["https:\/\/adventistoltenia.ro\/site\/sugestii-de-lectura-600-istorioare-religioase-istorioare-pilde-si-asemanari-religioase\/"]}]},{"@type":"BreadcrumbList","@id":"https:\/\/adventistoltenia.ro\/site\/sugestii-de-lectura-600-istorioare-religioase-istorioare-pilde-si-asemanari-religioase\/#breadcrumb","itemListElement":[{"@type":"ListItem","position":1,"name":"Home","item":"https:\/\/adventistoltenia.ro\/site\/"},{"@type":"ListItem","position":2,"name":"Sugestii de lectur\u0103 \u2013 600 Istorioare religioase \u2013 istorioare, pilde \u0219i asem\u0103n\u0103ri religioase"}]},{"@type":"WebSite","@id":"https:\/\/adventistoltenia.ro\/site\/#website","url":"https:\/\/adventistoltenia.ro\/site\/","name":"Conferinta Oltenia","description":"Biserica Adventista de Ziua a Saptea","potentialAction":[{"@type":"SearchAction","target":{"@type":"EntryPoint","urlTemplate":"https:\/\/adventistoltenia.ro\/site\/?s={search_term_string}"},"query-input":"required name=search_term_string"}],"inLanguage":"en-US"},{"@type":"Person","@id":"https:\/\/adventistoltenia.ro\/site\/#\/schema\/person\/81972d6ddcec064fcb37a129240ef9d7","name":"Conferinta Oltenia","image":{"@type":"ImageObject","inLanguage":"en-US","@id":"https:\/\/adventistoltenia.ro\/site\/#\/schema\/person\/image\/","url":"https:\/\/secure.gravatar.com\/avatar\/ebe92ec22e2e53a8eb79d6b52b724e27?s=96&d=mm&r=g","contentUrl":"https:\/\/secure.gravatar.com\/avatar\/ebe92ec22e2e53a8eb79d6b52b724e27?s=96&d=mm&r=g","caption":"Conferinta Oltenia"},"url":"https:\/\/adventistoltenia.ro\/site\/author\/adm1n\/"}]}},"_links":{"self":[{"href":"https:\/\/adventistoltenia.ro\/site\/wp-json\/wp\/v2\/posts\/3126"}],"collection":[{"href":"https:\/\/adventistoltenia.ro\/site\/wp-json\/wp\/v2\/posts"}],"about":[{"href":"https:\/\/adventistoltenia.ro\/site\/wp-json\/wp\/v2\/types\/post"}],"author":[{"embeddable":true,"href":"https:\/\/adventistoltenia.ro\/site\/wp-json\/wp\/v2\/users\/2"}],"replies":[{"embeddable":true,"href":"https:\/\/adventistoltenia.ro\/site\/wp-json\/wp\/v2\/comments?post=3126"}],"version-history":[{"count":0,"href":"https:\/\/adventistoltenia.ro\/site\/wp-json\/wp\/v2\/posts\/3126\/revisions"}],"wp:attachment":[{"href":"https:\/\/adventistoltenia.ro\/site\/wp-json\/wp\/v2\/media?parent=3126"}],"wp:term":[{"taxonomy":"category","embeddable":true,"href":"https:\/\/adventistoltenia.ro\/site\/wp-json\/wp\/v2\/categories?post=3126"},{"taxonomy":"post_tag","embeddable":true,"href":"https:\/\/adventistoltenia.ro\/site\/wp-json\/wp\/v2\/tags?post=3126"}],"curies":[{"name":"wp","href":"https:\/\/api.w.org\/{rel}","templated":true}]}}