{"id":3128,"date":"2019-12-05T01:08:11","date_gmt":"2019-12-05T01:08:11","guid":{"rendered":"http:\/\/adventistoltenia.ro\/site\/3-decembrie-ziua-internationala-a-persoanelor-cu-dizabilitati\/"},"modified":"2019-12-05T01:08:11","modified_gmt":"2019-12-05T01:08:11","slug":"3-decembrie-ziua-internationala-a-persoanelor-cu-dizabilitati","status":"publish","type":"post","link":"https:\/\/adventistoltenia.ro\/site\/3-decembrie-ziua-internationala-a-persoanelor-cu-dizabilitati\/","title":{"rendered":"3 decembrie, ziua interna\u021bional\u0103 a persoanelor cu dizabilit\u0103\u021bi"},"content":{"rendered":"<div>\n<div>Ziua interna\u021bional\u0103 a persoanelor cu dizabilit\u0103\u021bi este marcat\u0103 \u00een fiecare an la 3 decembrie, cu scopul de a promova \u0219i implementa programele destinate \u00eembun\u0103t\u0103\u021birii condi\u021biilor de via\u021b\u0103 pentru aceste categorii sociale defavorizate.<\/div>\n<div><\/div>\n<div>Marcarea International Day of People with Disability are ca obiectiv promovarea unei mai bune \u00een\u021belegeri \u00een ceea ce prive\u0219te problemele cu care se confrunt\u0103 persoanele cu dizabilit\u0103\u021bi \u0219i sus\u021binerea demnit\u0103\u021bii, a drepturilor \u0219i a bun\u0103st\u0103rii acestora. Este, totodat\u0103, o ocazie pentru o schimbare de atitudine fa\u021b\u0103 de aceste persoane, prin eliminarea barierelor \u00een ceea ce prive\u0219te implicarea lor \u00een diverse sfere de activitate.<\/div>\n<div><\/div>\n<div>Potrivit Organiza\u021biei Mondiale a S\u0103n\u0103t\u0103\u021bii (OMS), \u00een prezent, peste un miliard de oameni, adic\u0103 15% din popula\u021bia lumii tr\u0103iesc cu anumite forme de dizabilitate, 80% dintre ace\u0219tia provenind din \u021b\u0103rile \u00een curs de dezvoltare, iar 50% neav\u00e2nd acces la sistemul de \u00eengrijire medical\u0103. O statistic\u0103 \u00eengrijor\u0103toare este \u0219i aceea care arat\u0103 c\u0103 mai mult de 100 de milioane de persoane cu dizabilit\u0103\u021bi sunt copii, iar probabilitatea ca ace\u0219tia s\u0103 se confrunte cu violen\u021ba este de patru ori mai mare dec\u00e2t \u00een r\u00e2ndul copiilor f\u0103r\u0103 probleme.<\/div>\n<div><\/div>\n<div>Aceast\u0103 zi a fost proclamat\u0103 de c\u0103tre Adunarea General\u0103 a Organiza\u021biei Na\u021biunilor Unite, \u00een 1992, prin rezolu\u021bia 47\/3, pentru a marca \u00eencheierea Deceniului Na\u021biunilor Unite dedicat persoanelor cu dizabilit\u0103\u021bi (1983-1992).<\/div>\n<div><\/div>\n<div>Biserica Adventista de Ziua a Saptea din Romania isi arata sprijinul fata de aceste persoane, sustinand Asociatia Ridica-te si umbla si realizand diferite actiuni prin care doreste sa demonstreze ca toti suntem egali.<\/div>\n<div><\/div>\n<div>Asocia\u021bia pentru persoanele cu dizabilit\u0103\u021bi \u201eRidic\u0103-te \u0219i umbl\u0103\u201d \u00ee\u0219i propune realizarea unui climat de familie \u00eentre persoanele cu dizabilit\u0103\u021bi locomotorii \u0219i de vedere, unite prin prietenie, suferin\u021b\u0103, speran\u021b\u0103, credin\u021b\u0103 \u0219i dragoste.<\/p>\n<div><\/div>\n<div>Obiectivele asocia\u021biei\u00a0\u201eRidic\u0103-te \u0219i umbl\u0103!\u201d<\/div>\n<div>1. Socializare complet\u0103 prin rela\u021bii de prietenie \u0219i comunicare deschis\u0103.<\/div>\n<div>2. \u00cent\u00e2lniri regulate la trei s\u0103pt\u0103m\u00e2ni ale membrilor Asocia\u021biei la sediul din strada \u201eMitropolit Dosoftei 22 B-C\u201d, Sector 5, Bucure\u0219ti.<\/div>\n<div>3. Valorificarea talentelor \u0219i abilit\u0103\u021bilor profesionale \u0219i afirmarea lor.<\/div>\n<div>4. Recreere \u2013 tabere, ie\u0219iri \u00een natur\u0103, jocuri, activit\u0103\u021bi sportive.<\/div>\n<div>5. Medierea pentru instruire \u0219i calificare \u00een vederea integr\u0103rii persoanelor cu dizabilit\u0103\u021bi \u00een activit\u0103\u021bi remunerate.<\/div>\n<div>6. Asisten\u021b\u0103 social\u0103, psihologic\u0103, juridic\u0103 \u0219i spiritual\u0103.<\/div>\n<div>7. Asisten\u021b\u0103 specializat\u0103 de recuperare pentru persoanele cu dizabilit\u0103\u021bi locomotorii.<\/div>\n<div>8. Procurarea de mijloace de accesibilizare specifice persoanelor cu dizabilit\u0103\u021bi.<\/div>\n<div>9. Corectarea percep\u021biei \u0219i imaginii despre persoanele cu dizabilit\u0103\u021bi.<\/div>\n<div>10. Speran\u021b\u0103 \u0219i credin\u021b\u0103.<\/div>\n<\/div>\n<\/div>\n<p class=\"wpematico_credit\"><small>Powered by <a href=\"http:\/\/www.wpematico.com\" target=\"_blank\" rel=\"noopener noreferrer\">WPeMatico<\/a><\/small><\/p>\n ","protected":false},"excerpt":{"rendered":"<p>Ziua interna\u021bional\u0103 a persoanelor cu dizabilit\u0103\u021bi este marcat\u0103 \u00een fiecare an la 3 decembrie, cu scopul de a promova \u0219i implementa programele destinate \u00eembun\u0103t\u0103\u021birii condi\u021biilor de via\u021b\u0103 pentru aceste categorii sociale defavorizate. Marcarea International Day of People with Disability are ca obiectiv promovarea unei mai bune \u00een\u021belegeri \u00een ceea ce prive\u0219te problemele cu care se &hellip; <a href=\"https:\/\/adventistoltenia.ro\/site\/3-decembrie-ziua-internationala-a-persoanelor-cu-dizabilitati\/\">Continued<\/a><\/p>\n","protected":false},"author":2,"featured_media":0,"comment_status":"open","ping_status":"closed","sticky":false,"template":"","format":"standard","meta":[],"categories":[71],"tags":[],"yoast_head":"<!-- This site is optimized with the Yoast SEO plugin v20.3 - https:\/\/yoast.com\/wordpress\/plugins\/seo\/ -->\n<title>3 decembrie, ziua interna\u021bional\u0103 a persoanelor cu dizabilit\u0103\u021bi - Conferinta Oltenia<\/title>\n<meta name=\"robots\" content=\"index, follow, max-snippet:-1, max-image-preview:large, max-video-preview:-1\" \/>\n<link rel=\"canonical\" href=\"https:\/\/adventistoltenia.ro\/site\/3-decembrie-ziua-internationala-a-persoanelor-cu-dizabilitati\/\" \/>\n<meta property=\"og:locale\" content=\"en_US\" \/>\n<meta property=\"og:type\" content=\"article\" \/>\n<meta property=\"og:title\" content=\"3 decembrie, ziua interna\u021bional\u0103 a persoanelor cu dizabilit\u0103\u021bi - Conferinta Oltenia\" \/>\n<meta property=\"og:description\" content=\"Ziua interna\u021bional\u0103 a persoanelor cu dizabilit\u0103\u021bi este marcat\u0103 \u00een fiecare an la 3 decembrie, cu scopul de a promova \u0219i implementa programele destinate \u00eembun\u0103t\u0103\u021birii condi\u021biilor de via\u021b\u0103 pentru aceste categorii sociale defavorizate. Marcarea International Day of People with Disability are ca obiectiv promovarea unei mai bune \u00een\u021belegeri \u00een ceea ce prive\u0219te problemele cu care se &hellip; Continued\" \/>\n<meta property=\"og:url\" content=\"https:\/\/adventistoltenia.ro\/site\/3-decembrie-ziua-internationala-a-persoanelor-cu-dizabilitati\/\" \/>\n<meta property=\"og:site_name\" content=\"Conferinta Oltenia\" \/>\n<meta property=\"article:published_time\" content=\"2019-12-05T01:08:11+00:00\" \/>\n<meta name=\"author\" content=\"Conferinta Oltenia\" \/>\n<meta name=\"twitter:card\" content=\"summary_large_image\" \/>\n<meta name=\"twitter:label1\" content=\"Written by\" \/>\n\t<meta name=\"twitter:data1\" content=\"Conferinta Oltenia\" \/>\n\t<meta name=\"twitter:label2\" content=\"Est. reading time\" \/>\n\t<meta name=\"twitter:data2\" content=\"2 minutes\" \/>\n<script type=\"application\/ld+json\" class=\"yoast-schema-graph\">{\"@context\":\"https:\/\/schema.org\",\"@graph\":[{\"@type\":\"WebPage\",\"@id\":\"https:\/\/adventistoltenia.ro\/site\/3-decembrie-ziua-internationala-a-persoanelor-cu-dizabilitati\/\",\"url\":\"https:\/\/adventistoltenia.ro\/site\/3-decembrie-ziua-internationala-a-persoanelor-cu-dizabilitati\/\",\"name\":\"3 decembrie, ziua interna\u021bional\u0103 a persoanelor cu dizabilit\u0103\u021bi - Conferinta Oltenia\",\"isPartOf\":{\"@id\":\"https:\/\/adventistoltenia.ro\/site\/#website\"},\"datePublished\":\"2019-12-05T01:08:11+00:00\",\"dateModified\":\"2019-12-05T01:08:11+00:00\",\"author\":{\"@id\":\"https:\/\/adventistoltenia.ro\/site\/#\/schema\/person\/81972d6ddcec064fcb37a129240ef9d7\"},\"breadcrumb\":{\"@id\":\"https:\/\/adventistoltenia.ro\/site\/3-decembrie-ziua-internationala-a-persoanelor-cu-dizabilitati\/#breadcrumb\"},\"inLanguage\":\"en-US\",\"potentialAction\":[{\"@type\":\"ReadAction\",\"target\":[\"https:\/\/adventistoltenia.ro\/site\/3-decembrie-ziua-internationala-a-persoanelor-cu-dizabilitati\/\"]}]},{\"@type\":\"BreadcrumbList\",\"@id\":\"https:\/\/adventistoltenia.ro\/site\/3-decembrie-ziua-internationala-a-persoanelor-cu-dizabilitati\/#breadcrumb\",\"itemListElement\":[{\"@type\":\"ListItem\",\"position\":1,\"name\":\"Home\",\"item\":\"https:\/\/adventistoltenia.ro\/site\/\"},{\"@type\":\"ListItem\",\"position\":2,\"name\":\"3 decembrie, ziua interna\u021bional\u0103 a persoanelor cu dizabilit\u0103\u021bi\"}]},{\"@type\":\"WebSite\",\"@id\":\"https:\/\/adventistoltenia.ro\/site\/#website\",\"url\":\"https:\/\/adventistoltenia.ro\/site\/\",\"name\":\"Conferinta Oltenia\",\"description\":\"Biserica Adventista de Ziua a Saptea\",\"potentialAction\":[{\"@type\":\"SearchAction\",\"target\":{\"@type\":\"EntryPoint\",\"urlTemplate\":\"https:\/\/adventistoltenia.ro\/site\/?s={search_term_string}\"},\"query-input\":\"required name=search_term_string\"}],\"inLanguage\":\"en-US\"},{\"@type\":\"Person\",\"@id\":\"https:\/\/adventistoltenia.ro\/site\/#\/schema\/person\/81972d6ddcec064fcb37a129240ef9d7\",\"name\":\"Conferinta Oltenia\",\"image\":{\"@type\":\"ImageObject\",\"inLanguage\":\"en-US\",\"@id\":\"https:\/\/adventistoltenia.ro\/site\/#\/schema\/person\/image\/\",\"url\":\"https:\/\/secure.gravatar.com\/avatar\/ebe92ec22e2e53a8eb79d6b52b724e27?s=96&d=mm&r=g\",\"contentUrl\":\"https:\/\/secure.gravatar.com\/avatar\/ebe92ec22e2e53a8eb79d6b52b724e27?s=96&d=mm&r=g\",\"caption\":\"Conferinta Oltenia\"},\"url\":\"https:\/\/adventistoltenia.ro\/site\/author\/adm1n\/\"}]}<\/script>\n<!-- \/ Yoast SEO plugin. -->","yoast_head_json":{"title":"3 decembrie, ziua interna\u021bional\u0103 a persoanelor cu dizabilit\u0103\u021bi - Conferinta Oltenia","robots":{"index":"index","follow":"follow","max-snippet":"max-snippet:-1","max-image-preview":"max-image-preview:large","max-video-preview":"max-video-preview:-1"},"canonical":"https:\/\/adventistoltenia.ro\/site\/3-decembrie-ziua-internationala-a-persoanelor-cu-dizabilitati\/","og_locale":"en_US","og_type":"article","og_title":"3 decembrie, ziua interna\u021bional\u0103 a persoanelor cu dizabilit\u0103\u021bi - Conferinta Oltenia","og_description":"Ziua interna\u021bional\u0103 a persoanelor cu dizabilit\u0103\u021bi este marcat\u0103 \u00een fiecare an la 3 decembrie, cu scopul de a promova \u0219i implementa programele destinate \u00eembun\u0103t\u0103\u021birii condi\u021biilor de via\u021b\u0103 pentru aceste categorii sociale defavorizate. Marcarea International Day of People with Disability are ca obiectiv promovarea unei mai bune \u00een\u021belegeri \u00een ceea ce prive\u0219te problemele cu care se &hellip; Continued","og_url":"https:\/\/adventistoltenia.ro\/site\/3-decembrie-ziua-internationala-a-persoanelor-cu-dizabilitati\/","og_site_name":"Conferinta Oltenia","article_published_time":"2019-12-05T01:08:11+00:00","author":"Conferinta Oltenia","twitter_card":"summary_large_image","twitter_misc":{"Written by":"Conferinta Oltenia","Est. reading time":"2 minutes"},"schema":{"@context":"https:\/\/schema.org","@graph":[{"@type":"WebPage","@id":"https:\/\/adventistoltenia.ro\/site\/3-decembrie-ziua-internationala-a-persoanelor-cu-dizabilitati\/","url":"https:\/\/adventistoltenia.ro\/site\/3-decembrie-ziua-internationala-a-persoanelor-cu-dizabilitati\/","name":"3 decembrie, ziua interna\u021bional\u0103 a persoanelor cu dizabilit\u0103\u021bi - Conferinta Oltenia","isPartOf":{"@id":"https:\/\/adventistoltenia.ro\/site\/#website"},"datePublished":"2019-12-05T01:08:11+00:00","dateModified":"2019-12-05T01:08:11+00:00","author":{"@id":"https:\/\/adventistoltenia.ro\/site\/#\/schema\/person\/81972d6ddcec064fcb37a129240ef9d7"},"breadcrumb":{"@id":"https:\/\/adventistoltenia.ro\/site\/3-decembrie-ziua-internationala-a-persoanelor-cu-dizabilitati\/#breadcrumb"},"inLanguage":"en-US","potentialAction":[{"@type":"ReadAction","target":["https:\/\/adventistoltenia.ro\/site\/3-decembrie-ziua-internationala-a-persoanelor-cu-dizabilitati\/"]}]},{"@type":"BreadcrumbList","@id":"https:\/\/adventistoltenia.ro\/site\/3-decembrie-ziua-internationala-a-persoanelor-cu-dizabilitati\/#breadcrumb","itemListElement":[{"@type":"ListItem","position":1,"name":"Home","item":"https:\/\/adventistoltenia.ro\/site\/"},{"@type":"ListItem","position":2,"name":"3 decembrie, ziua interna\u021bional\u0103 a persoanelor cu dizabilit\u0103\u021bi"}]},{"@type":"WebSite","@id":"https:\/\/adventistoltenia.ro\/site\/#website","url":"https:\/\/adventistoltenia.ro\/site\/","name":"Conferinta Oltenia","description":"Biserica Adventista de Ziua a Saptea","potentialAction":[{"@type":"SearchAction","target":{"@type":"EntryPoint","urlTemplate":"https:\/\/adventistoltenia.ro\/site\/?s={search_term_string}"},"query-input":"required name=search_term_string"}],"inLanguage":"en-US"},{"@type":"Person","@id":"https:\/\/adventistoltenia.ro\/site\/#\/schema\/person\/81972d6ddcec064fcb37a129240ef9d7","name":"Conferinta Oltenia","image":{"@type":"ImageObject","inLanguage":"en-US","@id":"https:\/\/adventistoltenia.ro\/site\/#\/schema\/person\/image\/","url":"https:\/\/secure.gravatar.com\/avatar\/ebe92ec22e2e53a8eb79d6b52b724e27?s=96&d=mm&r=g","contentUrl":"https:\/\/secure.gravatar.com\/avatar\/ebe92ec22e2e53a8eb79d6b52b724e27?s=96&d=mm&r=g","caption":"Conferinta Oltenia"},"url":"https:\/\/adventistoltenia.ro\/site\/author\/adm1n\/"}]}},"_links":{"self":[{"href":"https:\/\/adventistoltenia.ro\/site\/wp-json\/wp\/v2\/posts\/3128"}],"collection":[{"href":"https:\/\/adventistoltenia.ro\/site\/wp-json\/wp\/v2\/posts"}],"about":[{"href":"https:\/\/adventistoltenia.ro\/site\/wp-json\/wp\/v2\/types\/post"}],"author":[{"embeddable":true,"href":"https:\/\/adventistoltenia.ro\/site\/wp-json\/wp\/v2\/users\/2"}],"replies":[{"embeddable":true,"href":"https:\/\/adventistoltenia.ro\/site\/wp-json\/wp\/v2\/comments?post=3128"}],"version-history":[{"count":0,"href":"https:\/\/adventistoltenia.ro\/site\/wp-json\/wp\/v2\/posts\/3128\/revisions"}],"wp:attachment":[{"href":"https:\/\/adventistoltenia.ro\/site\/wp-json\/wp\/v2\/media?parent=3128"}],"wp:term":[{"taxonomy":"category","embeddable":true,"href":"https:\/\/adventistoltenia.ro\/site\/wp-json\/wp\/v2\/categories?post=3128"},{"taxonomy":"post_tag","embeddable":true,"href":"https:\/\/adventistoltenia.ro\/site\/wp-json\/wp\/v2\/tags?post=3128"}],"curies":[{"name":"wp","href":"https:\/\/api.w.org\/{rel}","templated":true}]}}