{"id":3143,"date":"2019-12-07T01:18:38","date_gmt":"2019-12-07T01:18:38","guid":{"rendered":"http:\/\/adventistoltenia.ro\/site\/la-90-de-ani-de-misiune-in-europa-si-in-afara-ei\/"},"modified":"2019-12-07T01:18:38","modified_gmt":"2019-12-07T01:18:38","slug":"la-90-de-ani-de-misiune-in-europa-si-in-afara-ei","status":"publish","type":"post","link":"https:\/\/adventistoltenia.ro\/site\/la-90-de-ani-de-misiune-in-europa-si-in-afara-ei\/","title":{"rendered":"La 90 de ani de misiune \u00een Europa \u0219i \u00een afara ei"},"content":{"rendered":"<div>\n<p>Timp de 90 de ani, Diviziunea Transeuropean\u0103 (TED) a coordonat misiunea \u0219i lucrarea de slujire a Bisericii Adventiste de Ziua a \u0218aptea \u00eentr-un teritoriu vast, variat \u0219i aflat \u00eentr-o continu\u0103 schimbare. Acum, lansarea unei noi c\u0103r\u021bi \u0219i a unui nou film documentar aduc \u00een centrul aten\u021biei o pasiune pentru misiune care a \u00eenceput odat\u0103 cu \u00eenceputurile Bisericii Adventiste \u00een Europa \u0219i continu\u0103 \u0219i ast\u0103zi, \u00een societ\u0103\u021bi \u00een mare m\u0103sur\u0103 secularizate.<\/p>\n<p><strong>Cartea<\/strong><\/p>\n<p><em>A Passion for Mission <\/em>[O pasiune pentru misiune] este raportul unei lucr\u0103ri de cercetare detaliate a istoricului Adventist David Trim, care este \u0219i autorul c\u0103r\u021bii. Trim demonstreaz\u0103 c\u0103 misiunea face parte din ADN-ul adventismului european \u0219i c\u0103, de\u0219i Europa a fost ini\u021bial un \u201ec\u00e2mp misionar\u201d, a \u00eenceput foarte repede s\u0103 trimit\u0103 misionari de pe teritoriul ei \u00een Africa, Asia \u0219i chiar \u0219i \u00een America de Sud. \u00cen cadrul unei prezent\u0103ri sus\u021binute \u00een cadrul lans\u0103rii c\u0103r\u021bii, Trim a estimat c\u0103 \u00een jur de o mie de misionari europeni au slujit p\u00e2n\u0103 \u00een prezent pe alte continente.<\/p>\n<p>\u201eTrimiterea unora dintre cei mai talenta\u021bi reprezentan\u021bi \u00een misiune a avut un impact semnificativ at\u00e2t asupra bisericii mondiale, c\u00e2t \u0219i a dezvolt\u0103rii bisericii de acas\u0103\u201d, a spus Trim. \u00cen cadrul evenimentului care a marcat aniversarea a 90 de ani de misiune au fost prezentate istorisiri care i-au inspirat pe cei prezen\u021bi, ca \u0219i lec\u021bii \u0219i concluzii aplicabile bisericii din Europa contemporan\u0103.<\/p>\n<p>Cartea <em>A Passion for Mission<\/em> este publicat\u0103 de Newbold Academic Press \u0219i este disponibil\u0103, \u00een limba englez\u0103, pe Amazon.<\/p>\n<p><strong>Filmul<\/strong><\/p>\n<p>Pre\u0219edintele TED Raafat Kamal a ales s\u0103 \u00ee\u0219i prezinte raportul pentru anul 2019 sub forma unui documentar. \u00cen film, st\u00e2nd pe o plaj\u0103 din Southampton, Marea Britanie, acesta s-a concentrat asupra a patru istorisiri din istoria TED, dup\u0103 care a demonstrat cum perseveren\u021ba \u0219i hot\u0103r\u00e2rea pionierilor no\u0219tri se manifest\u0103 \u00eenc\u0103 \u00een misiune.<\/p>\n<p>Printre acestea s-a num\u0103rat \u0219i povestea primilor misionari \u00een Marea Britanie, Willam Ings \u0219i John Loughborough, \u0219i perseveren\u021ba lor chiar \u0219i \u00een mijlocul e\u0219ecurilor. Kamal a \u00eemp\u0103rt\u0103\u0219it apoi povestea primului fermier devenit adventist \u00een Finlanda. \u00cen 1918, \u00eentr-o \u021bar\u0103 aflat\u0103 \u00een r\u0103zboi, acesta a salvat vie\u021bile a 10 b\u0103rba\u021bi care urmau s\u0103 fie \u00eempu\u0219ca\u021bi pentru a r\u0103zbuna moartea fiului s\u0103u. Iertarea sa a \u00eentrerupt ciclul violen\u021belor \u0219i a dus la \u00eenfiin\u021barea primei case de rug\u0103ciune din comunitatea sa.<\/p>\n<p>\u00cen \u00eencheierea relat\u0103rilor referitoare la trecutul Bisericii, filmul a spus povestea a dou\u0103 surori adventiste care au ascuns un copil evreu \u00een timpul ocupa\u021biei naziste \u00een Letonia \u0219i m\u0103rturia actualului Pre\u0219edinte al Uniunii Poloneze Ryszard Jankowski, care \u00ee\u0219i aminte\u0219te cum nou\u0103 membri ai familiei sale au fost deporta\u021bi la Auschwitz \u0219i Ravensbr\u00fcck pentru c\u0103 p\u0103zeau cu credincio\u0219ie Sabatul.<\/p>\n<p>Aceste istorisiri sunt istorie, dar istoria se scrie chiar acum, s-a subliniat \u00een documentarul care a prezentat cum este \u00eendeplinit\u0103 misiunea acum \u00een locurile \u00een care s-au \u00eent\u00e2mplat toate aceste lucruri: o biseric\u0103 ajut\u0103 refugia\u021bii, un centru de influen\u021b\u0103 \u00een nordul Finlandei, o tab\u0103r\u0103 \u00een care au loc mai mult de jum\u0103tate dintre botezurile din Polonia \u0219i o camporee care a schimbat vie\u021bile copiilor.<\/p>\n<p>Astfel de relat\u0103ri, at\u00e2t din trecut c\u00e2t \u0219i actuale, demonstreaz\u0103 c\u0103 de\u0219i misiunea poate fi dificil\u0103, atunci c\u00e2nd sunt perseveren\u021bi, dependen\u021bi de Dumnezeu \u0219i dispu\u0219i s\u0103 se lase folosi\u021bi, misionarii pot fi martorii a numeroase miracole, au spus conduc\u0103torii bisericii din regiune.<\/p>\n<p>\u201eSper\u0103m c\u0103 at\u00e2t cartea, c\u00e2t \u0219i filmul, nu vor reprezenta doar documente \u0219i relat\u0103ri interesante, ci vor inspira \u0219i schimba at\u00e2t membri de pe teritoriile TED c\u00e2t \u0219i din afara lor, ajut\u00e2ndu-i s\u0103 descopere o adev\u0103rat\u0103 pasiune pentru misiune\u201d, au concluzionat ace\u0219tia.<\/p>\n<p>Sursa: <a href=\"https:\/\/www.adventistreview.org\/church-news\/story14263-90-years-of-passion-for-mission-in-europe-and-beyond\">Adventist Review<\/a><\/p>\n<p>\u00a0<\/p>\n<\/div>\n<p class=\"wpematico_credit\"><small>Powered by <a href=\"http:\/\/www.wpematico.com\" target=\"_blank\" rel=\"noopener noreferrer\">WPeMatico<\/a><\/small><\/p>\n ","protected":false},"excerpt":{"rendered":"<p>Timp de 90 de ani, Diviziunea Transeuropean\u0103 (TED) a coordonat misiunea \u0219i lucrarea de slujire a Bisericii Adventiste de Ziua a \u0218aptea \u00eentr-un teritoriu vast, variat \u0219i aflat \u00eentr-o continu\u0103 schimbare. Acum, lansarea unei noi c\u0103r\u021bi \u0219i a unui nou film documentar aduc \u00een centrul aten\u021biei o pasiune pentru misiune care a \u00eenceput odat\u0103 cu &hellip; <a href=\"https:\/\/adventistoltenia.ro\/site\/la-90-de-ani-de-misiune-in-europa-si-in-afara-ei\/\">Continued<\/a><\/p>\n","protected":false},"author":2,"featured_media":0,"comment_status":"open","ping_status":"closed","sticky":false,"template":"","format":"standard","meta":[],"categories":[71],"tags":[],"yoast_head":"<!-- This site is optimized with the Yoast SEO plugin v20.3 - https:\/\/yoast.com\/wordpress\/plugins\/seo\/ -->\n<title>La 90 de ani de misiune \u00een Europa \u0219i \u00een afara ei - Conferinta Oltenia<\/title>\n<meta name=\"robots\" content=\"index, follow, max-snippet:-1, max-image-preview:large, max-video-preview:-1\" \/>\n<link rel=\"canonical\" href=\"https:\/\/adventistoltenia.ro\/site\/la-90-de-ani-de-misiune-in-europa-si-in-afara-ei\/\" \/>\n<meta property=\"og:locale\" content=\"en_US\" \/>\n<meta property=\"og:type\" content=\"article\" \/>\n<meta property=\"og:title\" content=\"La 90 de ani de misiune \u00een Europa \u0219i \u00een afara ei - Conferinta Oltenia\" \/>\n<meta property=\"og:description\" content=\"Timp de 90 de ani, Diviziunea Transeuropean\u0103 (TED) a coordonat misiunea \u0219i lucrarea de slujire a Bisericii Adventiste de Ziua a \u0218aptea \u00eentr-un teritoriu vast, variat \u0219i aflat \u00eentr-o continu\u0103 schimbare. Acum, lansarea unei noi c\u0103r\u021bi \u0219i a unui nou film documentar aduc \u00een centrul aten\u021biei o pasiune pentru misiune care a \u00eenceput odat\u0103 cu &hellip; Continued\" \/>\n<meta property=\"og:url\" content=\"https:\/\/adventistoltenia.ro\/site\/la-90-de-ani-de-misiune-in-europa-si-in-afara-ei\/\" \/>\n<meta property=\"og:site_name\" content=\"Conferinta Oltenia\" \/>\n<meta property=\"article:published_time\" content=\"2019-12-07T01:18:38+00:00\" \/>\n<meta name=\"author\" content=\"Conferinta Oltenia\" \/>\n<meta name=\"twitter:card\" content=\"summary_large_image\" \/>\n<meta name=\"twitter:label1\" content=\"Written by\" \/>\n\t<meta name=\"twitter:data1\" content=\"Conferinta Oltenia\" \/>\n\t<meta name=\"twitter:label2\" content=\"Est. reading time\" \/>\n\t<meta name=\"twitter:data2\" content=\"3 minutes\" \/>\n<script type=\"application\/ld+json\" class=\"yoast-schema-graph\">{\"@context\":\"https:\/\/schema.org\",\"@graph\":[{\"@type\":\"WebPage\",\"@id\":\"https:\/\/adventistoltenia.ro\/site\/la-90-de-ani-de-misiune-in-europa-si-in-afara-ei\/\",\"url\":\"https:\/\/adventistoltenia.ro\/site\/la-90-de-ani-de-misiune-in-europa-si-in-afara-ei\/\",\"name\":\"La 90 de ani de misiune \u00een Europa \u0219i \u00een afara ei - Conferinta Oltenia\",\"isPartOf\":{\"@id\":\"https:\/\/adventistoltenia.ro\/site\/#website\"},\"datePublished\":\"2019-12-07T01:18:38+00:00\",\"dateModified\":\"2019-12-07T01:18:38+00:00\",\"author\":{\"@id\":\"https:\/\/adventistoltenia.ro\/site\/#\/schema\/person\/81972d6ddcec064fcb37a129240ef9d7\"},\"breadcrumb\":{\"@id\":\"https:\/\/adventistoltenia.ro\/site\/la-90-de-ani-de-misiune-in-europa-si-in-afara-ei\/#breadcrumb\"},\"inLanguage\":\"en-US\",\"potentialAction\":[{\"@type\":\"ReadAction\",\"target\":[\"https:\/\/adventistoltenia.ro\/site\/la-90-de-ani-de-misiune-in-europa-si-in-afara-ei\/\"]}]},{\"@type\":\"BreadcrumbList\",\"@id\":\"https:\/\/adventistoltenia.ro\/site\/la-90-de-ani-de-misiune-in-europa-si-in-afara-ei\/#breadcrumb\",\"itemListElement\":[{\"@type\":\"ListItem\",\"position\":1,\"name\":\"Home\",\"item\":\"https:\/\/adventistoltenia.ro\/site\/\"},{\"@type\":\"ListItem\",\"position\":2,\"name\":\"La 90 de ani de misiune \u00een Europa \u0219i \u00een afara ei\"}]},{\"@type\":\"WebSite\",\"@id\":\"https:\/\/adventistoltenia.ro\/site\/#website\",\"url\":\"https:\/\/adventistoltenia.ro\/site\/\",\"name\":\"Conferinta Oltenia\",\"description\":\"Biserica Adventista de Ziua a Saptea\",\"potentialAction\":[{\"@type\":\"SearchAction\",\"target\":{\"@type\":\"EntryPoint\",\"urlTemplate\":\"https:\/\/adventistoltenia.ro\/site\/?s={search_term_string}\"},\"query-input\":\"required name=search_term_string\"}],\"inLanguage\":\"en-US\"},{\"@type\":\"Person\",\"@id\":\"https:\/\/adventistoltenia.ro\/site\/#\/schema\/person\/81972d6ddcec064fcb37a129240ef9d7\",\"name\":\"Conferinta Oltenia\",\"image\":{\"@type\":\"ImageObject\",\"inLanguage\":\"en-US\",\"@id\":\"https:\/\/adventistoltenia.ro\/site\/#\/schema\/person\/image\/\",\"url\":\"https:\/\/secure.gravatar.com\/avatar\/ebe92ec22e2e53a8eb79d6b52b724e27?s=96&d=mm&r=g\",\"contentUrl\":\"https:\/\/secure.gravatar.com\/avatar\/ebe92ec22e2e53a8eb79d6b52b724e27?s=96&d=mm&r=g\",\"caption\":\"Conferinta Oltenia\"},\"url\":\"https:\/\/adventistoltenia.ro\/site\/author\/adm1n\/\"}]}<\/script>\n<!-- \/ Yoast SEO plugin. -->","yoast_head_json":{"title":"La 90 de ani de misiune \u00een Europa \u0219i \u00een afara ei - Conferinta Oltenia","robots":{"index":"index","follow":"follow","max-snippet":"max-snippet:-1","max-image-preview":"max-image-preview:large","max-video-preview":"max-video-preview:-1"},"canonical":"https:\/\/adventistoltenia.ro\/site\/la-90-de-ani-de-misiune-in-europa-si-in-afara-ei\/","og_locale":"en_US","og_type":"article","og_title":"La 90 de ani de misiune \u00een Europa \u0219i \u00een afara ei - Conferinta Oltenia","og_description":"Timp de 90 de ani, Diviziunea Transeuropean\u0103 (TED) a coordonat misiunea \u0219i lucrarea de slujire a Bisericii Adventiste de Ziua a \u0218aptea \u00eentr-un teritoriu vast, variat \u0219i aflat \u00eentr-o continu\u0103 schimbare. Acum, lansarea unei noi c\u0103r\u021bi \u0219i a unui nou film documentar aduc \u00een centrul aten\u021biei o pasiune pentru misiune care a \u00eenceput odat\u0103 cu &hellip; Continued","og_url":"https:\/\/adventistoltenia.ro\/site\/la-90-de-ani-de-misiune-in-europa-si-in-afara-ei\/","og_site_name":"Conferinta Oltenia","article_published_time":"2019-12-07T01:18:38+00:00","author":"Conferinta Oltenia","twitter_card":"summary_large_image","twitter_misc":{"Written by":"Conferinta Oltenia","Est. reading time":"3 minutes"},"schema":{"@context":"https:\/\/schema.org","@graph":[{"@type":"WebPage","@id":"https:\/\/adventistoltenia.ro\/site\/la-90-de-ani-de-misiune-in-europa-si-in-afara-ei\/","url":"https:\/\/adventistoltenia.ro\/site\/la-90-de-ani-de-misiune-in-europa-si-in-afara-ei\/","name":"La 90 de ani de misiune \u00een Europa \u0219i \u00een afara ei - Conferinta Oltenia","isPartOf":{"@id":"https:\/\/adventistoltenia.ro\/site\/#website"},"datePublished":"2019-12-07T01:18:38+00:00","dateModified":"2019-12-07T01:18:38+00:00","author":{"@id":"https:\/\/adventistoltenia.ro\/site\/#\/schema\/person\/81972d6ddcec064fcb37a129240ef9d7"},"breadcrumb":{"@id":"https:\/\/adventistoltenia.ro\/site\/la-90-de-ani-de-misiune-in-europa-si-in-afara-ei\/#breadcrumb"},"inLanguage":"en-US","potentialAction":[{"@type":"ReadAction","target":["https:\/\/adventistoltenia.ro\/site\/la-90-de-ani-de-misiune-in-europa-si-in-afara-ei\/"]}]},{"@type":"BreadcrumbList","@id":"https:\/\/adventistoltenia.ro\/site\/la-90-de-ani-de-misiune-in-europa-si-in-afara-ei\/#breadcrumb","itemListElement":[{"@type":"ListItem","position":1,"name":"Home","item":"https:\/\/adventistoltenia.ro\/site\/"},{"@type":"ListItem","position":2,"name":"La 90 de ani de misiune \u00een Europa \u0219i \u00een afara ei"}]},{"@type":"WebSite","@id":"https:\/\/adventistoltenia.ro\/site\/#website","url":"https:\/\/adventistoltenia.ro\/site\/","name":"Conferinta Oltenia","description":"Biserica Adventista de Ziua a Saptea","potentialAction":[{"@type":"SearchAction","target":{"@type":"EntryPoint","urlTemplate":"https:\/\/adventistoltenia.ro\/site\/?s={search_term_string}"},"query-input":"required name=search_term_string"}],"inLanguage":"en-US"},{"@type":"Person","@id":"https:\/\/adventistoltenia.ro\/site\/#\/schema\/person\/81972d6ddcec064fcb37a129240ef9d7","name":"Conferinta Oltenia","image":{"@type":"ImageObject","inLanguage":"en-US","@id":"https:\/\/adventistoltenia.ro\/site\/#\/schema\/person\/image\/","url":"https:\/\/secure.gravatar.com\/avatar\/ebe92ec22e2e53a8eb79d6b52b724e27?s=96&d=mm&r=g","contentUrl":"https:\/\/secure.gravatar.com\/avatar\/ebe92ec22e2e53a8eb79d6b52b724e27?s=96&d=mm&r=g","caption":"Conferinta Oltenia"},"url":"https:\/\/adventistoltenia.ro\/site\/author\/adm1n\/"}]}},"_links":{"self":[{"href":"https:\/\/adventistoltenia.ro\/site\/wp-json\/wp\/v2\/posts\/3143"}],"collection":[{"href":"https:\/\/adventistoltenia.ro\/site\/wp-json\/wp\/v2\/posts"}],"about":[{"href":"https:\/\/adventistoltenia.ro\/site\/wp-json\/wp\/v2\/types\/post"}],"author":[{"embeddable":true,"href":"https:\/\/adventistoltenia.ro\/site\/wp-json\/wp\/v2\/users\/2"}],"replies":[{"embeddable":true,"href":"https:\/\/adventistoltenia.ro\/site\/wp-json\/wp\/v2\/comments?post=3143"}],"version-history":[{"count":0,"href":"https:\/\/adventistoltenia.ro\/site\/wp-json\/wp\/v2\/posts\/3143\/revisions"}],"wp:attachment":[{"href":"https:\/\/adventistoltenia.ro\/site\/wp-json\/wp\/v2\/media?parent=3143"}],"wp:term":[{"taxonomy":"category","embeddable":true,"href":"https:\/\/adventistoltenia.ro\/site\/wp-json\/wp\/v2\/categories?post=3143"},{"taxonomy":"post_tag","embeddable":true,"href":"https:\/\/adventistoltenia.ro\/site\/wp-json\/wp\/v2\/tags?post=3143"}],"curies":[{"name":"wp","href":"https:\/\/api.w.org\/{rel}","templated":true}]}}