{"id":3144,"date":"2019-12-09T01:07:12","date_gmt":"2019-12-09T01:07:12","guid":{"rendered":"http:\/\/adventistoltenia.ro\/site\/sugestii-de-lectura-receptarea-parintilor-greci-ai-bisericii-in-occident-contributia-lui-ioan-scotus-eriugena\/"},"modified":"2019-12-09T01:07:12","modified_gmt":"2019-12-09T01:07:12","slug":"sugestii-de-lectura-receptarea-parintilor-greci-ai-bisericii-in-occident-contributia-lui-ioan-scotus-eriugena","status":"publish","type":"post","link":"https:\/\/adventistoltenia.ro\/site\/sugestii-de-lectura-receptarea-parintilor-greci-ai-bisericii-in-occident-contributia-lui-ioan-scotus-eriugena\/","title":{"rendered":"Sugestii de lectur\u0103 \u2013 Receptarea p\u0103rin\u021bilor greci ai bisericii \u00een Occident \u2013 contribu\u021bia lui Ioan Scotus Eriugena"},"content":{"rendered":"<div>\n<p>Pentru mine \u0219i, cred, pentru destul de mul\u021bi protestan\u021bi rom\u00e2ni, ortodoxia, fiind prea aproape de noi, nu \u0219i-a f\u0103cut loc \u00een mentalul colectiv despre istoria bisericii cre\u0219tine, fiind noi mai mult concentra\u021bi pe evolu\u021bia Bisericii Occidentale \u0219i, implicit, a Reformei\u2026<\/p>\n<p>RECEPTAREA P\u0102RIN\u021aILOR GRECI AI BISERICII \u00ceN OCCIDENT \u2013 CONTRIBU\u021aIA LUI IOAN SCOTUS ERIUGENA, de Edouard Jeauneau, Editura Doxologia, Colec\u021bia Historia Christiana nr.4, 2018\u2026<\/p>\n<p><strong>Edouard Jeauneau<\/strong>(n.1924) este un savant de renume mondial \u00een domeniul <em>paleografiei<\/em> \u0219i a <em>studiilor medievale<\/em>. A lucrat la doua institu\u021bii de prestigiu \u00een domeniu: <em>Centre National de la Recherche Scientifique, Paris<\/em> \u0219i <em>Pontifical Institute of Medieval Studies, Toronto<\/em>.<\/p>\n<p>Este licen\u021biat \u00een <em>teologie<\/em>, diplomat\u00a0 al <em>EcolePractique des HautesEtudes<\/em>, <em>doctor \u00een Istoria filosofiei medievale<\/em> \u0219i <em>doctor \u00een Litere<\/em>.<\/p>\n<p>A fost profesor la <em>Seminarul de la Chartres<\/em>(1948-1958), membru al <em>Clare Hall la Cambridge<\/em>(1974-1975), <em>Profesor Emeritus<\/em> la <em>Pontifical Institute of Medieval Studies la Toronto<\/em>(1975), <em>director de cercetare(1975) \u0219i apoi director de cercetare onorific la Centre national de la recherche scientifique(CNRS).<\/em><\/p>\n<p>A publicat numeroase opere, printre care<em>: \u201eTendenda vela\u201d: Excursions litteraires et digressions philosophiques a travers le Moyen Age<\/em>(2007) \u0219i \u00a0antologia <em>Etudes erigeniennes<\/em>(1987) .<\/p>\n<p><strong>Ioan Scotus Eriugena<\/strong> (815-877) sau <strong>Ioan Scottus Eriugena<\/strong> este considerat primul mare g\u00e2nditor scolastic. Importan\u021ba \u0219i caracterul inedit al operei lui Eriugena stau \u00een cunoa\u0219terea \u0219i efortul remarcabil de a introduce \u00een lumea cre\u0219tin\u0103 scrierile areopagitice.<\/p>\n<p>\u00cen jurul anului 851 sose\u0219te la Paris, tr\u0103ind o perioad\u0103 \u00a0la curtea lui Carol cel Ple\u0219uv, ini\u021bial ca profesor de gramatic\u0103 \u0219i dialectic\u0103, aceasta fiind perioada sa activ\u0103 \u0219i, de altfel, cea mai cunoscut\u0103. Eriugena era cunosc\u0103tor de limb\u0103 greac\u0103, astfel \u00eenc\u00e2t a tradus cu pricepere din <em>Pseudo-Dionisie Areopagitul<\/em> \u0219i alte texte, fiind influen\u021bat de g\u00e2ndirea greac\u0103 .<\/p>\n<p>La Paris devine foarte pre\u021buit pentru \u00een\u021belepciunea sa, celebritatea av\u00e2nd a i se dovedi \u00eens\u0103 nefast\u0103. \u00cendemnat de c\u0103tre <em>Hincmar<\/em>, arhiepiscopul de Reims, care \u00eel aprecia, s\u0103 se angreneze \u00een respingerea doctrinei dublei predestin\u0103ri divine (doctrin\u0103 sus\u021binut\u0103 de un c\u0103lug\u0103r saxon pe nume <em>Gottschalk)<\/em>, Eriugena scrie lucrarea <em>De divina praedestinatione liber<\/em> (\u00een 851) \u00een care utilizeaz\u0103 silogismul, construie\u0219te un tablou al ierarhiei lumii \u0219i introduce c\u00e2teva teze \u00eendr\u0103zne\u021be (argumentarea sa merg\u00e2nd p\u00e2n\u0103 la relativizarea doctrinei augustiniene a gra\u021biei divine), ce \u00eei aduc faima de sofist \u0219i eretic.<\/p>\n<p>Eriugena a scris foarte mult, lista scrierilor sale con\u021bin\u00e2nd \u0219i titluri cu autenticitate incert\u0103. A tradus din <em>Pseudo-Dionisie Areopagitul<\/em> (av\u00e2nd convingerea c\u0103 este vorba despre discipolul Apostolului Pavel), <em>Maxim M\u0103rturisitorul, Grigore de Nisa<\/em> \u0219i <em>Martianus Capella<\/em>, a scris <em>Comentarii la Evanghelia dup\u0103 Ioan<\/em> \u0219i o predic\u0103 la prologul ei, apoi comentarii la <em>De consolatione philosophiae<\/em> \u0219i la tratatele teologice ale lui Boethius.<\/p>\n<p>Titlurile cele mai importante p\u0103strate de la el sunt:<\/p>\n<ul>\n<li><em>Despre predestinare<\/em><\/li>\n<li><em>Despre diviziunea naturii<\/em> (De Divisione naturae).<\/li>\n<\/ul>\n<p>Eriugena este adesea considerat ca fiind marele ra\u021bionalist al Evului Mediu, capabil de a rezista \u00eentr-o lume a dogmei \u0219i supersti\u021biei, accentu\u00e2nd rolul libert\u0103\u021bii \u0219i ra\u021biunii \u00een fa\u021ba credin\u021bei oarbe, spun\u00e2nd chiar c\u0103 filosofia este singura cale c\u0103tre salvare. Nici o autoritate, fie ea Scriptura ori textele P\u0103rin\u021bilor, nu trebuie s\u0103 ne \u00eendep\u0103rteze de uzul ra\u021biunii, deoarece adev\u0103rata ra\u021biune nu poate intra niciodat\u0103 \u00een conflict cu autoritatea care este \u00eentr-adev\u0103r legitim\u0103. Totu\u0219i, Eriugena nu procedeaz\u0103 la o exaltare a ra\u021biunii \u00een detrimentul autorit\u0103\u021bii, \u00eencerc\u00e2nd s\u0103 men\u021bin\u0103 o armonie \u00eentre cele dou\u0103.<\/p>\n<p>El a dominat toate construc\u021biile speculative ale timpului s\u0103u, un timp \u00een care textele antice erau cunoscute numai fragmentar iar controversele teologice vizau probleme \u00eenc\u0103 limitate. S-a considerat c\u0103 elementul esen\u021bial al doctrinei lui Eriugena este concep\u021bia despre raportul ra\u021biune-credin\u021b\u0103. Este o problem\u0103 cu adev\u0103rat important\u0103 pentru \u00eentreaga filosofie scolastic\u0103.<\/p>\n<p>Acesta este personajul asupra c\u0103ruia Edouard Jeauneau se opre\u0219te atunci c\u00e2nd \u00ee\u0219i propune s\u0103 analizeze modul \u00een care au fost recepta\u021bi P\u0103rin\u021bii greci \u00een Occident.<\/p>\n<p>Atunci c\u00e2nd \u00eei compar\u0103 \u00eentre ei pe P\u0103rin\u021bii greci \u0219i pe P\u0103rin\u021bii latini, lui Ioan Scotus Eurigena \u00eei place adesea s\u0103 sublinieze c\u0103-i prefer\u0103 pe cei dint\u00e2i. Grecii au v\u0103zut lucrurile cu mai mult\u0103 profunzime; ei au \u0219tiut s\u0103 se exprime mai just dec\u00e2t ace\u0219tia. Dac\u0103 \u00eel prefer\u0103 pe <em>Ambrozie<\/em> lui <em>Augustin<\/em>, \u201epreasf\u00e2ntul, prea divinul teolog\u201d, motivul este c\u0103 <em>Ambrozie<\/em>, acest maestru \u00eenzestrat cu un geniu at\u00e2t de p\u0103trunz\u0103tor \u0219i de subtil a urmat, mai \u00eendeaproape dec\u00e2t ceilal\u021bi p\u0103rin\u021bi latini, tradi\u021bia teologilor greci. Superioritatea grecilor asupra latinilor decurge deci din dou\u0103 elemente: privire p\u0103trunz\u0103toare \u0219i exprimare just\u0103.<\/p>\n<p>Desigur, aceast\u0103 carte este pentru speciali\u0219tii perioadei \u00eenceputurilor cre\u0219tinismului \u0219i a Evului Mediu, dar \u0219i pentru cei interesa\u021bi s\u0103 afle direct, dincolo de clasicele \u0219abloane, cum g\u00e2ndeau \u0219i ac\u021bionau ace\u0219ti a\u0219a numi\u021bi \u201ep\u0103rin\u021bi biserice\u0219ti\u201d fie ei greci sau latini \u0219i cum anume au influen\u021bat derularea isoriei Bisericii Cre\u0219tine.<\/p>\n<p>Lectur\u0103 productiv\u0103 celor interesa\u021bi\u2026<\/p>\n<p><a href=\"https:\/\/www.facebook.com\/valeriu.petrescu.3\">Dr. Valeriu Petrescu<\/a><\/p>\n<\/div>\n<p class=\"wpematico_credit\"><small>Powered by <a href=\"http:\/\/www.wpematico.com\" target=\"_blank\" rel=\"noopener noreferrer\">WPeMatico<\/a><\/small><\/p>\n ","protected":false},"excerpt":{"rendered":"<p>Pentru mine \u0219i, cred, pentru destul de mul\u021bi protestan\u021bi rom\u00e2ni, ortodoxia, fiind prea aproape de noi, nu \u0219i-a f\u0103cut loc \u00een mentalul colectiv despre istoria bisericii cre\u0219tine, fiind noi mai mult concentra\u021bi pe evolu\u021bia Bisericii Occidentale \u0219i, implicit, a Reformei\u2026 RECEPTAREA P\u0102RIN\u021aILOR GRECI AI BISERICII \u00ceN OCCIDENT \u2013 CONTRIBU\u021aIA LUI IOAN SCOTUS ERIUGENA, de Edouard &hellip; <a href=\"https:\/\/adventistoltenia.ro\/site\/sugestii-de-lectura-receptarea-parintilor-greci-ai-bisericii-in-occident-contributia-lui-ioan-scotus-eriugena\/\">Continued<\/a><\/p>\n","protected":false},"author":2,"featured_media":0,"comment_status":"open","ping_status":"closed","sticky":false,"template":"","format":"standard","meta":[],"categories":[71],"tags":[],"yoast_head":"<!-- This site is optimized with the Yoast SEO plugin v20.3 - https:\/\/yoast.com\/wordpress\/plugins\/seo\/ -->\n<title>Sugestii de lectur\u0103 \u2013 Receptarea p\u0103rin\u021bilor greci ai bisericii \u00een Occident \u2013 contribu\u021bia lui Ioan Scotus Eriugena - Conferinta Oltenia<\/title>\n<meta name=\"robots\" content=\"index, follow, max-snippet:-1, max-image-preview:large, max-video-preview:-1\" \/>\n<link rel=\"canonical\" href=\"https:\/\/adventistoltenia.ro\/site\/sugestii-de-lectura-receptarea-parintilor-greci-ai-bisericii-in-occident-contributia-lui-ioan-scotus-eriugena\/\" \/>\n<meta property=\"og:locale\" content=\"en_US\" \/>\n<meta property=\"og:type\" content=\"article\" \/>\n<meta property=\"og:title\" content=\"Sugestii de lectur\u0103 \u2013 Receptarea p\u0103rin\u021bilor greci ai bisericii \u00een Occident \u2013 contribu\u021bia lui Ioan Scotus Eriugena - Conferinta Oltenia\" \/>\n<meta property=\"og:description\" content=\"Pentru mine \u0219i, cred, pentru destul de mul\u021bi protestan\u021bi rom\u00e2ni, ortodoxia, fiind prea aproape de noi, nu \u0219i-a f\u0103cut loc \u00een mentalul colectiv despre istoria bisericii cre\u0219tine, fiind noi mai mult concentra\u021bi pe evolu\u021bia Bisericii Occidentale \u0219i, implicit, a Reformei\u2026 RECEPTAREA P\u0102RIN\u021aILOR GRECI AI BISERICII \u00ceN OCCIDENT \u2013 CONTRIBU\u021aIA LUI IOAN SCOTUS ERIUGENA, de Edouard &hellip; Continued\" \/>\n<meta property=\"og:url\" content=\"https:\/\/adventistoltenia.ro\/site\/sugestii-de-lectura-receptarea-parintilor-greci-ai-bisericii-in-occident-contributia-lui-ioan-scotus-eriugena\/\" \/>\n<meta property=\"og:site_name\" content=\"Conferinta Oltenia\" \/>\n<meta property=\"article:published_time\" content=\"2019-12-09T01:07:12+00:00\" \/>\n<meta name=\"author\" content=\"Conferinta Oltenia\" \/>\n<meta name=\"twitter:card\" content=\"summary_large_image\" \/>\n<meta name=\"twitter:label1\" content=\"Written by\" \/>\n\t<meta name=\"twitter:data1\" content=\"Conferinta Oltenia\" \/>\n\t<meta name=\"twitter:label2\" content=\"Est. reading time\" \/>\n\t<meta name=\"twitter:data2\" content=\"4 minutes\" \/>\n<script type=\"application\/ld+json\" class=\"yoast-schema-graph\">{\"@context\":\"https:\/\/schema.org\",\"@graph\":[{\"@type\":\"WebPage\",\"@id\":\"https:\/\/adventistoltenia.ro\/site\/sugestii-de-lectura-receptarea-parintilor-greci-ai-bisericii-in-occident-contributia-lui-ioan-scotus-eriugena\/\",\"url\":\"https:\/\/adventistoltenia.ro\/site\/sugestii-de-lectura-receptarea-parintilor-greci-ai-bisericii-in-occident-contributia-lui-ioan-scotus-eriugena\/\",\"name\":\"Sugestii de lectur\u0103 \u2013 Receptarea p\u0103rin\u021bilor greci ai bisericii \u00een Occident \u2013 contribu\u021bia lui Ioan Scotus Eriugena - Conferinta Oltenia\",\"isPartOf\":{\"@id\":\"https:\/\/adventistoltenia.ro\/site\/#website\"},\"datePublished\":\"2019-12-09T01:07:12+00:00\",\"dateModified\":\"2019-12-09T01:07:12+00:00\",\"author\":{\"@id\":\"https:\/\/adventistoltenia.ro\/site\/#\/schema\/person\/81972d6ddcec064fcb37a129240ef9d7\"},\"breadcrumb\":{\"@id\":\"https:\/\/adventistoltenia.ro\/site\/sugestii-de-lectura-receptarea-parintilor-greci-ai-bisericii-in-occident-contributia-lui-ioan-scotus-eriugena\/#breadcrumb\"},\"inLanguage\":\"en-US\",\"potentialAction\":[{\"@type\":\"ReadAction\",\"target\":[\"https:\/\/adventistoltenia.ro\/site\/sugestii-de-lectura-receptarea-parintilor-greci-ai-bisericii-in-occident-contributia-lui-ioan-scotus-eriugena\/\"]}]},{\"@type\":\"BreadcrumbList\",\"@id\":\"https:\/\/adventistoltenia.ro\/site\/sugestii-de-lectura-receptarea-parintilor-greci-ai-bisericii-in-occident-contributia-lui-ioan-scotus-eriugena\/#breadcrumb\",\"itemListElement\":[{\"@type\":\"ListItem\",\"position\":1,\"name\":\"Home\",\"item\":\"https:\/\/adventistoltenia.ro\/site\/\"},{\"@type\":\"ListItem\",\"position\":2,\"name\":\"Sugestii de lectur\u0103 \u2013 Receptarea p\u0103rin\u021bilor greci ai bisericii \u00een Occident \u2013 contribu\u021bia lui Ioan Scotus Eriugena\"}]},{\"@type\":\"WebSite\",\"@id\":\"https:\/\/adventistoltenia.ro\/site\/#website\",\"url\":\"https:\/\/adventistoltenia.ro\/site\/\",\"name\":\"Conferinta Oltenia\",\"description\":\"Biserica Adventista de Ziua a Saptea\",\"potentialAction\":[{\"@type\":\"SearchAction\",\"target\":{\"@type\":\"EntryPoint\",\"urlTemplate\":\"https:\/\/adventistoltenia.ro\/site\/?s={search_term_string}\"},\"query-input\":\"required name=search_term_string\"}],\"inLanguage\":\"en-US\"},{\"@type\":\"Person\",\"@id\":\"https:\/\/adventistoltenia.ro\/site\/#\/schema\/person\/81972d6ddcec064fcb37a129240ef9d7\",\"name\":\"Conferinta Oltenia\",\"image\":{\"@type\":\"ImageObject\",\"inLanguage\":\"en-US\",\"@id\":\"https:\/\/adventistoltenia.ro\/site\/#\/schema\/person\/image\/\",\"url\":\"https:\/\/secure.gravatar.com\/avatar\/ebe92ec22e2e53a8eb79d6b52b724e27?s=96&d=mm&r=g\",\"contentUrl\":\"https:\/\/secure.gravatar.com\/avatar\/ebe92ec22e2e53a8eb79d6b52b724e27?s=96&d=mm&r=g\",\"caption\":\"Conferinta Oltenia\"},\"url\":\"https:\/\/adventistoltenia.ro\/site\/author\/adm1n\/\"}]}<\/script>\n<!-- \/ Yoast SEO plugin. -->","yoast_head_json":{"title":"Sugestii de lectur\u0103 \u2013 Receptarea p\u0103rin\u021bilor greci ai bisericii \u00een Occident \u2013 contribu\u021bia lui Ioan Scotus Eriugena - Conferinta Oltenia","robots":{"index":"index","follow":"follow","max-snippet":"max-snippet:-1","max-image-preview":"max-image-preview:large","max-video-preview":"max-video-preview:-1"},"canonical":"https:\/\/adventistoltenia.ro\/site\/sugestii-de-lectura-receptarea-parintilor-greci-ai-bisericii-in-occident-contributia-lui-ioan-scotus-eriugena\/","og_locale":"en_US","og_type":"article","og_title":"Sugestii de lectur\u0103 \u2013 Receptarea p\u0103rin\u021bilor greci ai bisericii \u00een Occident \u2013 contribu\u021bia lui Ioan Scotus Eriugena - Conferinta Oltenia","og_description":"Pentru mine \u0219i, cred, pentru destul de mul\u021bi protestan\u021bi rom\u00e2ni, ortodoxia, fiind prea aproape de noi, nu \u0219i-a f\u0103cut loc \u00een mentalul colectiv despre istoria bisericii cre\u0219tine, fiind noi mai mult concentra\u021bi pe evolu\u021bia Bisericii Occidentale \u0219i, implicit, a Reformei\u2026 RECEPTAREA P\u0102RIN\u021aILOR GRECI AI BISERICII \u00ceN OCCIDENT \u2013 CONTRIBU\u021aIA LUI IOAN SCOTUS ERIUGENA, de Edouard &hellip; Continued","og_url":"https:\/\/adventistoltenia.ro\/site\/sugestii-de-lectura-receptarea-parintilor-greci-ai-bisericii-in-occident-contributia-lui-ioan-scotus-eriugena\/","og_site_name":"Conferinta Oltenia","article_published_time":"2019-12-09T01:07:12+00:00","author":"Conferinta Oltenia","twitter_card":"summary_large_image","twitter_misc":{"Written by":"Conferinta Oltenia","Est. reading time":"4 minutes"},"schema":{"@context":"https:\/\/schema.org","@graph":[{"@type":"WebPage","@id":"https:\/\/adventistoltenia.ro\/site\/sugestii-de-lectura-receptarea-parintilor-greci-ai-bisericii-in-occident-contributia-lui-ioan-scotus-eriugena\/","url":"https:\/\/adventistoltenia.ro\/site\/sugestii-de-lectura-receptarea-parintilor-greci-ai-bisericii-in-occident-contributia-lui-ioan-scotus-eriugena\/","name":"Sugestii de lectur\u0103 \u2013 Receptarea p\u0103rin\u021bilor greci ai bisericii \u00een Occident \u2013 contribu\u021bia lui Ioan Scotus Eriugena - Conferinta Oltenia","isPartOf":{"@id":"https:\/\/adventistoltenia.ro\/site\/#website"},"datePublished":"2019-12-09T01:07:12+00:00","dateModified":"2019-12-09T01:07:12+00:00","author":{"@id":"https:\/\/adventistoltenia.ro\/site\/#\/schema\/person\/81972d6ddcec064fcb37a129240ef9d7"},"breadcrumb":{"@id":"https:\/\/adventistoltenia.ro\/site\/sugestii-de-lectura-receptarea-parintilor-greci-ai-bisericii-in-occident-contributia-lui-ioan-scotus-eriugena\/#breadcrumb"},"inLanguage":"en-US","potentialAction":[{"@type":"ReadAction","target":["https:\/\/adventistoltenia.ro\/site\/sugestii-de-lectura-receptarea-parintilor-greci-ai-bisericii-in-occident-contributia-lui-ioan-scotus-eriugena\/"]}]},{"@type":"BreadcrumbList","@id":"https:\/\/adventistoltenia.ro\/site\/sugestii-de-lectura-receptarea-parintilor-greci-ai-bisericii-in-occident-contributia-lui-ioan-scotus-eriugena\/#breadcrumb","itemListElement":[{"@type":"ListItem","position":1,"name":"Home","item":"https:\/\/adventistoltenia.ro\/site\/"},{"@type":"ListItem","position":2,"name":"Sugestii de lectur\u0103 \u2013 Receptarea p\u0103rin\u021bilor greci ai bisericii \u00een Occident \u2013 contribu\u021bia lui Ioan Scotus Eriugena"}]},{"@type":"WebSite","@id":"https:\/\/adventistoltenia.ro\/site\/#website","url":"https:\/\/adventistoltenia.ro\/site\/","name":"Conferinta Oltenia","description":"Biserica Adventista de Ziua a Saptea","potentialAction":[{"@type":"SearchAction","target":{"@type":"EntryPoint","urlTemplate":"https:\/\/adventistoltenia.ro\/site\/?s={search_term_string}"},"query-input":"required name=search_term_string"}],"inLanguage":"en-US"},{"@type":"Person","@id":"https:\/\/adventistoltenia.ro\/site\/#\/schema\/person\/81972d6ddcec064fcb37a129240ef9d7","name":"Conferinta Oltenia","image":{"@type":"ImageObject","inLanguage":"en-US","@id":"https:\/\/adventistoltenia.ro\/site\/#\/schema\/person\/image\/","url":"https:\/\/secure.gravatar.com\/avatar\/ebe92ec22e2e53a8eb79d6b52b724e27?s=96&d=mm&r=g","contentUrl":"https:\/\/secure.gravatar.com\/avatar\/ebe92ec22e2e53a8eb79d6b52b724e27?s=96&d=mm&r=g","caption":"Conferinta Oltenia"},"url":"https:\/\/adventistoltenia.ro\/site\/author\/adm1n\/"}]}},"_links":{"self":[{"href":"https:\/\/adventistoltenia.ro\/site\/wp-json\/wp\/v2\/posts\/3144"}],"collection":[{"href":"https:\/\/adventistoltenia.ro\/site\/wp-json\/wp\/v2\/posts"}],"about":[{"href":"https:\/\/adventistoltenia.ro\/site\/wp-json\/wp\/v2\/types\/post"}],"author":[{"embeddable":true,"href":"https:\/\/adventistoltenia.ro\/site\/wp-json\/wp\/v2\/users\/2"}],"replies":[{"embeddable":true,"href":"https:\/\/adventistoltenia.ro\/site\/wp-json\/wp\/v2\/comments?post=3144"}],"version-history":[{"count":0,"href":"https:\/\/adventistoltenia.ro\/site\/wp-json\/wp\/v2\/posts\/3144\/revisions"}],"wp:attachment":[{"href":"https:\/\/adventistoltenia.ro\/site\/wp-json\/wp\/v2\/media?parent=3144"}],"wp:term":[{"taxonomy":"category","embeddable":true,"href":"https:\/\/adventistoltenia.ro\/site\/wp-json\/wp\/v2\/categories?post=3144"},{"taxonomy":"post_tag","embeddable":true,"href":"https:\/\/adventistoltenia.ro\/site\/wp-json\/wp\/v2\/tags?post=3144"}],"curies":[{"name":"wp","href":"https:\/\/api.w.org\/{rel}","templated":true}]}}