{"id":3145,"date":"2019-12-12T01:26:14","date_gmt":"2019-12-12T01:26:14","guid":{"rendered":"http:\/\/adventistoltenia.ro\/site\/anunt-achizitie-servicii-de-catering\/"},"modified":"2019-12-12T01:26:14","modified_gmt":"2019-12-12T01:26:14","slug":"anunt-achizitie-servicii-de-catering","status":"publish","type":"post","link":"https:\/\/adventistoltenia.ro\/site\/anunt-achizitie-servicii-de-catering\/","title":{"rendered":"ANUN\u021a ACHIZI\u021aIE SERVICII DE CATERING"},"content":{"rendered":"<div>\n<div>\n<p>FONDUL SOCIAL EUROPEAN<br \/>Programul Opera\u0163ional Capital Uman 2014-2020 <br \/>Axa prioritar\u0103 4: \u201eIncluziunea social\u0103 \u0219i combaterea s\u0103r\u0103ciei\u201d<br \/>Obiectivul tematic 9: Promovarea incluziunii sociale, combaterea s\u0103r\u0103ciei \u0219i a oric\u0103rei forme de discriminare<br \/>Prioritatea de investitii 9.ii: Integrarea socio-economic\u0103 a comunit\u0103\u021bilor marginalizate<br \/>Obiectivul specific 4.2: Reducerea num\u0103rului de persoane aflate \u00een risc de s\u0103r\u0103cie \u0219i excluziune social\u0103 din comunit\u0103\u021bile marginalizate, prin implementarea de m\u0103suri integrate. <\/p>\n<p>Titlul proiectului: Activit\u0103\u021bi integrate pentru comunitatea urban\u0103 marginalizat\u0103 BABADAG \u201eAI CUM\u201d<br \/>Contract nr.: POCU\/138\/4\/1\/115022<\/p>\n<p>Asocia\u021bia \u201dAgen\u021bia Adventist\u0103 pentru Dezvoltare, Refacere \u0219i Ajutor \u2013 ADRA Rom\u00e2nia\u201d, \u00een calitate de Partener \u00een cadrul proiectului \u201eActivit\u0103\u021bi integrate pentru comunitatea urban\u0103 marginalizat\u0103 BABADAG \u201eAI CUM\u201d, solicit\u0103 ofertan\u021bilor interesa\u021bi care au ca obiect de activitate servicii de catering s\u0103 \u00eencarce \u00een SICAP oferta financiar\u0103 pentru servicii de catering, conform specifica\u021biilor tehnice anexate.<\/p>\n<div class=\"wp-block-file\"><a href=\"http:\/\/adra.ro\/wp-content\/uploads\/2019\/12\/Anunt-catering.pdf\">Anunt-catering<\/a><a href=\"http:\/\/adra.ro\/wp-content\/uploads\/2019\/12\/Anunt-catering.pdf\" class=\"wp-block-file__button\" download>Descarc\u0103<\/a><\/div>\n<div class=\"wp-block-file\"><a href=\"http:\/\/adra.ro\/wp-content\/uploads\/2019\/12\/Caiet-sarcini-catering.pdf\">Caiet-sarcini-catering<\/a><a href=\"http:\/\/adra.ro\/wp-content\/uploads\/2019\/12\/Caiet-sarcini-catering.pdf\" class=\"wp-block-file__button\" download>Descarc\u0103<\/a><\/div>\n<p>Termenul de primire a ofertelor \u00een SICAP este de 5 (cinci) zile calendaristice de la data public\u0103rii prezentului anun\u021b.<\/p>\n<p>ADRA Rom\u00e2nia<\/p>\n<\/div>\n<p>Material preluat de pe  <a href=\"http:\/\/adra.ro\/stiri\/anunt-achizitie-servicii-de-catering.html\" target=\"_blank\" rel=\"noopener noreferrer\">adra.ro\/stiri<\/a>.<\/p>\n<\/div>\n<p class=\"wpematico_credit\"><small>Powered by <a href=\"http:\/\/www.wpematico.com\" target=\"_blank\" rel=\"noopener noreferrer\">WPeMatico<\/a><\/small><\/p>\n ","protected":false},"excerpt":{"rendered":"<p>FONDUL SOCIAL EUROPEANProgramul Opera\u0163ional Capital Uman 2014-2020 Axa prioritar\u0103 4: \u201eIncluziunea social\u0103 \u0219i combaterea s\u0103r\u0103ciei\u201dObiectivul tematic 9: Promovarea incluziunii sociale, combaterea s\u0103r\u0103ciei \u0219i a oric\u0103rei forme de discriminarePrioritatea de investitii 9.ii: Integrarea socio-economic\u0103 a comunit\u0103\u021bilor marginalizateObiectivul specific 4.2: Reducerea num\u0103rului de persoane aflate \u00een risc de s\u0103r\u0103cie \u0219i excluziune social\u0103 din comunit\u0103\u021bile marginalizate, prin implementarea &hellip; <a href=\"https:\/\/adventistoltenia.ro\/site\/anunt-achizitie-servicii-de-catering\/\">Continued<\/a><\/p>\n","protected":false},"author":2,"featured_media":0,"comment_status":"open","ping_status":"closed","sticky":false,"template":"","format":"standard","meta":[],"categories":[71],"tags":[],"yoast_head":"<!-- This site is optimized with the Yoast SEO plugin v20.3 - https:\/\/yoast.com\/wordpress\/plugins\/seo\/ -->\n<title>ANUN\u021a ACHIZI\u021aIE SERVICII DE CATERING - Conferinta Oltenia<\/title>\n<meta name=\"robots\" content=\"index, follow, max-snippet:-1, max-image-preview:large, max-video-preview:-1\" \/>\n<link rel=\"canonical\" href=\"https:\/\/adventistoltenia.ro\/site\/anunt-achizitie-servicii-de-catering\/\" \/>\n<meta property=\"og:locale\" content=\"en_US\" \/>\n<meta property=\"og:type\" content=\"article\" \/>\n<meta property=\"og:title\" content=\"ANUN\u021a ACHIZI\u021aIE SERVICII DE CATERING - Conferinta Oltenia\" \/>\n<meta property=\"og:description\" content=\"FONDUL SOCIAL EUROPEANProgramul Opera\u0163ional Capital Uman 2014-2020 Axa prioritar\u0103 4: \u201eIncluziunea social\u0103 \u0219i combaterea s\u0103r\u0103ciei\u201dObiectivul tematic 9: Promovarea incluziunii sociale, combaterea s\u0103r\u0103ciei \u0219i a oric\u0103rei forme de discriminarePrioritatea de investitii 9.ii: Integrarea socio-economic\u0103 a comunit\u0103\u021bilor marginalizateObiectivul specific 4.2: Reducerea num\u0103rului de persoane aflate \u00een risc de s\u0103r\u0103cie \u0219i excluziune social\u0103 din comunit\u0103\u021bile marginalizate, prin implementarea &hellip; Continued\" \/>\n<meta property=\"og:url\" content=\"https:\/\/adventistoltenia.ro\/site\/anunt-achizitie-servicii-de-catering\/\" \/>\n<meta property=\"og:site_name\" content=\"Conferinta Oltenia\" \/>\n<meta property=\"article:published_time\" content=\"2019-12-12T01:26:14+00:00\" \/>\n<meta name=\"author\" content=\"Conferinta Oltenia\" \/>\n<meta name=\"twitter:card\" content=\"summary_large_image\" \/>\n<meta name=\"twitter:label1\" content=\"Written by\" \/>\n\t<meta name=\"twitter:data1\" content=\"Conferinta Oltenia\" \/>\n\t<meta name=\"twitter:label2\" content=\"Est. reading time\" \/>\n\t<meta name=\"twitter:data2\" content=\"1 minute\" \/>\n<script type=\"application\/ld+json\" class=\"yoast-schema-graph\">{\"@context\":\"https:\/\/schema.org\",\"@graph\":[{\"@type\":\"WebPage\",\"@id\":\"https:\/\/adventistoltenia.ro\/site\/anunt-achizitie-servicii-de-catering\/\",\"url\":\"https:\/\/adventistoltenia.ro\/site\/anunt-achizitie-servicii-de-catering\/\",\"name\":\"ANUN\u021a ACHIZI\u021aIE SERVICII DE CATERING - Conferinta Oltenia\",\"isPartOf\":{\"@id\":\"https:\/\/adventistoltenia.ro\/site\/#website\"},\"datePublished\":\"2019-12-12T01:26:14+00:00\",\"dateModified\":\"2019-12-12T01:26:14+00:00\",\"author\":{\"@id\":\"https:\/\/adventistoltenia.ro\/site\/#\/schema\/person\/81972d6ddcec064fcb37a129240ef9d7\"},\"breadcrumb\":{\"@id\":\"https:\/\/adventistoltenia.ro\/site\/anunt-achizitie-servicii-de-catering\/#breadcrumb\"},\"inLanguage\":\"en-US\",\"potentialAction\":[{\"@type\":\"ReadAction\",\"target\":[\"https:\/\/adventistoltenia.ro\/site\/anunt-achizitie-servicii-de-catering\/\"]}]},{\"@type\":\"BreadcrumbList\",\"@id\":\"https:\/\/adventistoltenia.ro\/site\/anunt-achizitie-servicii-de-catering\/#breadcrumb\",\"itemListElement\":[{\"@type\":\"ListItem\",\"position\":1,\"name\":\"Home\",\"item\":\"https:\/\/adventistoltenia.ro\/site\/\"},{\"@type\":\"ListItem\",\"position\":2,\"name\":\"ANUN\u021a ACHIZI\u021aIE SERVICII DE CATERING\"}]},{\"@type\":\"WebSite\",\"@id\":\"https:\/\/adventistoltenia.ro\/site\/#website\",\"url\":\"https:\/\/adventistoltenia.ro\/site\/\",\"name\":\"Conferinta Oltenia\",\"description\":\"Biserica Adventista de Ziua a Saptea\",\"potentialAction\":[{\"@type\":\"SearchAction\",\"target\":{\"@type\":\"EntryPoint\",\"urlTemplate\":\"https:\/\/adventistoltenia.ro\/site\/?s={search_term_string}\"},\"query-input\":\"required name=search_term_string\"}],\"inLanguage\":\"en-US\"},{\"@type\":\"Person\",\"@id\":\"https:\/\/adventistoltenia.ro\/site\/#\/schema\/person\/81972d6ddcec064fcb37a129240ef9d7\",\"name\":\"Conferinta Oltenia\",\"image\":{\"@type\":\"ImageObject\",\"inLanguage\":\"en-US\",\"@id\":\"https:\/\/adventistoltenia.ro\/site\/#\/schema\/person\/image\/\",\"url\":\"https:\/\/secure.gravatar.com\/avatar\/ebe92ec22e2e53a8eb79d6b52b724e27?s=96&d=mm&r=g\",\"contentUrl\":\"https:\/\/secure.gravatar.com\/avatar\/ebe92ec22e2e53a8eb79d6b52b724e27?s=96&d=mm&r=g\",\"caption\":\"Conferinta Oltenia\"},\"url\":\"https:\/\/adventistoltenia.ro\/site\/author\/adm1n\/\"}]}<\/script>\n<!-- \/ Yoast SEO plugin. -->","yoast_head_json":{"title":"ANUN\u021a ACHIZI\u021aIE SERVICII DE CATERING - Conferinta Oltenia","robots":{"index":"index","follow":"follow","max-snippet":"max-snippet:-1","max-image-preview":"max-image-preview:large","max-video-preview":"max-video-preview:-1"},"canonical":"https:\/\/adventistoltenia.ro\/site\/anunt-achizitie-servicii-de-catering\/","og_locale":"en_US","og_type":"article","og_title":"ANUN\u021a ACHIZI\u021aIE SERVICII DE CATERING - Conferinta Oltenia","og_description":"FONDUL SOCIAL EUROPEANProgramul Opera\u0163ional Capital Uman 2014-2020 Axa prioritar\u0103 4: \u201eIncluziunea social\u0103 \u0219i combaterea s\u0103r\u0103ciei\u201dObiectivul tematic 9: Promovarea incluziunii sociale, combaterea s\u0103r\u0103ciei \u0219i a oric\u0103rei forme de discriminarePrioritatea de investitii 9.ii: Integrarea socio-economic\u0103 a comunit\u0103\u021bilor marginalizateObiectivul specific 4.2: Reducerea num\u0103rului de persoane aflate \u00een risc de s\u0103r\u0103cie \u0219i excluziune social\u0103 din comunit\u0103\u021bile marginalizate, prin implementarea &hellip; Continued","og_url":"https:\/\/adventistoltenia.ro\/site\/anunt-achizitie-servicii-de-catering\/","og_site_name":"Conferinta Oltenia","article_published_time":"2019-12-12T01:26:14+00:00","author":"Conferinta Oltenia","twitter_card":"summary_large_image","twitter_misc":{"Written by":"Conferinta Oltenia","Est. reading time":"1 minute"},"schema":{"@context":"https:\/\/schema.org","@graph":[{"@type":"WebPage","@id":"https:\/\/adventistoltenia.ro\/site\/anunt-achizitie-servicii-de-catering\/","url":"https:\/\/adventistoltenia.ro\/site\/anunt-achizitie-servicii-de-catering\/","name":"ANUN\u021a ACHIZI\u021aIE SERVICII DE CATERING - Conferinta Oltenia","isPartOf":{"@id":"https:\/\/adventistoltenia.ro\/site\/#website"},"datePublished":"2019-12-12T01:26:14+00:00","dateModified":"2019-12-12T01:26:14+00:00","author":{"@id":"https:\/\/adventistoltenia.ro\/site\/#\/schema\/person\/81972d6ddcec064fcb37a129240ef9d7"},"breadcrumb":{"@id":"https:\/\/adventistoltenia.ro\/site\/anunt-achizitie-servicii-de-catering\/#breadcrumb"},"inLanguage":"en-US","potentialAction":[{"@type":"ReadAction","target":["https:\/\/adventistoltenia.ro\/site\/anunt-achizitie-servicii-de-catering\/"]}]},{"@type":"BreadcrumbList","@id":"https:\/\/adventistoltenia.ro\/site\/anunt-achizitie-servicii-de-catering\/#breadcrumb","itemListElement":[{"@type":"ListItem","position":1,"name":"Home","item":"https:\/\/adventistoltenia.ro\/site\/"},{"@type":"ListItem","position":2,"name":"ANUN\u021a ACHIZI\u021aIE SERVICII DE CATERING"}]},{"@type":"WebSite","@id":"https:\/\/adventistoltenia.ro\/site\/#website","url":"https:\/\/adventistoltenia.ro\/site\/","name":"Conferinta Oltenia","description":"Biserica Adventista de Ziua a Saptea","potentialAction":[{"@type":"SearchAction","target":{"@type":"EntryPoint","urlTemplate":"https:\/\/adventistoltenia.ro\/site\/?s={search_term_string}"},"query-input":"required name=search_term_string"}],"inLanguage":"en-US"},{"@type":"Person","@id":"https:\/\/adventistoltenia.ro\/site\/#\/schema\/person\/81972d6ddcec064fcb37a129240ef9d7","name":"Conferinta Oltenia","image":{"@type":"ImageObject","inLanguage":"en-US","@id":"https:\/\/adventistoltenia.ro\/site\/#\/schema\/person\/image\/","url":"https:\/\/secure.gravatar.com\/avatar\/ebe92ec22e2e53a8eb79d6b52b724e27?s=96&d=mm&r=g","contentUrl":"https:\/\/secure.gravatar.com\/avatar\/ebe92ec22e2e53a8eb79d6b52b724e27?s=96&d=mm&r=g","caption":"Conferinta Oltenia"},"url":"https:\/\/adventistoltenia.ro\/site\/author\/adm1n\/"}]}},"_links":{"self":[{"href":"https:\/\/adventistoltenia.ro\/site\/wp-json\/wp\/v2\/posts\/3145"}],"collection":[{"href":"https:\/\/adventistoltenia.ro\/site\/wp-json\/wp\/v2\/posts"}],"about":[{"href":"https:\/\/adventistoltenia.ro\/site\/wp-json\/wp\/v2\/types\/post"}],"author":[{"embeddable":true,"href":"https:\/\/adventistoltenia.ro\/site\/wp-json\/wp\/v2\/users\/2"}],"replies":[{"embeddable":true,"href":"https:\/\/adventistoltenia.ro\/site\/wp-json\/wp\/v2\/comments?post=3145"}],"version-history":[{"count":0,"href":"https:\/\/adventistoltenia.ro\/site\/wp-json\/wp\/v2\/posts\/3145\/revisions"}],"wp:attachment":[{"href":"https:\/\/adventistoltenia.ro\/site\/wp-json\/wp\/v2\/media?parent=3145"}],"wp:term":[{"taxonomy":"category","embeddable":true,"href":"https:\/\/adventistoltenia.ro\/site\/wp-json\/wp\/v2\/categories?post=3145"},{"taxonomy":"post_tag","embeddable":true,"href":"https:\/\/adventistoltenia.ro\/site\/wp-json\/wp\/v2\/tags?post=3145"}],"curies":[{"name":"wp","href":"https:\/\/api.w.org\/{rel}","templated":true}]}}