{"id":3147,"date":"2019-12-16T01:14:14","date_gmt":"2019-12-16T01:14:14","guid":{"rendered":"http:\/\/adventistoltenia.ro\/site\/sugestii-de-lectura-mantuitorul-viata-lui-isus\/"},"modified":"2019-12-16T01:14:14","modified_gmt":"2019-12-16T01:14:14","slug":"sugestii-de-lectura-mantuitorul-viata-lui-isus","status":"publish","type":"post","link":"https:\/\/adventistoltenia.ro\/site\/sugestii-de-lectura-mantuitorul-viata-lui-isus\/","title":{"rendered":"Sugestii de lectur\u0103 \u2013 M\u00e2ntuitorul \u2013 Via\u021ba lui Isus"},"content":{"rendered":"<div>\n<p>Numero\u0219i autori nu au putut sc\u0103pa fascina\u021biei vie\u021bii lui Isus \u0219i s-au apucat s\u0103 scrie. Este folositor s\u0103 po\u021bi compara aceste diverse reflect\u0103ri a vie\u021bii M\u00e2ntuitorului \u00een opere foarte diferite ,ap\u0103rute \u00een epoci diferite\u2026<\/p>\n<p>M\u00c2NTUITORUL \u2013 VIA\u021aA LUI ISUS, de Ernest Renan, Editura Orizonturi, 2013\u2026<\/p>\n<p><strong>Joseph Ernest Renan<\/strong> (1823\u00a0\u2013\u00a01892) a fost un expert francez \u00een <em>Limbi \u0219i civiliza\u021bii semitice<\/em>, filosof, specialist \u00een Biblie \u0219i critic, istoric al religiilor. Este cunoscut pentru opera sa istoric\u0103 despre originile <em>Cre\u0219tinismului Timpuriu<\/em> \u0219i pentru teoriile lui politice, \u00een special privitoare la na\u021bionalism \u0219i identitate na\u021bional\u0103. \u00cen 1847 a primit <em>Premiul Volney<\/em>, decernat de <em>Academy of Inscriptions<\/em> pentru manuscrisul general <em>History of Semitic Languages<\/em>.<\/p>\n<p>Cartea sa, VIA\u021aA LUI ISUS, l-a f\u0103cut celebru. Renan a afirmat c\u0103 Isus a fost capabil s\u0103 se purifice pe sine \u00eensu\u0219i de \u201etradi\u021biile iudaice\u201d \u0219i astfel Isus a devenit un arian. Aceast\u0103 lucrare a promovat ideile rasiste \u0219i a introdus rasa \u00een teologia \u0219i persoana lui Isus, el descriindu-l pe Isus ca pe un galilean care a fost transformat dintr-un evreu \u00eentr-un cre\u0219tin. Cartea este bazat\u0103 \u00een cea mai mare parte pe <em>Evanghelia dup\u0103 Ioan<\/em> \u0219i este o oper\u0103 scolastic\u0103. Ea \u00eel descrie pe Isus ca om \u0219i nu ca Dumnezeu, \u0219i respinge minunile Evangheliei. Renan credea c\u0103 prin umanizarea lui Isus \u00eel oferea o mare demnitate. Teza c\u0103 VIA\u021aA LUI ISUS trebuie citit\u0103 ca orice alt\u0103 carte despre oricare alt personaj istoric, \u0219i c\u0103 Biblia poate \u0219i trebuie s\u0103 fie subiectul aceleia\u0219i scrut\u0103ri critice ca alte documente istorice,\u00a0 a provocat controverse \u0219i a \u00eenfuriat pe mul\u021bi cre\u0219tini \u0219i, de asemenea, mul\u021bi evrei s-au \u00eenfuriat din cauza descrierii iudaismului ca fiind nebunesc \u0219i ilogic \u0219i pentru ideea c\u0103 Isus \u0219i cre\u0219tinismul\u00a0 este superior.<\/p>\n<p>Scris\u0103 de pe pozi\u021bii strict istorice, cartea a fost socotit\u0103 un sacrilegiu.<\/p>\n<p>Explic\u00e2nd motivele apari\u021biei prezentului volum, autorul men\u021bioneaz\u0103: \u201ePentru c\u0103 mi-a fost h\u0103r\u0103zit s\u0103 \u00eenf\u0103\u021bi\u0219ez despre Isus o imagine care s-a bucurat de oarecare aten\u021bie, am considerat c\u0103 trebuie ca, \u00eentr-o form\u0103 modificat\u0103 convenabil, s\u0103 ofer aceast\u0103 imagine \u0219i s\u0103rmanilor \u0219i \u00eentrista\u021bilor acestei lmi, celor pe care Isus i-a iubit cel mai mult. Cum destule persoane au regretat c\u0103 , prin pre\u021bul \u0219i volumul ei, acea carte n-a fost accesibil\u0103 tuturor, am sacrificat introducerea, notele \u0219i unele pasaje ale textului care presupuneau un cititor destul de versat \u00een cercet\u0103rile de specialitate ale criticii. Prin suprimarea acestor p\u0103r\u021bi diferite, s-a atins un triplu scop. Mai \u00eent\u00e2i, cartea s-a mic\u0219orat p\u00e2n\u0103 la un format at\u00e2t de modest, \u00eenc\u00e2t orice persoan\u0103 care \u0219i-o va dori va putea s\u0103 \u0219i-o procure. \u00cen al doilea r\u00e2nd, nu cred c\u0103 a r\u0103mas vreun cuv\u00e2nt, sau vreo fraz\u0103, care, pentru a fi \u00een\u021belese, s\u0103 pretind\u0103 studii preliminare. \u00cen sf\u00e2r\u0219it, prin aceste suprim\u0103ri am ob\u021binut un rezultat care nu este mai pu\u021bin pre\u021bios. \u00cemi f\u0103cusem cartea cu r\u0103ceala absolut\u0103 a istoricului care nu are \u00een vedere alt\u0103 \u021bint\u0103 dec\u00e2t s\u0103 descopere nuan\u021ba cea mai fin\u0103 \u0219i cea mai just\u0103 a adev\u0103rului. Aeast\u0103 franche\u021be n-a putut evita provocarea unor ofense multor suflete excelente care au fost crescute \u0219i hr\u0103nite de cre\u0219tinism. Nu o singur\u0103 dat\u0103, am regretat v\u0103z\u00e2nd persoane c\u0103rora m-a\u0219 fi bucurat nespus de mult s\u0103 le fiu pe plac, cum renun\u021b\u0103 la lectura unei c\u0103r\u021bi ale c\u0103rei c\u00e2teva pagini nu le-ar fi fost prin ele \u00eensele lipsite de consim\u021b\u0103m\u00e2nt \u0219i nici f\u0103r\u0103 un rod. Cred c\u0103 destui dintre cre\u0219tinii adev\u0103ra\u021bi nu vor afla \u00een acest voluma\u0219 nimic care s\u0103-i r\u0103neasc\u0103.\u201d(p.13-14).<\/p>\n<p>E o lectur\u0103 dintre acelea care, dac\u0103 este f\u0103cut\u0103 corect, aduce lumin\u0103 \u00een \u00een\u021belegerea tribula\u021biilo adev\u0103rului de-a lungul istoriei\u2026<\/p>\n<p><a href=\"https:\/\/www.facebook.com\/valeriu.petrescu.3\">Dr. Valeriu Petrescu<\/a><\/p>\n<\/div>\n<p class=\"wpematico_credit\"><small>Powered by <a href=\"http:\/\/www.wpematico.com\" target=\"_blank\" rel=\"noopener noreferrer\">WPeMatico<\/a><\/small><\/p>\n ","protected":false},"excerpt":{"rendered":"<p>Numero\u0219i autori nu au putut sc\u0103pa fascina\u021biei vie\u021bii lui Isus \u0219i s-au apucat s\u0103 scrie. Este folositor s\u0103 po\u021bi compara aceste diverse reflect\u0103ri a vie\u021bii M\u00e2ntuitorului \u00een opere foarte diferite ,ap\u0103rute \u00een epoci diferite\u2026 M\u00c2NTUITORUL \u2013 VIA\u021aA LUI ISUS, de Ernest Renan, Editura Orizonturi, 2013\u2026 Joseph Ernest Renan (1823\u00a0\u2013\u00a01892) a fost un expert francez \u00een &hellip; <a href=\"https:\/\/adventistoltenia.ro\/site\/sugestii-de-lectura-mantuitorul-viata-lui-isus\/\">Continued<\/a><\/p>\n","protected":false},"author":2,"featured_media":0,"comment_status":"open","ping_status":"closed","sticky":false,"template":"","format":"standard","meta":[],"categories":[71],"tags":[],"yoast_head":"<!-- This site is optimized with the Yoast SEO plugin v20.3 - https:\/\/yoast.com\/wordpress\/plugins\/seo\/ -->\n<title>Sugestii de lectur\u0103 \u2013 M\u00e2ntuitorul \u2013 Via\u021ba lui Isus - Conferinta Oltenia<\/title>\n<meta name=\"robots\" content=\"index, follow, max-snippet:-1, max-image-preview:large, max-video-preview:-1\" \/>\n<link rel=\"canonical\" href=\"https:\/\/adventistoltenia.ro\/site\/sugestii-de-lectura-mantuitorul-viata-lui-isus\/\" \/>\n<meta property=\"og:locale\" content=\"en_US\" \/>\n<meta property=\"og:type\" content=\"article\" \/>\n<meta property=\"og:title\" content=\"Sugestii de lectur\u0103 \u2013 M\u00e2ntuitorul \u2013 Via\u021ba lui Isus - Conferinta Oltenia\" \/>\n<meta property=\"og:description\" content=\"Numero\u0219i autori nu au putut sc\u0103pa fascina\u021biei vie\u021bii lui Isus \u0219i s-au apucat s\u0103 scrie. Este folositor s\u0103 po\u021bi compara aceste diverse reflect\u0103ri a vie\u021bii M\u00e2ntuitorului \u00een opere foarte diferite ,ap\u0103rute \u00een epoci diferite\u2026 M\u00c2NTUITORUL \u2013 VIA\u021aA LUI ISUS, de Ernest Renan, Editura Orizonturi, 2013\u2026 Joseph Ernest Renan (1823\u00a0\u2013\u00a01892) a fost un expert francez \u00een &hellip; Continued\" \/>\n<meta property=\"og:url\" content=\"https:\/\/adventistoltenia.ro\/site\/sugestii-de-lectura-mantuitorul-viata-lui-isus\/\" \/>\n<meta property=\"og:site_name\" content=\"Conferinta Oltenia\" \/>\n<meta property=\"article:published_time\" content=\"2019-12-16T01:14:14+00:00\" \/>\n<meta name=\"author\" content=\"Conferinta Oltenia\" \/>\n<meta name=\"twitter:card\" content=\"summary_large_image\" \/>\n<meta name=\"twitter:label1\" content=\"Written by\" \/>\n\t<meta name=\"twitter:data1\" content=\"Conferinta Oltenia\" \/>\n\t<meta name=\"twitter:label2\" content=\"Est. reading time\" \/>\n\t<meta name=\"twitter:data2\" content=\"3 minutes\" \/>\n<script type=\"application\/ld+json\" class=\"yoast-schema-graph\">{\"@context\":\"https:\/\/schema.org\",\"@graph\":[{\"@type\":\"WebPage\",\"@id\":\"https:\/\/adventistoltenia.ro\/site\/sugestii-de-lectura-mantuitorul-viata-lui-isus\/\",\"url\":\"https:\/\/adventistoltenia.ro\/site\/sugestii-de-lectura-mantuitorul-viata-lui-isus\/\",\"name\":\"Sugestii de lectur\u0103 \u2013 M\u00e2ntuitorul \u2013 Via\u021ba lui Isus - Conferinta Oltenia\",\"isPartOf\":{\"@id\":\"https:\/\/adventistoltenia.ro\/site\/#website\"},\"datePublished\":\"2019-12-16T01:14:14+00:00\",\"dateModified\":\"2019-12-16T01:14:14+00:00\",\"author\":{\"@id\":\"https:\/\/adventistoltenia.ro\/site\/#\/schema\/person\/81972d6ddcec064fcb37a129240ef9d7\"},\"breadcrumb\":{\"@id\":\"https:\/\/adventistoltenia.ro\/site\/sugestii-de-lectura-mantuitorul-viata-lui-isus\/#breadcrumb\"},\"inLanguage\":\"en-US\",\"potentialAction\":[{\"@type\":\"ReadAction\",\"target\":[\"https:\/\/adventistoltenia.ro\/site\/sugestii-de-lectura-mantuitorul-viata-lui-isus\/\"]}]},{\"@type\":\"BreadcrumbList\",\"@id\":\"https:\/\/adventistoltenia.ro\/site\/sugestii-de-lectura-mantuitorul-viata-lui-isus\/#breadcrumb\",\"itemListElement\":[{\"@type\":\"ListItem\",\"position\":1,\"name\":\"Home\",\"item\":\"https:\/\/adventistoltenia.ro\/site\/\"},{\"@type\":\"ListItem\",\"position\":2,\"name\":\"Sugestii de lectur\u0103 \u2013 M\u00e2ntuitorul \u2013 Via\u021ba lui Isus\"}]},{\"@type\":\"WebSite\",\"@id\":\"https:\/\/adventistoltenia.ro\/site\/#website\",\"url\":\"https:\/\/adventistoltenia.ro\/site\/\",\"name\":\"Conferinta Oltenia\",\"description\":\"Biserica Adventista de Ziua a Saptea\",\"potentialAction\":[{\"@type\":\"SearchAction\",\"target\":{\"@type\":\"EntryPoint\",\"urlTemplate\":\"https:\/\/adventistoltenia.ro\/site\/?s={search_term_string}\"},\"query-input\":\"required name=search_term_string\"}],\"inLanguage\":\"en-US\"},{\"@type\":\"Person\",\"@id\":\"https:\/\/adventistoltenia.ro\/site\/#\/schema\/person\/81972d6ddcec064fcb37a129240ef9d7\",\"name\":\"Conferinta Oltenia\",\"image\":{\"@type\":\"ImageObject\",\"inLanguage\":\"en-US\",\"@id\":\"https:\/\/adventistoltenia.ro\/site\/#\/schema\/person\/image\/\",\"url\":\"https:\/\/secure.gravatar.com\/avatar\/ebe92ec22e2e53a8eb79d6b52b724e27?s=96&d=mm&r=g\",\"contentUrl\":\"https:\/\/secure.gravatar.com\/avatar\/ebe92ec22e2e53a8eb79d6b52b724e27?s=96&d=mm&r=g\",\"caption\":\"Conferinta Oltenia\"},\"url\":\"https:\/\/adventistoltenia.ro\/site\/author\/adm1n\/\"}]}<\/script>\n<!-- \/ Yoast SEO plugin. -->","yoast_head_json":{"title":"Sugestii de lectur\u0103 \u2013 M\u00e2ntuitorul \u2013 Via\u021ba lui Isus - Conferinta Oltenia","robots":{"index":"index","follow":"follow","max-snippet":"max-snippet:-1","max-image-preview":"max-image-preview:large","max-video-preview":"max-video-preview:-1"},"canonical":"https:\/\/adventistoltenia.ro\/site\/sugestii-de-lectura-mantuitorul-viata-lui-isus\/","og_locale":"en_US","og_type":"article","og_title":"Sugestii de lectur\u0103 \u2013 M\u00e2ntuitorul \u2013 Via\u021ba lui Isus - Conferinta Oltenia","og_description":"Numero\u0219i autori nu au putut sc\u0103pa fascina\u021biei vie\u021bii lui Isus \u0219i s-au apucat s\u0103 scrie. Este folositor s\u0103 po\u021bi compara aceste diverse reflect\u0103ri a vie\u021bii M\u00e2ntuitorului \u00een opere foarte diferite ,ap\u0103rute \u00een epoci diferite\u2026 M\u00c2NTUITORUL \u2013 VIA\u021aA LUI ISUS, de Ernest Renan, Editura Orizonturi, 2013\u2026 Joseph Ernest Renan (1823\u00a0\u2013\u00a01892) a fost un expert francez \u00een &hellip; Continued","og_url":"https:\/\/adventistoltenia.ro\/site\/sugestii-de-lectura-mantuitorul-viata-lui-isus\/","og_site_name":"Conferinta Oltenia","article_published_time":"2019-12-16T01:14:14+00:00","author":"Conferinta Oltenia","twitter_card":"summary_large_image","twitter_misc":{"Written by":"Conferinta Oltenia","Est. reading time":"3 minutes"},"schema":{"@context":"https:\/\/schema.org","@graph":[{"@type":"WebPage","@id":"https:\/\/adventistoltenia.ro\/site\/sugestii-de-lectura-mantuitorul-viata-lui-isus\/","url":"https:\/\/adventistoltenia.ro\/site\/sugestii-de-lectura-mantuitorul-viata-lui-isus\/","name":"Sugestii de lectur\u0103 \u2013 M\u00e2ntuitorul \u2013 Via\u021ba lui Isus - Conferinta Oltenia","isPartOf":{"@id":"https:\/\/adventistoltenia.ro\/site\/#website"},"datePublished":"2019-12-16T01:14:14+00:00","dateModified":"2019-12-16T01:14:14+00:00","author":{"@id":"https:\/\/adventistoltenia.ro\/site\/#\/schema\/person\/81972d6ddcec064fcb37a129240ef9d7"},"breadcrumb":{"@id":"https:\/\/adventistoltenia.ro\/site\/sugestii-de-lectura-mantuitorul-viata-lui-isus\/#breadcrumb"},"inLanguage":"en-US","potentialAction":[{"@type":"ReadAction","target":["https:\/\/adventistoltenia.ro\/site\/sugestii-de-lectura-mantuitorul-viata-lui-isus\/"]}]},{"@type":"BreadcrumbList","@id":"https:\/\/adventistoltenia.ro\/site\/sugestii-de-lectura-mantuitorul-viata-lui-isus\/#breadcrumb","itemListElement":[{"@type":"ListItem","position":1,"name":"Home","item":"https:\/\/adventistoltenia.ro\/site\/"},{"@type":"ListItem","position":2,"name":"Sugestii de lectur\u0103 \u2013 M\u00e2ntuitorul \u2013 Via\u021ba lui Isus"}]},{"@type":"WebSite","@id":"https:\/\/adventistoltenia.ro\/site\/#website","url":"https:\/\/adventistoltenia.ro\/site\/","name":"Conferinta Oltenia","description":"Biserica Adventista de Ziua a Saptea","potentialAction":[{"@type":"SearchAction","target":{"@type":"EntryPoint","urlTemplate":"https:\/\/adventistoltenia.ro\/site\/?s={search_term_string}"},"query-input":"required name=search_term_string"}],"inLanguage":"en-US"},{"@type":"Person","@id":"https:\/\/adventistoltenia.ro\/site\/#\/schema\/person\/81972d6ddcec064fcb37a129240ef9d7","name":"Conferinta Oltenia","image":{"@type":"ImageObject","inLanguage":"en-US","@id":"https:\/\/adventistoltenia.ro\/site\/#\/schema\/person\/image\/","url":"https:\/\/secure.gravatar.com\/avatar\/ebe92ec22e2e53a8eb79d6b52b724e27?s=96&d=mm&r=g","contentUrl":"https:\/\/secure.gravatar.com\/avatar\/ebe92ec22e2e53a8eb79d6b52b724e27?s=96&d=mm&r=g","caption":"Conferinta Oltenia"},"url":"https:\/\/adventistoltenia.ro\/site\/author\/adm1n\/"}]}},"_links":{"self":[{"href":"https:\/\/adventistoltenia.ro\/site\/wp-json\/wp\/v2\/posts\/3147"}],"collection":[{"href":"https:\/\/adventistoltenia.ro\/site\/wp-json\/wp\/v2\/posts"}],"about":[{"href":"https:\/\/adventistoltenia.ro\/site\/wp-json\/wp\/v2\/types\/post"}],"author":[{"embeddable":true,"href":"https:\/\/adventistoltenia.ro\/site\/wp-json\/wp\/v2\/users\/2"}],"replies":[{"embeddable":true,"href":"https:\/\/adventistoltenia.ro\/site\/wp-json\/wp\/v2\/comments?post=3147"}],"version-history":[{"count":0,"href":"https:\/\/adventistoltenia.ro\/site\/wp-json\/wp\/v2\/posts\/3147\/revisions"}],"wp:attachment":[{"href":"https:\/\/adventistoltenia.ro\/site\/wp-json\/wp\/v2\/media?parent=3147"}],"wp:term":[{"taxonomy":"category","embeddable":true,"href":"https:\/\/adventistoltenia.ro\/site\/wp-json\/wp\/v2\/categories?post=3147"},{"taxonomy":"post_tag","embeddable":true,"href":"https:\/\/adventistoltenia.ro\/site\/wp-json\/wp\/v2\/tags?post=3147"}],"curies":[{"name":"wp","href":"https:\/\/api.w.org\/{rel}","templated":true}]}}