{"id":3148,"date":"2019-12-21T01:31:32","date_gmt":"2019-12-21T01:31:32","guid":{"rendered":"http:\/\/adventistoltenia.ro\/site\/ziua-drepturilor-omului-sarbatorita-la-universitatea-adventista-din-franta\/"},"modified":"2019-12-21T01:31:32","modified_gmt":"2019-12-21T01:31:32","slug":"ziua-drepturilor-omului-sarbatorita-la-universitatea-adventista-din-franta","status":"publish","type":"post","link":"https:\/\/adventistoltenia.ro\/site\/ziua-drepturilor-omului-sarbatorita-la-universitatea-adventista-din-franta\/","title":{"rendered":"Ziua Drepturilor Omului, s\u0103rb\u0103torit\u0103 la Universitatea Adventist\u0103 din Fran\u021ba"},"content":{"rendered":"<div>\n<p>Centrul Interna\u021bional pentru Libertate Religioas\u0103 \u0219i Afaceri Publice a organizat cea de-a treia edi\u021bie a Zilei Drepturilor Omului \u00een campusul Universit\u0103\u021bii Adventiste din Fran\u021ba.<\/p>\n<p>Evenimentul a \u00eenceput \u00een diminea\u021ba zilei de s\u00e2mb\u0103t\u0103, 7 decembrie, cu mesajul pastorului Mario Brito, pre\u0219edinte al Asocia\u021biei Interna\u021bionale pentru Ap\u0103rarea Libert\u0103\u021bii Religioase. \u00cen mesajul s\u0103u, pastorul Brito a amintit una dintre \u00eentreb\u0103rile care i-au fost adresate lui Isus (Luca 10:25-29): \u201eCine este aproapele meu?\u201d R\u0103spunsul consemnat este: \u201eCel care a dat dovad\u0103 de compasiune\u201d.<\/p>\n<p>\u201eAstfel, suntem invita\u021bi s\u0103 manifest\u0103m compasiune \u0219i s\u0103 lucr\u0103m pentru p\u0103strarea demnit\u0103\u021bii fiin\u021bei umane\u201d, a spus pastorul Brito, \u00eentreb\u00e2nd audien\u021ba ce putem face pentru a da pe fa\u021b\u0103 caracterul lui Dumnezeu, al acestui Dumnezeu care iube\u0219te to\u021bi oamenii?<\/p>\n<p>Tema simpozionului care a avut loc \u00een dup\u0103-amiaza aceleia\u0219i zile a fost \u201eAntisemitism, islamofobie \u0219i atacuri asupra bisericilor\u2026\u201d \u0219i a \u00eencercat s\u0103 r\u0103spund\u0103 la \u00eentrebarea: \u201eCe e de f\u0103cut?\u201d.<\/p>\n<p>Primul vorbitor, Pedro Torres, Pre\u0219edintele filialei franceze a Asocia\u021biei Interna\u021bionale pentru Ap\u0103rarea Libert\u0103\u021bii Religioase \u0219i specialist \u00een re\u021belele de socializare, a insistat asupra faptului c\u0103 aceast\u0103 structur\u0103 este un instrument incontestabil al zilelor noastre \u0219i nu ar trebui subapreciat, \u00een ciuda faptului c\u0103 uneori este folosit gre\u0219it. Astfel, este important s\u0103 folosim re\u021belele de socializare pentru a ne transmite valorile \u00een timp ce ne protej\u0103m de acte r\u0103uvoitoare.<\/p>\n<p>Cel de-al doilea vorbitor, Ivan Dos Santos, avocat al Universit\u0103\u021bii din Geneva, a subliniat faptul c\u0103 legile care guverneaz\u0103 societatea civil\u0103 condamn\u0103 faptele, nu opiniile. \u201eTrebuie s\u0103 accept\u0103m critica f\u0103r\u0103 a-i ataca pe oameni\u201d, a spus Dr. Dos Santos. Legisla\u021bia are mijloacele necesare pentru a pedepsi infrac\u021biunile chiar \u0219i \u00een materie de religie \u0219i credin\u021b\u0103. Astfel, este suficient\u0103 aplicarea legii sau, chiar mai bine, s\u0103 abord\u0103m originea problemei, astfel \u00eenc\u00e2t \u0219i nu trebuiasc\u0103 s\u0103 apel\u0103m la legisla\u021bie.<\/p>\n<p>Dr. Michael Wiener, specialist \u00een Nordul Africii \u0219i Orientul Mijlociu \u00een cadrul Oficiului \u00cenaltului Comisar ONU pentru Drepturile Omului din Geneva, a prezentat o sintez\u0103 a ac\u021biunilor \u00eentreprinse de Organiza\u021bie Na\u021biunilor Unite \u00een favoarea libert\u0103\u021bii religioase \u0219i de credin\u021b\u0103.<\/p>\n<p>Acesta a vorbit despre rolul \u0219i importan\u021ba raportorilor speciali, amintind Planul Rabat de diferen\u021biere a urii, o problem\u0103 ce trebuie abordat\u0103, de critic\u0103.<\/p>\n<p>Discu\u021bia de tip panel care a urmat a demonstrat nevoie de ac\u021biuni de prevenire \u0219i de instruire. Dr. Jean-Philippe Lehmann, Director executiv al campusului adventist, a concluzionat cit\u00e2ndu-l pe Dietrich Bonhoeffer, spun\u00e2nd c\u0103 t\u0103cerea \u00een fa\u021ba r\u0103ului este, ea \u00eens\u0103\u0219i rea.<\/p>\n<p>Duminic\u0103, 8 decembrie, ac\u021biunile de promovare a drepturilor omului au continuat cu mar\u0219ul \u201eLa Foi pour les Droits\u201d [Credin\u021ba pentru drepturi]. Mar\u0219ul \u00eenceput \u00een Geneva, la Oficiul \u00cenaltului Comisar ONU pentru Drepturile Omului, \u0219i \u00eencheiat \u00een Collonges-sous-Saleve a fost organizat de Centrul Interna\u021bional pentru Libertate Religioas\u0103 \u0219i Afaceri Publice, \u00een parteneriat cu Platforma interconfesional\u0103 din Geneva.<\/p>\n<p>\u00cen timpul s\u0103pt\u0103m\u00e2nii care a urmat, campusul adventist din Collonges-sous-Saleve a g\u0103zduit o a doua \u00eent\u00e2lnire a exper\u021bilor ONU pentru a dezvolta propuneri concrete de a facilita colaborarea dintre credin\u021b\u0103 \u0219i drepturi.<\/p>\n<p>La seminar au participat 35 de exper\u021bi din Orientul Mijlociu, America de Nord \u0219i Europa, reprezent\u00e2nd universit\u0103\u021bi, guverne \u0219i organiza\u021bii interna\u021bionale, printre ace\u0219tia num\u0103r\u00e2ndu-se \u0219i doi raportori speciali ai ONU.<\/p>\n<p>Potrivit dr. John Graz, Directorul Centrului Interna\u021bional pentru Libertate Religioas\u0103 \u0219i Afaceri Publice, \u201eseminarul organizat de Organiza\u021bia Na\u021biunilor Unite \u00eentr-un campus adventist este un eveniment istoric, ilustr\u00e2nd excelenta colaborare dintre institu\u021bie \u0219i Oficiul \u00cenaltului Comisar ONU pentru Drepturile Omului \u00een ap\u0103rarea \u0219i promovarea libert\u0103\u021bii religioase \u00een lume\u201d.<\/p>\n<p>Sursa: <a href=\"https:\/\/news.eud.adventist.org\/en\/all-news\/news\/go\/2019-12-16\/third-human-rights-weekend\/\">Diviziunea Intereuropean\u0103<\/a><\/p>\n<\/div>\n<p class=\"wpematico_credit\"><small>Powered by <a href=\"http:\/\/www.wpematico.com\" target=\"_blank\" rel=\"noopener noreferrer\">WPeMatico<\/a><\/small><\/p>\n ","protected":false},"excerpt":{"rendered":"<p>Centrul Interna\u021bional pentru Libertate Religioas\u0103 \u0219i Afaceri Publice a organizat cea de-a treia edi\u021bie a Zilei Drepturilor Omului \u00een campusul Universit\u0103\u021bii Adventiste din Fran\u021ba. Evenimentul a \u00eenceput \u00een diminea\u021ba zilei de s\u00e2mb\u0103t\u0103, 7 decembrie, cu mesajul pastorului Mario Brito, pre\u0219edinte al Asocia\u021biei Interna\u021bionale pentru Ap\u0103rarea Libert\u0103\u021bii Religioase. \u00cen mesajul s\u0103u, pastorul Brito a amintit una &hellip; <a href=\"https:\/\/adventistoltenia.ro\/site\/ziua-drepturilor-omului-sarbatorita-la-universitatea-adventista-din-franta\/\">Continued<\/a><\/p>\n","protected":false},"author":2,"featured_media":0,"comment_status":"open","ping_status":"closed","sticky":false,"template":"","format":"standard","meta":[],"categories":[71],"tags":[],"yoast_head":"<!-- This site is optimized with the Yoast SEO plugin v20.3 - https:\/\/yoast.com\/wordpress\/plugins\/seo\/ -->\n<title>Ziua Drepturilor Omului, s\u0103rb\u0103torit\u0103 la Universitatea Adventist\u0103 din Fran\u021ba - Conferinta Oltenia<\/title>\n<meta name=\"robots\" content=\"index, follow, max-snippet:-1, max-image-preview:large, max-video-preview:-1\" \/>\n<link rel=\"canonical\" href=\"https:\/\/adventistoltenia.ro\/site\/ziua-drepturilor-omului-sarbatorita-la-universitatea-adventista-din-franta\/\" \/>\n<meta property=\"og:locale\" content=\"en_US\" \/>\n<meta property=\"og:type\" content=\"article\" \/>\n<meta property=\"og:title\" content=\"Ziua Drepturilor Omului, s\u0103rb\u0103torit\u0103 la Universitatea Adventist\u0103 din Fran\u021ba - Conferinta Oltenia\" \/>\n<meta property=\"og:description\" content=\"Centrul Interna\u021bional pentru Libertate Religioas\u0103 \u0219i Afaceri Publice a organizat cea de-a treia edi\u021bie a Zilei Drepturilor Omului \u00een campusul Universit\u0103\u021bii Adventiste din Fran\u021ba. Evenimentul a \u00eenceput \u00een diminea\u021ba zilei de s\u00e2mb\u0103t\u0103, 7 decembrie, cu mesajul pastorului Mario Brito, pre\u0219edinte al Asocia\u021biei Interna\u021bionale pentru Ap\u0103rarea Libert\u0103\u021bii Religioase. \u00cen mesajul s\u0103u, pastorul Brito a amintit una &hellip; Continued\" \/>\n<meta property=\"og:url\" content=\"https:\/\/adventistoltenia.ro\/site\/ziua-drepturilor-omului-sarbatorita-la-universitatea-adventista-din-franta\/\" \/>\n<meta property=\"og:site_name\" content=\"Conferinta Oltenia\" \/>\n<meta property=\"article:published_time\" content=\"2019-12-21T01:31:32+00:00\" \/>\n<meta name=\"author\" content=\"Conferinta Oltenia\" \/>\n<meta name=\"twitter:card\" content=\"summary_large_image\" \/>\n<meta name=\"twitter:label1\" content=\"Written by\" \/>\n\t<meta name=\"twitter:data1\" content=\"Conferinta Oltenia\" \/>\n\t<meta name=\"twitter:label2\" content=\"Est. reading time\" \/>\n\t<meta name=\"twitter:data2\" content=\"3 minutes\" \/>\n<script type=\"application\/ld+json\" class=\"yoast-schema-graph\">{\"@context\":\"https:\/\/schema.org\",\"@graph\":[{\"@type\":\"WebPage\",\"@id\":\"https:\/\/adventistoltenia.ro\/site\/ziua-drepturilor-omului-sarbatorita-la-universitatea-adventista-din-franta\/\",\"url\":\"https:\/\/adventistoltenia.ro\/site\/ziua-drepturilor-omului-sarbatorita-la-universitatea-adventista-din-franta\/\",\"name\":\"Ziua Drepturilor Omului, s\u0103rb\u0103torit\u0103 la Universitatea Adventist\u0103 din Fran\u021ba - Conferinta Oltenia\",\"isPartOf\":{\"@id\":\"https:\/\/adventistoltenia.ro\/site\/#website\"},\"datePublished\":\"2019-12-21T01:31:32+00:00\",\"dateModified\":\"2019-12-21T01:31:32+00:00\",\"author\":{\"@id\":\"https:\/\/adventistoltenia.ro\/site\/#\/schema\/person\/81972d6ddcec064fcb37a129240ef9d7\"},\"breadcrumb\":{\"@id\":\"https:\/\/adventistoltenia.ro\/site\/ziua-drepturilor-omului-sarbatorita-la-universitatea-adventista-din-franta\/#breadcrumb\"},\"inLanguage\":\"en-US\",\"potentialAction\":[{\"@type\":\"ReadAction\",\"target\":[\"https:\/\/adventistoltenia.ro\/site\/ziua-drepturilor-omului-sarbatorita-la-universitatea-adventista-din-franta\/\"]}]},{\"@type\":\"BreadcrumbList\",\"@id\":\"https:\/\/adventistoltenia.ro\/site\/ziua-drepturilor-omului-sarbatorita-la-universitatea-adventista-din-franta\/#breadcrumb\",\"itemListElement\":[{\"@type\":\"ListItem\",\"position\":1,\"name\":\"Home\",\"item\":\"https:\/\/adventistoltenia.ro\/site\/\"},{\"@type\":\"ListItem\",\"position\":2,\"name\":\"Ziua Drepturilor Omului, s\u0103rb\u0103torit\u0103 la Universitatea Adventist\u0103 din Fran\u021ba\"}]},{\"@type\":\"WebSite\",\"@id\":\"https:\/\/adventistoltenia.ro\/site\/#website\",\"url\":\"https:\/\/adventistoltenia.ro\/site\/\",\"name\":\"Conferinta Oltenia\",\"description\":\"Biserica Adventista de Ziua a Saptea\",\"potentialAction\":[{\"@type\":\"SearchAction\",\"target\":{\"@type\":\"EntryPoint\",\"urlTemplate\":\"https:\/\/adventistoltenia.ro\/site\/?s={search_term_string}\"},\"query-input\":\"required name=search_term_string\"}],\"inLanguage\":\"en-US\"},{\"@type\":\"Person\",\"@id\":\"https:\/\/adventistoltenia.ro\/site\/#\/schema\/person\/81972d6ddcec064fcb37a129240ef9d7\",\"name\":\"Conferinta Oltenia\",\"image\":{\"@type\":\"ImageObject\",\"inLanguage\":\"en-US\",\"@id\":\"https:\/\/adventistoltenia.ro\/site\/#\/schema\/person\/image\/\",\"url\":\"https:\/\/secure.gravatar.com\/avatar\/ebe92ec22e2e53a8eb79d6b52b724e27?s=96&d=mm&r=g\",\"contentUrl\":\"https:\/\/secure.gravatar.com\/avatar\/ebe92ec22e2e53a8eb79d6b52b724e27?s=96&d=mm&r=g\",\"caption\":\"Conferinta Oltenia\"},\"url\":\"https:\/\/adventistoltenia.ro\/site\/author\/adm1n\/\"}]}<\/script>\n<!-- \/ Yoast SEO plugin. -->","yoast_head_json":{"title":"Ziua Drepturilor Omului, s\u0103rb\u0103torit\u0103 la Universitatea Adventist\u0103 din Fran\u021ba - Conferinta Oltenia","robots":{"index":"index","follow":"follow","max-snippet":"max-snippet:-1","max-image-preview":"max-image-preview:large","max-video-preview":"max-video-preview:-1"},"canonical":"https:\/\/adventistoltenia.ro\/site\/ziua-drepturilor-omului-sarbatorita-la-universitatea-adventista-din-franta\/","og_locale":"en_US","og_type":"article","og_title":"Ziua Drepturilor Omului, s\u0103rb\u0103torit\u0103 la Universitatea Adventist\u0103 din Fran\u021ba - Conferinta Oltenia","og_description":"Centrul Interna\u021bional pentru Libertate Religioas\u0103 \u0219i Afaceri Publice a organizat cea de-a treia edi\u021bie a Zilei Drepturilor Omului \u00een campusul Universit\u0103\u021bii Adventiste din Fran\u021ba. Evenimentul a \u00eenceput \u00een diminea\u021ba zilei de s\u00e2mb\u0103t\u0103, 7 decembrie, cu mesajul pastorului Mario Brito, pre\u0219edinte al Asocia\u021biei Interna\u021bionale pentru Ap\u0103rarea Libert\u0103\u021bii Religioase. \u00cen mesajul s\u0103u, pastorul Brito a amintit una &hellip; Continued","og_url":"https:\/\/adventistoltenia.ro\/site\/ziua-drepturilor-omului-sarbatorita-la-universitatea-adventista-din-franta\/","og_site_name":"Conferinta Oltenia","article_published_time":"2019-12-21T01:31:32+00:00","author":"Conferinta Oltenia","twitter_card":"summary_large_image","twitter_misc":{"Written by":"Conferinta Oltenia","Est. reading time":"3 minutes"},"schema":{"@context":"https:\/\/schema.org","@graph":[{"@type":"WebPage","@id":"https:\/\/adventistoltenia.ro\/site\/ziua-drepturilor-omului-sarbatorita-la-universitatea-adventista-din-franta\/","url":"https:\/\/adventistoltenia.ro\/site\/ziua-drepturilor-omului-sarbatorita-la-universitatea-adventista-din-franta\/","name":"Ziua Drepturilor Omului, s\u0103rb\u0103torit\u0103 la Universitatea Adventist\u0103 din Fran\u021ba - Conferinta Oltenia","isPartOf":{"@id":"https:\/\/adventistoltenia.ro\/site\/#website"},"datePublished":"2019-12-21T01:31:32+00:00","dateModified":"2019-12-21T01:31:32+00:00","author":{"@id":"https:\/\/adventistoltenia.ro\/site\/#\/schema\/person\/81972d6ddcec064fcb37a129240ef9d7"},"breadcrumb":{"@id":"https:\/\/adventistoltenia.ro\/site\/ziua-drepturilor-omului-sarbatorita-la-universitatea-adventista-din-franta\/#breadcrumb"},"inLanguage":"en-US","potentialAction":[{"@type":"ReadAction","target":["https:\/\/adventistoltenia.ro\/site\/ziua-drepturilor-omului-sarbatorita-la-universitatea-adventista-din-franta\/"]}]},{"@type":"BreadcrumbList","@id":"https:\/\/adventistoltenia.ro\/site\/ziua-drepturilor-omului-sarbatorita-la-universitatea-adventista-din-franta\/#breadcrumb","itemListElement":[{"@type":"ListItem","position":1,"name":"Home","item":"https:\/\/adventistoltenia.ro\/site\/"},{"@type":"ListItem","position":2,"name":"Ziua Drepturilor Omului, s\u0103rb\u0103torit\u0103 la Universitatea Adventist\u0103 din Fran\u021ba"}]},{"@type":"WebSite","@id":"https:\/\/adventistoltenia.ro\/site\/#website","url":"https:\/\/adventistoltenia.ro\/site\/","name":"Conferinta Oltenia","description":"Biserica Adventista de Ziua a Saptea","potentialAction":[{"@type":"SearchAction","target":{"@type":"EntryPoint","urlTemplate":"https:\/\/adventistoltenia.ro\/site\/?s={search_term_string}"},"query-input":"required name=search_term_string"}],"inLanguage":"en-US"},{"@type":"Person","@id":"https:\/\/adventistoltenia.ro\/site\/#\/schema\/person\/81972d6ddcec064fcb37a129240ef9d7","name":"Conferinta Oltenia","image":{"@type":"ImageObject","inLanguage":"en-US","@id":"https:\/\/adventistoltenia.ro\/site\/#\/schema\/person\/image\/","url":"https:\/\/secure.gravatar.com\/avatar\/ebe92ec22e2e53a8eb79d6b52b724e27?s=96&d=mm&r=g","contentUrl":"https:\/\/secure.gravatar.com\/avatar\/ebe92ec22e2e53a8eb79d6b52b724e27?s=96&d=mm&r=g","caption":"Conferinta Oltenia"},"url":"https:\/\/adventistoltenia.ro\/site\/author\/adm1n\/"}]}},"_links":{"self":[{"href":"https:\/\/adventistoltenia.ro\/site\/wp-json\/wp\/v2\/posts\/3148"}],"collection":[{"href":"https:\/\/adventistoltenia.ro\/site\/wp-json\/wp\/v2\/posts"}],"about":[{"href":"https:\/\/adventistoltenia.ro\/site\/wp-json\/wp\/v2\/types\/post"}],"author":[{"embeddable":true,"href":"https:\/\/adventistoltenia.ro\/site\/wp-json\/wp\/v2\/users\/2"}],"replies":[{"embeddable":true,"href":"https:\/\/adventistoltenia.ro\/site\/wp-json\/wp\/v2\/comments?post=3148"}],"version-history":[{"count":0,"href":"https:\/\/adventistoltenia.ro\/site\/wp-json\/wp\/v2\/posts\/3148\/revisions"}],"wp:attachment":[{"href":"https:\/\/adventistoltenia.ro\/site\/wp-json\/wp\/v2\/media?parent=3148"}],"wp:term":[{"taxonomy":"category","embeddable":true,"href":"https:\/\/adventistoltenia.ro\/site\/wp-json\/wp\/v2\/categories?post=3148"},{"taxonomy":"post_tag","embeddable":true,"href":"https:\/\/adventistoltenia.ro\/site\/wp-json\/wp\/v2\/tags?post=3148"}],"curies":[{"name":"wp","href":"https:\/\/api.w.org\/{rel}","templated":true}]}}