{"id":3149,"date":"2019-12-21T01:31:32","date_gmt":"2019-12-21T01:31:32","guid":{"rendered":"http:\/\/adventistoltenia.ro\/site\/presedintele-adventhealth-recunoscut-ca-unul-dintre-cei-mai-influenti-oameni\/"},"modified":"2019-12-21T01:31:32","modified_gmt":"2019-12-21T01:31:32","slug":"presedintele-adventhealth-recunoscut-ca-unul-dintre-cei-mai-influenti-oameni","status":"publish","type":"post","link":"https:\/\/adventistoltenia.ro\/site\/presedintele-adventhealth-recunoscut-ca-unul-dintre-cei-mai-influenti-oameni\/","title":{"rendered":"Pre\u0219edintele AdventHealth, recunoscut ca unul dintre cei mai influen\u021bi oameni"},"content":{"rendered":"<div>\n<p>Publica\u021bia <em>Modern Healthcare <\/em>l-a inclus pe pre\u0219edintele AdventHealth Terry Shay \u00een lista celor mai influen\u021bi 100 de oameni. Prestigioasa publica\u021bie recunoa\u0219te \u0219i onoreaz\u0103 persoane care sunt considerate de cei care lucreaz\u0103 \u00een acela\u0219i domeniu \u0219i de editorii \u0219efi ai <em>Modern Healthcare<\/em> ca fiind cele mai influente din sectorul sanitar, at\u00e2t \u00een ceea ce prive\u0219te abilit\u0103\u021bile de conducere, c\u00e2t \u0219i \u00een ceea ce prive\u0219te impactul lor. Prin plasarea lui Shaw pe locul 84, <em>Modern Healthcare <\/em>a recunoscut cei peste 30 de ani \u00een care Shaw s-a aflat la conducerea AdventHealth, sistemul adventist de s\u0103n\u0103tate din Statele Unite ale Americii, abordarea sa \u00een dezvoltarea de strategii organiza\u021bionale, modul \u00een care a \u00eencorporat metodologia \u201eDesign Thinking\u201d pentru cre\u0219terea nivelului de satisfac\u021bie al consumatorilor, c\u00e2t \u0219i promovarea diversit\u0103\u021bii \u0219i incluziunii la locul de munc\u0103.<\/p>\n<p>Aceasta este prima dat\u0103 c\u00e2nd Shaw este inclus pe lista realizat\u0103 de <em>Modern Healthcare<\/em> \u0219i pe care apar nume din sectoare precum cel guvernamental, cel sanitar \u0219i al tehnologiei. Pe list\u0103 figureaz\u0103 personalit\u0103\u021bi importante precum, Seema Verma, administrator al centrelor pentru serviciile <em>Medicare<\/em> \u0219i <em>Medicaid<\/em>, Jeff Bezos, Pre\u0219edintele Amazon, Tom Cook, Director executiv al Apple \u0219i Pre\u0219edintele Donald Trump.<\/p>\n<p>\u201eProcesul de selec\u021bie din acest an a fost controversat \u0219i anevoios. Numeroase organiza\u021bii din sectorul sanitar au luat decizii \u00eendr\u0103zne\u021be pentru transformarea continu\u0103 a industriei. Multe altele au fost mai precau\u021bi pe parcursul acestui an, un an marcat de incertitudini cu privire la modul \u00een care legisla\u021bia s-ar putea schimba ca urmare a unei decizii a unei cur\u021bi federale\u201d, a declarat Aurora Aguilar, redactor <em>Modern Healthcare. <\/em>\u201eCei ale\u0219i \u00een acest an de <em>Modern Healthcare<\/em> \u0219i de cititorii no\u0219tri sunt persoane care nu s-au temut s\u0103 foloseasc\u0103 strategii riscante \u0219i nu \u0219i-au regretat ra\u021bionamentul. Indiferent dac\u0103 sunte\u021bi, sau nu de acord cu lista, influen\u021ba acestor 100 de lideri din sectorul sanitar nu poate fi contestat\u0103.\u201d<\/p>\n<p>Lista complet\u0103 este prezentat\u0103 pe larg \u00een num\u0103rul din 9 decembrie 2019 al revistei <em>Modern Healthcare<\/em> \u0219i poate fi consultat\u0103 <a href=\"https:\/\/www.modernhealthcare.com\/awards\/100-most-influential-people-healthcare-2019\">online<\/a>.<\/p>\n<p>Sursa: <a href=\"https:\/\/www.adventhealth.com\/news-and-adventhealth-blog\">AdventHealth<\/a><\/p>\n<\/div>\n<p class=\"wpematico_credit\"><small>Powered by <a href=\"http:\/\/www.wpematico.com\" target=\"_blank\" rel=\"noopener noreferrer\">WPeMatico<\/a><\/small><\/p>\n ","protected":false},"excerpt":{"rendered":"<p>Publica\u021bia Modern Healthcare l-a inclus pe pre\u0219edintele AdventHealth Terry Shay \u00een lista celor mai influen\u021bi 100 de oameni. Prestigioasa publica\u021bie recunoa\u0219te \u0219i onoreaz\u0103 persoane care sunt considerate de cei care lucreaz\u0103 \u00een acela\u0219i domeniu \u0219i de editorii \u0219efi ai Modern Healthcare ca fiind cele mai influente din sectorul sanitar, at\u00e2t \u00een ceea ce prive\u0219te abilit\u0103\u021bile &hellip; <a href=\"https:\/\/adventistoltenia.ro\/site\/presedintele-adventhealth-recunoscut-ca-unul-dintre-cei-mai-influenti-oameni\/\">Continued<\/a><\/p>\n","protected":false},"author":2,"featured_media":0,"comment_status":"open","ping_status":"closed","sticky":false,"template":"","format":"standard","meta":[],"categories":[71],"tags":[],"yoast_head":"<!-- This site is optimized with the Yoast SEO plugin v20.3 - https:\/\/yoast.com\/wordpress\/plugins\/seo\/ -->\n<title>Pre\u0219edintele AdventHealth, recunoscut ca unul dintre cei mai influen\u021bi oameni - Conferinta Oltenia<\/title>\n<meta name=\"robots\" content=\"index, follow, max-snippet:-1, max-image-preview:large, max-video-preview:-1\" \/>\n<link rel=\"canonical\" href=\"https:\/\/adventistoltenia.ro\/site\/presedintele-adventhealth-recunoscut-ca-unul-dintre-cei-mai-influenti-oameni\/\" \/>\n<meta property=\"og:locale\" content=\"en_US\" \/>\n<meta property=\"og:type\" content=\"article\" \/>\n<meta property=\"og:title\" content=\"Pre\u0219edintele AdventHealth, recunoscut ca unul dintre cei mai influen\u021bi oameni - Conferinta Oltenia\" \/>\n<meta property=\"og:description\" content=\"Publica\u021bia Modern Healthcare l-a inclus pe pre\u0219edintele AdventHealth Terry Shay \u00een lista celor mai influen\u021bi 100 de oameni. Prestigioasa publica\u021bie recunoa\u0219te \u0219i onoreaz\u0103 persoane care sunt considerate de cei care lucreaz\u0103 \u00een acela\u0219i domeniu \u0219i de editorii \u0219efi ai Modern Healthcare ca fiind cele mai influente din sectorul sanitar, at\u00e2t \u00een ceea ce prive\u0219te abilit\u0103\u021bile &hellip; Continued\" \/>\n<meta property=\"og:url\" content=\"https:\/\/adventistoltenia.ro\/site\/presedintele-adventhealth-recunoscut-ca-unul-dintre-cei-mai-influenti-oameni\/\" \/>\n<meta property=\"og:site_name\" content=\"Conferinta Oltenia\" \/>\n<meta property=\"article:published_time\" content=\"2019-12-21T01:31:32+00:00\" \/>\n<meta name=\"author\" content=\"Conferinta Oltenia\" \/>\n<meta name=\"twitter:card\" content=\"summary_large_image\" \/>\n<meta name=\"twitter:label1\" content=\"Written by\" \/>\n\t<meta name=\"twitter:data1\" content=\"Conferinta Oltenia\" \/>\n\t<meta name=\"twitter:label2\" content=\"Est. reading time\" \/>\n\t<meta name=\"twitter:data2\" content=\"2 minutes\" \/>\n<script type=\"application\/ld+json\" class=\"yoast-schema-graph\">{\"@context\":\"https:\/\/schema.org\",\"@graph\":[{\"@type\":\"WebPage\",\"@id\":\"https:\/\/adventistoltenia.ro\/site\/presedintele-adventhealth-recunoscut-ca-unul-dintre-cei-mai-influenti-oameni\/\",\"url\":\"https:\/\/adventistoltenia.ro\/site\/presedintele-adventhealth-recunoscut-ca-unul-dintre-cei-mai-influenti-oameni\/\",\"name\":\"Pre\u0219edintele AdventHealth, recunoscut ca unul dintre cei mai influen\u021bi oameni - Conferinta Oltenia\",\"isPartOf\":{\"@id\":\"https:\/\/adventistoltenia.ro\/site\/#website\"},\"datePublished\":\"2019-12-21T01:31:32+00:00\",\"dateModified\":\"2019-12-21T01:31:32+00:00\",\"author\":{\"@id\":\"https:\/\/adventistoltenia.ro\/site\/#\/schema\/person\/81972d6ddcec064fcb37a129240ef9d7\"},\"breadcrumb\":{\"@id\":\"https:\/\/adventistoltenia.ro\/site\/presedintele-adventhealth-recunoscut-ca-unul-dintre-cei-mai-influenti-oameni\/#breadcrumb\"},\"inLanguage\":\"en-US\",\"potentialAction\":[{\"@type\":\"ReadAction\",\"target\":[\"https:\/\/adventistoltenia.ro\/site\/presedintele-adventhealth-recunoscut-ca-unul-dintre-cei-mai-influenti-oameni\/\"]}]},{\"@type\":\"BreadcrumbList\",\"@id\":\"https:\/\/adventistoltenia.ro\/site\/presedintele-adventhealth-recunoscut-ca-unul-dintre-cei-mai-influenti-oameni\/#breadcrumb\",\"itemListElement\":[{\"@type\":\"ListItem\",\"position\":1,\"name\":\"Home\",\"item\":\"https:\/\/adventistoltenia.ro\/site\/\"},{\"@type\":\"ListItem\",\"position\":2,\"name\":\"Pre\u0219edintele AdventHealth, recunoscut ca unul dintre cei mai influen\u021bi oameni\"}]},{\"@type\":\"WebSite\",\"@id\":\"https:\/\/adventistoltenia.ro\/site\/#website\",\"url\":\"https:\/\/adventistoltenia.ro\/site\/\",\"name\":\"Conferinta Oltenia\",\"description\":\"Biserica Adventista de Ziua a Saptea\",\"potentialAction\":[{\"@type\":\"SearchAction\",\"target\":{\"@type\":\"EntryPoint\",\"urlTemplate\":\"https:\/\/adventistoltenia.ro\/site\/?s={search_term_string}\"},\"query-input\":\"required name=search_term_string\"}],\"inLanguage\":\"en-US\"},{\"@type\":\"Person\",\"@id\":\"https:\/\/adventistoltenia.ro\/site\/#\/schema\/person\/81972d6ddcec064fcb37a129240ef9d7\",\"name\":\"Conferinta Oltenia\",\"image\":{\"@type\":\"ImageObject\",\"inLanguage\":\"en-US\",\"@id\":\"https:\/\/adventistoltenia.ro\/site\/#\/schema\/person\/image\/\",\"url\":\"https:\/\/secure.gravatar.com\/avatar\/ebe92ec22e2e53a8eb79d6b52b724e27?s=96&d=mm&r=g\",\"contentUrl\":\"https:\/\/secure.gravatar.com\/avatar\/ebe92ec22e2e53a8eb79d6b52b724e27?s=96&d=mm&r=g\",\"caption\":\"Conferinta Oltenia\"},\"url\":\"https:\/\/adventistoltenia.ro\/site\/author\/adm1n\/\"}]}<\/script>\n<!-- \/ Yoast SEO plugin. -->","yoast_head_json":{"title":"Pre\u0219edintele AdventHealth, recunoscut ca unul dintre cei mai influen\u021bi oameni - Conferinta Oltenia","robots":{"index":"index","follow":"follow","max-snippet":"max-snippet:-1","max-image-preview":"max-image-preview:large","max-video-preview":"max-video-preview:-1"},"canonical":"https:\/\/adventistoltenia.ro\/site\/presedintele-adventhealth-recunoscut-ca-unul-dintre-cei-mai-influenti-oameni\/","og_locale":"en_US","og_type":"article","og_title":"Pre\u0219edintele AdventHealth, recunoscut ca unul dintre cei mai influen\u021bi oameni - Conferinta Oltenia","og_description":"Publica\u021bia Modern Healthcare l-a inclus pe pre\u0219edintele AdventHealth Terry Shay \u00een lista celor mai influen\u021bi 100 de oameni. Prestigioasa publica\u021bie recunoa\u0219te \u0219i onoreaz\u0103 persoane care sunt considerate de cei care lucreaz\u0103 \u00een acela\u0219i domeniu \u0219i de editorii \u0219efi ai Modern Healthcare ca fiind cele mai influente din sectorul sanitar, at\u00e2t \u00een ceea ce prive\u0219te abilit\u0103\u021bile &hellip; Continued","og_url":"https:\/\/adventistoltenia.ro\/site\/presedintele-adventhealth-recunoscut-ca-unul-dintre-cei-mai-influenti-oameni\/","og_site_name":"Conferinta Oltenia","article_published_time":"2019-12-21T01:31:32+00:00","author":"Conferinta Oltenia","twitter_card":"summary_large_image","twitter_misc":{"Written by":"Conferinta Oltenia","Est. reading time":"2 minutes"},"schema":{"@context":"https:\/\/schema.org","@graph":[{"@type":"WebPage","@id":"https:\/\/adventistoltenia.ro\/site\/presedintele-adventhealth-recunoscut-ca-unul-dintre-cei-mai-influenti-oameni\/","url":"https:\/\/adventistoltenia.ro\/site\/presedintele-adventhealth-recunoscut-ca-unul-dintre-cei-mai-influenti-oameni\/","name":"Pre\u0219edintele AdventHealth, recunoscut ca unul dintre cei mai influen\u021bi oameni - Conferinta Oltenia","isPartOf":{"@id":"https:\/\/adventistoltenia.ro\/site\/#website"},"datePublished":"2019-12-21T01:31:32+00:00","dateModified":"2019-12-21T01:31:32+00:00","author":{"@id":"https:\/\/adventistoltenia.ro\/site\/#\/schema\/person\/81972d6ddcec064fcb37a129240ef9d7"},"breadcrumb":{"@id":"https:\/\/adventistoltenia.ro\/site\/presedintele-adventhealth-recunoscut-ca-unul-dintre-cei-mai-influenti-oameni\/#breadcrumb"},"inLanguage":"en-US","potentialAction":[{"@type":"ReadAction","target":["https:\/\/adventistoltenia.ro\/site\/presedintele-adventhealth-recunoscut-ca-unul-dintre-cei-mai-influenti-oameni\/"]}]},{"@type":"BreadcrumbList","@id":"https:\/\/adventistoltenia.ro\/site\/presedintele-adventhealth-recunoscut-ca-unul-dintre-cei-mai-influenti-oameni\/#breadcrumb","itemListElement":[{"@type":"ListItem","position":1,"name":"Home","item":"https:\/\/adventistoltenia.ro\/site\/"},{"@type":"ListItem","position":2,"name":"Pre\u0219edintele AdventHealth, recunoscut ca unul dintre cei mai influen\u021bi oameni"}]},{"@type":"WebSite","@id":"https:\/\/adventistoltenia.ro\/site\/#website","url":"https:\/\/adventistoltenia.ro\/site\/","name":"Conferinta Oltenia","description":"Biserica Adventista de Ziua a Saptea","potentialAction":[{"@type":"SearchAction","target":{"@type":"EntryPoint","urlTemplate":"https:\/\/adventistoltenia.ro\/site\/?s={search_term_string}"},"query-input":"required name=search_term_string"}],"inLanguage":"en-US"},{"@type":"Person","@id":"https:\/\/adventistoltenia.ro\/site\/#\/schema\/person\/81972d6ddcec064fcb37a129240ef9d7","name":"Conferinta Oltenia","image":{"@type":"ImageObject","inLanguage":"en-US","@id":"https:\/\/adventistoltenia.ro\/site\/#\/schema\/person\/image\/","url":"https:\/\/secure.gravatar.com\/avatar\/ebe92ec22e2e53a8eb79d6b52b724e27?s=96&d=mm&r=g","contentUrl":"https:\/\/secure.gravatar.com\/avatar\/ebe92ec22e2e53a8eb79d6b52b724e27?s=96&d=mm&r=g","caption":"Conferinta Oltenia"},"url":"https:\/\/adventistoltenia.ro\/site\/author\/adm1n\/"}]}},"_links":{"self":[{"href":"https:\/\/adventistoltenia.ro\/site\/wp-json\/wp\/v2\/posts\/3149"}],"collection":[{"href":"https:\/\/adventistoltenia.ro\/site\/wp-json\/wp\/v2\/posts"}],"about":[{"href":"https:\/\/adventistoltenia.ro\/site\/wp-json\/wp\/v2\/types\/post"}],"author":[{"embeddable":true,"href":"https:\/\/adventistoltenia.ro\/site\/wp-json\/wp\/v2\/users\/2"}],"replies":[{"embeddable":true,"href":"https:\/\/adventistoltenia.ro\/site\/wp-json\/wp\/v2\/comments?post=3149"}],"version-history":[{"count":0,"href":"https:\/\/adventistoltenia.ro\/site\/wp-json\/wp\/v2\/posts\/3149\/revisions"}],"wp:attachment":[{"href":"https:\/\/adventistoltenia.ro\/site\/wp-json\/wp\/v2\/media?parent=3149"}],"wp:term":[{"taxonomy":"category","embeddable":true,"href":"https:\/\/adventistoltenia.ro\/site\/wp-json\/wp\/v2\/categories?post=3149"},{"taxonomy":"post_tag","embeddable":true,"href":"https:\/\/adventistoltenia.ro\/site\/wp-json\/wp\/v2\/tags?post=3149"}],"curies":[{"name":"wp","href":"https:\/\/api.w.org\/{rel}","templated":true}]}}