{"id":3151,"date":"2019-12-30T01:05:45","date_gmt":"2019-12-30T01:05:45","guid":{"rendered":"http:\/\/adventistoltenia.ro\/site\/sugestii-de-lectura-papii-istorie-si-secrete\/"},"modified":"2019-12-30T01:05:45","modified_gmt":"2019-12-30T01:05:45","slug":"sugestii-de-lectura-papii-istorie-si-secrete","status":"publish","type":"post","link":"https:\/\/adventistoltenia.ro\/site\/sugestii-de-lectura-papii-istorie-si-secrete\/","title":{"rendered":"Sugestii de lectur\u0103 \u2013 Papii \u2013 istorie \u0219i secrete"},"content":{"rendered":"<div>\n<p>\u00cen lumea religioas\u0103 exist\u0103 o institu\u021bie care focalizeaz\u0103 aten\u021bia de aproape 2.000 de ani. Nu este de mirare c\u0103 \u0219i ast\u0103zi aten\u021bia omenirii este \u00eendreptat\u0103 spre aceast\u0103 institu\u021bie\u2026<\/p>\n<p>PAPII \u2013 ISTORIE \u0218I SECRETE, de Claudio Rendina, Editura ALL, 2007\u2026<\/p>\n<p><strong>Claudio Rendina<\/strong> este istoric, critic de art\u0103, scriitor \u0219i jurnalist. Este pasionat de istoria \u201ecet\u0103\u021bii cet\u0103\u021bilor\u201d, Roma. Opera sa, destul de extins\u0103, abordeaz\u0103 istoria milenar\u0103, legendele, tezaurele artistice, personalit\u0103\u021bile care au f\u0103cut celebru acest ora\u0219. Rendina \u0219i-a \u00eendreptat aten\u021bia asupra focarelor de putere ale Italiei medievale \u0219i renascentiste.<\/p>\n<p>\u00cen perioada 1988-1993 a condus revista <em>Roma ieri, oggi, domani<\/em>.<\/p>\n<p>Operele sale principale sunt: <em>Dogii. Istorie \u0219i secrete(<\/em>1984); <em>Condotierii<\/em>(1985); <em>Vaticanul<\/em>(1986); <em>Palatele Romei<\/em>(3 volume,1992-1993); <em>Papesa Ioana<\/em>(1994); <em>Papa. Sacru \u0219i profan<\/em>(1995); <em>Ghid insolit al misterelor, secretelor, legendelor \u0219i curiozit\u0103\u021bilor din bisericile Romei<\/em>(2000).<\/p>\n<p>Prin intermediul biografiilor a 264 de pontifi romani, de la Sf\u00e2ntul Petru la Ioan Paul al II-lea, cartea de fa\u021b\u0103 prezint\u0103 istoria acelei \u201eputeri\u201d emblematice care este papalitatea, \u00een dublul s\u0103u aspect, temporal \u0219i spiritual. Noul mod de a-l privi pe \u201evicarul lui Cristos\u201d, incluz\u00e2nd aspectul uman, p\u0103r\u0103se\u0219te \u00een parte privirea <em>ex cathedra<\/em> \u0219i redimensioneaz\u0103 mitul Sf\u00e2ntului P\u0103rinte ca personaj. Aceste profiluri pun \u00een eviden\u021b\u0103 fundalul istoric, leg\u0103turile, de at\u00e2tea ori conflictuale, cu \u00eemp\u0103ra\u021bii romano-germani, uneori pitore\u0219ti, de multe ori \u00een leg\u0103tur\u0103 cu legenda.<\/p>\n<p>PAPII \u2013 ISTORIE \u0218I SECRETE, carte deopotriv\u0103 riguroas\u0103 \u0219i dezinvolt\u0103, se adreseaz\u0103 at\u00e2t speciali\u0219tilor(istorici, teologi,etc), c\u00e2t \u0219i publicului larg, doritor s\u0103 cunoasc\u0103 una dintre paginile cele mai interesante ale istoriei umanit\u0103\u021bii.<\/p>\n<p>\u00cen <em>Cuv\u00e2nt \u00eenainte<\/em>, spune autorul despre specificul acestei lucr\u0103ri: \u201eCred c\u0103, \u00een acest fel, ea \u201ea sf\u00e2r\u0219it\u201d prin a avea, \u00een ultim\u0103 analiz\u0103, un \u201eprincipiu\u201d al s\u0103u, \u0219i anume acela de a scoate \u00een eviden\u021b\u0103 sui\u0219urile \u0219i cobor\u00e2\u0219urile papalit\u0103\u021bii, momentele sale de sfin\u021benie \u0219i cele diabolice, episoadele sale contrastante, cu inten\u021biile celui care i-a dat na\u0219tere \u0219i care a fost, de fapt, principiul s\u0103u divin\u201d.(p.5).<\/p>\n<p>O carte util\u0103, mai \u00eent\u00e2i fiindc\u0103 adun\u0103 \u00eentr-un singur volum informa\u021bii \u00eentinse pe dou\u0103 milenii, \u0219i mai apoi, fiindc\u0103 ofer\u0103 posibilitatea urm\u0103ririi ordonate a evolu\u021biei acestei institu\u021bii, ca \u0219i a ideilor de for\u021b\u0103 care o caracterizeaz\u0103.<\/p>\n<p>Lectur\u0103 plin\u0103 de miez\u2026<\/p>\n<p><a href=\"https:\/\/www.facebook.com\/valeriu.petrescu.3\">Dr. Valeriu Petrescu<\/a><\/p>\n<\/div>\n<p class=\"wpematico_credit\"><small>Powered by <a href=\"http:\/\/www.wpematico.com\" target=\"_blank\" rel=\"noopener noreferrer\">WPeMatico<\/a><\/small><\/p>\n ","protected":false},"excerpt":{"rendered":"<p>\u00cen lumea religioas\u0103 exist\u0103 o institu\u021bie care focalizeaz\u0103 aten\u021bia de aproape 2.000 de ani. Nu este de mirare c\u0103 \u0219i ast\u0103zi aten\u021bia omenirii este \u00eendreptat\u0103 spre aceast\u0103 institu\u021bie\u2026 PAPII \u2013 ISTORIE \u0218I SECRETE, de Claudio Rendina, Editura ALL, 2007\u2026 Claudio Rendina este istoric, critic de art\u0103, scriitor \u0219i jurnalist. Este pasionat de istoria \u201ecet\u0103\u021bii cet\u0103\u021bilor\u201d, &hellip; <a href=\"https:\/\/adventistoltenia.ro\/site\/sugestii-de-lectura-papii-istorie-si-secrete\/\">Continued<\/a><\/p>\n","protected":false},"author":2,"featured_media":0,"comment_status":"open","ping_status":"closed","sticky":false,"template":"","format":"standard","meta":[],"categories":[71],"tags":[],"yoast_head":"<!-- This site is optimized with the Yoast SEO plugin v20.3 - https:\/\/yoast.com\/wordpress\/plugins\/seo\/ -->\n<title>Sugestii de lectur\u0103 \u2013 Papii \u2013 istorie \u0219i secrete - Conferinta Oltenia<\/title>\n<meta name=\"robots\" content=\"index, follow, max-snippet:-1, max-image-preview:large, max-video-preview:-1\" \/>\n<link rel=\"canonical\" href=\"https:\/\/adventistoltenia.ro\/site\/sugestii-de-lectura-papii-istorie-si-secrete\/\" \/>\n<meta property=\"og:locale\" content=\"en_US\" \/>\n<meta property=\"og:type\" content=\"article\" \/>\n<meta property=\"og:title\" content=\"Sugestii de lectur\u0103 \u2013 Papii \u2013 istorie \u0219i secrete - Conferinta Oltenia\" \/>\n<meta property=\"og:description\" content=\"\u00cen lumea religioas\u0103 exist\u0103 o institu\u021bie care focalizeaz\u0103 aten\u021bia de aproape 2.000 de ani. Nu este de mirare c\u0103 \u0219i ast\u0103zi aten\u021bia omenirii este \u00eendreptat\u0103 spre aceast\u0103 institu\u021bie\u2026 PAPII \u2013 ISTORIE \u0218I SECRETE, de Claudio Rendina, Editura ALL, 2007\u2026 Claudio Rendina este istoric, critic de art\u0103, scriitor \u0219i jurnalist. Este pasionat de istoria \u201ecet\u0103\u021bii cet\u0103\u021bilor\u201d, &hellip; Continued\" \/>\n<meta property=\"og:url\" content=\"https:\/\/adventistoltenia.ro\/site\/sugestii-de-lectura-papii-istorie-si-secrete\/\" \/>\n<meta property=\"og:site_name\" content=\"Conferinta Oltenia\" \/>\n<meta property=\"article:published_time\" content=\"2019-12-30T01:05:45+00:00\" \/>\n<meta name=\"author\" content=\"Conferinta Oltenia\" \/>\n<meta name=\"twitter:card\" content=\"summary_large_image\" \/>\n<meta name=\"twitter:label1\" content=\"Written by\" \/>\n\t<meta name=\"twitter:data1\" content=\"Conferinta Oltenia\" \/>\n\t<meta name=\"twitter:label2\" content=\"Est. reading time\" \/>\n\t<meta name=\"twitter:data2\" content=\"2 minutes\" \/>\n<script type=\"application\/ld+json\" class=\"yoast-schema-graph\">{\"@context\":\"https:\/\/schema.org\",\"@graph\":[{\"@type\":\"WebPage\",\"@id\":\"https:\/\/adventistoltenia.ro\/site\/sugestii-de-lectura-papii-istorie-si-secrete\/\",\"url\":\"https:\/\/adventistoltenia.ro\/site\/sugestii-de-lectura-papii-istorie-si-secrete\/\",\"name\":\"Sugestii de lectur\u0103 \u2013 Papii \u2013 istorie \u0219i secrete - Conferinta Oltenia\",\"isPartOf\":{\"@id\":\"https:\/\/adventistoltenia.ro\/site\/#website\"},\"datePublished\":\"2019-12-30T01:05:45+00:00\",\"dateModified\":\"2019-12-30T01:05:45+00:00\",\"author\":{\"@id\":\"https:\/\/adventistoltenia.ro\/site\/#\/schema\/person\/81972d6ddcec064fcb37a129240ef9d7\"},\"breadcrumb\":{\"@id\":\"https:\/\/adventistoltenia.ro\/site\/sugestii-de-lectura-papii-istorie-si-secrete\/#breadcrumb\"},\"inLanguage\":\"en-US\",\"potentialAction\":[{\"@type\":\"ReadAction\",\"target\":[\"https:\/\/adventistoltenia.ro\/site\/sugestii-de-lectura-papii-istorie-si-secrete\/\"]}]},{\"@type\":\"BreadcrumbList\",\"@id\":\"https:\/\/adventistoltenia.ro\/site\/sugestii-de-lectura-papii-istorie-si-secrete\/#breadcrumb\",\"itemListElement\":[{\"@type\":\"ListItem\",\"position\":1,\"name\":\"Home\",\"item\":\"https:\/\/adventistoltenia.ro\/site\/\"},{\"@type\":\"ListItem\",\"position\":2,\"name\":\"Sugestii de lectur\u0103 \u2013 Papii \u2013 istorie \u0219i secrete\"}]},{\"@type\":\"WebSite\",\"@id\":\"https:\/\/adventistoltenia.ro\/site\/#website\",\"url\":\"https:\/\/adventistoltenia.ro\/site\/\",\"name\":\"Conferinta Oltenia\",\"description\":\"Biserica Adventista de Ziua a Saptea\",\"potentialAction\":[{\"@type\":\"SearchAction\",\"target\":{\"@type\":\"EntryPoint\",\"urlTemplate\":\"https:\/\/adventistoltenia.ro\/site\/?s={search_term_string}\"},\"query-input\":\"required name=search_term_string\"}],\"inLanguage\":\"en-US\"},{\"@type\":\"Person\",\"@id\":\"https:\/\/adventistoltenia.ro\/site\/#\/schema\/person\/81972d6ddcec064fcb37a129240ef9d7\",\"name\":\"Conferinta Oltenia\",\"image\":{\"@type\":\"ImageObject\",\"inLanguage\":\"en-US\",\"@id\":\"https:\/\/adventistoltenia.ro\/site\/#\/schema\/person\/image\/\",\"url\":\"https:\/\/secure.gravatar.com\/avatar\/ebe92ec22e2e53a8eb79d6b52b724e27?s=96&d=mm&r=g\",\"contentUrl\":\"https:\/\/secure.gravatar.com\/avatar\/ebe92ec22e2e53a8eb79d6b52b724e27?s=96&d=mm&r=g\",\"caption\":\"Conferinta Oltenia\"},\"url\":\"https:\/\/adventistoltenia.ro\/site\/author\/adm1n\/\"}]}<\/script>\n<!-- \/ Yoast SEO plugin. -->","yoast_head_json":{"title":"Sugestii de lectur\u0103 \u2013 Papii \u2013 istorie \u0219i secrete - Conferinta Oltenia","robots":{"index":"index","follow":"follow","max-snippet":"max-snippet:-1","max-image-preview":"max-image-preview:large","max-video-preview":"max-video-preview:-1"},"canonical":"https:\/\/adventistoltenia.ro\/site\/sugestii-de-lectura-papii-istorie-si-secrete\/","og_locale":"en_US","og_type":"article","og_title":"Sugestii de lectur\u0103 \u2013 Papii \u2013 istorie \u0219i secrete - Conferinta Oltenia","og_description":"\u00cen lumea religioas\u0103 exist\u0103 o institu\u021bie care focalizeaz\u0103 aten\u021bia de aproape 2.000 de ani. Nu este de mirare c\u0103 \u0219i ast\u0103zi aten\u021bia omenirii este \u00eendreptat\u0103 spre aceast\u0103 institu\u021bie\u2026 PAPII \u2013 ISTORIE \u0218I SECRETE, de Claudio Rendina, Editura ALL, 2007\u2026 Claudio Rendina este istoric, critic de art\u0103, scriitor \u0219i jurnalist. Este pasionat de istoria \u201ecet\u0103\u021bii cet\u0103\u021bilor\u201d, &hellip; Continued","og_url":"https:\/\/adventistoltenia.ro\/site\/sugestii-de-lectura-papii-istorie-si-secrete\/","og_site_name":"Conferinta Oltenia","article_published_time":"2019-12-30T01:05:45+00:00","author":"Conferinta Oltenia","twitter_card":"summary_large_image","twitter_misc":{"Written by":"Conferinta Oltenia","Est. reading time":"2 minutes"},"schema":{"@context":"https:\/\/schema.org","@graph":[{"@type":"WebPage","@id":"https:\/\/adventistoltenia.ro\/site\/sugestii-de-lectura-papii-istorie-si-secrete\/","url":"https:\/\/adventistoltenia.ro\/site\/sugestii-de-lectura-papii-istorie-si-secrete\/","name":"Sugestii de lectur\u0103 \u2013 Papii \u2013 istorie \u0219i secrete - Conferinta Oltenia","isPartOf":{"@id":"https:\/\/adventistoltenia.ro\/site\/#website"},"datePublished":"2019-12-30T01:05:45+00:00","dateModified":"2019-12-30T01:05:45+00:00","author":{"@id":"https:\/\/adventistoltenia.ro\/site\/#\/schema\/person\/81972d6ddcec064fcb37a129240ef9d7"},"breadcrumb":{"@id":"https:\/\/adventistoltenia.ro\/site\/sugestii-de-lectura-papii-istorie-si-secrete\/#breadcrumb"},"inLanguage":"en-US","potentialAction":[{"@type":"ReadAction","target":["https:\/\/adventistoltenia.ro\/site\/sugestii-de-lectura-papii-istorie-si-secrete\/"]}]},{"@type":"BreadcrumbList","@id":"https:\/\/adventistoltenia.ro\/site\/sugestii-de-lectura-papii-istorie-si-secrete\/#breadcrumb","itemListElement":[{"@type":"ListItem","position":1,"name":"Home","item":"https:\/\/adventistoltenia.ro\/site\/"},{"@type":"ListItem","position":2,"name":"Sugestii de lectur\u0103 \u2013 Papii \u2013 istorie \u0219i secrete"}]},{"@type":"WebSite","@id":"https:\/\/adventistoltenia.ro\/site\/#website","url":"https:\/\/adventistoltenia.ro\/site\/","name":"Conferinta Oltenia","description":"Biserica Adventista de Ziua a Saptea","potentialAction":[{"@type":"SearchAction","target":{"@type":"EntryPoint","urlTemplate":"https:\/\/adventistoltenia.ro\/site\/?s={search_term_string}"},"query-input":"required name=search_term_string"}],"inLanguage":"en-US"},{"@type":"Person","@id":"https:\/\/adventistoltenia.ro\/site\/#\/schema\/person\/81972d6ddcec064fcb37a129240ef9d7","name":"Conferinta Oltenia","image":{"@type":"ImageObject","inLanguage":"en-US","@id":"https:\/\/adventistoltenia.ro\/site\/#\/schema\/person\/image\/","url":"https:\/\/secure.gravatar.com\/avatar\/ebe92ec22e2e53a8eb79d6b52b724e27?s=96&d=mm&r=g","contentUrl":"https:\/\/secure.gravatar.com\/avatar\/ebe92ec22e2e53a8eb79d6b52b724e27?s=96&d=mm&r=g","caption":"Conferinta Oltenia"},"url":"https:\/\/adventistoltenia.ro\/site\/author\/adm1n\/"}]}},"_links":{"self":[{"href":"https:\/\/adventistoltenia.ro\/site\/wp-json\/wp\/v2\/posts\/3151"}],"collection":[{"href":"https:\/\/adventistoltenia.ro\/site\/wp-json\/wp\/v2\/posts"}],"about":[{"href":"https:\/\/adventistoltenia.ro\/site\/wp-json\/wp\/v2\/types\/post"}],"author":[{"embeddable":true,"href":"https:\/\/adventistoltenia.ro\/site\/wp-json\/wp\/v2\/users\/2"}],"replies":[{"embeddable":true,"href":"https:\/\/adventistoltenia.ro\/site\/wp-json\/wp\/v2\/comments?post=3151"}],"version-history":[{"count":0,"href":"https:\/\/adventistoltenia.ro\/site\/wp-json\/wp\/v2\/posts\/3151\/revisions"}],"wp:attachment":[{"href":"https:\/\/adventistoltenia.ro\/site\/wp-json\/wp\/v2\/media?parent=3151"}],"wp:term":[{"taxonomy":"category","embeddable":true,"href":"https:\/\/adventistoltenia.ro\/site\/wp-json\/wp\/v2\/categories?post=3151"},{"taxonomy":"post_tag","embeddable":true,"href":"https:\/\/adventistoltenia.ro\/site\/wp-json\/wp\/v2\/tags?post=3151"}],"curies":[{"name":"wp","href":"https:\/\/api.w.org\/{rel}","templated":true}]}}