{"id":3158,"date":"2020-01-09T01:05:53","date_gmt":"2020-01-09T01:05:53","guid":{"rendered":"http:\/\/adventistoltenia.ro\/site\/apel-la-rugaciune-al-presedintelui-ted-n-c-wilson-catre-adventistii-din-toata-lumea-pentru-incendiile-din-australia\/"},"modified":"2020-01-09T01:05:53","modified_gmt":"2020-01-09T01:05:53","slug":"apel-la-rugaciune-al-presedintelui-ted-n-c-wilson-catre-adventistii-din-toata-lumea-pentru-incendiile-din-australia","status":"publish","type":"post","link":"https:\/\/adventistoltenia.ro\/site\/apel-la-rugaciune-al-presedintelui-ted-n-c-wilson-catre-adventistii-din-toata-lumea-pentru-incendiile-din-australia\/","title":{"rendered":"Apel la rug\u0103ciune al pre\u0219edintelui Ted N.C. Wilson c\u0103tre adventi\u0219tii din toat\u0103 lumea pentru incendiile din Australia"},"content":{"rendered":"<div>\n<p>Incendiile din ultimele s\u0103pt\u0103m\u00e2ni care au acoperit o mare parte din Australia au devenit o problem\u0103 care poate afecta \u00eentreaga planet\u0103. \u00cendurerat de situa\u021bia ap\u0103rut\u0103 Ted N.C. Wilson, pre\u0219edintele Bisericii Adventiste de Ziua a \u0218aptea la nivel mondial, a transmis un mesaj care se adreseaz\u0103 tuturor membrilor bisericii. Acesta \u00eendeamn\u0103 credincio\u0219ii la rug\u0103ciune st\u0103ruitoare \u00eenainte lui Dumnezeu pentru oprirea incendiilor \u0219i pentru \u00eent\u0103rirea celor care trec prin aceast\u0103 situa\u021bie grea.<\/p>\n<p>\u201eRuga\u021bi-v\u0103 pentru Australia! Inimile noastre se \u00eendreapt\u0103 c\u0103tre fra\u021bii \u0219i surorile noastre \u0219i c\u0103tre \u00eentreaga Australia, care se confrunt\u0103 cu o situa\u021bie catastrofal\u0103, cu incendii de lung\u0103 durat\u0103 ce au dus la pierderi enorme de vie\u021bi \u0219i propriet\u0103\u021bi. P\u00e2n\u0103 \u00een prezent, mai mult de \u0219ase milioane de hectare de teren au fost arse, cel pu\u021bin 24 de oameni \u0219i-au pierdut via\u021ba \u0219i peste 1500 de locuin\u021be au fost distruse, inclusiv propriet\u0103\u021bi apar\u021bin\u00e2nd membrilor Bisericii Adventiste de Ziua a \u0218aptea. \u00cen plus, \u00eent\u00e2lniri de tab\u0103r\u0103, tabere de var\u0103 pentru tineri \u0219i diverse evenimente care ar fi avut rolul s\u0103 inspire \u0219i s\u0103 \u00eent\u0103reasc\u0103 au fost anulate din cauza incendiilor puternice. \u00cen mod tragic, fauna pre\u021bioas\u0103 din Australia a suferit enorm. Este o pierdere teribil\u0103 de ur\u0219i koala, canguri, p\u0103s\u0103ri \u0219i multe alte specii, estim\u00e2ndu-se c\u0103 aproape jum\u0103tate de miliard de creaturi ale lui Dumnezeu au ars din cauza incendiilor.<\/p>\n<p>Suntem recunosc\u0103tori Agen\u021biei Adventiste pentru Dezvoltare, Refacere \u0219i Ajutor (ADRA) pentru oferirea de ajutor \u00een diferite localit\u0103\u021bi, precum \u0219i bisericilor adventiste \u0219i membrilor din toat\u0103 \u021bara care au ajutat \u00een diverse moduri \u0219i au contribuit cu generozitate \u00een aceast\u0103 perioad\u0103.<\/p>\n<p>S\u0103 ne rug\u0103m ca Dumnezeu s\u0103 ofere fiec\u0103rei persoane din Australia putere, curaj \u0219i for\u021b\u0103 \u00een mijlocul acestei situa\u021bii foarte dificile. S\u0103 ne rug\u0103m ca Dumnezeu s\u0103 trimit\u0103 ploaie \u0219i ca v\u00e2ntul s\u0103 se lini\u0219teasc\u0103. S\u0103 amintim \u00een rug\u0103ciune \u0219i pompierii care se lupt\u0103 plini de curaj cu fl\u0103c\u0103rile \u0219i pe cei care au grij\u0103 de numeroasele persoane afectate de aceste incendii. Cu siguran\u021b\u0103, astfel de tragedii sunt \u00eenc\u0103 un semn c\u0103 Domnul vine \u00een cur\u00e2nd! S\u0103 ne rug\u0103m pentru putere \u0219i curaj pentru a \u00eemp\u0103rt\u0103\u0219i speran\u021ba pe care o avem cu o lume care are nevoie disperat\u0103 de M\u00e2ntuitor.\u201d<\/p>\n<p>Ted N.C. Wilson,<br \/>\npre\u0219edinte, Biserica Adventist\u0103 de Ziua a \u0218aptea<\/p>\n<p><a href=\"https:\/\/news.adventist.org\/en\/all-news\/news\/go\/2020-01-07\/a-special-prayer-appeal-to-the-worldwide-seventh-day-adventist-church-for-the-lords-intervention-in\/\" target=\"_blank\" rel=\"noopener noreferrer\">News.Adventist.org<\/a><\/p>\n<\/div>\n<p class=\"wpematico_credit\"><small>Powered by <a href=\"http:\/\/www.wpematico.com\" target=\"_blank\" rel=\"noopener noreferrer\">WPeMatico<\/a><\/small><\/p>\n ","protected":false},"excerpt":{"rendered":"<p>Incendiile din ultimele s\u0103pt\u0103m\u00e2ni care au acoperit o mare parte din Australia au devenit o problem\u0103 care poate afecta \u00eentreaga planet\u0103. \u00cendurerat de situa\u021bia ap\u0103rut\u0103 Ted N.C. Wilson, pre\u0219edintele Bisericii Adventiste de Ziua a \u0218aptea la nivel mondial, a transmis un mesaj care se adreseaz\u0103 tuturor membrilor bisericii. Acesta \u00eendeamn\u0103 credincio\u0219ii la rug\u0103ciune st\u0103ruitoare \u00eenainte &hellip; <a href=\"https:\/\/adventistoltenia.ro\/site\/apel-la-rugaciune-al-presedintelui-ted-n-c-wilson-catre-adventistii-din-toata-lumea-pentru-incendiile-din-australia\/\">Continued<\/a><\/p>\n","protected":false},"author":2,"featured_media":0,"comment_status":"open","ping_status":"closed","sticky":false,"template":"","format":"standard","meta":[],"categories":[71],"tags":[],"yoast_head":"<!-- This site is optimized with the Yoast SEO plugin v20.3 - https:\/\/yoast.com\/wordpress\/plugins\/seo\/ -->\n<title>Apel la rug\u0103ciune al pre\u0219edintelui Ted N.C. Wilson c\u0103tre adventi\u0219tii din toat\u0103 lumea pentru incendiile din Australia - Conferinta Oltenia<\/title>\n<meta name=\"robots\" content=\"index, follow, max-snippet:-1, max-image-preview:large, max-video-preview:-1\" \/>\n<link rel=\"canonical\" href=\"https:\/\/adventistoltenia.ro\/site\/apel-la-rugaciune-al-presedintelui-ted-n-c-wilson-catre-adventistii-din-toata-lumea-pentru-incendiile-din-australia\/\" \/>\n<meta property=\"og:locale\" content=\"en_US\" \/>\n<meta property=\"og:type\" content=\"article\" \/>\n<meta property=\"og:title\" content=\"Apel la rug\u0103ciune al pre\u0219edintelui Ted N.C. Wilson c\u0103tre adventi\u0219tii din toat\u0103 lumea pentru incendiile din Australia - Conferinta Oltenia\" \/>\n<meta property=\"og:description\" content=\"Incendiile din ultimele s\u0103pt\u0103m\u00e2ni care au acoperit o mare parte din Australia au devenit o problem\u0103 care poate afecta \u00eentreaga planet\u0103. \u00cendurerat de situa\u021bia ap\u0103rut\u0103 Ted N.C. Wilson, pre\u0219edintele Bisericii Adventiste de Ziua a \u0218aptea la nivel mondial, a transmis un mesaj care se adreseaz\u0103 tuturor membrilor bisericii. Acesta \u00eendeamn\u0103 credincio\u0219ii la rug\u0103ciune st\u0103ruitoare \u00eenainte &hellip; Continued\" \/>\n<meta property=\"og:url\" content=\"https:\/\/adventistoltenia.ro\/site\/apel-la-rugaciune-al-presedintelui-ted-n-c-wilson-catre-adventistii-din-toata-lumea-pentru-incendiile-din-australia\/\" \/>\n<meta property=\"og:site_name\" content=\"Conferinta Oltenia\" \/>\n<meta property=\"article:published_time\" content=\"2020-01-09T01:05:53+00:00\" \/>\n<meta name=\"author\" content=\"Conferinta Oltenia\" \/>\n<meta name=\"twitter:card\" content=\"summary_large_image\" \/>\n<meta name=\"twitter:label1\" content=\"Written by\" \/>\n\t<meta name=\"twitter:data1\" content=\"Conferinta Oltenia\" \/>\n\t<meta name=\"twitter:label2\" content=\"Est. reading time\" \/>\n\t<meta name=\"twitter:data2\" content=\"2 minutes\" \/>\n<script type=\"application\/ld+json\" class=\"yoast-schema-graph\">{\"@context\":\"https:\/\/schema.org\",\"@graph\":[{\"@type\":\"WebPage\",\"@id\":\"https:\/\/adventistoltenia.ro\/site\/apel-la-rugaciune-al-presedintelui-ted-n-c-wilson-catre-adventistii-din-toata-lumea-pentru-incendiile-din-australia\/\",\"url\":\"https:\/\/adventistoltenia.ro\/site\/apel-la-rugaciune-al-presedintelui-ted-n-c-wilson-catre-adventistii-din-toata-lumea-pentru-incendiile-din-australia\/\",\"name\":\"Apel la rug\u0103ciune al pre\u0219edintelui Ted N.C. Wilson c\u0103tre adventi\u0219tii din toat\u0103 lumea pentru incendiile din Australia - Conferinta Oltenia\",\"isPartOf\":{\"@id\":\"https:\/\/adventistoltenia.ro\/site\/#website\"},\"datePublished\":\"2020-01-09T01:05:53+00:00\",\"dateModified\":\"2020-01-09T01:05:53+00:00\",\"author\":{\"@id\":\"https:\/\/adventistoltenia.ro\/site\/#\/schema\/person\/81972d6ddcec064fcb37a129240ef9d7\"},\"breadcrumb\":{\"@id\":\"https:\/\/adventistoltenia.ro\/site\/apel-la-rugaciune-al-presedintelui-ted-n-c-wilson-catre-adventistii-din-toata-lumea-pentru-incendiile-din-australia\/#breadcrumb\"},\"inLanguage\":\"en-US\",\"potentialAction\":[{\"@type\":\"ReadAction\",\"target\":[\"https:\/\/adventistoltenia.ro\/site\/apel-la-rugaciune-al-presedintelui-ted-n-c-wilson-catre-adventistii-din-toata-lumea-pentru-incendiile-din-australia\/\"]}]},{\"@type\":\"BreadcrumbList\",\"@id\":\"https:\/\/adventistoltenia.ro\/site\/apel-la-rugaciune-al-presedintelui-ted-n-c-wilson-catre-adventistii-din-toata-lumea-pentru-incendiile-din-australia\/#breadcrumb\",\"itemListElement\":[{\"@type\":\"ListItem\",\"position\":1,\"name\":\"Home\",\"item\":\"https:\/\/adventistoltenia.ro\/site\/\"},{\"@type\":\"ListItem\",\"position\":2,\"name\":\"Apel la rug\u0103ciune al pre\u0219edintelui Ted N.C. Wilson c\u0103tre adventi\u0219tii din toat\u0103 lumea pentru incendiile din Australia\"}]},{\"@type\":\"WebSite\",\"@id\":\"https:\/\/adventistoltenia.ro\/site\/#website\",\"url\":\"https:\/\/adventistoltenia.ro\/site\/\",\"name\":\"Conferinta Oltenia\",\"description\":\"Biserica Adventista de Ziua a Saptea\",\"potentialAction\":[{\"@type\":\"SearchAction\",\"target\":{\"@type\":\"EntryPoint\",\"urlTemplate\":\"https:\/\/adventistoltenia.ro\/site\/?s={search_term_string}\"},\"query-input\":\"required name=search_term_string\"}],\"inLanguage\":\"en-US\"},{\"@type\":\"Person\",\"@id\":\"https:\/\/adventistoltenia.ro\/site\/#\/schema\/person\/81972d6ddcec064fcb37a129240ef9d7\",\"name\":\"Conferinta Oltenia\",\"image\":{\"@type\":\"ImageObject\",\"inLanguage\":\"en-US\",\"@id\":\"https:\/\/adventistoltenia.ro\/site\/#\/schema\/person\/image\/\",\"url\":\"https:\/\/secure.gravatar.com\/avatar\/ebe92ec22e2e53a8eb79d6b52b724e27?s=96&d=mm&r=g\",\"contentUrl\":\"https:\/\/secure.gravatar.com\/avatar\/ebe92ec22e2e53a8eb79d6b52b724e27?s=96&d=mm&r=g\",\"caption\":\"Conferinta Oltenia\"},\"url\":\"https:\/\/adventistoltenia.ro\/site\/author\/adm1n\/\"}]}<\/script>\n<!-- \/ Yoast SEO plugin. -->","yoast_head_json":{"title":"Apel la rug\u0103ciune al pre\u0219edintelui Ted N.C. Wilson c\u0103tre adventi\u0219tii din toat\u0103 lumea pentru incendiile din Australia - Conferinta Oltenia","robots":{"index":"index","follow":"follow","max-snippet":"max-snippet:-1","max-image-preview":"max-image-preview:large","max-video-preview":"max-video-preview:-1"},"canonical":"https:\/\/adventistoltenia.ro\/site\/apel-la-rugaciune-al-presedintelui-ted-n-c-wilson-catre-adventistii-din-toata-lumea-pentru-incendiile-din-australia\/","og_locale":"en_US","og_type":"article","og_title":"Apel la rug\u0103ciune al pre\u0219edintelui Ted N.C. Wilson c\u0103tre adventi\u0219tii din toat\u0103 lumea pentru incendiile din Australia - Conferinta Oltenia","og_description":"Incendiile din ultimele s\u0103pt\u0103m\u00e2ni care au acoperit o mare parte din Australia au devenit o problem\u0103 care poate afecta \u00eentreaga planet\u0103. \u00cendurerat de situa\u021bia ap\u0103rut\u0103 Ted N.C. Wilson, pre\u0219edintele Bisericii Adventiste de Ziua a \u0218aptea la nivel mondial, a transmis un mesaj care se adreseaz\u0103 tuturor membrilor bisericii. Acesta \u00eendeamn\u0103 credincio\u0219ii la rug\u0103ciune st\u0103ruitoare \u00eenainte &hellip; Continued","og_url":"https:\/\/adventistoltenia.ro\/site\/apel-la-rugaciune-al-presedintelui-ted-n-c-wilson-catre-adventistii-din-toata-lumea-pentru-incendiile-din-australia\/","og_site_name":"Conferinta Oltenia","article_published_time":"2020-01-09T01:05:53+00:00","author":"Conferinta Oltenia","twitter_card":"summary_large_image","twitter_misc":{"Written by":"Conferinta Oltenia","Est. reading time":"2 minutes"},"schema":{"@context":"https:\/\/schema.org","@graph":[{"@type":"WebPage","@id":"https:\/\/adventistoltenia.ro\/site\/apel-la-rugaciune-al-presedintelui-ted-n-c-wilson-catre-adventistii-din-toata-lumea-pentru-incendiile-din-australia\/","url":"https:\/\/adventistoltenia.ro\/site\/apel-la-rugaciune-al-presedintelui-ted-n-c-wilson-catre-adventistii-din-toata-lumea-pentru-incendiile-din-australia\/","name":"Apel la rug\u0103ciune al pre\u0219edintelui Ted N.C. Wilson c\u0103tre adventi\u0219tii din toat\u0103 lumea pentru incendiile din Australia - Conferinta Oltenia","isPartOf":{"@id":"https:\/\/adventistoltenia.ro\/site\/#website"},"datePublished":"2020-01-09T01:05:53+00:00","dateModified":"2020-01-09T01:05:53+00:00","author":{"@id":"https:\/\/adventistoltenia.ro\/site\/#\/schema\/person\/81972d6ddcec064fcb37a129240ef9d7"},"breadcrumb":{"@id":"https:\/\/adventistoltenia.ro\/site\/apel-la-rugaciune-al-presedintelui-ted-n-c-wilson-catre-adventistii-din-toata-lumea-pentru-incendiile-din-australia\/#breadcrumb"},"inLanguage":"en-US","potentialAction":[{"@type":"ReadAction","target":["https:\/\/adventistoltenia.ro\/site\/apel-la-rugaciune-al-presedintelui-ted-n-c-wilson-catre-adventistii-din-toata-lumea-pentru-incendiile-din-australia\/"]}]},{"@type":"BreadcrumbList","@id":"https:\/\/adventistoltenia.ro\/site\/apel-la-rugaciune-al-presedintelui-ted-n-c-wilson-catre-adventistii-din-toata-lumea-pentru-incendiile-din-australia\/#breadcrumb","itemListElement":[{"@type":"ListItem","position":1,"name":"Home","item":"https:\/\/adventistoltenia.ro\/site\/"},{"@type":"ListItem","position":2,"name":"Apel la rug\u0103ciune al pre\u0219edintelui Ted N.C. Wilson c\u0103tre adventi\u0219tii din toat\u0103 lumea pentru incendiile din Australia"}]},{"@type":"WebSite","@id":"https:\/\/adventistoltenia.ro\/site\/#website","url":"https:\/\/adventistoltenia.ro\/site\/","name":"Conferinta Oltenia","description":"Biserica Adventista de Ziua a Saptea","potentialAction":[{"@type":"SearchAction","target":{"@type":"EntryPoint","urlTemplate":"https:\/\/adventistoltenia.ro\/site\/?s={search_term_string}"},"query-input":"required name=search_term_string"}],"inLanguage":"en-US"},{"@type":"Person","@id":"https:\/\/adventistoltenia.ro\/site\/#\/schema\/person\/81972d6ddcec064fcb37a129240ef9d7","name":"Conferinta Oltenia","image":{"@type":"ImageObject","inLanguage":"en-US","@id":"https:\/\/adventistoltenia.ro\/site\/#\/schema\/person\/image\/","url":"https:\/\/secure.gravatar.com\/avatar\/ebe92ec22e2e53a8eb79d6b52b724e27?s=96&d=mm&r=g","contentUrl":"https:\/\/secure.gravatar.com\/avatar\/ebe92ec22e2e53a8eb79d6b52b724e27?s=96&d=mm&r=g","caption":"Conferinta Oltenia"},"url":"https:\/\/adventistoltenia.ro\/site\/author\/adm1n\/"}]}},"_links":{"self":[{"href":"https:\/\/adventistoltenia.ro\/site\/wp-json\/wp\/v2\/posts\/3158"}],"collection":[{"href":"https:\/\/adventistoltenia.ro\/site\/wp-json\/wp\/v2\/posts"}],"about":[{"href":"https:\/\/adventistoltenia.ro\/site\/wp-json\/wp\/v2\/types\/post"}],"author":[{"embeddable":true,"href":"https:\/\/adventistoltenia.ro\/site\/wp-json\/wp\/v2\/users\/2"}],"replies":[{"embeddable":true,"href":"https:\/\/adventistoltenia.ro\/site\/wp-json\/wp\/v2\/comments?post=3158"}],"version-history":[{"count":0,"href":"https:\/\/adventistoltenia.ro\/site\/wp-json\/wp\/v2\/posts\/3158\/revisions"}],"wp:attachment":[{"href":"https:\/\/adventistoltenia.ro\/site\/wp-json\/wp\/v2\/media?parent=3158"}],"wp:term":[{"taxonomy":"category","embeddable":true,"href":"https:\/\/adventistoltenia.ro\/site\/wp-json\/wp\/v2\/categories?post=3158"},{"taxonomy":"post_tag","embeddable":true,"href":"https:\/\/adventistoltenia.ro\/site\/wp-json\/wp\/v2\/tags?post=3158"}],"curies":[{"name":"wp","href":"https:\/\/api.w.org\/{rel}","templated":true}]}}