{"id":3159,"date":"2020-01-10T01:11:24","date_gmt":"2020-01-10T01:11:24","guid":{"rendered":"http:\/\/adventistoltenia.ro\/site\/biserica-adventista-din-puerto-rico-evalueaza-pagubele-produse-de-cutremure\/"},"modified":"2020-01-10T01:11:24","modified_gmt":"2020-01-10T01:11:24","slug":"biserica-adventista-din-puerto-rico-evalueaza-pagubele-produse-de-cutremure","status":"publish","type":"post","link":"https:\/\/adventistoltenia.ro\/site\/biserica-adventista-din-puerto-rico-evalueaza-pagubele-produse-de-cutremure\/","title":{"rendered":"Biserica Adventist\u0103 din Puerto Rico evalueaz\u0103 pagubele produse de cutremure"},"content":{"rendered":"<div>\n<div class=\"gmail_default\">\n<p>Dup\u0103 ce au fost afecta\u021bi puternic de Uraganul Maria, popula\u021bia din Puerto Rico s-a confruntat \u00een ultima s\u0103pt\u0103m\u00e2n\u0103 cu o serie de cutremure care au distrus institu\u021bii \u0219i au l\u0103sat oameni f\u0103r\u0103 locuin\u021be. Conducerea Bisericii Adventiste de Ziua a \u0218aptea din \u021bar\u0103 se preg\u0103te\u0219te s\u0103 ofere ajutor celor \u00een nevoie.<\/p>\n<p>\u00a0<\/p>\n<p>O serie de seisme au fost sim\u021bite \u00een Puerto Rico \u00eencep\u00e2nd cu data de 6 ianuarie 2020. \u00cen diminea\u021ba zilei de 7 ianuarie 2020, magnitudinea seismului a fost de 6.4 grade pe scara Richter. Cutremurul a zguduit mai puternic partea de sud a insulei, fiind mult afectate ora\u0219ele Guayanilla \u0219i Guanica. Un locuitor al insulei declara: \u201eLa ora 4:24 m-am trezit \u00een timp ce casa se zguduia, \u0219i apoi au sim\u021bit c\u00e2teva replici una dup\u0103 alta.\u201d Fenomenul natural a l\u0103sat \u00een urm\u0103 multe cl\u0103diri avariate \u0219i familii f\u0103r\u0103 ad\u0103post. Institu\u021bii au fost nevoite s\u0103-\u0219i \u00eentrerup\u0103 activitatea \u0219i localit\u0103\u021bi au r\u0103mas f\u0103r\u0103 energie electric\u0103. De asemenea, multe persoane au fost r\u0103nite \u0219i una a decedat.<\/p>\n<p>\u00a0<\/p>\n<p>Printre institu\u021biile afectate de cutremure se num\u0103r\u0103 \u0219i cele ale Bisericii Adventiste de Ziua a \u0218aptea. Cursurile la trei dintre \u0219colile adventiste au fost suspendate p\u00e2n\u0103 s\u0103pt\u0103m\u00e2na viitoare. Ingineri au fost chema\u021bi pentru a evalua pagubele \u0219i pentru a declara structura \u0219colii sigur\u0103 din nou. \u00cen acela\u0219i timp \u0219i Spitalul Bella Vista din Mayaguez a fost inspectat de ingineri care nu au g\u0103sit probleme. Totu\u0219i, pacien\u021bii interna\u021bi la etajele trei \u0219i patru au fost muta\u021bi pentru o perioad\u0103 scurt\u0103 din cauza lipsei de energie electric\u0103. Luis Rivera, pre\u0219edintele spitalului a declarat: \u201eSpitalul func\u021bioneaz\u0103 cu anumite limit\u0103ri cauzate de situa\u021bia aceasta, cl\u0103direa fiind alimentat\u0103 cu energie electric\u0103 de generatoare.\u201d Daunele produse de cutremur bisericilor \u0219i celorlalte cl\u0103diri sunt minime.<\/p>\n<p>\u00a0<\/p>\n<p>Pre\u0219edintele Bisericii Adventiste de Ziua a \u0218aptea din Puerto Rico, pastorul Jose A. Rodriguez, tulburat de mi\u0219c\u0103rile seismice, afirma: \u201e\u00cen to\u021bi ace\u0219ti ani nu am fost provoca\u021bi ca \u021bar\u0103 de astfel de cutremure.\u201d Acesta a promis c\u0103 se va deplasa personal \u00een zona afectat\u0103 de cutremur vizit\u00e2nd cele \u0219ase familii ale c\u0103ror case au fost distruse. \u00cen acela\u0219i timp, pre\u0219edintele a vizitat diferite posturi de radio din \u021bar\u0103 pentru a \u00eencuraja popula\u021bia s\u0103 r\u0103m\u00e2n\u0103 calm\u0103 \u0219i s\u0103 se \u00eencread\u0103 \u00een Dumnezeu.<\/p>\n<p>\u00a0<\/p>\n<p>\u201eSe pare c\u0103 \u00eencercam s\u0103 ne revenim dup\u0103 Uraganul Maria \u0219i acum a ap\u0103rut aceast\u0103 situa\u021bie, dar suntem recunosc\u0103tori pentru protec\u021bia lui Dumnezeu \u0219i cerem fra\u021bilor \u0219i surorilor din toat\u0103 lumea s\u0103 se roage pentru noi\u201d declara pastorul Rodriguez.<b><br \/>\n<\/b><\/p>\n<\/div>\n<div><\/div>\n<div><a href=\"https:\/\/www.interamerica.org\/2020\/01\/adventist-church-still-assessing-damage-after-earthquake-hits-puerto-rico\/\" target=\"_blank\" rel=\"noopener noreferrer\">InterAmerica.org<\/a><\/div>\n<div class=\"gmail_default\"><\/div>\n<\/div>\n<p class=\"wpematico_credit\"><small>Powered by <a href=\"http:\/\/www.wpematico.com\" target=\"_blank\" rel=\"noopener noreferrer\">WPeMatico<\/a><\/small><\/p>\n ","protected":false},"excerpt":{"rendered":"<p>Dup\u0103 ce au fost afecta\u021bi puternic de Uraganul Maria, popula\u021bia din Puerto Rico s-a confruntat \u00een ultima s\u0103pt\u0103m\u00e2n\u0103 cu o serie de cutremure care au distrus institu\u021bii \u0219i au l\u0103sat oameni f\u0103r\u0103 locuin\u021be. Conducerea Bisericii Adventiste de Ziua a \u0218aptea din \u021bar\u0103 se preg\u0103te\u0219te s\u0103 ofere ajutor celor \u00een nevoie. \u00a0 O serie de seisme &hellip; <a href=\"https:\/\/adventistoltenia.ro\/site\/biserica-adventista-din-puerto-rico-evalueaza-pagubele-produse-de-cutremure\/\">Continued<\/a><\/p>\n","protected":false},"author":2,"featured_media":0,"comment_status":"open","ping_status":"closed","sticky":false,"template":"","format":"standard","meta":[],"categories":[71],"tags":[],"yoast_head":"<!-- This site is optimized with the Yoast SEO plugin v20.3 - https:\/\/yoast.com\/wordpress\/plugins\/seo\/ -->\n<title>Biserica Adventist\u0103 din Puerto Rico evalueaz\u0103 pagubele produse de cutremure - Conferinta Oltenia<\/title>\n<meta name=\"robots\" content=\"index, follow, max-snippet:-1, max-image-preview:large, max-video-preview:-1\" \/>\n<link rel=\"canonical\" href=\"https:\/\/adventistoltenia.ro\/site\/biserica-adventista-din-puerto-rico-evalueaza-pagubele-produse-de-cutremure\/\" \/>\n<meta property=\"og:locale\" content=\"en_US\" \/>\n<meta property=\"og:type\" content=\"article\" \/>\n<meta property=\"og:title\" content=\"Biserica Adventist\u0103 din Puerto Rico evalueaz\u0103 pagubele produse de cutremure - Conferinta Oltenia\" \/>\n<meta property=\"og:description\" content=\"Dup\u0103 ce au fost afecta\u021bi puternic de Uraganul Maria, popula\u021bia din Puerto Rico s-a confruntat \u00een ultima s\u0103pt\u0103m\u00e2n\u0103 cu o serie de cutremure care au distrus institu\u021bii \u0219i au l\u0103sat oameni f\u0103r\u0103 locuin\u021be. Conducerea Bisericii Adventiste de Ziua a \u0218aptea din \u021bar\u0103 se preg\u0103te\u0219te s\u0103 ofere ajutor celor \u00een nevoie. \u00a0 O serie de seisme &hellip; Continued\" \/>\n<meta property=\"og:url\" content=\"https:\/\/adventistoltenia.ro\/site\/biserica-adventista-din-puerto-rico-evalueaza-pagubele-produse-de-cutremure\/\" \/>\n<meta property=\"og:site_name\" content=\"Conferinta Oltenia\" \/>\n<meta property=\"article:published_time\" content=\"2020-01-10T01:11:24+00:00\" \/>\n<meta name=\"author\" content=\"Conferinta Oltenia\" \/>\n<meta name=\"twitter:card\" content=\"summary_large_image\" \/>\n<meta name=\"twitter:label1\" content=\"Written by\" \/>\n\t<meta name=\"twitter:data1\" content=\"Conferinta Oltenia\" \/>\n\t<meta name=\"twitter:label2\" content=\"Est. reading time\" \/>\n\t<meta name=\"twitter:data2\" content=\"2 minutes\" \/>\n<script type=\"application\/ld+json\" class=\"yoast-schema-graph\">{\"@context\":\"https:\/\/schema.org\",\"@graph\":[{\"@type\":\"WebPage\",\"@id\":\"https:\/\/adventistoltenia.ro\/site\/biserica-adventista-din-puerto-rico-evalueaza-pagubele-produse-de-cutremure\/\",\"url\":\"https:\/\/adventistoltenia.ro\/site\/biserica-adventista-din-puerto-rico-evalueaza-pagubele-produse-de-cutremure\/\",\"name\":\"Biserica Adventist\u0103 din Puerto Rico evalueaz\u0103 pagubele produse de cutremure - Conferinta Oltenia\",\"isPartOf\":{\"@id\":\"https:\/\/adventistoltenia.ro\/site\/#website\"},\"datePublished\":\"2020-01-10T01:11:24+00:00\",\"dateModified\":\"2020-01-10T01:11:24+00:00\",\"author\":{\"@id\":\"https:\/\/adventistoltenia.ro\/site\/#\/schema\/person\/81972d6ddcec064fcb37a129240ef9d7\"},\"breadcrumb\":{\"@id\":\"https:\/\/adventistoltenia.ro\/site\/biserica-adventista-din-puerto-rico-evalueaza-pagubele-produse-de-cutremure\/#breadcrumb\"},\"inLanguage\":\"en-US\",\"potentialAction\":[{\"@type\":\"ReadAction\",\"target\":[\"https:\/\/adventistoltenia.ro\/site\/biserica-adventista-din-puerto-rico-evalueaza-pagubele-produse-de-cutremure\/\"]}]},{\"@type\":\"BreadcrumbList\",\"@id\":\"https:\/\/adventistoltenia.ro\/site\/biserica-adventista-din-puerto-rico-evalueaza-pagubele-produse-de-cutremure\/#breadcrumb\",\"itemListElement\":[{\"@type\":\"ListItem\",\"position\":1,\"name\":\"Home\",\"item\":\"https:\/\/adventistoltenia.ro\/site\/\"},{\"@type\":\"ListItem\",\"position\":2,\"name\":\"Biserica Adventist\u0103 din Puerto Rico evalueaz\u0103 pagubele produse de cutremure\"}]},{\"@type\":\"WebSite\",\"@id\":\"https:\/\/adventistoltenia.ro\/site\/#website\",\"url\":\"https:\/\/adventistoltenia.ro\/site\/\",\"name\":\"Conferinta Oltenia\",\"description\":\"Biserica Adventista de Ziua a Saptea\",\"potentialAction\":[{\"@type\":\"SearchAction\",\"target\":{\"@type\":\"EntryPoint\",\"urlTemplate\":\"https:\/\/adventistoltenia.ro\/site\/?s={search_term_string}\"},\"query-input\":\"required name=search_term_string\"}],\"inLanguage\":\"en-US\"},{\"@type\":\"Person\",\"@id\":\"https:\/\/adventistoltenia.ro\/site\/#\/schema\/person\/81972d6ddcec064fcb37a129240ef9d7\",\"name\":\"Conferinta Oltenia\",\"image\":{\"@type\":\"ImageObject\",\"inLanguage\":\"en-US\",\"@id\":\"https:\/\/adventistoltenia.ro\/site\/#\/schema\/person\/image\/\",\"url\":\"https:\/\/secure.gravatar.com\/avatar\/ebe92ec22e2e53a8eb79d6b52b724e27?s=96&d=mm&r=g\",\"contentUrl\":\"https:\/\/secure.gravatar.com\/avatar\/ebe92ec22e2e53a8eb79d6b52b724e27?s=96&d=mm&r=g\",\"caption\":\"Conferinta Oltenia\"},\"url\":\"https:\/\/adventistoltenia.ro\/site\/author\/adm1n\/\"}]}<\/script>\n<!-- \/ Yoast SEO plugin. -->","yoast_head_json":{"title":"Biserica Adventist\u0103 din Puerto Rico evalueaz\u0103 pagubele produse de cutremure - Conferinta Oltenia","robots":{"index":"index","follow":"follow","max-snippet":"max-snippet:-1","max-image-preview":"max-image-preview:large","max-video-preview":"max-video-preview:-1"},"canonical":"https:\/\/adventistoltenia.ro\/site\/biserica-adventista-din-puerto-rico-evalueaza-pagubele-produse-de-cutremure\/","og_locale":"en_US","og_type":"article","og_title":"Biserica Adventist\u0103 din Puerto Rico evalueaz\u0103 pagubele produse de cutremure - Conferinta Oltenia","og_description":"Dup\u0103 ce au fost afecta\u021bi puternic de Uraganul Maria, popula\u021bia din Puerto Rico s-a confruntat \u00een ultima s\u0103pt\u0103m\u00e2n\u0103 cu o serie de cutremure care au distrus institu\u021bii \u0219i au l\u0103sat oameni f\u0103r\u0103 locuin\u021be. Conducerea Bisericii Adventiste de Ziua a \u0218aptea din \u021bar\u0103 se preg\u0103te\u0219te s\u0103 ofere ajutor celor \u00een nevoie. \u00a0 O serie de seisme &hellip; Continued","og_url":"https:\/\/adventistoltenia.ro\/site\/biserica-adventista-din-puerto-rico-evalueaza-pagubele-produse-de-cutremure\/","og_site_name":"Conferinta Oltenia","article_published_time":"2020-01-10T01:11:24+00:00","author":"Conferinta Oltenia","twitter_card":"summary_large_image","twitter_misc":{"Written by":"Conferinta Oltenia","Est. reading time":"2 minutes"},"schema":{"@context":"https:\/\/schema.org","@graph":[{"@type":"WebPage","@id":"https:\/\/adventistoltenia.ro\/site\/biserica-adventista-din-puerto-rico-evalueaza-pagubele-produse-de-cutremure\/","url":"https:\/\/adventistoltenia.ro\/site\/biserica-adventista-din-puerto-rico-evalueaza-pagubele-produse-de-cutremure\/","name":"Biserica Adventist\u0103 din Puerto Rico evalueaz\u0103 pagubele produse de cutremure - Conferinta Oltenia","isPartOf":{"@id":"https:\/\/adventistoltenia.ro\/site\/#website"},"datePublished":"2020-01-10T01:11:24+00:00","dateModified":"2020-01-10T01:11:24+00:00","author":{"@id":"https:\/\/adventistoltenia.ro\/site\/#\/schema\/person\/81972d6ddcec064fcb37a129240ef9d7"},"breadcrumb":{"@id":"https:\/\/adventistoltenia.ro\/site\/biserica-adventista-din-puerto-rico-evalueaza-pagubele-produse-de-cutremure\/#breadcrumb"},"inLanguage":"en-US","potentialAction":[{"@type":"ReadAction","target":["https:\/\/adventistoltenia.ro\/site\/biserica-adventista-din-puerto-rico-evalueaza-pagubele-produse-de-cutremure\/"]}]},{"@type":"BreadcrumbList","@id":"https:\/\/adventistoltenia.ro\/site\/biserica-adventista-din-puerto-rico-evalueaza-pagubele-produse-de-cutremure\/#breadcrumb","itemListElement":[{"@type":"ListItem","position":1,"name":"Home","item":"https:\/\/adventistoltenia.ro\/site\/"},{"@type":"ListItem","position":2,"name":"Biserica Adventist\u0103 din Puerto Rico evalueaz\u0103 pagubele produse de cutremure"}]},{"@type":"WebSite","@id":"https:\/\/adventistoltenia.ro\/site\/#website","url":"https:\/\/adventistoltenia.ro\/site\/","name":"Conferinta Oltenia","description":"Biserica Adventista de Ziua a Saptea","potentialAction":[{"@type":"SearchAction","target":{"@type":"EntryPoint","urlTemplate":"https:\/\/adventistoltenia.ro\/site\/?s={search_term_string}"},"query-input":"required name=search_term_string"}],"inLanguage":"en-US"},{"@type":"Person","@id":"https:\/\/adventistoltenia.ro\/site\/#\/schema\/person\/81972d6ddcec064fcb37a129240ef9d7","name":"Conferinta Oltenia","image":{"@type":"ImageObject","inLanguage":"en-US","@id":"https:\/\/adventistoltenia.ro\/site\/#\/schema\/person\/image\/","url":"https:\/\/secure.gravatar.com\/avatar\/ebe92ec22e2e53a8eb79d6b52b724e27?s=96&d=mm&r=g","contentUrl":"https:\/\/secure.gravatar.com\/avatar\/ebe92ec22e2e53a8eb79d6b52b724e27?s=96&d=mm&r=g","caption":"Conferinta Oltenia"},"url":"https:\/\/adventistoltenia.ro\/site\/author\/adm1n\/"}]}},"_links":{"self":[{"href":"https:\/\/adventistoltenia.ro\/site\/wp-json\/wp\/v2\/posts\/3159"}],"collection":[{"href":"https:\/\/adventistoltenia.ro\/site\/wp-json\/wp\/v2\/posts"}],"about":[{"href":"https:\/\/adventistoltenia.ro\/site\/wp-json\/wp\/v2\/types\/post"}],"author":[{"embeddable":true,"href":"https:\/\/adventistoltenia.ro\/site\/wp-json\/wp\/v2\/users\/2"}],"replies":[{"embeddable":true,"href":"https:\/\/adventistoltenia.ro\/site\/wp-json\/wp\/v2\/comments?post=3159"}],"version-history":[{"count":0,"href":"https:\/\/adventistoltenia.ro\/site\/wp-json\/wp\/v2\/posts\/3159\/revisions"}],"wp:attachment":[{"href":"https:\/\/adventistoltenia.ro\/site\/wp-json\/wp\/v2\/media?parent=3159"}],"wp:term":[{"taxonomy":"category","embeddable":true,"href":"https:\/\/adventistoltenia.ro\/site\/wp-json\/wp\/v2\/categories?post=3159"},{"taxonomy":"post_tag","embeddable":true,"href":"https:\/\/adventistoltenia.ro\/site\/wp-json\/wp\/v2\/tags?post=3159"}],"curies":[{"name":"wp","href":"https:\/\/api.w.org\/{rel}","templated":true}]}}