{"id":3160,"date":"2020-01-13T01:29:18","date_gmt":"2020-01-13T01:29:18","guid":{"rendered":"http:\/\/adventistoltenia.ro\/site\/sugestii-de-lectura-istoria-si-filozofia-ei\/"},"modified":"2020-01-13T01:29:18","modified_gmt":"2020-01-13T01:29:18","slug":"sugestii-de-lectura-istoria-si-filozofia-ei","status":"publish","type":"post","link":"https:\/\/adventistoltenia.ro\/site\/sugestii-de-lectura-istoria-si-filozofia-ei\/","title":{"rendered":"Sugestii de lectur\u0103 \u2013 Istoria \u0219i filozofia ei"},"content":{"rendered":"<div>\n<p>Educa\u021bia este marea durere a Rom\u00e2niei \u0219i nu numai a ei. De 30 de ani \u00een peisajul sistemelor de educa\u021bie din Rom\u00e2nia a ap\u0103rut \u0219i educa\u021bia religioas\u0103 de mas\u0103\u2026<\/p>\n<p>EDUCA\u021aIA CRE\u0218TIN\u0102 \u2013 ISTORIA \u0218I FILOZOFIA EI, de Kenneth O. Gangel \u0219i Warren S. Benson, Editura Cartea Cre\u0219tin\u0103, 1994\u2026<\/p>\n<p><strong>Kenneth O Grangel<\/strong> este pre\u0219edintele catedrei de <em>Educa\u021bie Cre\u0219tin\u0103<\/em> de la <em>Dallas Theological Seminary<\/em>. A absolvit un <em>Master \u00een Teologie <\/em>la <em>Grace Theological Seminary<\/em>, un <em>Master \u00een Litere \u0219i Filozofie <\/em>la <em>Fuller Seminary<\/em> \u0219i un <em>Doctorat \u00een Filozofie<\/em> la <em>University of Missouri<\/em>.<\/p>\n<p><strong>Warren S. Benson<\/strong> este vicepre\u0219edintele consiliului de conducere \u0219i profesor de <em>Educa\u021bie Cre\u0219tin\u0103<\/em> la <em>Trinity Evanghelical Divinity School<\/em>. A absolvit un <em>Master \u00een Teologie<\/em> la <em>Dallas Theological Seminary<\/em> \u0219i un <em>Doctorat \u00een Filozofie<\/em> la <em>Loyola University<\/em>.<\/p>\n<p>\u00cen Introducea acestui volum, autorii precizeaz\u0103: \u201eO istorie a educa\u021biei cre\u0219tine nu trebuie confundat\u0103 cu o consemnare a realiz\u0103rilor \u0219colii duminicale. Disciplina a avansat, dep\u0103\u0219ind cu mult acel stadiu, iar ast\u0103zi studen\u021bii nu mai sunt at\u00e2t de naivi s\u0103 nu \u00een\u021beleag\u0103 foarte bine c\u0103 nu se mai poate concepe no\u021biunea de istorie \u0219i filozofie a educa\u021biei cre\u0219tine f\u0103r\u0103 a vedea toate ramifica\u021biile, implica\u021biile \u0219i influen\u021bele care au afectat-o din epoca precre\u0219tin\u0103 \u0219i p\u00e2n\u0103 ast\u0103zi.<\/p>\n<p>Am \u00eencercat s\u0103 facem ca acest volum s\u0103 fie at\u00e2t logic c\u00e2t \u0219i pl\u0103cut \u0219i u\u0219or de citit \u2013 logic \u00een sensul c\u0103 cea mai bun\u0103 abordare a analizei fluxului de g\u00e2ndire pare s\u0103 fie o combina\u021bie de cronologie \u0219i biografie. Fire\u0219te c\u0103 exist\u0103 suprapuneri par\u021biale, atunci c\u00e2nd e necesar s\u0103 lu\u0103m \u00een considerare anumite evenimente din diferite p\u0103r\u021bi ale lumii, care au avut loc \u00een aceea\u0219i perioad\u0103 de timp.<\/p>\n<p>Volumul este conceput s\u0103 fie pl\u0103cut \u0219i u\u0219or de citit at\u00e2t pentru studen\u021bii universitari c\u00e2t \u0219i pentru cei care fac studii post universitare, prin aceea c\u0103 el subliniaz\u0103 faptul c\u0103 oamenii influen\u021beaz\u0103 g\u00e2ndirea \u0219i f\u0103uresc istoria. Fiecare capitol se concentreaz\u0103 asupra concep\u021biilor acelor persoane care au influen\u021bat sau au fost influen\u021bate de conceptele educa\u021bionale cre\u0219tine. Cititorii sunt ruga\u021bi s\u0103 re\u021bin\u0103 premisa c\u0103 este esen\u021bial\u0103 o dezvoltare treptat\u0103 \u0219i o clarificare a ideilor de-a lungul anilor. Cum am ajuns de la <em>Platon <\/em>la pietism ? Ce leg\u0103tur\u0103 este \u00eentre <em>Aristorel<\/em> \u0219i <em>Augustin<\/em> sau \u00eentre Augustin \u0219i <em>d\u2019Aquino<\/em> ? Ce anume din perioada Rena\u0219terii, a Reformei sau a Iluminismului ne ofer\u0103 modele de g\u00e2ndire \u0219i \u00een\u021belegere pentru a analiza lumea de la sf\u00e2r\u021bitul secolului al XX-lea ? Acest gen de \u00eentreb\u0103ri fac ca o istorie a ideilor educative s\u0103 prezinte o mare importan\u021b\u0103.\u201d(p.11).<\/p>\n<p>Cartea are 18 capitole, acoperind perioada de la Noul Testament la contemporaneitate. Este alc\u0103tuit\u0103 \u00een ordine cronologic\u0103 \u0219i \u00eencearc\u0103 s\u0103 se opreasc\u0103 asupra acelor epoci \u0219i personaje care au marcat decisiv istoria educa\u021biei cre\u0219tine.<\/p>\n<p>Volumul abordeaz\u0103 dintr-o perspectiv\u0103 cuprinz\u0103toare istoria educa\u021biei cre\u0219tine, integr\u00e2nd-o \u00een istoria cuprinz\u0103toare a Bisericii Cre\u0219tine. Iat\u0103 ce spun autorii despre starea actual\u0103 a Bisericii Cre\u0219tine: \u201eBiserica, de\u0219i nu vibreaz\u0103 \u0219i nu este pe deplin s\u0103n\u0103toas\u0103, este cel pu\u021bin vie \u0219i func\u021bioneaz\u0103. \u00cen anumite privin\u021be ea este chiar s\u0103n\u0103toas\u0103. Dar este s\u0103n\u0103toas\u0103 doar acolo unde teologia a rezistat tendin\u021bei de secularizare \u0219i s-a dedicat revela\u021biei biblice a Bisericii.\u201d(p.340)<\/p>\n<p>Pentru cititorul care cite\u0219te aceast\u0103 carte este folositor s\u0103 fac\u0103 \u0219i o compara\u021bie cu educa\u021bia promovat\u0103 de propria sa denomina\u021biune\u2026<\/p>\n<p>Lectur\u0103 instructiv\u0103\u2026<\/p>\n<p>Dr. Valeriu Petrescu<\/p>\n<\/div>\n<p class=\"wpematico_credit\"><small>Powered by <a href=\"http:\/\/www.wpematico.com\" target=\"_blank\" rel=\"noopener noreferrer\">WPeMatico<\/a><\/small><\/p>\n ","protected":false},"excerpt":{"rendered":"<p>Educa\u021bia este marea durere a Rom\u00e2niei \u0219i nu numai a ei. De 30 de ani \u00een peisajul sistemelor de educa\u021bie din Rom\u00e2nia a ap\u0103rut \u0219i educa\u021bia religioas\u0103 de mas\u0103\u2026 EDUCA\u021aIA CRE\u0218TIN\u0102 \u2013 ISTORIA \u0218I FILOZOFIA EI, de Kenneth O. Gangel \u0219i Warren S. Benson, Editura Cartea Cre\u0219tin\u0103, 1994\u2026 Kenneth O Grangel este pre\u0219edintele catedrei de &hellip; <a href=\"https:\/\/adventistoltenia.ro\/site\/sugestii-de-lectura-istoria-si-filozofia-ei\/\">Continued<\/a><\/p>\n","protected":false},"author":2,"featured_media":0,"comment_status":"open","ping_status":"closed","sticky":false,"template":"","format":"standard","meta":[],"categories":[71],"tags":[],"yoast_head":"<!-- This site is optimized with the Yoast SEO plugin v20.3 - https:\/\/yoast.com\/wordpress\/plugins\/seo\/ -->\n<title>Sugestii de lectur\u0103 \u2013 Istoria \u0219i filozofia ei - Conferinta Oltenia<\/title>\n<meta name=\"robots\" content=\"index, follow, max-snippet:-1, max-image-preview:large, max-video-preview:-1\" \/>\n<link rel=\"canonical\" href=\"https:\/\/adventistoltenia.ro\/site\/sugestii-de-lectura-istoria-si-filozofia-ei\/\" \/>\n<meta property=\"og:locale\" content=\"en_US\" \/>\n<meta property=\"og:type\" content=\"article\" \/>\n<meta property=\"og:title\" content=\"Sugestii de lectur\u0103 \u2013 Istoria \u0219i filozofia ei - Conferinta Oltenia\" \/>\n<meta property=\"og:description\" content=\"Educa\u021bia este marea durere a Rom\u00e2niei \u0219i nu numai a ei. De 30 de ani \u00een peisajul sistemelor de educa\u021bie din Rom\u00e2nia a ap\u0103rut \u0219i educa\u021bia religioas\u0103 de mas\u0103\u2026 EDUCA\u021aIA CRE\u0218TIN\u0102 \u2013 ISTORIA \u0218I FILOZOFIA EI, de Kenneth O. Gangel \u0219i Warren S. Benson, Editura Cartea Cre\u0219tin\u0103, 1994\u2026 Kenneth O Grangel este pre\u0219edintele catedrei de &hellip; Continued\" \/>\n<meta property=\"og:url\" content=\"https:\/\/adventistoltenia.ro\/site\/sugestii-de-lectura-istoria-si-filozofia-ei\/\" \/>\n<meta property=\"og:site_name\" content=\"Conferinta Oltenia\" \/>\n<meta property=\"article:published_time\" content=\"2020-01-13T01:29:18+00:00\" \/>\n<meta name=\"author\" content=\"Conferinta Oltenia\" \/>\n<meta name=\"twitter:card\" content=\"summary_large_image\" \/>\n<meta name=\"twitter:label1\" content=\"Written by\" \/>\n\t<meta name=\"twitter:data1\" content=\"Conferinta Oltenia\" \/>\n\t<meta name=\"twitter:label2\" content=\"Est. reading time\" \/>\n\t<meta name=\"twitter:data2\" content=\"3 minutes\" \/>\n<script type=\"application\/ld+json\" class=\"yoast-schema-graph\">{\"@context\":\"https:\/\/schema.org\",\"@graph\":[{\"@type\":\"WebPage\",\"@id\":\"https:\/\/adventistoltenia.ro\/site\/sugestii-de-lectura-istoria-si-filozofia-ei\/\",\"url\":\"https:\/\/adventistoltenia.ro\/site\/sugestii-de-lectura-istoria-si-filozofia-ei\/\",\"name\":\"Sugestii de lectur\u0103 \u2013 Istoria \u0219i filozofia ei - Conferinta Oltenia\",\"isPartOf\":{\"@id\":\"https:\/\/adventistoltenia.ro\/site\/#website\"},\"datePublished\":\"2020-01-13T01:29:18+00:00\",\"dateModified\":\"2020-01-13T01:29:18+00:00\",\"author\":{\"@id\":\"https:\/\/adventistoltenia.ro\/site\/#\/schema\/person\/81972d6ddcec064fcb37a129240ef9d7\"},\"breadcrumb\":{\"@id\":\"https:\/\/adventistoltenia.ro\/site\/sugestii-de-lectura-istoria-si-filozofia-ei\/#breadcrumb\"},\"inLanguage\":\"en-US\",\"potentialAction\":[{\"@type\":\"ReadAction\",\"target\":[\"https:\/\/adventistoltenia.ro\/site\/sugestii-de-lectura-istoria-si-filozofia-ei\/\"]}]},{\"@type\":\"BreadcrumbList\",\"@id\":\"https:\/\/adventistoltenia.ro\/site\/sugestii-de-lectura-istoria-si-filozofia-ei\/#breadcrumb\",\"itemListElement\":[{\"@type\":\"ListItem\",\"position\":1,\"name\":\"Home\",\"item\":\"https:\/\/adventistoltenia.ro\/site\/\"},{\"@type\":\"ListItem\",\"position\":2,\"name\":\"Sugestii de lectur\u0103 \u2013 Istoria \u0219i filozofia ei\"}]},{\"@type\":\"WebSite\",\"@id\":\"https:\/\/adventistoltenia.ro\/site\/#website\",\"url\":\"https:\/\/adventistoltenia.ro\/site\/\",\"name\":\"Conferinta Oltenia\",\"description\":\"Biserica Adventista de Ziua a Saptea\",\"potentialAction\":[{\"@type\":\"SearchAction\",\"target\":{\"@type\":\"EntryPoint\",\"urlTemplate\":\"https:\/\/adventistoltenia.ro\/site\/?s={search_term_string}\"},\"query-input\":\"required name=search_term_string\"}],\"inLanguage\":\"en-US\"},{\"@type\":\"Person\",\"@id\":\"https:\/\/adventistoltenia.ro\/site\/#\/schema\/person\/81972d6ddcec064fcb37a129240ef9d7\",\"name\":\"Conferinta Oltenia\",\"image\":{\"@type\":\"ImageObject\",\"inLanguage\":\"en-US\",\"@id\":\"https:\/\/adventistoltenia.ro\/site\/#\/schema\/person\/image\/\",\"url\":\"https:\/\/secure.gravatar.com\/avatar\/ebe92ec22e2e53a8eb79d6b52b724e27?s=96&d=mm&r=g\",\"contentUrl\":\"https:\/\/secure.gravatar.com\/avatar\/ebe92ec22e2e53a8eb79d6b52b724e27?s=96&d=mm&r=g\",\"caption\":\"Conferinta Oltenia\"},\"url\":\"https:\/\/adventistoltenia.ro\/site\/author\/adm1n\/\"}]}<\/script>\n<!-- \/ Yoast SEO plugin. -->","yoast_head_json":{"title":"Sugestii de lectur\u0103 \u2013 Istoria \u0219i filozofia ei - Conferinta Oltenia","robots":{"index":"index","follow":"follow","max-snippet":"max-snippet:-1","max-image-preview":"max-image-preview:large","max-video-preview":"max-video-preview:-1"},"canonical":"https:\/\/adventistoltenia.ro\/site\/sugestii-de-lectura-istoria-si-filozofia-ei\/","og_locale":"en_US","og_type":"article","og_title":"Sugestii de lectur\u0103 \u2013 Istoria \u0219i filozofia ei - Conferinta Oltenia","og_description":"Educa\u021bia este marea durere a Rom\u00e2niei \u0219i nu numai a ei. De 30 de ani \u00een peisajul sistemelor de educa\u021bie din Rom\u00e2nia a ap\u0103rut \u0219i educa\u021bia religioas\u0103 de mas\u0103\u2026 EDUCA\u021aIA CRE\u0218TIN\u0102 \u2013 ISTORIA \u0218I FILOZOFIA EI, de Kenneth O. Gangel \u0219i Warren S. Benson, Editura Cartea Cre\u0219tin\u0103, 1994\u2026 Kenneth O Grangel este pre\u0219edintele catedrei de &hellip; Continued","og_url":"https:\/\/adventistoltenia.ro\/site\/sugestii-de-lectura-istoria-si-filozofia-ei\/","og_site_name":"Conferinta Oltenia","article_published_time":"2020-01-13T01:29:18+00:00","author":"Conferinta Oltenia","twitter_card":"summary_large_image","twitter_misc":{"Written by":"Conferinta Oltenia","Est. reading time":"3 minutes"},"schema":{"@context":"https:\/\/schema.org","@graph":[{"@type":"WebPage","@id":"https:\/\/adventistoltenia.ro\/site\/sugestii-de-lectura-istoria-si-filozofia-ei\/","url":"https:\/\/adventistoltenia.ro\/site\/sugestii-de-lectura-istoria-si-filozofia-ei\/","name":"Sugestii de lectur\u0103 \u2013 Istoria \u0219i filozofia ei - Conferinta Oltenia","isPartOf":{"@id":"https:\/\/adventistoltenia.ro\/site\/#website"},"datePublished":"2020-01-13T01:29:18+00:00","dateModified":"2020-01-13T01:29:18+00:00","author":{"@id":"https:\/\/adventistoltenia.ro\/site\/#\/schema\/person\/81972d6ddcec064fcb37a129240ef9d7"},"breadcrumb":{"@id":"https:\/\/adventistoltenia.ro\/site\/sugestii-de-lectura-istoria-si-filozofia-ei\/#breadcrumb"},"inLanguage":"en-US","potentialAction":[{"@type":"ReadAction","target":["https:\/\/adventistoltenia.ro\/site\/sugestii-de-lectura-istoria-si-filozofia-ei\/"]}]},{"@type":"BreadcrumbList","@id":"https:\/\/adventistoltenia.ro\/site\/sugestii-de-lectura-istoria-si-filozofia-ei\/#breadcrumb","itemListElement":[{"@type":"ListItem","position":1,"name":"Home","item":"https:\/\/adventistoltenia.ro\/site\/"},{"@type":"ListItem","position":2,"name":"Sugestii de lectur\u0103 \u2013 Istoria \u0219i filozofia ei"}]},{"@type":"WebSite","@id":"https:\/\/adventistoltenia.ro\/site\/#website","url":"https:\/\/adventistoltenia.ro\/site\/","name":"Conferinta Oltenia","description":"Biserica Adventista de Ziua a Saptea","potentialAction":[{"@type":"SearchAction","target":{"@type":"EntryPoint","urlTemplate":"https:\/\/adventistoltenia.ro\/site\/?s={search_term_string}"},"query-input":"required name=search_term_string"}],"inLanguage":"en-US"},{"@type":"Person","@id":"https:\/\/adventistoltenia.ro\/site\/#\/schema\/person\/81972d6ddcec064fcb37a129240ef9d7","name":"Conferinta Oltenia","image":{"@type":"ImageObject","inLanguage":"en-US","@id":"https:\/\/adventistoltenia.ro\/site\/#\/schema\/person\/image\/","url":"https:\/\/secure.gravatar.com\/avatar\/ebe92ec22e2e53a8eb79d6b52b724e27?s=96&d=mm&r=g","contentUrl":"https:\/\/secure.gravatar.com\/avatar\/ebe92ec22e2e53a8eb79d6b52b724e27?s=96&d=mm&r=g","caption":"Conferinta Oltenia"},"url":"https:\/\/adventistoltenia.ro\/site\/author\/adm1n\/"}]}},"_links":{"self":[{"href":"https:\/\/adventistoltenia.ro\/site\/wp-json\/wp\/v2\/posts\/3160"}],"collection":[{"href":"https:\/\/adventistoltenia.ro\/site\/wp-json\/wp\/v2\/posts"}],"about":[{"href":"https:\/\/adventistoltenia.ro\/site\/wp-json\/wp\/v2\/types\/post"}],"author":[{"embeddable":true,"href":"https:\/\/adventistoltenia.ro\/site\/wp-json\/wp\/v2\/users\/2"}],"replies":[{"embeddable":true,"href":"https:\/\/adventistoltenia.ro\/site\/wp-json\/wp\/v2\/comments?post=3160"}],"version-history":[{"count":0,"href":"https:\/\/adventistoltenia.ro\/site\/wp-json\/wp\/v2\/posts\/3160\/revisions"}],"wp:attachment":[{"href":"https:\/\/adventistoltenia.ro\/site\/wp-json\/wp\/v2\/media?parent=3160"}],"wp:term":[{"taxonomy":"category","embeddable":true,"href":"https:\/\/adventistoltenia.ro\/site\/wp-json\/wp\/v2\/categories?post=3160"},{"taxonomy":"post_tag","embeddable":true,"href":"https:\/\/adventistoltenia.ro\/site\/wp-json\/wp\/v2\/tags?post=3160"}],"curies":[{"name":"wp","href":"https:\/\/api.w.org\/{rel}","templated":true}]}}