{"id":3162,"date":"2020-01-14T01:08:56","date_gmt":"2020-01-14T01:08:56","guid":{"rendered":"http:\/\/adventistoltenia.ro\/site\/apel-la-rugaciune-al-presedintelui-ted-n-c-wilson-pentru-situatia-tensionata-produsa-de-vulcanul-taal-in-filipine\/"},"modified":"2020-01-14T01:08:56","modified_gmt":"2020-01-14T01:08:56","slug":"apel-la-rugaciune-al-presedintelui-ted-n-c-wilson-pentru-situatia-tensionata-produsa-de-vulcanul-taal-in-filipine","status":"publish","type":"post","link":"https:\/\/adventistoltenia.ro\/site\/apel-la-rugaciune-al-presedintelui-ted-n-c-wilson-pentru-situatia-tensionata-produsa-de-vulcanul-taal-in-filipine\/","title":{"rendered":"Apel la rug\u0103ciune al pre\u0219edintelui Ted N.C. Wilson pentru situa\u021bia tensionat\u0103 produs\u0103 de vulcanul Taal \u00een Filipine"},"content":{"rendered":"<div>\n<p>O alt\u0103 chemare la rug\u0103ciune este f\u0103cut\u0103 de pastorul Ted N.C. Wilson, pre\u0219edintele Bisericii Adventiste de Ziua a \u0218aptea din Rom\u00e2nia, \u00een aceste momente \u00een care un vulcan din Filipine amenin\u021b\u0103 s\u0103 produc\u0103 pagube multe.<\/p>\n<p>\u00cen data de 12 Ianuarie 2020 vulcanul Taal, al doilea vulcan activ din Filipine, a \u00eenceput s\u0103 trimit\u0103 nori negri plini de cenu\u0219\u0103 \u00een atmosfer\u0103. Autorit\u0103\u021bile avertizeaz\u0103 popula\u021bia \u00een leg\u0103tur\u0103 cu un posibil tsunami, iar nivelul de alert\u0103 a fost ridicat de la 3 la 4 (maximul fiind 5).<\/p>\n<p>\u00cengrijorat de situa\u021bia ap\u0103rut\u0103, pastorul Ted N.C. Wilson a scris o postare pe pagina de facebook personal\u0103. Acesta \u00eendeamn\u0103 la rug\u0103ciune pentru interven\u021bia divin\u0103.<\/p>\n<p>\u201e\u00cen timpul celor 10 Zile de Rug\u0103ciune Mondiale, continua\u021bi s\u0103 v\u0103 ruga\u021bi pentru oamenii no\u0219tri dragi din Filipine incluz\u00e2nd pe cei care se afl\u0103 la sediul Diviziunii Asia-Pacific de Sud, \u00een Institutul Interna\u021bional Adventist pentru Studii Avansate, \u00een Universitatea Adventist\u0103 din Filipine, \u00een alte institu\u021bii \u0219i birouri adventiste din regiunea Manila; ruga\u021bi-v\u0103 pentru bisericile noastre, pentru membrii no\u0219tri, \u0219i pentru locuitorii care sunt afecta\u021bi de erup\u021biile Vulcanului Taal care se afl\u0103 la doar 20-25 km distan\u021b\u0103 de multe dintre institu\u021biile adventiste. Vulcanul erupe \u0219i ar putea deveni foarte activ. Cenu\u0219\u0103 cade pe p\u0103m\u00e2nt \u0219i un mare nor de fum s-a format deasupra lui.<\/p>\n<p>Uit\u00e2ndu-ne la imaginea global\u0103, putem vedea c\u0103 semnele celei de-a doua venirii a lui Dumnezeu sunt tot mai frecvente fiind sim\u021bite \u00een diferite locuri; evenimente dramatice au loc unul dup\u0103 altul a\u0219a cum s-a observat \u00een ultimele zile: incendiile din Australia, cutremurul din Puerto Rico, activitatea vulcanic\u0103 din Filipine. Cu toate c\u0103 exist\u0103 tendin\u021ba de a dramatiza excesiv aceste evenimente totu\u0219i ele sunt semne sigure, a\u0219a cum spune Biblia.<\/p>\n<p>At\u00e2t \u00een timpul celor 10 zile de rug\u0103ciune c\u00e2t \u0219i dup\u0103, ruga\u021bi-v\u0103 pentru oamenii din Australia, Puerto Rico, Filipine \u0219i din toat\u0103 lumea \u00een timp ce misiunea umanitar\u0103 prin s\u0103n\u0103tate ajunge la oameni vestind cea de-a doua venire a lui Cristos, puterea sa iubitoare \u0219i salvatoare, mesajul celor trei \u00eengeri din Apocalipsa 14, \u0219i mesajul celor patru \u00eengeri din Apocalipsa 18. Fie ca Dumnezeu s\u0103 v\u0103 binecuv\u00e2nteze misiunea \u0219i rug\u0103ciunile voastre pentru a transmite vestea cea bun\u0103 acolo unde sunte\u021bi. Ce privilegiu s\u0103 ne \u00eencredem \u00een Isus \u0219i s\u0103 fim parte din aceast\u0103 mi\u0219care advent\u0103 a timpului final. Ruga\u021bi-v\u0103 ne\u00eencetat pentru c\u0103derea ploii t\u00e2rzii \u0219i pentru preg\u0103tirea spiritual\u0103 a inimilor noastre \u00een vederea manifest\u0103rii puterii lui Dumnezeu \u00een a finaliza lucrarea astfel \u00eenc\u00e2t s\u0103 putem merge acas\u0103, \u00een ceruri. Maranatha!\u201d<\/p>\n<p><a href=\"https:\/\/www.facebook.com\/PastorTedWilson\/\" target=\"_blank\" rel=\"noopener noreferrer\">Pastor Ted Wilson<\/a><\/p>\n<\/div>\n<p class=\"wpematico_credit\"><small>Powered by <a href=\"http:\/\/www.wpematico.com\" target=\"_blank\" rel=\"noopener noreferrer\">WPeMatico<\/a><\/small><\/p>\n ","protected":false},"excerpt":{"rendered":"<p>O alt\u0103 chemare la rug\u0103ciune este f\u0103cut\u0103 de pastorul Ted N.C. Wilson, pre\u0219edintele Bisericii Adventiste de Ziua a \u0218aptea din Rom\u00e2nia, \u00een aceste momente \u00een care un vulcan din Filipine amenin\u021b\u0103 s\u0103 produc\u0103 pagube multe. \u00cen data de 12 Ianuarie 2020 vulcanul Taal, al doilea vulcan activ din Filipine, a \u00eenceput s\u0103 trimit\u0103 nori negri &hellip; <a href=\"https:\/\/adventistoltenia.ro\/site\/apel-la-rugaciune-al-presedintelui-ted-n-c-wilson-pentru-situatia-tensionata-produsa-de-vulcanul-taal-in-filipine\/\">Continued<\/a><\/p>\n","protected":false},"author":2,"featured_media":0,"comment_status":"open","ping_status":"closed","sticky":false,"template":"","format":"standard","meta":[],"categories":[71],"tags":[],"yoast_head":"<!-- This site is optimized with the Yoast SEO plugin v20.3 - https:\/\/yoast.com\/wordpress\/plugins\/seo\/ -->\n<title>Apel la rug\u0103ciune al pre\u0219edintelui Ted N.C. Wilson pentru situa\u021bia tensionat\u0103 produs\u0103 de vulcanul Taal \u00een Filipine - Conferinta Oltenia<\/title>\n<meta name=\"robots\" content=\"index, follow, max-snippet:-1, max-image-preview:large, max-video-preview:-1\" \/>\n<link rel=\"canonical\" href=\"https:\/\/adventistoltenia.ro\/site\/apel-la-rugaciune-al-presedintelui-ted-n-c-wilson-pentru-situatia-tensionata-produsa-de-vulcanul-taal-in-filipine\/\" \/>\n<meta property=\"og:locale\" content=\"en_US\" \/>\n<meta property=\"og:type\" content=\"article\" \/>\n<meta property=\"og:title\" content=\"Apel la rug\u0103ciune al pre\u0219edintelui Ted N.C. Wilson pentru situa\u021bia tensionat\u0103 produs\u0103 de vulcanul Taal \u00een Filipine - Conferinta Oltenia\" \/>\n<meta property=\"og:description\" content=\"O alt\u0103 chemare la rug\u0103ciune este f\u0103cut\u0103 de pastorul Ted N.C. Wilson, pre\u0219edintele Bisericii Adventiste de Ziua a \u0218aptea din Rom\u00e2nia, \u00een aceste momente \u00een care un vulcan din Filipine amenin\u021b\u0103 s\u0103 produc\u0103 pagube multe. \u00cen data de 12 Ianuarie 2020 vulcanul Taal, al doilea vulcan activ din Filipine, a \u00eenceput s\u0103 trimit\u0103 nori negri &hellip; Continued\" \/>\n<meta property=\"og:url\" content=\"https:\/\/adventistoltenia.ro\/site\/apel-la-rugaciune-al-presedintelui-ted-n-c-wilson-pentru-situatia-tensionata-produsa-de-vulcanul-taal-in-filipine\/\" \/>\n<meta property=\"og:site_name\" content=\"Conferinta Oltenia\" \/>\n<meta property=\"article:published_time\" content=\"2020-01-14T01:08:56+00:00\" \/>\n<meta name=\"author\" content=\"Conferinta Oltenia\" \/>\n<meta name=\"twitter:card\" content=\"summary_large_image\" \/>\n<meta name=\"twitter:label1\" content=\"Written by\" \/>\n\t<meta name=\"twitter:data1\" content=\"Conferinta Oltenia\" \/>\n\t<meta name=\"twitter:label2\" content=\"Est. reading time\" \/>\n\t<meta name=\"twitter:data2\" content=\"2 minutes\" \/>\n<script type=\"application\/ld+json\" class=\"yoast-schema-graph\">{\"@context\":\"https:\/\/schema.org\",\"@graph\":[{\"@type\":\"WebPage\",\"@id\":\"https:\/\/adventistoltenia.ro\/site\/apel-la-rugaciune-al-presedintelui-ted-n-c-wilson-pentru-situatia-tensionata-produsa-de-vulcanul-taal-in-filipine\/\",\"url\":\"https:\/\/adventistoltenia.ro\/site\/apel-la-rugaciune-al-presedintelui-ted-n-c-wilson-pentru-situatia-tensionata-produsa-de-vulcanul-taal-in-filipine\/\",\"name\":\"Apel la rug\u0103ciune al pre\u0219edintelui Ted N.C. Wilson pentru situa\u021bia tensionat\u0103 produs\u0103 de vulcanul Taal \u00een Filipine - Conferinta Oltenia\",\"isPartOf\":{\"@id\":\"https:\/\/adventistoltenia.ro\/site\/#website\"},\"datePublished\":\"2020-01-14T01:08:56+00:00\",\"dateModified\":\"2020-01-14T01:08:56+00:00\",\"author\":{\"@id\":\"https:\/\/adventistoltenia.ro\/site\/#\/schema\/person\/81972d6ddcec064fcb37a129240ef9d7\"},\"breadcrumb\":{\"@id\":\"https:\/\/adventistoltenia.ro\/site\/apel-la-rugaciune-al-presedintelui-ted-n-c-wilson-pentru-situatia-tensionata-produsa-de-vulcanul-taal-in-filipine\/#breadcrumb\"},\"inLanguage\":\"en-US\",\"potentialAction\":[{\"@type\":\"ReadAction\",\"target\":[\"https:\/\/adventistoltenia.ro\/site\/apel-la-rugaciune-al-presedintelui-ted-n-c-wilson-pentru-situatia-tensionata-produsa-de-vulcanul-taal-in-filipine\/\"]}]},{\"@type\":\"BreadcrumbList\",\"@id\":\"https:\/\/adventistoltenia.ro\/site\/apel-la-rugaciune-al-presedintelui-ted-n-c-wilson-pentru-situatia-tensionata-produsa-de-vulcanul-taal-in-filipine\/#breadcrumb\",\"itemListElement\":[{\"@type\":\"ListItem\",\"position\":1,\"name\":\"Home\",\"item\":\"https:\/\/adventistoltenia.ro\/site\/\"},{\"@type\":\"ListItem\",\"position\":2,\"name\":\"Apel la rug\u0103ciune al pre\u0219edintelui Ted N.C. Wilson pentru situa\u021bia tensionat\u0103 produs\u0103 de vulcanul Taal \u00een Filipine\"}]},{\"@type\":\"WebSite\",\"@id\":\"https:\/\/adventistoltenia.ro\/site\/#website\",\"url\":\"https:\/\/adventistoltenia.ro\/site\/\",\"name\":\"Conferinta Oltenia\",\"description\":\"Biserica Adventista de Ziua a Saptea\",\"potentialAction\":[{\"@type\":\"SearchAction\",\"target\":{\"@type\":\"EntryPoint\",\"urlTemplate\":\"https:\/\/adventistoltenia.ro\/site\/?s={search_term_string}\"},\"query-input\":\"required name=search_term_string\"}],\"inLanguage\":\"en-US\"},{\"@type\":\"Person\",\"@id\":\"https:\/\/adventistoltenia.ro\/site\/#\/schema\/person\/81972d6ddcec064fcb37a129240ef9d7\",\"name\":\"Conferinta Oltenia\",\"image\":{\"@type\":\"ImageObject\",\"inLanguage\":\"en-US\",\"@id\":\"https:\/\/adventistoltenia.ro\/site\/#\/schema\/person\/image\/\",\"url\":\"https:\/\/secure.gravatar.com\/avatar\/ebe92ec22e2e53a8eb79d6b52b724e27?s=96&d=mm&r=g\",\"contentUrl\":\"https:\/\/secure.gravatar.com\/avatar\/ebe92ec22e2e53a8eb79d6b52b724e27?s=96&d=mm&r=g\",\"caption\":\"Conferinta Oltenia\"},\"url\":\"https:\/\/adventistoltenia.ro\/site\/author\/adm1n\/\"}]}<\/script>\n<!-- \/ Yoast SEO plugin. -->","yoast_head_json":{"title":"Apel la rug\u0103ciune al pre\u0219edintelui Ted N.C. Wilson pentru situa\u021bia tensionat\u0103 produs\u0103 de vulcanul Taal \u00een Filipine - Conferinta Oltenia","robots":{"index":"index","follow":"follow","max-snippet":"max-snippet:-1","max-image-preview":"max-image-preview:large","max-video-preview":"max-video-preview:-1"},"canonical":"https:\/\/adventistoltenia.ro\/site\/apel-la-rugaciune-al-presedintelui-ted-n-c-wilson-pentru-situatia-tensionata-produsa-de-vulcanul-taal-in-filipine\/","og_locale":"en_US","og_type":"article","og_title":"Apel la rug\u0103ciune al pre\u0219edintelui Ted N.C. Wilson pentru situa\u021bia tensionat\u0103 produs\u0103 de vulcanul Taal \u00een Filipine - Conferinta Oltenia","og_description":"O alt\u0103 chemare la rug\u0103ciune este f\u0103cut\u0103 de pastorul Ted N.C. Wilson, pre\u0219edintele Bisericii Adventiste de Ziua a \u0218aptea din Rom\u00e2nia, \u00een aceste momente \u00een care un vulcan din Filipine amenin\u021b\u0103 s\u0103 produc\u0103 pagube multe. \u00cen data de 12 Ianuarie 2020 vulcanul Taal, al doilea vulcan activ din Filipine, a \u00eenceput s\u0103 trimit\u0103 nori negri &hellip; Continued","og_url":"https:\/\/adventistoltenia.ro\/site\/apel-la-rugaciune-al-presedintelui-ted-n-c-wilson-pentru-situatia-tensionata-produsa-de-vulcanul-taal-in-filipine\/","og_site_name":"Conferinta Oltenia","article_published_time":"2020-01-14T01:08:56+00:00","author":"Conferinta Oltenia","twitter_card":"summary_large_image","twitter_misc":{"Written by":"Conferinta Oltenia","Est. reading time":"2 minutes"},"schema":{"@context":"https:\/\/schema.org","@graph":[{"@type":"WebPage","@id":"https:\/\/adventistoltenia.ro\/site\/apel-la-rugaciune-al-presedintelui-ted-n-c-wilson-pentru-situatia-tensionata-produsa-de-vulcanul-taal-in-filipine\/","url":"https:\/\/adventistoltenia.ro\/site\/apel-la-rugaciune-al-presedintelui-ted-n-c-wilson-pentru-situatia-tensionata-produsa-de-vulcanul-taal-in-filipine\/","name":"Apel la rug\u0103ciune al pre\u0219edintelui Ted N.C. Wilson pentru situa\u021bia tensionat\u0103 produs\u0103 de vulcanul Taal \u00een Filipine - Conferinta Oltenia","isPartOf":{"@id":"https:\/\/adventistoltenia.ro\/site\/#website"},"datePublished":"2020-01-14T01:08:56+00:00","dateModified":"2020-01-14T01:08:56+00:00","author":{"@id":"https:\/\/adventistoltenia.ro\/site\/#\/schema\/person\/81972d6ddcec064fcb37a129240ef9d7"},"breadcrumb":{"@id":"https:\/\/adventistoltenia.ro\/site\/apel-la-rugaciune-al-presedintelui-ted-n-c-wilson-pentru-situatia-tensionata-produsa-de-vulcanul-taal-in-filipine\/#breadcrumb"},"inLanguage":"en-US","potentialAction":[{"@type":"ReadAction","target":["https:\/\/adventistoltenia.ro\/site\/apel-la-rugaciune-al-presedintelui-ted-n-c-wilson-pentru-situatia-tensionata-produsa-de-vulcanul-taal-in-filipine\/"]}]},{"@type":"BreadcrumbList","@id":"https:\/\/adventistoltenia.ro\/site\/apel-la-rugaciune-al-presedintelui-ted-n-c-wilson-pentru-situatia-tensionata-produsa-de-vulcanul-taal-in-filipine\/#breadcrumb","itemListElement":[{"@type":"ListItem","position":1,"name":"Home","item":"https:\/\/adventistoltenia.ro\/site\/"},{"@type":"ListItem","position":2,"name":"Apel la rug\u0103ciune al pre\u0219edintelui Ted N.C. Wilson pentru situa\u021bia tensionat\u0103 produs\u0103 de vulcanul Taal \u00een Filipine"}]},{"@type":"WebSite","@id":"https:\/\/adventistoltenia.ro\/site\/#website","url":"https:\/\/adventistoltenia.ro\/site\/","name":"Conferinta Oltenia","description":"Biserica Adventista de Ziua a Saptea","potentialAction":[{"@type":"SearchAction","target":{"@type":"EntryPoint","urlTemplate":"https:\/\/adventistoltenia.ro\/site\/?s={search_term_string}"},"query-input":"required name=search_term_string"}],"inLanguage":"en-US"},{"@type":"Person","@id":"https:\/\/adventistoltenia.ro\/site\/#\/schema\/person\/81972d6ddcec064fcb37a129240ef9d7","name":"Conferinta Oltenia","image":{"@type":"ImageObject","inLanguage":"en-US","@id":"https:\/\/adventistoltenia.ro\/site\/#\/schema\/person\/image\/","url":"https:\/\/secure.gravatar.com\/avatar\/ebe92ec22e2e53a8eb79d6b52b724e27?s=96&d=mm&r=g","contentUrl":"https:\/\/secure.gravatar.com\/avatar\/ebe92ec22e2e53a8eb79d6b52b724e27?s=96&d=mm&r=g","caption":"Conferinta Oltenia"},"url":"https:\/\/adventistoltenia.ro\/site\/author\/adm1n\/"}]}},"_links":{"self":[{"href":"https:\/\/adventistoltenia.ro\/site\/wp-json\/wp\/v2\/posts\/3162"}],"collection":[{"href":"https:\/\/adventistoltenia.ro\/site\/wp-json\/wp\/v2\/posts"}],"about":[{"href":"https:\/\/adventistoltenia.ro\/site\/wp-json\/wp\/v2\/types\/post"}],"author":[{"embeddable":true,"href":"https:\/\/adventistoltenia.ro\/site\/wp-json\/wp\/v2\/users\/2"}],"replies":[{"embeddable":true,"href":"https:\/\/adventistoltenia.ro\/site\/wp-json\/wp\/v2\/comments?post=3162"}],"version-history":[{"count":0,"href":"https:\/\/adventistoltenia.ro\/site\/wp-json\/wp\/v2\/posts\/3162\/revisions"}],"wp:attachment":[{"href":"https:\/\/adventistoltenia.ro\/site\/wp-json\/wp\/v2\/media?parent=3162"}],"wp:term":[{"taxonomy":"category","embeddable":true,"href":"https:\/\/adventistoltenia.ro\/site\/wp-json\/wp\/v2\/categories?post=3162"},{"taxonomy":"post_tag","embeddable":true,"href":"https:\/\/adventistoltenia.ro\/site\/wp-json\/wp\/v2\/tags?post=3162"}],"curies":[{"name":"wp","href":"https:\/\/api.w.org\/{rel}","templated":true}]}}