{"id":3165,"date":"2020-01-16T01:11:49","date_gmt":"2020-01-16T01:11:49","guid":{"rendered":"http:\/\/adventistoltenia.ro\/site\/credinta-unui-crestin-tinut-captiv-de-isis\/"},"modified":"2020-01-16T01:11:49","modified_gmt":"2020-01-16T01:11:49","slug":"credinta-unui-crestin-tinut-captiv-de-isis","status":"publish","type":"post","link":"https:\/\/adventistoltenia.ro\/site\/credinta-unui-crestin-tinut-captiv-de-isis\/","title":{"rendered":"Credin\u021ba unui cre\u0219tin \u021binut captiv de ISIS"},"content":{"rendered":"<div>\n<p>O \u00eenregistrare audio-video care avea scopul de a aduce \u00een fa\u021ba autorit\u0103\u021bilor \u00eenc\u0103 o cerere de eliberare a unui de\u021binut r\u0103pit de o grupare membr\u0103 ISIS, a devenit o modalitate prin care un cre\u0219tin din Nigeria \u0219i-a declarat credin\u021ba.<\/p>\n<p>\u00cen seara zilei de 02 Ianuarie 2020 terori\u0219ti arma\u021bi au atacat zona Michika din Nigeria. Cu toate c\u0103 \u00een zon\u0103 exist\u0103 ad\u0103posturi ap\u0103rate de armat\u0103, Lawan Andimi, pastor al Bisericii Fra\u021bilor \u0219i membru \u00een Parlament, reprezent\u00e2nd Asocia\u021bia Cre\u0219tin\u0103 din Nigeria, a fost luat captiv de grupare.<\/p>\n<p>A\u0219a cum se \u00eent\u00e2mpl\u0103 \u00een cele mai multe cazuri, gruparea care are leg\u0103tur\u0103 cu ISIS, a distribuit o \u00eenregistrare \u00een care Andimi trebuia s\u0103 cear\u0103 autorit\u0103\u021bilor s\u0103 intervin\u0103 pentru eliberarea lui pl\u0103tind o suma de bani. Numai c\u0103 pe l\u00e2ng\u0103 cererea adresat\u0103 acesta a transmis \u0219i o m\u0103rturie puternic\u0103 \u00een fa\u021ba terori\u0219tilor prin clipul video.<\/p>\n<p>F\u0103r\u0103 s\u0103 arate semnele de disperare obi\u0219nuite la un captiv, pastorul Lawan a m\u0103rturisit deschis speran\u021ba \u00een Cineva mai puternic: \u201ePrin harul lui Dumnezeu, voi fi \u00eempreun\u0103 cu so\u021bia mea, cu ai mei copii \u0219i cu ai mei colegi. Dar dac\u0103 oportunitatea \u00eenc\u0103 nu a ap\u0103rut, poate aceasta este voia lui Dumnezeu. Fi\u021bi r\u0103bd\u0103tori, nu pl\u00e2nge\u021bi \u0219i nu v\u0103 \u00eengrijora\u021bi. Ci mul\u021bumi\u021bi lui Dumnezeu pentru tot. Nu am fost vreodat\u0103 descurajat deoarece orice \u00eemprejurare \u00een care se afl\u0103 cineva este \u00een m\u00e2na lui Dumnezeu.\u201d<\/p>\n<p>Samson Ayokunle, pre\u0219edintele Asocia\u021biei Cre\u0219tine din Nigeria, a f\u0103cut o declara\u021bie la patru zile dup\u0103 r\u0103pirea lui Andimi \u00eendemn\u00e2nd guvernul Nigeriei s\u0103 fac\u0103 pa\u0219ii necesari pentru salvarea pastorului \u0219i a celorlal\u021bi captivi ai grup\u0103rii Boko Haram. \u201eDumnezeul nostru care i-a eliberat pe israeli\u021bi din robia egiptean\u0103 \u00eei va elibera \u0219i pe ei cu siguran\u021b\u0103. Ei nu vor muri \u00een captivitate.\u201d declara Samson.<\/p>\n<p>Nigeria se afl\u0103 la acest moment pe locul 12 \u00een lista organiza\u021biei non-profit Open Doors USA\u2019s World Watch. Lista con\u021bine 50 de \u021b\u0103ri \u00een care este cel mai dificil s\u0103 fii cre\u0219tin.<\/p>\n<p>S\u0103 ne rug\u0103m pentru situa\u021bia ap\u0103rut\u0103 \u0219i pentru eliberarea celor afla\u021bi \u00een captivitate.<\/p>\n<p><a href=\"https:\/\/www.christianitytoday.com\/news\/2020\/january\/nigeria-boko-haram-kidnapped-pastor-hostage-video-testimony.html\">https:\/\/www.christianitytoday.com\/news\/2020\/january\/nigeria-boko-haram-kidnapped-pastor-hostage-video-testimony.html<\/a><\/p>\n<\/div>\n<p class=\"wpematico_credit\"><small>Powered by <a href=\"http:\/\/www.wpematico.com\" target=\"_blank\" rel=\"noopener noreferrer\">WPeMatico<\/a><\/small><\/p>\n ","protected":false},"excerpt":{"rendered":"<p>O \u00eenregistrare audio-video care avea scopul de a aduce \u00een fa\u021ba autorit\u0103\u021bilor \u00eenc\u0103 o cerere de eliberare a unui de\u021binut r\u0103pit de o grupare membr\u0103 ISIS, a devenit o modalitate prin care un cre\u0219tin din Nigeria \u0219i-a declarat credin\u021ba. \u00cen seara zilei de 02 Ianuarie 2020 terori\u0219ti arma\u021bi au atacat zona Michika din Nigeria. Cu &hellip; <a href=\"https:\/\/adventistoltenia.ro\/site\/credinta-unui-crestin-tinut-captiv-de-isis\/\">Continued<\/a><\/p>\n","protected":false},"author":2,"featured_media":0,"comment_status":"open","ping_status":"closed","sticky":false,"template":"","format":"standard","meta":[],"categories":[71],"tags":[],"yoast_head":"<!-- This site is optimized with the Yoast SEO plugin v20.3 - https:\/\/yoast.com\/wordpress\/plugins\/seo\/ -->\n<title>Credin\u021ba unui cre\u0219tin \u021binut captiv de ISIS - Conferinta Oltenia<\/title>\n<meta name=\"robots\" content=\"index, follow, max-snippet:-1, max-image-preview:large, max-video-preview:-1\" \/>\n<link rel=\"canonical\" href=\"https:\/\/adventistoltenia.ro\/site\/credinta-unui-crestin-tinut-captiv-de-isis\/\" \/>\n<meta property=\"og:locale\" content=\"en_US\" \/>\n<meta property=\"og:type\" content=\"article\" \/>\n<meta property=\"og:title\" content=\"Credin\u021ba unui cre\u0219tin \u021binut captiv de ISIS - Conferinta Oltenia\" \/>\n<meta property=\"og:description\" content=\"O \u00eenregistrare audio-video care avea scopul de a aduce \u00een fa\u021ba autorit\u0103\u021bilor \u00eenc\u0103 o cerere de eliberare a unui de\u021binut r\u0103pit de o grupare membr\u0103 ISIS, a devenit o modalitate prin care un cre\u0219tin din Nigeria \u0219i-a declarat credin\u021ba. \u00cen seara zilei de 02 Ianuarie 2020 terori\u0219ti arma\u021bi au atacat zona Michika din Nigeria. Cu &hellip; Continued\" \/>\n<meta property=\"og:url\" content=\"https:\/\/adventistoltenia.ro\/site\/credinta-unui-crestin-tinut-captiv-de-isis\/\" \/>\n<meta property=\"og:site_name\" content=\"Conferinta Oltenia\" \/>\n<meta property=\"article:published_time\" content=\"2020-01-16T01:11:49+00:00\" \/>\n<meta name=\"author\" content=\"Conferinta Oltenia\" \/>\n<meta name=\"twitter:card\" content=\"summary_large_image\" \/>\n<meta name=\"twitter:label1\" content=\"Written by\" \/>\n\t<meta name=\"twitter:data1\" content=\"Conferinta Oltenia\" \/>\n\t<meta name=\"twitter:label2\" content=\"Est. reading time\" \/>\n\t<meta name=\"twitter:data2\" content=\"2 minutes\" \/>\n<script type=\"application\/ld+json\" class=\"yoast-schema-graph\">{\"@context\":\"https:\/\/schema.org\",\"@graph\":[{\"@type\":\"WebPage\",\"@id\":\"https:\/\/adventistoltenia.ro\/site\/credinta-unui-crestin-tinut-captiv-de-isis\/\",\"url\":\"https:\/\/adventistoltenia.ro\/site\/credinta-unui-crestin-tinut-captiv-de-isis\/\",\"name\":\"Credin\u021ba unui cre\u0219tin \u021binut captiv de ISIS - Conferinta Oltenia\",\"isPartOf\":{\"@id\":\"https:\/\/adventistoltenia.ro\/site\/#website\"},\"datePublished\":\"2020-01-16T01:11:49+00:00\",\"dateModified\":\"2020-01-16T01:11:49+00:00\",\"author\":{\"@id\":\"https:\/\/adventistoltenia.ro\/site\/#\/schema\/person\/81972d6ddcec064fcb37a129240ef9d7\"},\"breadcrumb\":{\"@id\":\"https:\/\/adventistoltenia.ro\/site\/credinta-unui-crestin-tinut-captiv-de-isis\/#breadcrumb\"},\"inLanguage\":\"en-US\",\"potentialAction\":[{\"@type\":\"ReadAction\",\"target\":[\"https:\/\/adventistoltenia.ro\/site\/credinta-unui-crestin-tinut-captiv-de-isis\/\"]}]},{\"@type\":\"BreadcrumbList\",\"@id\":\"https:\/\/adventistoltenia.ro\/site\/credinta-unui-crestin-tinut-captiv-de-isis\/#breadcrumb\",\"itemListElement\":[{\"@type\":\"ListItem\",\"position\":1,\"name\":\"Home\",\"item\":\"https:\/\/adventistoltenia.ro\/site\/\"},{\"@type\":\"ListItem\",\"position\":2,\"name\":\"Credin\u021ba unui cre\u0219tin \u021binut captiv de ISIS\"}]},{\"@type\":\"WebSite\",\"@id\":\"https:\/\/adventistoltenia.ro\/site\/#website\",\"url\":\"https:\/\/adventistoltenia.ro\/site\/\",\"name\":\"Conferinta Oltenia\",\"description\":\"Biserica Adventista de Ziua a Saptea\",\"potentialAction\":[{\"@type\":\"SearchAction\",\"target\":{\"@type\":\"EntryPoint\",\"urlTemplate\":\"https:\/\/adventistoltenia.ro\/site\/?s={search_term_string}\"},\"query-input\":\"required name=search_term_string\"}],\"inLanguage\":\"en-US\"},{\"@type\":\"Person\",\"@id\":\"https:\/\/adventistoltenia.ro\/site\/#\/schema\/person\/81972d6ddcec064fcb37a129240ef9d7\",\"name\":\"Conferinta Oltenia\",\"image\":{\"@type\":\"ImageObject\",\"inLanguage\":\"en-US\",\"@id\":\"https:\/\/adventistoltenia.ro\/site\/#\/schema\/person\/image\/\",\"url\":\"https:\/\/secure.gravatar.com\/avatar\/ebe92ec22e2e53a8eb79d6b52b724e27?s=96&d=mm&r=g\",\"contentUrl\":\"https:\/\/secure.gravatar.com\/avatar\/ebe92ec22e2e53a8eb79d6b52b724e27?s=96&d=mm&r=g\",\"caption\":\"Conferinta Oltenia\"},\"url\":\"https:\/\/adventistoltenia.ro\/site\/author\/adm1n\/\"}]}<\/script>\n<!-- \/ Yoast SEO plugin. -->","yoast_head_json":{"title":"Credin\u021ba unui cre\u0219tin \u021binut captiv de ISIS - Conferinta Oltenia","robots":{"index":"index","follow":"follow","max-snippet":"max-snippet:-1","max-image-preview":"max-image-preview:large","max-video-preview":"max-video-preview:-1"},"canonical":"https:\/\/adventistoltenia.ro\/site\/credinta-unui-crestin-tinut-captiv-de-isis\/","og_locale":"en_US","og_type":"article","og_title":"Credin\u021ba unui cre\u0219tin \u021binut captiv de ISIS - Conferinta Oltenia","og_description":"O \u00eenregistrare audio-video care avea scopul de a aduce \u00een fa\u021ba autorit\u0103\u021bilor \u00eenc\u0103 o cerere de eliberare a unui de\u021binut r\u0103pit de o grupare membr\u0103 ISIS, a devenit o modalitate prin care un cre\u0219tin din Nigeria \u0219i-a declarat credin\u021ba. \u00cen seara zilei de 02 Ianuarie 2020 terori\u0219ti arma\u021bi au atacat zona Michika din Nigeria. Cu &hellip; Continued","og_url":"https:\/\/adventistoltenia.ro\/site\/credinta-unui-crestin-tinut-captiv-de-isis\/","og_site_name":"Conferinta Oltenia","article_published_time":"2020-01-16T01:11:49+00:00","author":"Conferinta Oltenia","twitter_card":"summary_large_image","twitter_misc":{"Written by":"Conferinta Oltenia","Est. reading time":"2 minutes"},"schema":{"@context":"https:\/\/schema.org","@graph":[{"@type":"WebPage","@id":"https:\/\/adventistoltenia.ro\/site\/credinta-unui-crestin-tinut-captiv-de-isis\/","url":"https:\/\/adventistoltenia.ro\/site\/credinta-unui-crestin-tinut-captiv-de-isis\/","name":"Credin\u021ba unui cre\u0219tin \u021binut captiv de ISIS - Conferinta Oltenia","isPartOf":{"@id":"https:\/\/adventistoltenia.ro\/site\/#website"},"datePublished":"2020-01-16T01:11:49+00:00","dateModified":"2020-01-16T01:11:49+00:00","author":{"@id":"https:\/\/adventistoltenia.ro\/site\/#\/schema\/person\/81972d6ddcec064fcb37a129240ef9d7"},"breadcrumb":{"@id":"https:\/\/adventistoltenia.ro\/site\/credinta-unui-crestin-tinut-captiv-de-isis\/#breadcrumb"},"inLanguage":"en-US","potentialAction":[{"@type":"ReadAction","target":["https:\/\/adventistoltenia.ro\/site\/credinta-unui-crestin-tinut-captiv-de-isis\/"]}]},{"@type":"BreadcrumbList","@id":"https:\/\/adventistoltenia.ro\/site\/credinta-unui-crestin-tinut-captiv-de-isis\/#breadcrumb","itemListElement":[{"@type":"ListItem","position":1,"name":"Home","item":"https:\/\/adventistoltenia.ro\/site\/"},{"@type":"ListItem","position":2,"name":"Credin\u021ba unui cre\u0219tin \u021binut captiv de ISIS"}]},{"@type":"WebSite","@id":"https:\/\/adventistoltenia.ro\/site\/#website","url":"https:\/\/adventistoltenia.ro\/site\/","name":"Conferinta Oltenia","description":"Biserica Adventista de Ziua a Saptea","potentialAction":[{"@type":"SearchAction","target":{"@type":"EntryPoint","urlTemplate":"https:\/\/adventistoltenia.ro\/site\/?s={search_term_string}"},"query-input":"required name=search_term_string"}],"inLanguage":"en-US"},{"@type":"Person","@id":"https:\/\/adventistoltenia.ro\/site\/#\/schema\/person\/81972d6ddcec064fcb37a129240ef9d7","name":"Conferinta Oltenia","image":{"@type":"ImageObject","inLanguage":"en-US","@id":"https:\/\/adventistoltenia.ro\/site\/#\/schema\/person\/image\/","url":"https:\/\/secure.gravatar.com\/avatar\/ebe92ec22e2e53a8eb79d6b52b724e27?s=96&d=mm&r=g","contentUrl":"https:\/\/secure.gravatar.com\/avatar\/ebe92ec22e2e53a8eb79d6b52b724e27?s=96&d=mm&r=g","caption":"Conferinta Oltenia"},"url":"https:\/\/adventistoltenia.ro\/site\/author\/adm1n\/"}]}},"_links":{"self":[{"href":"https:\/\/adventistoltenia.ro\/site\/wp-json\/wp\/v2\/posts\/3165"}],"collection":[{"href":"https:\/\/adventistoltenia.ro\/site\/wp-json\/wp\/v2\/posts"}],"about":[{"href":"https:\/\/adventistoltenia.ro\/site\/wp-json\/wp\/v2\/types\/post"}],"author":[{"embeddable":true,"href":"https:\/\/adventistoltenia.ro\/site\/wp-json\/wp\/v2\/users\/2"}],"replies":[{"embeddable":true,"href":"https:\/\/adventistoltenia.ro\/site\/wp-json\/wp\/v2\/comments?post=3165"}],"version-history":[{"count":0,"href":"https:\/\/adventistoltenia.ro\/site\/wp-json\/wp\/v2\/posts\/3165\/revisions"}],"wp:attachment":[{"href":"https:\/\/adventistoltenia.ro\/site\/wp-json\/wp\/v2\/media?parent=3165"}],"wp:term":[{"taxonomy":"category","embeddable":true,"href":"https:\/\/adventistoltenia.ro\/site\/wp-json\/wp\/v2\/categories?post=3165"},{"taxonomy":"post_tag","embeddable":true,"href":"https:\/\/adventistoltenia.ro\/site\/wp-json\/wp\/v2\/tags?post=3165"}],"curies":[{"name":"wp","href":"https:\/\/api.w.org\/{rel}","templated":true}]}}