{"id":3168,"date":"2020-01-20T01:08:11","date_gmt":"2020-01-20T01:08:11","guid":{"rendered":"http:\/\/adventistoltenia.ro\/site\/tragedia-veacurilor-ajunge-la-comandantul-academiei-de-politie-din-capitala-bulgariei\/"},"modified":"2020-01-20T01:08:11","modified_gmt":"2020-01-20T01:08:11","slug":"tragedia-veacurilor-ajunge-la-comandantul-academiei-de-politie-din-capitala-bulgariei","status":"publish","type":"post","link":"https:\/\/adventistoltenia.ro\/site\/tragedia-veacurilor-ajunge-la-comandantul-academiei-de-politie-din-capitala-bulgariei\/","title":{"rendered":"Tragedia Veacurilor ajunge la Comandantul Academiei de Poli\u021bie din capitala Bulgariei"},"content":{"rendered":"<div>\n<p>Mesajul c\u0103r\u021bii Tragedia Veacurilor scris\u0103 de Ellen G. White ajunge \u0219i la cei din conducerea Academiei de Poli\u021bie din capitala Bulgariei. Un profesor pensionar a oferit aceast\u0103 carte cadou dup\u0103 ce Dumnezeu a deschis \u00eentr-un mod miraculos u\u0219ile \u00eenaintea lui.<\/p>\n<p>Fusese o s\u0103pt\u0103m\u00e2n\u0103 \u00eenc\u0103rcat\u0103 pentru Jivko Grushev, acesta prezent\u00e2nd cartea Tragedia Veacurilor la conduc\u0103torii universit\u0103\u021bilor din Sofia, capitala Bulgariei. Dup\u0103 ce oferise aproape 100 de exemplare, acesta mai avea doar trei \u00een geanta sa. Astfel s-a \u00eendreptat spre ofi\u021berul de poli\u021bie care p\u0103zea poarta Academiei de Poli\u021bie din Sofia. Chiar atunci c\u00e2nd a ajuns l\u00e2ng\u0103 acesta o limuzin\u0103 neagr\u0103 ie\u0219ea pe poart\u0103.<\/p>\n<p>Salut\u00e2nd gardianul, Jivko a spus c\u0103 dorea s\u0103 viziteze comandantul. \u201eComandantul nu este aici\u201d a informat ofi\u021berul. \u201eTocmai ce a plecat acum \u00een acea limuzin\u0103 neagr\u0103.\u201d \u201eAtunci a\u0219 dori s\u0103 vorbesc cu secretara sa\u201d, \u00eencerc\u0103 din nou Jivko. \u201eCe vre\u021bi s\u0103 discuta\u021bi cu ea?\u201d chestion\u0103 paznicul. La \u00eentrebarea aceasta nea\u0219teptat\u0103 Jivko r\u0103spunse: \u201eA\u0219 dori s\u0103 discut \u00een leg\u0103tur\u0103 cu o posibil\u0103 dona\u021bie.\u201d<\/p>\n<p>Ofi\u021berul de la poart\u0103 not\u0103 aceast\u0103 informa\u021bie \u00een caietul s\u0103u \u0219i \u00eei f\u0103cu semn profesorului pensionat s\u0103 intre \u00een campus. \u00cendrept\u00e2ndu-se spre cl\u0103direa administrativ\u0103 a Academiei de Poli\u021bie, Jivko se \u00eentreba dac\u0103 ofi\u021berul a sunat s\u0103 informeze cu privire la vizita sa.<\/p>\n<p>\u00cen holul de la intrare, Jivko descoperit o poart\u0103 metalic\u0103 ce avea l\u00e2ng\u0103 o \u00eenc\u0103pere din sticl\u0103. Poarta era \u00eens\u0103 deschis\u0103 \u0219i \u00eenc\u0103perea era goal\u0103. C\u00e2\u021biva poli\u021bi\u0219ti discutau l\u00e2ng\u0103 scara din marmur\u0103 din cl\u0103dire. Plin de curaj Jovko a trecut prin poarta aceea \u0219i a \u00eentrebat unde poate g\u0103si biroul secretarei. \u201e\u00cen direc\u021bia aceea\u201d i-a r\u0103spuns un ofi\u021ber ar\u0103t\u00e2nd spre u\u0219a de la ie\u0219ire.<\/p>\n<p>Jivko a trecut din nou prin poarta deschis\u0103 dar nu a p\u0103r\u0103sit cl\u0103direa. \u201eDoamne, am venit aici s\u0103 aduc Lumina Ta\u201d, s-a rugat el. \u201eTe rog s\u0103 intervii!\u201d<\/p>\n<p>\u00cen acel moment, un om \u00een jurul v\u00e2rstei de 30 de ani cobora pe sc\u0103rile din marmur\u0103. Ochii s\u0103i au \u00eent\u00e2lnit privirea lui Jivko p\u0103r\u00e2nd c\u0103 spun: \u201eA\u0219teapt\u0103 un minut!\u201d. B\u0103rbatul a mers la ofi\u021berii de poli\u021bie \u0219i a vorbit cu ei. Jivko nu-\u0219i putea lua ochii de la acest om misterios. Nu v\u0103zuse p\u00e2n\u0103 atunci o persoan\u0103 at\u00e2t de impun\u0103toare. Poli\u021bistul acela impunea respect numai prin prezen\u021ba sa. El era zvelt \u0219i chipe\u0219. \u201eOare ce face?\u201d s-a \u00eentrebat Jivko.<\/p>\n<p>C\u00e2nd omul acela misterios a terminat de vorbit cu poli\u021bi\u0219tii, s-a uitat la Jivko cu ochii s\u0103i care transmiteau c\u0103ldur\u0103 \u0219i i-a spus: \u201eS-a terminat\u201d. Apoi a trecut de el \u0219i a ie\u0219it din cl\u0103dire.<\/p>\n<p>Ofi\u021berul moroc\u0103nos s-a gr\u0103bit spre poarta de metal, o poli\u021bist\u0103 al\u0103tur\u00e2ndu-i-se. Am\u00e2ndoi l-au \u00eentrebat pe vizitator: \u201eA\u021bi venit s\u0103 v\u0103 \u00eent\u00e2lni\u021bi cu secretara?\u201d Poli\u021bista a notat apoi datele de identificare ale lui Jivko poli\u021bistul spun\u00e2ndu-i: \u201eV\u0103 conduc eu p\u00e2n\u0103 la biroul secretarei.\u201d Apoi a \u00eenceput s\u0103 fug\u0103 pe sc\u0103rile de marmur\u0103 ca \u0219i c\u00e2nd ar fi fost urm\u0103rit, s\u0103rind dou\u0103 sc\u0103ri o dat\u0103. Jivko se chinuia s\u0103 \u021bin\u0103 pasul. La cap\u0103tul sc\u0103rilor, ofi\u021berul a deschis u\u0219a \u0219i a privit \u00een podea \u00een timp ce profesorul pensionar intra \u00een birou. Apoi acesta a \u00eenchis u\u0219a.<\/p>\n<p>Jivko s-a prezentat \u00een fa\u021ba secretarei \u0219i a pus trei c\u0103r\u021bi Tragedia Veacurilor pe biroul acesteia spun\u00e2nd: \u201eAcestea sunt cadouri pentru comandant \u0219i pentru subalternii s\u0103i.\u201d<\/p>\n<p>P\u0103r\u0103sind academia la scurt timp dup\u0103, Jivko i-a mul\u021bumit lui Dumnezeu pentru experien\u021ba pe care i-a oferit-o fiind sigur de faptul c\u0103 acel poli\u021bist chipe\u0219 care a cobor\u00e2t sc\u0103rile salv\u00e2ndu-l, nu a fost altcineva dec\u00e2t un \u00eenger trimis din cer.<\/p>\n<p>\u201eDumnezeu este m\u0103re\u021b \u00een dorin\u021ba Lui de a salva oamenii\u201d afirma Jivko. \u201ePrietenul meu ceresc este a\u0219a de minunat!\u201d<\/p>\n<p><em>Traducere: Elisei Florea<\/em><\/p>\n<p><em>Surs\u0103 \u0219tire &#038; imagine: <a href=\"https:\/\/am.adventistmission.org\/mqa20q1-8?fbclid=IwAR0tMqZoK8EZ-aEo8hCZuOxJZZZkQcpILRIfspENTLep29Lvw4ZntbPvVUs\" target=\"_blank\" rel=\"noopener noreferrer\">https:\/\/am.adventistmission.org\/mqa20q1-8?fbclid=IwAR0tMqZoK8EZ-aEo8hCZuOxJZZZkQcpILRIfspENTLep29Lvw4ZntbPvVUs<\/a><\/em><\/p>\n<\/div>\n<p class=\"wpematico_credit\"><small>Powered by <a href=\"http:\/\/www.wpematico.com\" target=\"_blank\" rel=\"noopener noreferrer\">WPeMatico<\/a><\/small><\/p>\n ","protected":false},"excerpt":{"rendered":"<p>Mesajul c\u0103r\u021bii Tragedia Veacurilor scris\u0103 de Ellen G. White ajunge \u0219i la cei din conducerea Academiei de Poli\u021bie din capitala Bulgariei. Un profesor pensionar a oferit aceast\u0103 carte cadou dup\u0103 ce Dumnezeu a deschis \u00eentr-un mod miraculos u\u0219ile \u00eenaintea lui. Fusese o s\u0103pt\u0103m\u00e2n\u0103 \u00eenc\u0103rcat\u0103 pentru Jivko Grushev, acesta prezent\u00e2nd cartea Tragedia Veacurilor la conduc\u0103torii universit\u0103\u021bilor &hellip; <a href=\"https:\/\/adventistoltenia.ro\/site\/tragedia-veacurilor-ajunge-la-comandantul-academiei-de-politie-din-capitala-bulgariei\/\">Continued<\/a><\/p>\n","protected":false},"author":2,"featured_media":0,"comment_status":"open","ping_status":"closed","sticky":false,"template":"","format":"standard","meta":[],"categories":[71],"tags":[],"yoast_head":"<!-- This site is optimized with the Yoast SEO plugin v20.3 - https:\/\/yoast.com\/wordpress\/plugins\/seo\/ -->\n<title>Tragedia Veacurilor ajunge la Comandantul Academiei de Poli\u021bie din capitala Bulgariei - Conferinta Oltenia<\/title>\n<meta name=\"robots\" content=\"index, follow, max-snippet:-1, max-image-preview:large, max-video-preview:-1\" \/>\n<link rel=\"canonical\" href=\"https:\/\/adventistoltenia.ro\/site\/tragedia-veacurilor-ajunge-la-comandantul-academiei-de-politie-din-capitala-bulgariei\/\" \/>\n<meta property=\"og:locale\" content=\"en_US\" \/>\n<meta property=\"og:type\" content=\"article\" \/>\n<meta property=\"og:title\" content=\"Tragedia Veacurilor ajunge la Comandantul Academiei de Poli\u021bie din capitala Bulgariei - Conferinta Oltenia\" \/>\n<meta property=\"og:description\" content=\"Mesajul c\u0103r\u021bii Tragedia Veacurilor scris\u0103 de Ellen G. White ajunge \u0219i la cei din conducerea Academiei de Poli\u021bie din capitala Bulgariei. Un profesor pensionar a oferit aceast\u0103 carte cadou dup\u0103 ce Dumnezeu a deschis \u00eentr-un mod miraculos u\u0219ile \u00eenaintea lui. Fusese o s\u0103pt\u0103m\u00e2n\u0103 \u00eenc\u0103rcat\u0103 pentru Jivko Grushev, acesta prezent\u00e2nd cartea Tragedia Veacurilor la conduc\u0103torii universit\u0103\u021bilor &hellip; Continued\" \/>\n<meta property=\"og:url\" content=\"https:\/\/adventistoltenia.ro\/site\/tragedia-veacurilor-ajunge-la-comandantul-academiei-de-politie-din-capitala-bulgariei\/\" \/>\n<meta property=\"og:site_name\" content=\"Conferinta Oltenia\" \/>\n<meta property=\"article:published_time\" content=\"2020-01-20T01:08:11+00:00\" \/>\n<meta name=\"author\" content=\"Conferinta Oltenia\" \/>\n<meta name=\"twitter:card\" content=\"summary_large_image\" \/>\n<meta name=\"twitter:label1\" content=\"Written by\" \/>\n\t<meta name=\"twitter:data1\" content=\"Conferinta Oltenia\" \/>\n\t<meta name=\"twitter:label2\" content=\"Est. reading time\" \/>\n\t<meta name=\"twitter:data2\" content=\"4 minutes\" \/>\n<script type=\"application\/ld+json\" class=\"yoast-schema-graph\">{\"@context\":\"https:\/\/schema.org\",\"@graph\":[{\"@type\":\"WebPage\",\"@id\":\"https:\/\/adventistoltenia.ro\/site\/tragedia-veacurilor-ajunge-la-comandantul-academiei-de-politie-din-capitala-bulgariei\/\",\"url\":\"https:\/\/adventistoltenia.ro\/site\/tragedia-veacurilor-ajunge-la-comandantul-academiei-de-politie-din-capitala-bulgariei\/\",\"name\":\"Tragedia Veacurilor ajunge la Comandantul Academiei de Poli\u021bie din capitala Bulgariei - Conferinta Oltenia\",\"isPartOf\":{\"@id\":\"https:\/\/adventistoltenia.ro\/site\/#website\"},\"datePublished\":\"2020-01-20T01:08:11+00:00\",\"dateModified\":\"2020-01-20T01:08:11+00:00\",\"author\":{\"@id\":\"https:\/\/adventistoltenia.ro\/site\/#\/schema\/person\/81972d6ddcec064fcb37a129240ef9d7\"},\"breadcrumb\":{\"@id\":\"https:\/\/adventistoltenia.ro\/site\/tragedia-veacurilor-ajunge-la-comandantul-academiei-de-politie-din-capitala-bulgariei\/#breadcrumb\"},\"inLanguage\":\"en-US\",\"potentialAction\":[{\"@type\":\"ReadAction\",\"target\":[\"https:\/\/adventistoltenia.ro\/site\/tragedia-veacurilor-ajunge-la-comandantul-academiei-de-politie-din-capitala-bulgariei\/\"]}]},{\"@type\":\"BreadcrumbList\",\"@id\":\"https:\/\/adventistoltenia.ro\/site\/tragedia-veacurilor-ajunge-la-comandantul-academiei-de-politie-din-capitala-bulgariei\/#breadcrumb\",\"itemListElement\":[{\"@type\":\"ListItem\",\"position\":1,\"name\":\"Home\",\"item\":\"https:\/\/adventistoltenia.ro\/site\/\"},{\"@type\":\"ListItem\",\"position\":2,\"name\":\"Tragedia Veacurilor ajunge la Comandantul Academiei de Poli\u021bie din capitala Bulgariei\"}]},{\"@type\":\"WebSite\",\"@id\":\"https:\/\/adventistoltenia.ro\/site\/#website\",\"url\":\"https:\/\/adventistoltenia.ro\/site\/\",\"name\":\"Conferinta Oltenia\",\"description\":\"Biserica Adventista de Ziua a Saptea\",\"potentialAction\":[{\"@type\":\"SearchAction\",\"target\":{\"@type\":\"EntryPoint\",\"urlTemplate\":\"https:\/\/adventistoltenia.ro\/site\/?s={search_term_string}\"},\"query-input\":\"required name=search_term_string\"}],\"inLanguage\":\"en-US\"},{\"@type\":\"Person\",\"@id\":\"https:\/\/adventistoltenia.ro\/site\/#\/schema\/person\/81972d6ddcec064fcb37a129240ef9d7\",\"name\":\"Conferinta Oltenia\",\"image\":{\"@type\":\"ImageObject\",\"inLanguage\":\"en-US\",\"@id\":\"https:\/\/adventistoltenia.ro\/site\/#\/schema\/person\/image\/\",\"url\":\"https:\/\/secure.gravatar.com\/avatar\/ebe92ec22e2e53a8eb79d6b52b724e27?s=96&d=mm&r=g\",\"contentUrl\":\"https:\/\/secure.gravatar.com\/avatar\/ebe92ec22e2e53a8eb79d6b52b724e27?s=96&d=mm&r=g\",\"caption\":\"Conferinta Oltenia\"},\"url\":\"https:\/\/adventistoltenia.ro\/site\/author\/adm1n\/\"}]}<\/script>\n<!-- \/ Yoast SEO plugin. -->","yoast_head_json":{"title":"Tragedia Veacurilor ajunge la Comandantul Academiei de Poli\u021bie din capitala Bulgariei - Conferinta Oltenia","robots":{"index":"index","follow":"follow","max-snippet":"max-snippet:-1","max-image-preview":"max-image-preview:large","max-video-preview":"max-video-preview:-1"},"canonical":"https:\/\/adventistoltenia.ro\/site\/tragedia-veacurilor-ajunge-la-comandantul-academiei-de-politie-din-capitala-bulgariei\/","og_locale":"en_US","og_type":"article","og_title":"Tragedia Veacurilor ajunge la Comandantul Academiei de Poli\u021bie din capitala Bulgariei - Conferinta Oltenia","og_description":"Mesajul c\u0103r\u021bii Tragedia Veacurilor scris\u0103 de Ellen G. White ajunge \u0219i la cei din conducerea Academiei de Poli\u021bie din capitala Bulgariei. Un profesor pensionar a oferit aceast\u0103 carte cadou dup\u0103 ce Dumnezeu a deschis \u00eentr-un mod miraculos u\u0219ile \u00eenaintea lui. Fusese o s\u0103pt\u0103m\u00e2n\u0103 \u00eenc\u0103rcat\u0103 pentru Jivko Grushev, acesta prezent\u00e2nd cartea Tragedia Veacurilor la conduc\u0103torii universit\u0103\u021bilor &hellip; Continued","og_url":"https:\/\/adventistoltenia.ro\/site\/tragedia-veacurilor-ajunge-la-comandantul-academiei-de-politie-din-capitala-bulgariei\/","og_site_name":"Conferinta Oltenia","article_published_time":"2020-01-20T01:08:11+00:00","author":"Conferinta Oltenia","twitter_card":"summary_large_image","twitter_misc":{"Written by":"Conferinta Oltenia","Est. reading time":"4 minutes"},"schema":{"@context":"https:\/\/schema.org","@graph":[{"@type":"WebPage","@id":"https:\/\/adventistoltenia.ro\/site\/tragedia-veacurilor-ajunge-la-comandantul-academiei-de-politie-din-capitala-bulgariei\/","url":"https:\/\/adventistoltenia.ro\/site\/tragedia-veacurilor-ajunge-la-comandantul-academiei-de-politie-din-capitala-bulgariei\/","name":"Tragedia Veacurilor ajunge la Comandantul Academiei de Poli\u021bie din capitala Bulgariei - Conferinta Oltenia","isPartOf":{"@id":"https:\/\/adventistoltenia.ro\/site\/#website"},"datePublished":"2020-01-20T01:08:11+00:00","dateModified":"2020-01-20T01:08:11+00:00","author":{"@id":"https:\/\/adventistoltenia.ro\/site\/#\/schema\/person\/81972d6ddcec064fcb37a129240ef9d7"},"breadcrumb":{"@id":"https:\/\/adventistoltenia.ro\/site\/tragedia-veacurilor-ajunge-la-comandantul-academiei-de-politie-din-capitala-bulgariei\/#breadcrumb"},"inLanguage":"en-US","potentialAction":[{"@type":"ReadAction","target":["https:\/\/adventistoltenia.ro\/site\/tragedia-veacurilor-ajunge-la-comandantul-academiei-de-politie-din-capitala-bulgariei\/"]}]},{"@type":"BreadcrumbList","@id":"https:\/\/adventistoltenia.ro\/site\/tragedia-veacurilor-ajunge-la-comandantul-academiei-de-politie-din-capitala-bulgariei\/#breadcrumb","itemListElement":[{"@type":"ListItem","position":1,"name":"Home","item":"https:\/\/adventistoltenia.ro\/site\/"},{"@type":"ListItem","position":2,"name":"Tragedia Veacurilor ajunge la Comandantul Academiei de Poli\u021bie din capitala Bulgariei"}]},{"@type":"WebSite","@id":"https:\/\/adventistoltenia.ro\/site\/#website","url":"https:\/\/adventistoltenia.ro\/site\/","name":"Conferinta Oltenia","description":"Biserica Adventista de Ziua a Saptea","potentialAction":[{"@type":"SearchAction","target":{"@type":"EntryPoint","urlTemplate":"https:\/\/adventistoltenia.ro\/site\/?s={search_term_string}"},"query-input":"required name=search_term_string"}],"inLanguage":"en-US"},{"@type":"Person","@id":"https:\/\/adventistoltenia.ro\/site\/#\/schema\/person\/81972d6ddcec064fcb37a129240ef9d7","name":"Conferinta Oltenia","image":{"@type":"ImageObject","inLanguage":"en-US","@id":"https:\/\/adventistoltenia.ro\/site\/#\/schema\/person\/image\/","url":"https:\/\/secure.gravatar.com\/avatar\/ebe92ec22e2e53a8eb79d6b52b724e27?s=96&d=mm&r=g","contentUrl":"https:\/\/secure.gravatar.com\/avatar\/ebe92ec22e2e53a8eb79d6b52b724e27?s=96&d=mm&r=g","caption":"Conferinta Oltenia"},"url":"https:\/\/adventistoltenia.ro\/site\/author\/adm1n\/"}]}},"_links":{"self":[{"href":"https:\/\/adventistoltenia.ro\/site\/wp-json\/wp\/v2\/posts\/3168"}],"collection":[{"href":"https:\/\/adventistoltenia.ro\/site\/wp-json\/wp\/v2\/posts"}],"about":[{"href":"https:\/\/adventistoltenia.ro\/site\/wp-json\/wp\/v2\/types\/post"}],"author":[{"embeddable":true,"href":"https:\/\/adventistoltenia.ro\/site\/wp-json\/wp\/v2\/users\/2"}],"replies":[{"embeddable":true,"href":"https:\/\/adventistoltenia.ro\/site\/wp-json\/wp\/v2\/comments?post=3168"}],"version-history":[{"count":0,"href":"https:\/\/adventistoltenia.ro\/site\/wp-json\/wp\/v2\/posts\/3168\/revisions"}],"wp:attachment":[{"href":"https:\/\/adventistoltenia.ro\/site\/wp-json\/wp\/v2\/media?parent=3168"}],"wp:term":[{"taxonomy":"category","embeddable":true,"href":"https:\/\/adventistoltenia.ro\/site\/wp-json\/wp\/v2\/categories?post=3168"},{"taxonomy":"post_tag","embeddable":true,"href":"https:\/\/adventistoltenia.ro\/site\/wp-json\/wp\/v2\/tags?post=3168"}],"curies":[{"name":"wp","href":"https:\/\/api.w.org\/{rel}","templated":true}]}}